{"id":24946,"date":"2025-04-18T06:30:00","date_gmt":"2025-04-18T09:30:00","guid":{"rendered":"https:\/\/www.correiobraziliense.com.br\/cbradar\/?p=24946"},"modified":"2025-04-17T18:24:36","modified_gmt":"2025-04-17T21:24:36","slug":"lula-gigante-e-encontrada-por-cientistas-e-surpreende","status":"publish","type":"post","link":"https:\/\/www.correiobraziliense.com.br\/cbradar\/lula-gigante-e-encontrada-por-cientistas-e-surpreende\/","title":{"rendered":"Lula gigante \u00e9 encontrada por cientistas e surpreende"},"content":{"rendered":"\n<p>O fundo do mar continua a ser um dos lugares mais misteriosos e inexplorados do planeta. Entre as criaturas que habitam essas profundezas, a&nbsp;<strong>lula colossal<\/strong>&nbsp;se destaca por suas impressionantes caracter\u00edsticas. Este molusco, conhecido cientificamente como<strong>&nbsp;<em>Mesonychoteuthis hamiltoni<\/em><\/strong>, \u00e9 uma das maiores esp\u00e9cies de lula, podendo atingir at\u00e9 7 metros de comprimento, sem contar os tent\u00e1culos.<\/p>\n\n\n\n<p>Desde a sua descoberta em 1925, quando partes de seus tent\u00e1culos foram encontrados no est\u00f4mago de uma baleia cachalote, a lula colossal tem sido objeto de fasc\u00ednio e mist\u00e9rio. No entanto, devido ao seu habitat em \u00e1guas profundas do <strong>Oceano Ant\u00e1rtico<\/strong>, a mais de mil metros de profundidade, pouco se sabe sobre seu comportamento e ciclo de vida.<\/p>\n\n\n\n<h2 class=\"wp-block-heading\"><strong>Como a lula colossal foi filmada em seu habitat natural?<\/strong><\/h2>\n\n\n\n<p>Recentemente, uma expedi\u00e7\u00e3o marinha realizada pelo Schmidt Ocean Institute conseguiu capturar imagens de uma lula colossal filhote em seu ambiente natural. Este feito hist\u00f3rico ocorreu em mar\u00e7o, quando o animal foi avistado a 600 metros de profundidade no Oceano <strong>Atl\u00e2ntico Sul<\/strong>, pr\u00f3ximo \u00e0s Ilhas <strong>South Sandwich<\/strong>. Esta \u00e9 a primeira vez que uma lula colossal \u00e9 filmada em seu habitat, proporcionando uma vis\u00e3o sem precedentes dessa criatura enigm\u00e1tica.<\/p>\n\n\n\n<figure class=\"wp-block-image size-large\"><img decoding=\"async\" width=\"1024\" height=\"576\" src=\"https:\/\/www.correiobraziliense.com.br\/cbradar\/wp-content\/uploads\/2025\/04\/mar_1744910529226-1024x576.jpg\" alt=\"Lula gigante \u00e9 encontrada por cientistas e surpreende\" class=\"wp-image-24958\" srcset=\"https:\/\/www.correiobraziliense.com.br\/cbradar\/wp-content\/uploads\/2025\/04\/mar_1744910529226-1024x576.jpg 1024w, https:\/\/www.correiobraziliense.com.br\/cbradar\/wp-content\/uploads\/2025\/04\/mar_1744910529226-300x169.jpg 300w, https:\/\/www.correiobraziliense.com.br\/cbradar\/wp-content\/uploads\/2025\/04\/mar_1744910529226-768x432.jpg 768w, https:\/\/www.correiobraziliense.com.br\/cbradar\/wp-content\/uploads\/2025\/04\/mar_1744910529226-750x422.jpg 750w, https:\/\/www.correiobraziliense.com.br\/cbradar\/wp-content\/uploads\/2025\/04\/mar_1744910529226-1140x641.jpg 1140w, https:\/\/www.correiobraziliense.com.br\/cbradar\/wp-content\/uploads\/2025\/04\/mar_1744910529226.jpg 1280w\" sizes=\"(max-width: 1024px) 100vw, 1024px\" \/><figcaption class=\"wp-element-caption\">mar.Cr\u00e9ditos: depositphotos.com \/ gitanna<\/figcaption><\/figure>\n\n\n\n<p>A filmagem foi poss\u00edvel gra\u00e7as ao uso de um ve\u00edculo remoto chamado SuBastian, que permitiu aos cientistas observar o filhote de aproximadamente 30 cent\u00edmetros de comprimento. O corpo transparente do jovem molusco sugere que, \u00e0 medida que envelhece, ele adquire uma colora\u00e7\u00e3o vermelha e opaca.<\/p>\n\n\n\n<h2 class=\"wp-block-heading\"><strong>Quais s\u00e3o as caracter\u00edsticas not\u00e1veis da lula colossal?<\/strong><\/h2>\n\n\n\n<p>A lula colossal \u00e9 not\u00e1vel n\u00e3o apenas por seu tamanho, mas tamb\u00e9m por suas adapta\u00e7\u00f5es \u00fanicas. Este molusco pode pesar at\u00e9 500 quilos, tornando-se o maior invertebrado conhecido. Seus tent\u00e1culos s\u00e3o equipados com ganchos, que s\u00e3o usados tanto para capturar presas quanto para se defender de predadores, como as baleias cachalote. Muitas dessas baleias apresentam cicatrizes profundas em suas barrigas, evid\u00eancias dos encontros com a lula colossal.<\/p>\n\n\n\n<p>Outra caracter\u00edstica impressionante da lula colossal s\u00e3o seus olhos, que s\u00e3o os maiores do Reino Animal. Esses olhos grandes e sens\u00edveis ajudam-na a detectar presas e evitar equipamentos de pesquisa que emitem luz e som, tornando o estudo dessa esp\u00e9cie um desafio para os cientistas.<\/p>\n\n\n\n<h2 class=\"wp-block-heading\"><strong>O que o futuro reserva para o estudo da lula colossal?<\/strong><\/h2>\n\n\n\n<p>A recente filmagem da lula colossal em seu habitat natural abre novas possibilidades para a pesquisa cient\u00edfica. Com mais dados sobre os est\u00e1gios iniciais de vida deste animal, os cientistas esperam desvendar mais mist\u00e9rios sobre seu comportamento e ecologia. Embora ainda haja muito a ser descoberto, cada nova informa\u00e7\u00e3o sobre a lula colossal contribui para o entendimento do complexo ecossistema das profundezas oce\u00e2nicas.<\/p>\n\n\n\n<p>\u00c0 medida que a tecnologia avan\u00e7a, espera-se que mais descobertas sejam feitas, revelando os segredos de uma das criaturas mais intrigantes do oceano. O estudo cont\u00ednuo da lula colossal n\u00e3o s\u00f3 satisfaz a curiosidade humana, mas tamb\u00e9m destaca a import\u00e2ncia de preservar os habitats marinhos para futuras gera\u00e7\u00f5es.<\/p>\n","protected":false},"excerpt":{"rendered":"<p>Desvendando os mist\u00e9rios da lula colossal: Explore o fascinante mundo desta criatura das profundezas do oceano.<\/p>\n","protected":false},"author":3,"featured_media":24953,"comment_status":"open","ping_status":"open","sticky":false,"template":"","format":"standard","meta":{"_yoast_wpseo_focuskw":"Lula gigante","_yoast_wpseo_title":"%%title%%","_yoast_wpseo_metadesc":"Desvendando os mist\u00e9rios da lula colossal: Explore o fascinante mundo desta criatura das profundezas do oceano.","jnews-multi-image_gallery":[],"jnews_single_post":{"format":"standard"},"jnews_primary_category":[],"jnews_social_meta":[],"jnews_override_counter":[],"footnotes":""},"categories":[112],"post_tag":[230],"class_list":["post-24946","post","type-post","status-publish","format-standard","has-post-thumbnail","hentry","category-curiosidades","tag-animais"],"yoast_head":"<!-- This site is optimized with the Yoast SEO plugin v24.6 - https:\/\/yoast.com\/wordpress\/plugins\/seo\/ -->\n<title>Lula gigante \u00e9 encontrada por cientistas e surpreende<\/title>\n<meta name=\"description\" content=\"Desvendando os mist\u00e9rios da lula colossal: Explore o fascinante mundo desta criatura das profundezas do oceano.\" \/>\n<meta name=\"robots\" content=\"index, follow, max-snippet:-1, max-image-preview:large, max-video-preview:-1\" \/>\n<link rel=\"canonical\" href=\"https:\/\/www.correiobraziliense.com.br\/cbradar\/lula-gigante-e-encontrada-por-cientistas-e-surpreende\/\" \/>\n<meta property=\"og:locale\" content=\"pt_BR\" \/>\n<meta property=\"og:type\" content=\"article\" \/>\n<meta property=\"og:title\" content=\"Lula gigante \u00e9 encontrada por cientistas e surpreende\" \/>\n<meta property=\"og:description\" content=\"Desvendando os mist\u00e9rios da lula colossal: Explore o fascinante mundo desta criatura das profundezas do oceano.\" \/>\n<meta property=\"og:url\" content=\"https:\/\/www.correiobraziliense.com.br\/cbradar\/lula-gigante-e-encontrada-por-cientistas-e-surpreende\/\" \/>\n<meta property=\"og:site_name\" content=\"Correio Braziliense - Radar\" \/>\n<meta property=\"article:published_time\" content=\"2025-04-18T09:30:00+00:00\" \/>\n<meta property=\"og:image\" content=\"https:\/\/www.correiobraziliense.com.br\/cbradar\/wp-content\/uploads\/2025\/04\/mar_1744910214400.jpg\" \/>\n\t<meta property=\"og:image:width\" content=\"1280\" \/>\n\t<meta property=\"og:image:height\" content=\"720\" \/>\n\t<meta property=\"og:image:type\" content=\"image\/jpeg\" \/>\n<meta name=\"author\" content=\"Larissa Carvalho\" \/>\n<meta name=\"twitter:card\" content=\"summary_large_image\" \/>\n<meta name=\"twitter:label1\" content=\"Escrito por\" \/>\n\t<meta name=\"twitter:data1\" content=\"Larissa Carvalho\" \/>\n\t<meta name=\"twitter:label2\" content=\"Est. tempo de leitura\" \/>\n\t<meta name=\"twitter:data2\" content=\"4 minutos\" \/>\n<!-- \/ Yoast SEO plugin. -->","yoast_head_json":{"title":"Lula gigante \u00e9 encontrada por cientistas e surpreende","description":"Desvendando os mist\u00e9rios da lula colossal: Explore o fascinante mundo desta criatura das profundezas do oceano.","robots":{"index":"index","follow":"follow","max-snippet":"max-snippet:-1","max-image-preview":"max-image-preview:large","max-video-preview":"max-video-preview:-1"},"canonical":"https:\/\/www.correiobraziliense.com.br\/cbradar\/lula-gigante-e-encontrada-por-cientistas-e-surpreende\/","og_locale":"pt_BR","og_type":"article","og_title":"Lula gigante \u00e9 encontrada por cientistas e surpreende","og_description":"Desvendando os mist\u00e9rios da lula colossal: Explore o fascinante mundo desta criatura das profundezas do oceano.","og_url":"https:\/\/www.correiobraziliense.com.br\/cbradar\/lula-gigante-e-encontrada-por-cientistas-e-surpreende\/","og_site_name":"Correio Braziliense - Radar","article_published_time":"2025-04-18T09:30:00+00:00","og_image":[{"width":1280,"height":720,"url":"https:\/\/www.correiobraziliense.com.br\/cbradar\/wp-content\/uploads\/2025\/04\/mar_1744910214400.jpg","type":"image\/jpeg"}],"author":"Larissa Carvalho","twitter_card":"summary_large_image","twitter_misc":{"Escrito por":"Larissa Carvalho","Est. tempo de leitura":"4 minutos"},"schema":{"@context":"https:\/\/schema.org","@graph":[{"@type":"WebPage","@id":"https:\/\/www.correiobraziliense.com.br\/cbradar\/lula-gigante-e-encontrada-por-cientistas-e-surpreende\/","url":"https:\/\/www.correiobraziliense.com.br\/cbradar\/lula-gigante-e-encontrada-por-cientistas-e-surpreende\/","name":"Lula gigante \u00e9 encontrada por cientistas e surpreende","isPartOf":{"@id":"https:\/\/www.correiobraziliense.com.br\/cbradar\/#website"},"primaryImageOfPage":{"@id":"https:\/\/www.correiobraziliense.com.br\/cbradar\/lula-gigante-e-encontrada-por-cientistas-e-surpreende\/#primaryimage"},"image":{"@id":"https:\/\/www.correiobraziliense.com.br\/cbradar\/lula-gigante-e-encontrada-por-cientistas-e-surpreende\/#primaryimage"},"thumbnailUrl":"https:\/\/www.correiobraziliense.com.br\/cbradar\/wp-content\/uploads\/2025\/04\/mar_1744910214400.jpg","datePublished":"2025-04-18T09:30:00+00:00","author":{"@id":"https:\/\/www.correiobraziliense.com.br\/cbradar\/#\/schema\/person\/58422787644df994b53a19d3e56c1513"},"description":"Desvendando os mist\u00e9rios da lula colossal: Explore o fascinante mundo desta criatura das profundezas do oceano.","breadcrumb":{"@id":"https:\/\/www.correiobraziliense.com.br\/cbradar\/lula-gigante-e-encontrada-por-cientistas-e-surpreende\/#breadcrumb"},"inLanguage":"pt-BR","potentialAction":[{"@type":"ReadAction","target":["https:\/\/www.correiobraziliense.com.br\/cbradar\/lula-gigante-e-encontrada-por-cientistas-e-surpreende\/"]}]},{"@type":"ImageObject","inLanguage":"pt-BR","@id":"https:\/\/www.correiobraziliense.com.br\/cbradar\/lula-gigante-e-encontrada-por-cientistas-e-surpreende\/#primaryimage","url":"https:\/\/www.correiobraziliense.com.br\/cbradar\/wp-content\/uploads\/2025\/04\/mar_1744910214400.jpg","contentUrl":"https:\/\/www.correiobraziliense.com.br\/cbradar\/wp-content\/uploads\/2025\/04\/mar_1744910214400.jpg","width":1280,"height":720,"caption":"lula.Cr\u00e9ditos: depositphotos.com \/ vladvitek"},{"@type":"BreadcrumbList","@id":"https:\/\/www.correiobraziliense.com.br\/cbradar\/lula-gigante-e-encontrada-por-cientistas-e-surpreende\/#breadcrumb","itemListElement":[{"@type":"ListItem","position":1,"name":"In\u00edcio","item":"https:\/\/www.correiobraziliense.com.br\/cbradar\/"},{"@type":"ListItem","position":2,"name":"Lula gigante \u00e9 encontrada por cientistas e surpreende"}]},{"@type":"WebSite","@id":"https:\/\/www.correiobraziliense.com.br\/cbradar\/#website","url":"https:\/\/www.correiobraziliense.com.br\/cbradar\/","name":"Correio Braziliense - Radar","description":"Acompanhe as \u00faltimas not\u00edcias e fique bem informado sobre tudo o que acontece no Brasil e no mundo.","potentialAction":[{"@type":"SearchAction","target":{"@type":"EntryPoint","urlTemplate":"https:\/\/www.correiobraziliense.com.br\/cbradar\/?s={search_term_string}"},"query-input":{"@type":"PropertyValueSpecification","valueRequired":true,"valueName":"search_term_string"}}],"inLanguage":"pt-BR"},{"@type":"Person","@id":"https:\/\/www.correiobraziliense.com.br\/cbradar\/#\/schema\/person\/58422787644df994b53a19d3e56c1513","name":"Larissa Carvalho","image":{"@type":"ImageObject","inLanguage":"pt-BR","@id":"https:\/\/www.correiobraziliense.com.br\/cbradar\/#\/schema\/person\/image\/","url":"https:\/\/secure.gravatar.com\/avatar\/fe4f91a0de32b52a838d0d612abdc1aa?s=96&d=mm&r=g","contentUrl":"https:\/\/secure.gravatar.com\/avatar\/fe4f91a0de32b52a838d0d612abdc1aa?s=96&d=mm&r=g","caption":"Larissa Carvalho"},"url":"https:\/\/www.correiobraziliense.com.br\/cbradar\/author\/larissamyth\/"}]}},"_links":{"self":[{"href":"https:\/\/www.correiobraziliense.com.br\/cbradar\/wp-json\/wp\/v2\/posts\/24946","targetHints":{"allow":["GET"]}}],"collection":[{"href":"https:\/\/www.correiobraziliense.com.br\/cbradar\/wp-json\/wp\/v2\/posts"}],"about":[{"href":"https:\/\/www.correiobraziliense.com.br\/cbradar\/wp-json\/wp\/v2\/types\/post"}],"author":[{"embeddable":true,"href":"https:\/\/www.correiobraziliense.com.br\/cbradar\/wp-json\/wp\/v2\/users\/3"}],"replies":[{"embeddable":true,"href":"https:\/\/www.correiobraziliense.com.br\/cbradar\/wp-json\/wp\/v2\/comments?post=24946"}],"version-history":[{"count":3,"href":"https:\/\/www.correiobraziliense.com.br\/cbradar\/wp-json\/wp\/v2\/posts\/24946\/revisions"}],"predecessor-version":[{"id":25102,"href":"https:\/\/www.correiobraziliense.com.br\/cbradar\/wp-json\/wp\/v2\/posts\/24946\/revisions\/25102"}],"wp:featuredmedia":[{"embeddable":true,"href":"https:\/\/www.correiobraziliense.com.br\/cbradar\/wp-json\/wp\/v2\/media\/24953"}],"wp:attachment":[{"href":"https:\/\/www.correiobraziliense.com.br\/cbradar\/wp-json\/wp\/v2\/media?parent=24946"}],"wp:term":[{"taxonomy":"category","embeddable":true,"href":"https:\/\/www.correiobraziliense.com.br\/cbradar\/wp-json\/wp\/v2\/categories?post=24946"},{"taxonomy":"post_tag","embeddable":true,"href":"https:\/\/www.correiobraziliense.com.br\/cbradar\/wp-json\/wp\/v2\/post_tag?post=24946"}],"curies":[{"name":"wp","href":"https:\/\/api.w.org\/{rel}","templated":true}]}}