{"id":25210,"date":"2025-04-21T07:10:00","date_gmt":"2025-04-21T10:10:00","guid":{"rendered":"https:\/\/www.correiobraziliense.com.br\/cbradar\/?p=25210"},"modified":"2025-04-18T12:49:24","modified_gmt":"2025-04-18T15:49:24","slug":"chuchu-na-sua-horta-veja-como-cultivar","status":"publish","type":"post","link":"https:\/\/www.correiobraziliense.com.br\/cbradar\/chuchu-na-sua-horta-veja-como-cultivar\/","title":{"rendered":"Chuchu na sua horta? Veja como cultivar"},"content":{"rendered":"\n<p>O <a href=\"https:\/\/www.correiobraziliense.com.br\/cbradar\/veja-como-preparar-o-solo-ideal-para-cultivar-chuchu-em-casa\/\" target=\"_blank\" rel=\"noreferrer noopener\"><strong>chuchu<\/strong> <\/a>\u00e9 uma hortali\u00e7a amplamente consumida no <strong><a href=\"https:\/\/pt.wikipedia.org\/wiki\/Brasil\" target=\"_blank\" rel=\"noreferrer noopener\">Brasil<\/a><\/strong>, conhecida por seu sabor suave e f\u00e1cil digest\u00e3o. Embora muitas vezes considerado sem gra\u00e7a, \u00e9 uma escolha nutritiva e vers\u00e1til para incluir nas refei\u00e7\u00f5es di\u00e1rias. Al\u00e9m de ser consumido em sua forma mais comum, a polpa, outras partes da planta, como ra\u00edzes e folhas, s\u00e3o utilizadas em diferentes culturas, especialmente na <strong>Am\u00e9rica Central<\/strong> e no <strong>M\u00e9xico<\/strong>, de onde \u00e9 origin\u00e1rio.<\/p>\n\n\n\n<p>O cultivo desta hortali\u00e7a \u00e9 uma pr\u00e1tica acess\u00edvel para quem deseja ter uma horta caseira. Este artigo aborda os passos essenciais para plantar e cuidar do <strong>chuchu<\/strong>, al\u00e9m de fornecer informa\u00e7\u00f5es sobre o momento ideal para colheita e os cuidados necess\u00e1rios com o solo.<\/p>\n\n\n\n<h2 class=\"wp-block-heading\">Como iniciar o cultivo do chuchu?<\/h2>\n\n\n\n<p>Para come\u00e7ar a cultivar, \u00e9 necess\u00e1rio utilizar um fruto maduro que j\u00e1 tenha brotado, conhecido como <strong>chuchu-semente<\/strong>. O processo de brota\u00e7\u00e3o \u00e9 simples e pode ser feito em casa. Aqui est\u00e3o os passos b\u00e1sicos:<\/p>\n\n\n\n<ul class=\"wp-block-list\">\n<li>Escolha um <strong>chuchu<\/strong> maduro e saud\u00e1vel.<\/li>\n\n\n\n<li>Deixe-o em um local ventilado e sombreado, sobre a terra.<\/li>\n\n\n\n<li>Mantenha a umidade do solo com regas leves e frequentes.<\/li>\n<\/ul>\n\n\n<div class=\"wp-block-image\">\n<figure class=\"aligncenter size-large\"><img decoding=\"async\" width=\"1024\" height=\"576\" src=\"https:\/\/www.correiobraziliense.com.br\/cbradar\/wp-content\/uploads\/2025\/04\/chuchu_1744990815851-1024x576.jpg\" alt=\"Chuchu na sua horta? Veja como cultivar\" class=\"wp-image-25229\" srcset=\"https:\/\/www.correiobraziliense.com.br\/cbradar\/wp-content\/uploads\/2025\/04\/chuchu_1744990815851-1024x576.jpg 1024w, https:\/\/www.correiobraziliense.com.br\/cbradar\/wp-content\/uploads\/2025\/04\/chuchu_1744990815851-300x169.jpg 300w, https:\/\/www.correiobraziliense.com.br\/cbradar\/wp-content\/uploads\/2025\/04\/chuchu_1744990815851-768x432.jpg 768w, https:\/\/www.correiobraziliense.com.br\/cbradar\/wp-content\/uploads\/2025\/04\/chuchu_1744990815851-750x422.jpg 750w, https:\/\/www.correiobraziliense.com.br\/cbradar\/wp-content\/uploads\/2025\/04\/chuchu_1744990815851-1140x641.jpg 1140w, https:\/\/www.correiobraziliense.com.br\/cbradar\/wp-content\/uploads\/2025\/04\/chuchu_1744990815851.jpg 1280w\" sizes=\"(max-width: 1024px) 100vw, 1024px\" \/><figcaption class=\"wp-element-caption\">Cr\u00e9ditos: depositphotos.com \/ moviafilmes<\/figcaption><\/figure><\/div>\n\n\n<h2 class=\"wp-block-heading\">Qual \u00e9 o m\u00e9todo adequado para plant\u00e1-lo?<\/h2>\n\n\n\n<p>Ap\u00f3s o <strong>chuchu<\/strong> brotar, o que geralmente leva cerca de <strong>15 dias<\/strong>, \u00e9 importante monitorar o crescimento do broto. Quando o broto atingir aproximadamente <strong>15 cent\u00edmetros<\/strong>, \u00e9 hora de transferir o <strong>chuchu-semente<\/strong> para o local definitivo de plantio. O broto deve ser posicionado para cima, e o fruto n\u00e3o deve ser completamente coberto para evitar apodrecimento.<\/p>\n\n\n\n<h2 class=\"wp-block-heading\">Quais os cuidados essenciais com o solo?<\/h2>\n\n\n\n<p>O solo ideal para o plantio do <strong>chuchu<\/strong> deve ser rico em mat\u00e9ria org\u00e2nica e ter boa drenagem, j\u00e1 que a planta n\u00e3o tolera encharcamento. Como o <strong>chuchuzeiro<\/strong> \u00e9 uma planta perene, \u00e9 crucial manter uma aduba\u00e7\u00e3o adequada. A aplica\u00e7\u00e3o de <strong>calc\u00e1rio<\/strong> pode ser necess\u00e1ria <strong>60 dias<\/strong> antes do plantio para ajustar o pH do solo. Produtos org\u00e2nicos tamb\u00e9m s\u00e3o ben\u00e9ficos, pois ajudam no desenvolvimento das ra\u00edzes e no controle de pragas.<\/p>\n\n\n\n<h2 class=\"wp-block-heading\">Quando plantar chuchu?<\/h2>\n\n\n\n<p>O <strong>chuchu<\/strong> prefere climas amenos, com temperaturas entre <strong>15\u00baC<\/strong> e <strong>25\u00baC<\/strong>. O per\u00edodo de plantio varia conforme a regi\u00e3o do <strong>Brasil<\/strong>:<\/p>\n\n\n\n<ul class=\"wp-block-list\">\n<li><strong>Sul<\/strong>: <strong>setembro<\/strong> e <strong>outubro<\/strong><\/li>\n\n\n\n<li><strong>Sudeste<\/strong>: <strong>setembro<\/strong> e <strong>outubro<\/strong><\/li>\n\n\n\n<li><strong>Centro-Oeste<\/strong>: <strong>setembro<\/strong> e <strong>outubro<\/strong><\/li>\n\n\n\n<li><strong>Norte<\/strong>: <strong>abril<\/strong> a <strong>julho<\/strong><\/li>\n\n\n\n<li><strong>Nordeste<\/strong>: durante todo o ano<\/li>\n<\/ul>\n\n\n\n<h2 class=\"wp-block-heading\">Quando colher o chuchu?<\/h2>\n\n\n\n<p>A colheita do <strong>chuchu<\/strong> deve ser feita manualmente, com cuidado para n\u00e3o danificar o fruto. O tempo para colheita varia entre <strong>80 a 110 dias<\/strong> ap\u00f3s o plantio. Para garantir uniformidade no tamanho dos frutos, a colheita deve ser realizada em intervalos de <strong>dois a tr\u00eas dias<\/strong>.<\/p>\n\n\n\n<h2 class=\"wp-block-heading\">Como \u00e9 as variedades e tamanho ideal dessa hortali\u00e7a?<\/h2>\n\n\n\n<p>O tamanho pode variar de acordo com a variedade. No <strong>Brasil<\/strong>, \u00e9 comum encontrar <strong>chuchus<\/strong> de diferentes formas e texturas, com cascas lisas ou enrugadas. A prefer\u00eancia geralmente \u00e9 por frutos com casca verde clara e tamanho entre <strong>12 a 18 cent\u00edmetros<\/strong> de comprimento, mas frutos menores tamb\u00e9m s\u00e3o bem aceitos no mercado.<\/p>\n","protected":false},"excerpt":{"rendered":"<p>O chuchu \u00e9 uma hortali\u00e7a amplamente consumida no Brasil, conhecida por seu sabor suave e f\u00e1cil digest\u00e3o. Embora muitas vezes considerado sem gra\u00e7a, \u00e9 uma escolha nutritiva e vers\u00e1til para incluir nas refei\u00e7\u00f5es di\u00e1rias. Al\u00e9m de ser consumido em sua forma mais comum, a polpa, outras partes da planta, como ra\u00edzes e folhas, s\u00e3o utilizadas [&hellip;]<\/p>\n","protected":false},"author":8,"featured_media":25230,"comment_status":"open","ping_status":"open","sticky":false,"template":"","format":"standard","meta":{"_yoast_wpseo_focuskw":"chuchu","_yoast_wpseo_title":"","_yoast_wpseo_metadesc":"Descubra como cultivar chuchu na sua horta e aproveite os benef\u00edcios dessa hortali\u00e7a vers\u00e1til e f\u00e1cil de cuidar.","jnews-multi-image_gallery":[],"jnews_single_post":{"format":"standard"},"jnews_primary_category":[],"jnews_social_meta":[],"jnews_override_counter":[],"footnotes":""},"categories":[136],"post_tag":[532,137,614],"class_list":["post-25210","post","type-post","status-publish","format-standard","has-post-thumbnail","hentry","category-jardinagem","tag-chuchu","tag-como-plantar","tag-cultivo"],"yoast_head":"<!-- This site is optimized with the Yoast SEO plugin v24.6 - https:\/\/yoast.com\/wordpress\/plugins\/seo\/ -->\n<title>Chuchu na sua horta? Veja como cultivar - Correio Braziliense - Radar<\/title>\n<meta name=\"description\" content=\"Descubra como cultivar chuchu na sua horta e aproveite os benef\u00edcios dessa hortali\u00e7a vers\u00e1til e f\u00e1cil de cuidar.\" \/>\n<meta name=\"robots\" content=\"index, follow, max-snippet:-1, max-image-preview:large, max-video-preview:-1\" \/>\n<link rel=\"canonical\" href=\"https:\/\/www.correiobraziliense.com.br\/cbradar\/chuchu-na-sua-horta-veja-como-cultivar\/\" \/>\n<meta property=\"og:locale\" content=\"pt_BR\" \/>\n<meta property=\"og:type\" content=\"article\" \/>\n<meta property=\"og:title\" content=\"Chuchu na sua horta? Veja como cultivar - Correio Braziliense - Radar\" \/>\n<meta property=\"og:description\" content=\"Descubra como cultivar chuchu na sua horta e aproveite os benef\u00edcios dessa hortali\u00e7a vers\u00e1til e f\u00e1cil de cuidar.\" \/>\n<meta property=\"og:url\" content=\"https:\/\/www.correiobraziliense.com.br\/cbradar\/chuchu-na-sua-horta-veja-como-cultivar\/\" \/>\n<meta property=\"og:site_name\" content=\"Correio Braziliense - Radar\" \/>\n<meta property=\"article:published_time\" content=\"2025-04-21T10:10:00+00:00\" \/>\n<meta property=\"og:image\" content=\"https:\/\/www.correiobraziliense.com.br\/cbradar\/wp-content\/uploads\/2025\/04\/chuchu_1744990828355.jpg\" \/>\n\t<meta property=\"og:image:width\" content=\"1280\" \/>\n\t<meta property=\"og:image:height\" content=\"720\" \/>\n\t<meta property=\"og:image:type\" content=\"image\/jpeg\" \/>\n<meta name=\"author\" content=\"Maura Pereira\" \/>\n<meta name=\"twitter:card\" content=\"summary_large_image\" \/>\n<meta name=\"twitter:label1\" content=\"Escrito por\" \/>\n\t<meta name=\"twitter:data1\" content=\"Maura Pereira\" \/>\n\t<meta name=\"twitter:label2\" content=\"Est. tempo de leitura\" \/>\n\t<meta name=\"twitter:data2\" content=\"4 minutos\" \/>\n<!-- \/ Yoast SEO plugin. -->","yoast_head_json":{"title":"Chuchu na sua horta? Veja como cultivar - Correio Braziliense - Radar","description":"Descubra como cultivar chuchu na sua horta e aproveite os benef\u00edcios dessa hortali\u00e7a vers\u00e1til e f\u00e1cil de cuidar.","robots":{"index":"index","follow":"follow","max-snippet":"max-snippet:-1","max-image-preview":"max-image-preview:large","max-video-preview":"max-video-preview:-1"},"canonical":"https:\/\/www.correiobraziliense.com.br\/cbradar\/chuchu-na-sua-horta-veja-como-cultivar\/","og_locale":"pt_BR","og_type":"article","og_title":"Chuchu na sua horta? Veja como cultivar - Correio Braziliense - Radar","og_description":"Descubra como cultivar chuchu na sua horta e aproveite os benef\u00edcios dessa hortali\u00e7a vers\u00e1til e f\u00e1cil de cuidar.","og_url":"https:\/\/www.correiobraziliense.com.br\/cbradar\/chuchu-na-sua-horta-veja-como-cultivar\/","og_site_name":"Correio Braziliense - Radar","article_published_time":"2025-04-21T10:10:00+00:00","og_image":[{"width":1280,"height":720,"url":"https:\/\/www.correiobraziliense.com.br\/cbradar\/wp-content\/uploads\/2025\/04\/chuchu_1744990828355.jpg","type":"image\/jpeg"}],"author":"Maura Pereira","twitter_card":"summary_large_image","twitter_misc":{"Escrito por":"Maura Pereira","Est. tempo de leitura":"4 minutos"},"schema":{"@context":"https:\/\/schema.org","@graph":[{"@type":"WebPage","@id":"https:\/\/www.correiobraziliense.com.br\/cbradar\/chuchu-na-sua-horta-veja-como-cultivar\/","url":"https:\/\/www.correiobraziliense.com.br\/cbradar\/chuchu-na-sua-horta-veja-como-cultivar\/","name":"Chuchu na sua horta? Veja como cultivar - Correio Braziliense - Radar","isPartOf":{"@id":"https:\/\/www.correiobraziliense.com.br\/cbradar\/#website"},"primaryImageOfPage":{"@id":"https:\/\/www.correiobraziliense.com.br\/cbradar\/chuchu-na-sua-horta-veja-como-cultivar\/#primaryimage"},"image":{"@id":"https:\/\/www.correiobraziliense.com.br\/cbradar\/chuchu-na-sua-horta-veja-como-cultivar\/#primaryimage"},"thumbnailUrl":"https:\/\/www.correiobraziliense.com.br\/cbradar\/wp-content\/uploads\/2025\/04\/chuchu_1744990828355.jpg","datePublished":"2025-04-21T10:10:00+00:00","author":{"@id":"https:\/\/www.correiobraziliense.com.br\/cbradar\/#\/schema\/person\/4053c651a9bfc785afc6f4cbc9032fd3"},"description":"Descubra como cultivar chuchu na sua horta e aproveite os benef\u00edcios dessa hortali\u00e7a vers\u00e1til e f\u00e1cil de cuidar.","breadcrumb":{"@id":"https:\/\/www.correiobraziliense.com.br\/cbradar\/chuchu-na-sua-horta-veja-como-cultivar\/#breadcrumb"},"inLanguage":"pt-BR","potentialAction":[{"@type":"ReadAction","target":["https:\/\/www.correiobraziliense.com.br\/cbradar\/chuchu-na-sua-horta-veja-como-cultivar\/"]}]},{"@type":"ImageObject","inLanguage":"pt-BR","@id":"https:\/\/www.correiobraziliense.com.br\/cbradar\/chuchu-na-sua-horta-veja-como-cultivar\/#primaryimage","url":"https:\/\/www.correiobraziliense.com.br\/cbradar\/wp-content\/uploads\/2025\/04\/chuchu_1744990828355.jpg","contentUrl":"https:\/\/www.correiobraziliense.com.br\/cbradar\/wp-content\/uploads\/2025\/04\/chuchu_1744990828355.jpg","width":1280,"height":720,"caption":"Cr\u00e9ditos: depositphotos.com \/ ws-studio"},{"@type":"BreadcrumbList","@id":"https:\/\/www.correiobraziliense.com.br\/cbradar\/chuchu-na-sua-horta-veja-como-cultivar\/#breadcrumb","itemListElement":[{"@type":"ListItem","position":1,"name":"In\u00edcio","item":"https:\/\/www.correiobraziliense.com.br\/cbradar\/"},{"@type":"ListItem","position":2,"name":"Chuchu na sua horta? Veja como cultivar"}]},{"@type":"WebSite","@id":"https:\/\/www.correiobraziliense.com.br\/cbradar\/#website","url":"https:\/\/www.correiobraziliense.com.br\/cbradar\/","name":"Correio Braziliense - Radar","description":"Acompanhe as \u00faltimas not\u00edcias e fique bem informado sobre tudo o que acontece no Brasil e no mundo.","potentialAction":[{"@type":"SearchAction","target":{"@type":"EntryPoint","urlTemplate":"https:\/\/www.correiobraziliense.com.br\/cbradar\/?s={search_term_string}"},"query-input":{"@type":"PropertyValueSpecification","valueRequired":true,"valueName":"search_term_string"}}],"inLanguage":"pt-BR"},{"@type":"Person","@id":"https:\/\/www.correiobraziliense.com.br\/cbradar\/#\/schema\/person\/4053c651a9bfc785afc6f4cbc9032fd3","name":"Maura Pereira","image":{"@type":"ImageObject","inLanguage":"pt-BR","@id":"https:\/\/www.correiobraziliense.com.br\/cbradar\/#\/schema\/person\/image\/","url":"https:\/\/secure.gravatar.com\/avatar\/3effd6bdadfa447f15089c7f7144eaa6?s=96&d=mm&r=g","contentUrl":"https:\/\/secure.gravatar.com\/avatar\/3effd6bdadfa447f15089c7f7144eaa6?s=96&d=mm&r=g","caption":"Maura Pereira"},"sameAs":["https:\/\/www.correiobraziliense.com.br\/"],"url":"https:\/\/www.correiobraziliense.com.br\/cbradar\/author\/mauramyth\/"}]}},"_links":{"self":[{"href":"https:\/\/www.correiobraziliense.com.br\/cbradar\/wp-json\/wp\/v2\/posts\/25210","targetHints":{"allow":["GET"]}}],"collection":[{"href":"https:\/\/www.correiobraziliense.com.br\/cbradar\/wp-json\/wp\/v2\/posts"}],"about":[{"href":"https:\/\/www.correiobraziliense.com.br\/cbradar\/wp-json\/wp\/v2\/types\/post"}],"author":[{"embeddable":true,"href":"https:\/\/www.correiobraziliense.com.br\/cbradar\/wp-json\/wp\/v2\/users\/8"}],"replies":[{"embeddable":true,"href":"https:\/\/www.correiobraziliense.com.br\/cbradar\/wp-json\/wp\/v2\/comments?post=25210"}],"version-history":[{"count":8,"href":"https:\/\/www.correiobraziliense.com.br\/cbradar\/wp-json\/wp\/v2\/posts\/25210\/revisions"}],"predecessor-version":[{"id":25235,"href":"https:\/\/www.correiobraziliense.com.br\/cbradar\/wp-json\/wp\/v2\/posts\/25210\/revisions\/25235"}],"wp:featuredmedia":[{"embeddable":true,"href":"https:\/\/www.correiobraziliense.com.br\/cbradar\/wp-json\/wp\/v2\/media\/25230"}],"wp:attachment":[{"href":"https:\/\/www.correiobraziliense.com.br\/cbradar\/wp-json\/wp\/v2\/media?parent=25210"}],"wp:term":[{"taxonomy":"category","embeddable":true,"href":"https:\/\/www.correiobraziliense.com.br\/cbradar\/wp-json\/wp\/v2\/categories?post=25210"},{"taxonomy":"post_tag","embeddable":true,"href":"https:\/\/www.correiobraziliense.com.br\/cbradar\/wp-json\/wp\/v2\/post_tag?post=25210"}],"curies":[{"name":"wp","href":"https:\/\/api.w.org\/{rel}","templated":true}]}}