{"id":25212,"date":"2025-04-21T09:10:00","date_gmt":"2025-04-21T12:10:00","guid":{"rendered":"https:\/\/www.correiobraziliense.com.br\/cbradar\/?p=25212"},"modified":"2025-04-18T13:07:13","modified_gmt":"2025-04-18T16:07:13","slug":"tudo-o-que-voce-precisa-saber-para-cultivar-cafe-em-casa","status":"publish","type":"post","link":"https:\/\/www.correiobraziliense.com.br\/cbradar\/tudo-o-que-voce-precisa-saber-para-cultivar-cafe-em-casa\/","title":{"rendered":"Tudo o que voc\u00ea precisa saber para cultivar caf\u00e9 em casa!"},"content":{"rendered":"\n<p>O <a href=\"https:\/\/www.correiobraziliense.com.br\/cbradar\/aprenda-como-fazer-cafe-nos-diferentes-tipos-de-cafeteira\/\" target=\"_blank\" rel=\"noreferrer noopener\"><strong>caf\u00e9<\/strong> <\/a>tem se destacado como um dos produtos mais importantes na economia <strong>brasileira<\/strong>, especialmente devido aos altos pre\u00e7os que tem alcan\u00e7ado no mercado. Considerado um item essencial na rotina de muitos <strong>brasileiros<\/strong>, \u00e9 o alimento mais consumido no pa\u00eds, superando at\u00e9 mesmo o <strong>arroz<\/strong> e o <strong>feij\u00e3o<\/strong>, de acordo com dados do <strong><a href=\"https:\/\/www.ibge.gov.br\/\" target=\"_blank\" rel=\"noreferrer noopener\">Instituto Brasileiro de Geografia e Estat\u00edstica<\/a> (IBGE)<\/strong>. Este cen\u00e1rio reflete a import\u00e2ncia cultural e econ\u00f4mica do <strong>caf\u00e9<\/strong> no <strong>Brasil<\/strong>.<\/p>\n\n\n\n<p>O processo de cultivo do <strong>caf\u00e9<\/strong> \u00e9 complexo e exige um conhecimento t\u00e9cnico significativo. A <strong>cafeicultura<\/strong>, em grande parte, ocorre em \u00e1reas montanhosas, onde o solo precisa ser cuidadosamente preparado. Muitas vezes, o plantio \u00e9 realizado manualmente, especialmente em regi\u00f5es onde as m\u00e1quinas n\u00e3o conseguem chegar. Esse m\u00e9todo tradicional de cultivo \u00e9 delicado e requer uma aten\u00e7\u00e3o especial para garantir a qualidade do produto final.<\/p>\n\n\n\n<h2 class=\"wp-block-heading\">Como \u00e9 feito o plantio do caf\u00e9?<\/h2>\n\n\n\n<p>O primeiro passo no cultivo do <strong>caf\u00e9<\/strong> \u00e9 a produ\u00e7\u00e3o das mudas, que podem ser feitas em casa ou adquiridas em viveiros especializados. No caso do <strong>caf\u00e9 ar\u00e1bica<\/strong>, a maioria das mudas prov\u00e9m de sementes, enquanto o <strong>caf\u00e9 can\u00e9fora<\/strong> utiliza, em sua maioria, mudas clonais. A produ\u00e7\u00e3o de mudas de <strong>caf\u00e9 <\/strong>envolve v\u00e1rias etapas, desde a escolha do recipiente at\u00e9 o transplante para o solo.<\/p>\n\n\n\n<p>Para garantir a qualidade das mudas, \u00e9 essencial escolher um recipiente adequado, adicionar o substrato correto e plantar as <strong>sementes de caf\u00e9<\/strong>. Ap\u00f3s a germina\u00e7\u00e3o, as plantas devem ser separadas e cuidadas at\u00e9 que estejam prontas para o transplante, o que geralmente ocorre entre <strong>150 a 180 dias<\/strong> ap\u00f3s o plantio inicial.<\/p>\n\n\n<div class=\"wp-block-image\">\n<figure class=\"aligncenter size-large\"><img decoding=\"async\" width=\"1024\" height=\"576\" src=\"https:\/\/www.correiobraziliense.com.br\/cbradar\/wp-content\/uploads\/2025\/04\/coffee_1744992041150-1024x576.jpg\" alt=\"Tudo o que voc\u00ea precisa saber para cultivar caf\u00e9 em casa!\" class=\"wp-image-25251\" srcset=\"https:\/\/www.correiobraziliense.com.br\/cbradar\/wp-content\/uploads\/2025\/04\/coffee_1744992041150-1024x576.jpg 1024w, https:\/\/www.correiobraziliense.com.br\/cbradar\/wp-content\/uploads\/2025\/04\/coffee_1744992041150-300x169.jpg 300w, https:\/\/www.correiobraziliense.com.br\/cbradar\/wp-content\/uploads\/2025\/04\/coffee_1744992041150-768x432.jpg 768w, https:\/\/www.correiobraziliense.com.br\/cbradar\/wp-content\/uploads\/2025\/04\/coffee_1744992041150-750x422.jpg 750w, https:\/\/www.correiobraziliense.com.br\/cbradar\/wp-content\/uploads\/2025\/04\/coffee_1744992041150-1140x642.jpg 1140w, https:\/\/www.correiobraziliense.com.br\/cbradar\/wp-content\/uploads\/2025\/04\/coffee_1744992041150.jpg 1279w\" sizes=\"(max-width: 1024px) 100vw, 1024px\" \/><figcaption class=\"wp-element-caption\">Cr\u00e9ditos: depositphotos.com \/ limpido<\/figcaption><\/figure><\/div>\n\n\n<h2 class=\"wp-block-heading\">Qual \u00e9 o clima ideal para o cultivo?<\/h2>\n\n\n\n<p>O clima \u00e9 um fator crucial no cultivo. As mudas precisam de um ambiente fresco para desenvolver ra\u00edzes fortes e absorver nutrientes do solo. No <strong>Brasil<\/strong>, o <strong>caf\u00e9 ar\u00e1bica<\/strong> \u00e9 cultivado em altitudes acima de <strong>600 metros<\/strong>, sendo a faixa ideal entre <strong>900 e 1.000 metros<\/strong>. J\u00e1 o <strong>caf\u00e9 can\u00e9fora<\/strong> pode ser cultivado em altitudes menores, de <strong>400 a 600 metros<\/strong>, mas enfrenta desafios em regi\u00f5es muito quentes ou frias.<\/p>\n\n\n\n<p>Essas condi\u00e7\u00f5es clim\u00e1ticas explicam por que o cultivo do <strong>caf\u00e9<\/strong> \u00e9 limitado em algumas regi\u00f5es do <strong>Brasil<\/strong>, como o <strong>Nordeste<\/strong>, que \u00e9 muito quente, e o <strong>Sul<\/strong>, que \u00e9 muito frio. O sucesso do cultivo depende de encontrar o equil\u00edbrio certo entre temperatura, altitude e umidade.<\/p>\n\n\n\n<h2 class=\"wp-block-heading\">Quais s\u00e3o os principais cuidados com o cafeeiro?<\/h2>\n\n\n\n<p>Ap\u00f3s o plantio, o cafeeiro requer cuidados cont\u00ednuos para garantir uma colheita de qualidade. Entre o plantio e a primeira colheita, que ocorre ap\u00f3s cerca de 30 meses, \u00e9 importante realizar a fertiliza\u00e7\u00e3o e aduba\u00e7\u00e3o do solo, controlar plantas daninhas e proteger a planta\u00e7\u00e3o contra <strong>pragas<\/strong> e <strong>doen\u00e7as<\/strong>. Esses cuidados s\u00e3o essenciais para manter a sa\u00fade das plantas e maximizar a produ\u00e7\u00e3o.<\/p>\n\n\n\n<p>Embora o tempo de produ\u00e7\u00e3o do cafeeiro seja indeterminado, a m\u00e9dia de produ\u00e7\u00e3o \u00e9 de cerca de <strong>25 anos<\/strong>. No entanto, em opera\u00e7\u00f5es comerciais, \u00e9 comum renovar a lavoura ap\u00f3s a d\u00e9cima colheita devido \u00e0 falta de m\u00e3o de obra e \u00e0 necessidade de manter a produtividade.<\/p>\n\n\n\n<h2 class=\"wp-block-heading\">\u00c9 poss\u00edvel cultivar caf\u00e9 em vaso?<\/h2>\n\n\n\n<p>Sim, \u00e9 poss\u00edvel cultivar <strong>caf\u00e9<\/strong> em vaso, embora essa t\u00e9cnica tenha suas limita\u00e7\u00f5es. A planta pode se tornar ornamental e produzir frutos ap\u00f3s <strong>dois anos e meio<\/strong>, mas o crescimento \u00e9 restrito pela falta de espa\u00e7o para as ra\u00edzes se desenvolverem plenamente. O cultivo em vaso pode ser uma op\u00e7\u00e3o interessante para quem deseja ter um p\u00e9 de <strong>caf\u00e9<\/strong> em casa, mas \u00e9 importante estar ciente de que a planta pode precisar ser renovada ap\u00f3s a primeira colheita.<\/p>\n\n\n\n<p>Em resumo, o <strong>caf\u00e9<\/strong> \u00e9 um elemento vital na cultura e economia do <strong>Brasil<\/strong>. O cultivo exige dedica\u00e7\u00e3o e conhecimento, mas oferece recompensas significativas para aqueles que se dedicam a essa arte. Compreender as nuances do cultivo do <strong>caf\u00e9<\/strong> pode ajudar a garantir que essa tradi\u00e7\u00e3o continue a prosperar no futuro.<\/p>\n","protected":false},"excerpt":{"rendered":"<p>O caf\u00e9 tem se destacado como um dos produtos mais importantes na economia brasileira, especialmente devido aos altos pre\u00e7os que tem alcan\u00e7ado no mercado. Considerado um item essencial na rotina de muitos brasileiros, \u00e9 o alimento mais consumido no pa\u00eds, superando at\u00e9 mesmo o arroz e o feij\u00e3o, de acordo com dados do Instituto Brasileiro [&hellip;]<\/p>\n","protected":false},"author":8,"featured_media":25250,"comment_status":"open","ping_status":"open","sticky":false,"template":"","format":"standard","meta":{"_yoast_wpseo_focuskw":"caf\u00e9","_yoast_wpseo_title":"","_yoast_wpseo_metadesc":"Aprenda como plantar caf\u00e9 em casa com este guia completo. Do plantio \u00e0 colheita, siga o passo a passo e colha os melhores gr\u00e3os.","jnews-multi-image_gallery":[],"jnews_single_post":{"format":"standard"},"jnews_primary_category":[],"jnews_social_meta":[],"jnews_override_counter":[],"footnotes":""},"categories":[136],"post_tag":[421,137],"class_list":["post-25212","post","type-post","status-publish","format-standard","has-post-thumbnail","hentry","category-jardinagem","tag-cafe","tag-como-plantar"],"yoast_head":"<!-- This site is optimized with the Yoast SEO plugin v24.6 - https:\/\/yoast.com\/wordpress\/plugins\/seo\/ -->\n<title>Tudo o que voc\u00ea precisa saber para cultivar caf\u00e9 em casa! - Correio Braziliense - Radar<\/title>\n<meta name=\"description\" content=\"Aprenda como plantar caf\u00e9 em casa com este guia completo. Do plantio \u00e0 colheita, siga o passo a passo e colha os melhores gr\u00e3os.\" \/>\n<meta name=\"robots\" content=\"index, follow, max-snippet:-1, max-image-preview:large, max-video-preview:-1\" \/>\n<link rel=\"canonical\" href=\"https:\/\/www.correiobraziliense.com.br\/cbradar\/tudo-o-que-voce-precisa-saber-para-cultivar-cafe-em-casa\/\" \/>\n<meta property=\"og:locale\" content=\"pt_BR\" \/>\n<meta property=\"og:type\" content=\"article\" \/>\n<meta property=\"og:title\" content=\"Tudo o que voc\u00ea precisa saber para cultivar caf\u00e9 em casa! - Correio Braziliense - Radar\" \/>\n<meta property=\"og:description\" content=\"Aprenda como plantar caf\u00e9 em casa com este guia completo. Do plantio \u00e0 colheita, siga o passo a passo e colha os melhores gr\u00e3os.\" \/>\n<meta property=\"og:url\" content=\"https:\/\/www.correiobraziliense.com.br\/cbradar\/tudo-o-que-voce-precisa-saber-para-cultivar-cafe-em-casa\/\" \/>\n<meta property=\"og:site_name\" content=\"Correio Braziliense - Radar\" \/>\n<meta property=\"article:published_time\" content=\"2025-04-21T12:10:00+00:00\" \/>\n<meta property=\"og:image\" content=\"https:\/\/www.correiobraziliense.com.br\/cbradar\/wp-content\/uploads\/2025\/04\/coffee_1744992013537.jpg\" \/>\n\t<meta property=\"og:image:width\" content=\"1279\" \/>\n\t<meta property=\"og:image:height\" content=\"720\" \/>\n\t<meta property=\"og:image:type\" content=\"image\/jpeg\" \/>\n<meta name=\"author\" content=\"Maura Pereira\" \/>\n<meta name=\"twitter:card\" content=\"summary_large_image\" \/>\n<meta name=\"twitter:label1\" content=\"Escrito por\" \/>\n\t<meta name=\"twitter:data1\" content=\"Maura Pereira\" \/>\n\t<meta name=\"twitter:label2\" content=\"Est. tempo de leitura\" \/>\n\t<meta name=\"twitter:data2\" content=\"4 minutos\" \/>\n<!-- \/ Yoast SEO plugin. -->","yoast_head_json":{"title":"Tudo o que voc\u00ea precisa saber para cultivar caf\u00e9 em casa! - Correio Braziliense - Radar","description":"Aprenda como plantar caf\u00e9 em casa com este guia completo. Do plantio \u00e0 colheita, siga o passo a passo e colha os melhores gr\u00e3os.","robots":{"index":"index","follow":"follow","max-snippet":"max-snippet:-1","max-image-preview":"max-image-preview:large","max-video-preview":"max-video-preview:-1"},"canonical":"https:\/\/www.correiobraziliense.com.br\/cbradar\/tudo-o-que-voce-precisa-saber-para-cultivar-cafe-em-casa\/","og_locale":"pt_BR","og_type":"article","og_title":"Tudo o que voc\u00ea precisa saber para cultivar caf\u00e9 em casa! - Correio Braziliense - Radar","og_description":"Aprenda como plantar caf\u00e9 em casa com este guia completo. Do plantio \u00e0 colheita, siga o passo a passo e colha os melhores gr\u00e3os.","og_url":"https:\/\/www.correiobraziliense.com.br\/cbradar\/tudo-o-que-voce-precisa-saber-para-cultivar-cafe-em-casa\/","og_site_name":"Correio Braziliense - Radar","article_published_time":"2025-04-21T12:10:00+00:00","og_image":[{"width":1279,"height":720,"url":"https:\/\/www.correiobraziliense.com.br\/cbradar\/wp-content\/uploads\/2025\/04\/coffee_1744992013537.jpg","type":"image\/jpeg"}],"author":"Maura Pereira","twitter_card":"summary_large_image","twitter_misc":{"Escrito por":"Maura Pereira","Est. tempo de leitura":"4 minutos"},"schema":{"@context":"https:\/\/schema.org","@graph":[{"@type":"WebPage","@id":"https:\/\/www.correiobraziliense.com.br\/cbradar\/tudo-o-que-voce-precisa-saber-para-cultivar-cafe-em-casa\/","url":"https:\/\/www.correiobraziliense.com.br\/cbradar\/tudo-o-que-voce-precisa-saber-para-cultivar-cafe-em-casa\/","name":"Tudo o que voc\u00ea precisa saber para cultivar caf\u00e9 em casa! - Correio Braziliense - Radar","isPartOf":{"@id":"https:\/\/www.correiobraziliense.com.br\/cbradar\/#website"},"primaryImageOfPage":{"@id":"https:\/\/www.correiobraziliense.com.br\/cbradar\/tudo-o-que-voce-precisa-saber-para-cultivar-cafe-em-casa\/#primaryimage"},"image":{"@id":"https:\/\/www.correiobraziliense.com.br\/cbradar\/tudo-o-que-voce-precisa-saber-para-cultivar-cafe-em-casa\/#primaryimage"},"thumbnailUrl":"https:\/\/www.correiobraziliense.com.br\/cbradar\/wp-content\/uploads\/2025\/04\/coffee_1744992013537.jpg","datePublished":"2025-04-21T12:10:00+00:00","author":{"@id":"https:\/\/www.correiobraziliense.com.br\/cbradar\/#\/schema\/person\/4053c651a9bfc785afc6f4cbc9032fd3"},"description":"Aprenda como plantar caf\u00e9 em casa com este guia completo. Do plantio \u00e0 colheita, siga o passo a passo e colha os melhores gr\u00e3os.","breadcrumb":{"@id":"https:\/\/www.correiobraziliense.com.br\/cbradar\/tudo-o-que-voce-precisa-saber-para-cultivar-cafe-em-casa\/#breadcrumb"},"inLanguage":"pt-BR","potentialAction":[{"@type":"ReadAction","target":["https:\/\/www.correiobraziliense.com.br\/cbradar\/tudo-o-que-voce-precisa-saber-para-cultivar-cafe-em-casa\/"]}]},{"@type":"ImageObject","inLanguage":"pt-BR","@id":"https:\/\/www.correiobraziliense.com.br\/cbradar\/tudo-o-que-voce-precisa-saber-para-cultivar-cafe-em-casa\/#primaryimage","url":"https:\/\/www.correiobraziliense.com.br\/cbradar\/wp-content\/uploads\/2025\/04\/coffee_1744992013537.jpg","contentUrl":"https:\/\/www.correiobraziliense.com.br\/cbradar\/wp-content\/uploads\/2025\/04\/coffee_1744992013537.jpg","width":1279,"height":720,"caption":"Caf\u00e9 \/\/ Cr\u00e9ditos: depositphotos.com \/ EcoPimStudio"},{"@type":"BreadcrumbList","@id":"https:\/\/www.correiobraziliense.com.br\/cbradar\/tudo-o-que-voce-precisa-saber-para-cultivar-cafe-em-casa\/#breadcrumb","itemListElement":[{"@type":"ListItem","position":1,"name":"In\u00edcio","item":"https:\/\/www.correiobraziliense.com.br\/cbradar\/"},{"@type":"ListItem","position":2,"name":"Tudo o que voc\u00ea precisa saber para cultivar caf\u00e9 em casa!"}]},{"@type":"WebSite","@id":"https:\/\/www.correiobraziliense.com.br\/cbradar\/#website","url":"https:\/\/www.correiobraziliense.com.br\/cbradar\/","name":"Correio Braziliense - Radar","description":"Acompanhe as \u00faltimas not\u00edcias e fique bem informado sobre tudo o que acontece no Brasil e no mundo.","potentialAction":[{"@type":"SearchAction","target":{"@type":"EntryPoint","urlTemplate":"https:\/\/www.correiobraziliense.com.br\/cbradar\/?s={search_term_string}"},"query-input":{"@type":"PropertyValueSpecification","valueRequired":true,"valueName":"search_term_string"}}],"inLanguage":"pt-BR"},{"@type":"Person","@id":"https:\/\/www.correiobraziliense.com.br\/cbradar\/#\/schema\/person\/4053c651a9bfc785afc6f4cbc9032fd3","name":"Maura Pereira","image":{"@type":"ImageObject","inLanguage":"pt-BR","@id":"https:\/\/www.correiobraziliense.com.br\/cbradar\/#\/schema\/person\/image\/","url":"https:\/\/secure.gravatar.com\/avatar\/3effd6bdadfa447f15089c7f7144eaa6?s=96&d=mm&r=g","contentUrl":"https:\/\/secure.gravatar.com\/avatar\/3effd6bdadfa447f15089c7f7144eaa6?s=96&d=mm&r=g","caption":"Maura Pereira"},"sameAs":["https:\/\/www.correiobraziliense.com.br\/"],"url":"https:\/\/www.correiobraziliense.com.br\/cbradar\/author\/mauramyth\/"}]}},"_links":{"self":[{"href":"https:\/\/www.correiobraziliense.com.br\/cbradar\/wp-json\/wp\/v2\/posts\/25212","targetHints":{"allow":["GET"]}}],"collection":[{"href":"https:\/\/www.correiobraziliense.com.br\/cbradar\/wp-json\/wp\/v2\/posts"}],"about":[{"href":"https:\/\/www.correiobraziliense.com.br\/cbradar\/wp-json\/wp\/v2\/types\/post"}],"author":[{"embeddable":true,"href":"https:\/\/www.correiobraziliense.com.br\/cbradar\/wp-json\/wp\/v2\/users\/8"}],"replies":[{"embeddable":true,"href":"https:\/\/www.correiobraziliense.com.br\/cbradar\/wp-json\/wp\/v2\/comments?post=25212"}],"version-history":[{"count":7,"href":"https:\/\/www.correiobraziliense.com.br\/cbradar\/wp-json\/wp\/v2\/posts\/25212\/revisions"}],"predecessor-version":[{"id":25257,"href":"https:\/\/www.correiobraziliense.com.br\/cbradar\/wp-json\/wp\/v2\/posts\/25212\/revisions\/25257"}],"wp:featuredmedia":[{"embeddable":true,"href":"https:\/\/www.correiobraziliense.com.br\/cbradar\/wp-json\/wp\/v2\/media\/25250"}],"wp:attachment":[{"href":"https:\/\/www.correiobraziliense.com.br\/cbradar\/wp-json\/wp\/v2\/media?parent=25212"}],"wp:term":[{"taxonomy":"category","embeddable":true,"href":"https:\/\/www.correiobraziliense.com.br\/cbradar\/wp-json\/wp\/v2\/categories?post=25212"},{"taxonomy":"post_tag","embeddable":true,"href":"https:\/\/www.correiobraziliense.com.br\/cbradar\/wp-json\/wp\/v2\/post_tag?post=25212"}],"curies":[{"name":"wp","href":"https:\/\/api.w.org\/{rel}","templated":true}]}}