{"id":25213,"date":"2025-04-21T10:10:00","date_gmt":"2025-04-21T13:10:00","guid":{"rendered":"https:\/\/www.correiobraziliense.com.br\/cbradar\/?p=25213"},"modified":"2025-04-18T13:13:37","modified_gmt":"2025-04-18T16:13:37","slug":"quais-plantas-cultivar-em-fevereiro-veja-os-cultivos-ideais-para-este-mes","status":"publish","type":"post","link":"https:\/\/www.correiobraziliense.com.br\/cbradar\/quais-plantas-cultivar-em-fevereiro-veja-os-cultivos-ideais-para-este-mes\/","title":{"rendered":"Quais plantas cultivar em fevereiro? Veja os cultivos ideais para este m\u00eas"},"content":{"rendered":"\n<p><strong>Fevereiro<\/strong> \u00e9 um m\u00eas prop\u00edcio para o cultivo de diversas <strong>frutas<\/strong> e <strong>hortali\u00e7as<\/strong> no <strong><a href=\"https:\/\/www.correiobraziliense.com.br\/cbradar\/conheca-a-cidade-que-ja-foi-uma-das-mais-verdes-do-brasil\/\" target=\"_blank\" rel=\"noreferrer noopener\">Brasil<\/a><\/strong>, devido \u00e0s condi\u00e7\u00f5es clim\u00e1ticas favor\u00e1veis. As <strong>temperaturas elevadas<\/strong> e as <strong>chuvas frequentes<\/strong> oferecem um ambiente ideal para o desenvolvimento de plantas que prosperam em climas quentes. A seguir, ser\u00e3o apresentadas algumas op\u00e7\u00f5es de alimentos que podem ser plantados neste per\u00edodo, com base em recomenda\u00e7\u00f5es da <strong><a href=\"https:\/\/www.embrapa.br\/\" target=\"_blank\" rel=\"noreferrer noopener\">Embrapa<\/a><\/strong>.<\/p>\n\n\n\n<p>O cultivo adequado dessas culturas n\u00e3o s\u00f3 contribui para uma alimenta\u00e7\u00e3o saud\u00e1vel, mas tamb\u00e9m pode ser uma excelente oportunidade para <strong>agricultores<\/strong> e entusiastas da jardinagem. Conhecer as caracter\u00edsticas de cada planta e as condi\u00e7\u00f5es ideais de plantio \u00e9 essencial para garantir uma colheita bem-sucedida.<\/p>\n\n\n\n<h2 class=\"wp-block-heading\">Quais s\u00e3o as melhores op\u00e7\u00f5es de plantio para fevereiro?<\/h2>\n\n\n\n<p>Entre as diversas op\u00e7\u00f5es de cultivo para <strong>fevereiro<\/strong>, destacam-se a <strong>ab\u00f3bora<\/strong>, <strong>abobrinha<\/strong>, <strong>alface<\/strong>, <strong>berinjela<\/strong>, <strong>br\u00f3colis<\/strong>, <strong>cenoura<\/strong>, <strong>couve-flor<\/strong>, <strong>melancia<\/strong>, <strong>pepino<\/strong> e <strong>quiabo<\/strong>. Cada uma dessas culturas possui caracter\u00edsticas espec\u00edficas que devem ser consideradas para um plantio eficaz.<\/p>\n\n\n\n<figure class=\"wp-block-image size-large\"><img decoding=\"async\" width=\"1024\" height=\"576\" src=\"https:\/\/www.correiobraziliense.com.br\/cbradar\/wp-content\/uploads\/2025\/04\/verduras_1744992652094-1024x576.jpg\" alt=\"Quais plantas cultivar em fevereiro? Veja os cultivos ideais para este m\u00eas\" class=\"wp-image-25265\" srcset=\"https:\/\/www.correiobraziliense.com.br\/cbradar\/wp-content\/uploads\/2025\/04\/verduras_1744992652094-1024x576.jpg 1024w, https:\/\/www.correiobraziliense.com.br\/cbradar\/wp-content\/uploads\/2025\/04\/verduras_1744992652094-300x169.jpg 300w, https:\/\/www.correiobraziliense.com.br\/cbradar\/wp-content\/uploads\/2025\/04\/verduras_1744992652094-768x432.jpg 768w, https:\/\/www.correiobraziliense.com.br\/cbradar\/wp-content\/uploads\/2025\/04\/verduras_1744992652094-750x422.jpg 750w, https:\/\/www.correiobraziliense.com.br\/cbradar\/wp-content\/uploads\/2025\/04\/verduras_1744992652094-1140x641.jpg 1140w, https:\/\/www.correiobraziliense.com.br\/cbradar\/wp-content\/uploads\/2025\/04\/verduras_1744992652094.jpg 1280w\" sizes=\"(max-width: 1024px) 100vw, 1024px\" \/><figcaption class=\"wp-element-caption\">Cr\u00e9ditos: depositphotos.com \/ Baloncici<\/figcaption><\/figure>\n\n\n\n<h2 class=\"wp-block-heading\">1. Ab\u00f3bora e abobrinha<\/h2>\n\n\n\n<ul class=\"wp-block-list\">\n<li>A <strong>ab\u00f3bora<\/strong> \u00e9 uma excelente escolha para o plantio em <strong>fevereiro<\/strong>, pois se adapta bem a <strong>temperaturas elevadas<\/strong> e \u00e9 resistente a condi\u00e7\u00f5es clim\u00e1ticas adversas, exceto <strong>geadas<\/strong>. O ciclo de cultivo da <strong>ab\u00f3bora<\/strong> \u00e9 de aproximadamente <strong>120 dias<\/strong>, sendo ideal para as regi\u00f5es <strong>Sul<\/strong>, <strong>Sudeste<\/strong> e <strong>Centro-Oeste<\/strong>.<\/li>\n\n\n\n<li>J\u00e1 a <strong>abobrinha<\/strong>, embora semelhante \u00e0 <strong>ab\u00f3bora<\/strong>, \u00e9 colhida ainda imatura. \u00c9 importante ter cuidado durante o transplantio, pois suas ra\u00edzes s\u00e3o sens\u00edveis e n\u00e3o se recuperam facilmente. O plantio pode ser feito diretamente no solo ou em bandejas para posterior transplante.<\/li>\n<\/ul>\n\n\n\n<h2 class=\"wp-block-heading\">2. Alface e berinjela<\/h2>\n\n\n\n<ul class=\"wp-block-list\">\n<li>A <strong>alface<\/strong> \u00e9 uma <strong>hortali\u00e7a<\/strong> popular, apreciada por sua croc\u00e2ncia e baixo teor cal\u00f3rico. As variedades de ver\u00e3o s\u00e3o ideais para o plantio em <strong>fevereiro<\/strong>, com colheita prevista em cerca de dois meses. A <strong>alface<\/strong> \u00e9 sens\u00edvel ao excesso de \u00e1gua no solo, o que requer aten\u00e7\u00e3o especial na irriga\u00e7\u00e3o.<\/li>\n\n\n\n<li>A <strong>berinjela<\/strong>, por sua vez, \u00e9 uma planta de <strong>clima quente<\/strong> que se beneficia das altas <strong>temperaturas<\/strong> para germina\u00e7\u00e3o e crescimento. O plantio \u00e9 realizado a partir de <strong>sementes<\/strong>, com posterior transplantio para o campo. As regi\u00f5es <strong>Sudeste<\/strong>, <strong>Centro-Oeste<\/strong> e <strong>Nordeste<\/strong> s\u00e3o ideais para o cultivo da <strong>berinjela<\/strong>.<\/li>\n<\/ul>\n\n\n\n<h2 class=\"wp-block-heading\">3. Br\u00f3colis e cenoura<\/h2>\n\n\n\n<ul class=\"wp-block-list\">\n<li>O <strong>br\u00f3colis<\/strong> \u00e9 uma <strong>hortali\u00e7a<\/strong> rica em minerais e <strong>vitaminas<\/strong>, com dois tipos principais de cultivo: o de cabe\u00e7a e o ramoso. O <strong>br\u00f3colis de cabe\u00e7a<\/strong> \u00e9 colhido ap\u00f3s <strong>110 dias<\/strong>, enquanto o ramoso permite colheitas m\u00faltiplas em um per\u00edodo menor. O <strong>Nordeste<\/strong> \u00e9 uma regi\u00e3o favor\u00e1vel para o plantio de <strong>br\u00f3colis<\/strong>.<\/li>\n\n\n\n<li>A <strong>cenoura<\/strong> requer um solo bem fofo para evitar deforma\u00e7\u00f5es nas ra\u00edzes. O ponto de colheita \u00e9 indicado pelo <strong>amarelecimento<\/strong> das folhas mais velhas. As regi\u00f5es <strong>Sudeste<\/strong>, <strong>Centro-Oeste<\/strong>, <strong>Nordeste<\/strong> e <strong>Norte<\/strong> s\u00e3o adequadas para o cultivo de <strong>cenoura<\/strong>.<\/li>\n<\/ul>\n\n\n\n<h2 class=\"wp-block-heading\">4. Couve-flor, melancia, pepino e quiabo<\/h2>\n\n\n\n<ul class=\"wp-block-list\">\n<li>A <strong>couve-flor<\/strong> necessita de irriga\u00e7\u00e3o cuidadosa para evitar <strong>doen\u00e7as<\/strong>, e a escolha da cultivar deve ser adequada \u00e0 \u00e9poca do plantio. As regi\u00f5es <strong>Sudeste<\/strong> e <strong>Norte<\/strong> s\u00e3o ideais para o cultivo de <strong>couve-flor<\/strong>.<\/li>\n\n\n\n<li>A <strong>melancia<\/strong>, com seu r\u00e1pido ciclo de germina\u00e7\u00e3o, \u00e9 favorecida por <strong>temperaturas<\/strong> entre <strong>25\u00b0C<\/strong> e <strong>30\u00b0C<\/strong>. O solo deve ser arenoso e rico em mat\u00e9ria org\u00e2nica, sendo o <strong>Sudeste<\/strong> a regi\u00e3o mais indicada para seu plantio.<\/li>\n\n\n\n<li>O <strong>pepino<\/strong> \u00e9 uma cultura de <strong>clima quente<\/strong> que pode ser cultivada em estufas durante invernos menos rigorosos. As regi\u00f5es <strong>Sul<\/strong>, <strong>Sudeste<\/strong> e <strong>Nordeste<\/strong> s\u00e3o prop\u00edcias para o cultivo de <strong>pepino<\/strong>.<\/li>\n\n\n\n<li>Por fim, o <strong>quiabo<\/strong>, rico em <strong>fibras<\/strong> e <strong>minerais<\/strong>, \u00e9 uma <strong>hortali\u00e7a<\/strong> vers\u00e1til que pode ser plantada nas regi\u00f5es <strong>Sudeste<\/strong>, <strong>Centro-Oeste<\/strong>, <strong>Nordeste<\/strong> e <strong>Norte<\/strong>.<\/li>\n<\/ul>\n","protected":false},"excerpt":{"rendered":"<p>Fevereiro \u00e9 um m\u00eas prop\u00edcio para o cultivo de diversas frutas e hortali\u00e7as no Brasil, devido \u00e0s condi\u00e7\u00f5es clim\u00e1ticas favor\u00e1veis. As temperaturas elevadas e as chuvas frequentes oferecem um ambiente ideal para o desenvolvimento de plantas que prosperam em climas quentes. A seguir, ser\u00e3o apresentadas algumas op\u00e7\u00f5es de alimentos que podem ser plantados neste per\u00edodo, [&hellip;]<\/p>\n","protected":false},"author":8,"featured_media":25263,"comment_status":"open","ping_status":"open","sticky":false,"template":"","format":"standard","meta":{"_yoast_wpseo_focuskw":"fevereiro","_yoast_wpseo_title":"","_yoast_wpseo_metadesc":"Descubra o que plantar em fevereiro e aproveite o melhor do m\u00eas para sua horta. Dicas e cultivos ideais para essa \u00e9poca.","jnews-multi-image_gallery":[],"jnews_single_post":{"format":"standard"},"jnews_primary_category":[],"jnews_social_meta":[],"jnews_override_counter":[],"footnotes":""},"categories":[136],"post_tag":[137,3502,3501],"class_list":["post-25213","post","type-post","status-publish","format-standard","has-post-thumbnail","hentry","category-jardinagem","tag-como-plantar","tag-fevereiro","tag-frutas-e-hortalicas"],"yoast_head":"<!-- This site is optimized with the Yoast SEO plugin v24.6 - https:\/\/yoast.com\/wordpress\/plugins\/seo\/ -->\n<title>Quais plantas cultivar em fevereiro? Veja os cultivos ideais para este m\u00eas - Correio Braziliense - Radar<\/title>\n<meta name=\"description\" content=\"Descubra o que plantar em fevereiro e aproveite o melhor do m\u00eas para sua horta. Dicas e cultivos ideais para essa \u00e9poca.\" \/>\n<meta name=\"robots\" content=\"index, follow, max-snippet:-1, max-image-preview:large, max-video-preview:-1\" \/>\n<link rel=\"canonical\" href=\"https:\/\/www.correiobraziliense.com.br\/cbradar\/quais-plantas-cultivar-em-fevereiro-veja-os-cultivos-ideais-para-este-mes\/\" \/>\n<meta property=\"og:locale\" content=\"pt_BR\" \/>\n<meta property=\"og:type\" content=\"article\" \/>\n<meta property=\"og:title\" content=\"Quais plantas cultivar em fevereiro? Veja os cultivos ideais para este m\u00eas - Correio Braziliense - Radar\" \/>\n<meta property=\"og:description\" content=\"Descubra o que plantar em fevereiro e aproveite o melhor do m\u00eas para sua horta. Dicas e cultivos ideais para essa \u00e9poca.\" \/>\n<meta property=\"og:url\" content=\"https:\/\/www.correiobraziliense.com.br\/cbradar\/quais-plantas-cultivar-em-fevereiro-veja-os-cultivos-ideais-para-este-mes\/\" \/>\n<meta property=\"og:site_name\" content=\"Correio Braziliense - Radar\" \/>\n<meta property=\"article:published_time\" content=\"2025-04-21T13:10:00+00:00\" \/>\n<meta property=\"og:image\" content=\"https:\/\/www.correiobraziliense.com.br\/cbradar\/wp-content\/uploads\/2025\/04\/verduras_1744992643315.jpg\" \/>\n\t<meta property=\"og:image:width\" content=\"1280\" \/>\n\t<meta property=\"og:image:height\" content=\"720\" \/>\n\t<meta property=\"og:image:type\" content=\"image\/jpeg\" \/>\n<meta name=\"author\" content=\"Maura Pereira\" \/>\n<meta name=\"twitter:card\" content=\"summary_large_image\" \/>\n<meta name=\"twitter:label1\" content=\"Escrito por\" \/>\n\t<meta name=\"twitter:data1\" content=\"Maura Pereira\" \/>\n\t<meta name=\"twitter:label2\" content=\"Est. tempo de leitura\" \/>\n\t<meta name=\"twitter:data2\" content=\"4 minutos\" \/>\n<!-- \/ Yoast SEO plugin. -->","yoast_head_json":{"title":"Quais plantas cultivar em fevereiro? Veja os cultivos ideais para este m\u00eas - Correio Braziliense - Radar","description":"Descubra o que plantar em fevereiro e aproveite o melhor do m\u00eas para sua horta. Dicas e cultivos ideais para essa \u00e9poca.","robots":{"index":"index","follow":"follow","max-snippet":"max-snippet:-1","max-image-preview":"max-image-preview:large","max-video-preview":"max-video-preview:-1"},"canonical":"https:\/\/www.correiobraziliense.com.br\/cbradar\/quais-plantas-cultivar-em-fevereiro-veja-os-cultivos-ideais-para-este-mes\/","og_locale":"pt_BR","og_type":"article","og_title":"Quais plantas cultivar em fevereiro? Veja os cultivos ideais para este m\u00eas - Correio Braziliense - Radar","og_description":"Descubra o que plantar em fevereiro e aproveite o melhor do m\u00eas para sua horta. Dicas e cultivos ideais para essa \u00e9poca.","og_url":"https:\/\/www.correiobraziliense.com.br\/cbradar\/quais-plantas-cultivar-em-fevereiro-veja-os-cultivos-ideais-para-este-mes\/","og_site_name":"Correio Braziliense - Radar","article_published_time":"2025-04-21T13:10:00+00:00","og_image":[{"width":1280,"height":720,"url":"https:\/\/www.correiobraziliense.com.br\/cbradar\/wp-content\/uploads\/2025\/04\/verduras_1744992643315.jpg","type":"image\/jpeg"}],"author":"Maura Pereira","twitter_card":"summary_large_image","twitter_misc":{"Escrito por":"Maura Pereira","Est. tempo de leitura":"4 minutos"},"schema":{"@context":"https:\/\/schema.org","@graph":[{"@type":"WebPage","@id":"https:\/\/www.correiobraziliense.com.br\/cbradar\/quais-plantas-cultivar-em-fevereiro-veja-os-cultivos-ideais-para-este-mes\/","url":"https:\/\/www.correiobraziliense.com.br\/cbradar\/quais-plantas-cultivar-em-fevereiro-veja-os-cultivos-ideais-para-este-mes\/","name":"Quais plantas cultivar em fevereiro? Veja os cultivos ideais para este m\u00eas - Correio Braziliense - Radar","isPartOf":{"@id":"https:\/\/www.correiobraziliense.com.br\/cbradar\/#website"},"primaryImageOfPage":{"@id":"https:\/\/www.correiobraziliense.com.br\/cbradar\/quais-plantas-cultivar-em-fevereiro-veja-os-cultivos-ideais-para-este-mes\/#primaryimage"},"image":{"@id":"https:\/\/www.correiobraziliense.com.br\/cbradar\/quais-plantas-cultivar-em-fevereiro-veja-os-cultivos-ideais-para-este-mes\/#primaryimage"},"thumbnailUrl":"https:\/\/www.correiobraziliense.com.br\/cbradar\/wp-content\/uploads\/2025\/04\/verduras_1744992643315.jpg","datePublished":"2025-04-21T13:10:00+00:00","author":{"@id":"https:\/\/www.correiobraziliense.com.br\/cbradar\/#\/schema\/person\/4053c651a9bfc785afc6f4cbc9032fd3"},"description":"Descubra o que plantar em fevereiro e aproveite o melhor do m\u00eas para sua horta. Dicas e cultivos ideais para essa \u00e9poca.","breadcrumb":{"@id":"https:\/\/www.correiobraziliense.com.br\/cbradar\/quais-plantas-cultivar-em-fevereiro-veja-os-cultivos-ideais-para-este-mes\/#breadcrumb"},"inLanguage":"pt-BR","potentialAction":[{"@type":"ReadAction","target":["https:\/\/www.correiobraziliense.com.br\/cbradar\/quais-plantas-cultivar-em-fevereiro-veja-os-cultivos-ideais-para-este-mes\/"]}]},{"@type":"ImageObject","inLanguage":"pt-BR","@id":"https:\/\/www.correiobraziliense.com.br\/cbradar\/quais-plantas-cultivar-em-fevereiro-veja-os-cultivos-ideais-para-este-mes\/#primaryimage","url":"https:\/\/www.correiobraziliense.com.br\/cbradar\/wp-content\/uploads\/2025\/04\/verduras_1744992643315.jpg","contentUrl":"https:\/\/www.correiobraziliense.com.br\/cbradar\/wp-content\/uploads\/2025\/04\/verduras_1744992643315.jpg","width":1280,"height":720,"caption":"Hortas caseiras ajudam a reduzir o desperd\u00edcio e garantem alimentos sem agrot\u00f3xicos. \/\/ Cr\u00e9ditos: depositphotos.com \/ SashaKhalabuzar"},{"@type":"BreadcrumbList","@id":"https:\/\/www.correiobraziliense.com.br\/cbradar\/quais-plantas-cultivar-em-fevereiro-veja-os-cultivos-ideais-para-este-mes\/#breadcrumb","itemListElement":[{"@type":"ListItem","position":1,"name":"In\u00edcio","item":"https:\/\/www.correiobraziliense.com.br\/cbradar\/"},{"@type":"ListItem","position":2,"name":"Quais plantas cultivar em fevereiro? Veja os cultivos ideais para este m\u00eas"}]},{"@type":"WebSite","@id":"https:\/\/www.correiobraziliense.com.br\/cbradar\/#website","url":"https:\/\/www.correiobraziliense.com.br\/cbradar\/","name":"Correio Braziliense - Radar","description":"Acompanhe as \u00faltimas not\u00edcias e fique bem informado sobre tudo o que acontece no Brasil e no mundo.","potentialAction":[{"@type":"SearchAction","target":{"@type":"EntryPoint","urlTemplate":"https:\/\/www.correiobraziliense.com.br\/cbradar\/?s={search_term_string}"},"query-input":{"@type":"PropertyValueSpecification","valueRequired":true,"valueName":"search_term_string"}}],"inLanguage":"pt-BR"},{"@type":"Person","@id":"https:\/\/www.correiobraziliense.com.br\/cbradar\/#\/schema\/person\/4053c651a9bfc785afc6f4cbc9032fd3","name":"Maura Pereira","image":{"@type":"ImageObject","inLanguage":"pt-BR","@id":"https:\/\/www.correiobraziliense.com.br\/cbradar\/#\/schema\/person\/image\/","url":"https:\/\/secure.gravatar.com\/avatar\/3effd6bdadfa447f15089c7f7144eaa6?s=96&d=mm&r=g","contentUrl":"https:\/\/secure.gravatar.com\/avatar\/3effd6bdadfa447f15089c7f7144eaa6?s=96&d=mm&r=g","caption":"Maura Pereira"},"sameAs":["https:\/\/www.correiobraziliense.com.br\/"],"url":"https:\/\/www.correiobraziliense.com.br\/cbradar\/author\/mauramyth\/"}]}},"_links":{"self":[{"href":"https:\/\/www.correiobraziliense.com.br\/cbradar\/wp-json\/wp\/v2\/posts\/25213","targetHints":{"allow":["GET"]}}],"collection":[{"href":"https:\/\/www.correiobraziliense.com.br\/cbradar\/wp-json\/wp\/v2\/posts"}],"about":[{"href":"https:\/\/www.correiobraziliense.com.br\/cbradar\/wp-json\/wp\/v2\/types\/post"}],"author":[{"embeddable":true,"href":"https:\/\/www.correiobraziliense.com.br\/cbradar\/wp-json\/wp\/v2\/users\/8"}],"replies":[{"embeddable":true,"href":"https:\/\/www.correiobraziliense.com.br\/cbradar\/wp-json\/wp\/v2\/comments?post=25213"}],"version-history":[{"count":7,"href":"https:\/\/www.correiobraziliense.com.br\/cbradar\/wp-json\/wp\/v2\/posts\/25213\/revisions"}],"predecessor-version":[{"id":25269,"href":"https:\/\/www.correiobraziliense.com.br\/cbradar\/wp-json\/wp\/v2\/posts\/25213\/revisions\/25269"}],"wp:featuredmedia":[{"embeddable":true,"href":"https:\/\/www.correiobraziliense.com.br\/cbradar\/wp-json\/wp\/v2\/media\/25263"}],"wp:attachment":[{"href":"https:\/\/www.correiobraziliense.com.br\/cbradar\/wp-json\/wp\/v2\/media?parent=25213"}],"wp:term":[{"taxonomy":"category","embeddable":true,"href":"https:\/\/www.correiobraziliense.com.br\/cbradar\/wp-json\/wp\/v2\/categories?post=25213"},{"taxonomy":"post_tag","embeddable":true,"href":"https:\/\/www.correiobraziliense.com.br\/cbradar\/wp-json\/wp\/v2\/post_tag?post=25213"}],"curies":[{"name":"wp","href":"https:\/\/api.w.org\/{rel}","templated":true}]}}