{"id":25283,"date":"2025-04-19T13:30:00","date_gmt":"2025-04-19T16:30:00","guid":{"rendered":"https:\/\/www.correiobraziliense.com.br\/cbradar\/?p=25283"},"modified":"2025-04-18T20:00:38","modified_gmt":"2025-04-18T23:00:38","slug":"como-plantar-e-ter-uma-horta-em-casa-mesmo-em-espacos-pequenos","status":"publish","type":"post","link":"https:\/\/www.correiobraziliense.com.br\/cbradar\/como-plantar-e-ter-uma-horta-em-casa-mesmo-em-espacos-pequenos\/","title":{"rendered":"Como plantar e ter uma horta em casa mesmo em espa\u00e7os pequenos"},"content":{"rendered":"\n<p>O interesse por hortas caseiras tem crescido significativamente, especialmente durante per\u00edodos de isolamento social. Cultivar uma horta em casa n\u00e3o s\u00f3 proporciona alimentos frescos, mas tamb\u00e9m oferece uma atividade relaxante e educativa. No entanto, para muitos, o desafio est\u00e1 em saber por onde come\u00e7ar. Este artigo oferece orienta\u00e7\u00f5es pr\u00e1ticas para aqueles que desejam iniciar sua pr\u00f3pria horta dom\u00e9stica.<\/p>\n\n\n\n<p>Escolher o local ideal para a horta \u00e9 crucial. A \u00e1rea deve ser de f\u00e1cil acesso para que os cuidados di\u00e1rios sejam realizados sem dificuldades. Al\u00e9m disso, a exposi\u00e7\u00e3o solar \u00e9 um fator determinante para o sucesso do cultivo, sendo recomendado que as plantas recebam entre quatro a cinco horas de luz solar direta diariamente.<\/p>\n\n\n\n<h2 class=\"wp-block-heading\"><strong>Qual \u00e9 o melhor solo para uma horta caseira?<\/strong><\/h2>\n\n\n\n<p>O solo \u00e9 um dos componentes mais importantes para o desenvolvimento saud\u00e1vel das plantas. Para uma horta caseira, \u00e9 essencial utilizar um solo rico em nutrientes. A mistura ideal recomendada por especialistas em agroecologia inclui tr\u00eas partes de terra, duas partes de composto org\u00e2nico e uma parte de areia. O uso de compostos org\u00e2nicos, como cascas de frutas, \u00e9 altamente encorajado, pois eles enriquecem o solo com nutrientes essenciais.<\/p>\n\n\n\n<figure class=\"wp-block-image size-large\"><img decoding=\"async\" width=\"1024\" height=\"576\" src=\"https:\/\/www.correiobraziliense.com.br\/cbradar\/wp-content\/uploads\/2025\/04\/Horta-Domestica_1744994018968-1024x576.jpg\" alt=\"Comece Sua Horta em Casa com Facilidade&quot;\n\n\" class=\"wp-image-25291\" srcset=\"https:\/\/www.correiobraziliense.com.br\/cbradar\/wp-content\/uploads\/2025\/04\/Horta-Domestica_1744994018968-1024x576.jpg 1024w, https:\/\/www.correiobraziliense.com.br\/cbradar\/wp-content\/uploads\/2025\/04\/Horta-Domestica_1744994018968-300x169.jpg 300w, https:\/\/www.correiobraziliense.com.br\/cbradar\/wp-content\/uploads\/2025\/04\/Horta-Domestica_1744994018968-768x432.jpg 768w, https:\/\/www.correiobraziliense.com.br\/cbradar\/wp-content\/uploads\/2025\/04\/Horta-Domestica_1744994018968-750x422.jpg 750w, https:\/\/www.correiobraziliense.com.br\/cbradar\/wp-content\/uploads\/2025\/04\/Horta-Domestica_1744994018968-1140x641.jpg 1140w, https:\/\/www.correiobraziliense.com.br\/cbradar\/wp-content\/uploads\/2025\/04\/Horta-Domestica_1744994018968.jpg 1280w\" sizes=\"(max-width: 1024px) 100vw, 1024px\" \/><figcaption class=\"wp-element-caption\">Horta Dom\u00e9stica.Cr\u00e9ditos: depositphotos.com \/ AndrewLozovyi<\/figcaption><\/figure>\n\n\n\n<h2 class=\"wp-block-heading\"><strong>Como escolher o vaso adequado para cada planta?<\/strong><\/h2>\n\n\n\n<p>A escolha do vaso depende do tipo de planta que se deseja cultivar. Plantas que desenvolvem ra\u00edzes mais profundas, como \u00e1rvores frut\u00edferas, requerem vasos maiores, preferencialmente de cimento, para acomodar o crescimento. Para hortali\u00e7as menores, vasos de tamanho m\u00e9dio s\u00e3o suficientes. A adi\u00e7\u00e3o de mat\u00e9ria org\u00e2nica, como esterco de boi, ao solo do vaso pode melhorar ainda mais o crescimento das plantas.<\/p>\n\n\n\n<h2 class=\"wp-block-heading\"><strong>Quais s\u00e3o as melhores pr\u00e1ticas de irriga\u00e7\u00e3o para hortas caseiras?<\/strong><\/h2>\n\n\n\n<p>A irriga\u00e7\u00e3o \u00e9 um aspecto fundamental no cuidado com a horta. \u00c9 recomendado regar as plantas diariamente, mas com modera\u00e7\u00e3o para evitar o encharcamento, que pode prejudicar o desenvolvimento das ra\u00edzes. \u00c0 medida que as plantas crescem, a quantidade de \u00e1gua necess\u00e1ria pode aumentar, portanto, \u00e9 importante ajustar a irriga\u00e7\u00e3o conforme necess\u00e1rio.<\/p>\n\n\n\n<h2 class=\"wp-block-heading\"><strong>Quais hortali\u00e7as e frutas s\u00e3o mais comuns em hortas caseiras?<\/strong><\/h2>\n\n\n\n<p>Entre as hortali\u00e7as mais comuns em hortas caseiras est\u00e3o o alface, o tomatinho cereja, a couve, a cenoura, a salsinha e a cebolinha. Essas plantas s\u00e3o populares devido \u00e0 sua facilidade de cultivo e ao uso frequente na culin\u00e1ria. No que diz respeito \u00e0s frutas, a pitanga e a amora s\u00e3o frequentemente cultivadas, mas outras op\u00e7\u00f5es como lim\u00e3o e jabuticaba tamb\u00e9m s\u00e3o vi\u00e1veis em ambientes dom\u00e9sticos.<\/p>\n\n\n\n<p>Iniciar uma horta em casa pode ser uma experi\u00eancia gratificante e educativa. Com as dicas certas sobre localiza\u00e7\u00e3o, solo, vasos e irriga\u00e7\u00e3o, qualquer pessoa pode cultivar uma variedade de hortali\u00e7as e frutas frescas, aproveitando os benef\u00edcios de ter uma fonte de alimentos saud\u00e1vel e sustent\u00e1vel ao alcance das m\u00e3os.<\/p>\n","protected":false},"excerpt":{"rendered":"<p>Dicas e orienta\u00e7\u00f5es pr\u00e1ticas para iniciar sua pr\u00f3pria horta dom\u00e9stica. Saiba como escolher o local ideal, solo rico em nutrientes e os vasos.<\/p>\n","protected":false},"author":3,"featured_media":25290,"comment_status":"open","ping_status":"open","sticky":false,"template":"","format":"standard","meta":{"_yoast_wpseo_focuskw":"Horta Dom\u00e9stica","_yoast_wpseo_title":"%%title%%","_yoast_wpseo_metadesc":"Dicas e orienta\u00e7\u00f5es pr\u00e1ticas para iniciar sua pr\u00f3pria horta dom\u00e9stica. Saiba como escolher o local ideal, solo rico em nutrientes e os vasos.","jnews-multi-image_gallery":[],"jnews_single_post":{"format":"standard"},"jnews_primary_category":[],"jnews_social_meta":[],"jnews_override_counter":[],"footnotes":""},"categories":[136],"post_tag":[137,943],"class_list":["post-25283","post","type-post","status-publish","format-standard","has-post-thumbnail","hentry","category-jardinagem","tag-como-plantar","tag-horta"],"yoast_head":"<!-- This site is optimized with the Yoast SEO plugin v24.6 - https:\/\/yoast.com\/wordpress\/plugins\/seo\/ -->\n<title>Como plantar e ter uma horta em casa mesmo em espa\u00e7os pequenos<\/title>\n<meta name=\"description\" content=\"Dicas e orienta\u00e7\u00f5es pr\u00e1ticas para iniciar sua pr\u00f3pria horta dom\u00e9stica. Saiba como escolher o local ideal, solo rico em nutrientes e os vasos.\" \/>\n<meta name=\"robots\" content=\"index, follow, max-snippet:-1, max-image-preview:large, max-video-preview:-1\" \/>\n<link rel=\"canonical\" href=\"https:\/\/www.correiobraziliense.com.br\/cbradar\/como-plantar-e-ter-uma-horta-em-casa-mesmo-em-espacos-pequenos\/\" \/>\n<meta property=\"og:locale\" content=\"pt_BR\" \/>\n<meta property=\"og:type\" content=\"article\" \/>\n<meta property=\"og:title\" content=\"Como plantar e ter uma horta em casa mesmo em espa\u00e7os pequenos\" \/>\n<meta property=\"og:description\" content=\"Dicas e orienta\u00e7\u00f5es pr\u00e1ticas para iniciar sua pr\u00f3pria horta dom\u00e9stica. Saiba como escolher o local ideal, solo rico em nutrientes e os vasos.\" \/>\n<meta property=\"og:url\" content=\"https:\/\/www.correiobraziliense.com.br\/cbradar\/como-plantar-e-ter-uma-horta-em-casa-mesmo-em-espacos-pequenos\/\" \/>\n<meta property=\"og:site_name\" content=\"Correio Braziliense - Radar\" \/>\n<meta property=\"article:published_time\" content=\"2025-04-19T16:30:00+00:00\" \/>\n<meta property=\"og:image\" content=\"https:\/\/www.correiobraziliense.com.br\/cbradar\/wp-content\/uploads\/2025\/04\/Horta-Domestica_1744993873166.jpg\" \/>\n\t<meta property=\"og:image:width\" content=\"1280\" \/>\n\t<meta property=\"og:image:height\" content=\"720\" \/>\n\t<meta property=\"og:image:type\" content=\"image\/jpeg\" \/>\n<meta name=\"author\" content=\"Larissa Carvalho\" \/>\n<meta name=\"twitter:card\" content=\"summary_large_image\" \/>\n<meta name=\"twitter:label1\" content=\"Escrito por\" \/>\n\t<meta name=\"twitter:data1\" content=\"Larissa Carvalho\" \/>\n\t<meta name=\"twitter:label2\" content=\"Est. tempo de leitura\" \/>\n\t<meta name=\"twitter:data2\" content=\"3 minutos\" \/>\n<!-- \/ Yoast SEO plugin. -->","yoast_head_json":{"title":"Como plantar e ter uma horta em casa mesmo em espa\u00e7os pequenos","description":"Dicas e orienta\u00e7\u00f5es pr\u00e1ticas para iniciar sua pr\u00f3pria horta dom\u00e9stica. Saiba como escolher o local ideal, solo rico em nutrientes e os vasos.","robots":{"index":"index","follow":"follow","max-snippet":"max-snippet:-1","max-image-preview":"max-image-preview:large","max-video-preview":"max-video-preview:-1"},"canonical":"https:\/\/www.correiobraziliense.com.br\/cbradar\/como-plantar-e-ter-uma-horta-em-casa-mesmo-em-espacos-pequenos\/","og_locale":"pt_BR","og_type":"article","og_title":"Como plantar e ter uma horta em casa mesmo em espa\u00e7os pequenos","og_description":"Dicas e orienta\u00e7\u00f5es pr\u00e1ticas para iniciar sua pr\u00f3pria horta dom\u00e9stica. Saiba como escolher o local ideal, solo rico em nutrientes e os vasos.","og_url":"https:\/\/www.correiobraziliense.com.br\/cbradar\/como-plantar-e-ter-uma-horta-em-casa-mesmo-em-espacos-pequenos\/","og_site_name":"Correio Braziliense - Radar","article_published_time":"2025-04-19T16:30:00+00:00","og_image":[{"width":1280,"height":720,"url":"https:\/\/www.correiobraziliense.com.br\/cbradar\/wp-content\/uploads\/2025\/04\/Horta-Domestica_1744993873166.jpg","type":"image\/jpeg"}],"author":"Larissa Carvalho","twitter_card":"summary_large_image","twitter_misc":{"Escrito por":"Larissa Carvalho","Est. tempo de leitura":"3 minutos"},"schema":{"@context":"https:\/\/schema.org","@graph":[{"@type":"WebPage","@id":"https:\/\/www.correiobraziliense.com.br\/cbradar\/como-plantar-e-ter-uma-horta-em-casa-mesmo-em-espacos-pequenos\/","url":"https:\/\/www.correiobraziliense.com.br\/cbradar\/como-plantar-e-ter-uma-horta-em-casa-mesmo-em-espacos-pequenos\/","name":"Como plantar e ter uma horta em casa mesmo em espa\u00e7os pequenos","isPartOf":{"@id":"https:\/\/www.correiobraziliense.com.br\/cbradar\/#website"},"primaryImageOfPage":{"@id":"https:\/\/www.correiobraziliense.com.br\/cbradar\/como-plantar-e-ter-uma-horta-em-casa-mesmo-em-espacos-pequenos\/#primaryimage"},"image":{"@id":"https:\/\/www.correiobraziliense.com.br\/cbradar\/como-plantar-e-ter-uma-horta-em-casa-mesmo-em-espacos-pequenos\/#primaryimage"},"thumbnailUrl":"https:\/\/www.correiobraziliense.com.br\/cbradar\/wp-content\/uploads\/2025\/04\/Horta-Domestica_1744993873166.jpg","datePublished":"2025-04-19T16:30:00+00:00","author":{"@id":"https:\/\/www.correiobraziliense.com.br\/cbradar\/#\/schema\/person\/58422787644df994b53a19d3e56c1513"},"description":"Dicas e orienta\u00e7\u00f5es pr\u00e1ticas para iniciar sua pr\u00f3pria horta dom\u00e9stica. Saiba como escolher o local ideal, solo rico em nutrientes e os vasos.","breadcrumb":{"@id":"https:\/\/www.correiobraziliense.com.br\/cbradar\/como-plantar-e-ter-uma-horta-em-casa-mesmo-em-espacos-pequenos\/#breadcrumb"},"inLanguage":"pt-BR","potentialAction":[{"@type":"ReadAction","target":["https:\/\/www.correiobraziliense.com.br\/cbradar\/como-plantar-e-ter-uma-horta-em-casa-mesmo-em-espacos-pequenos\/"]}]},{"@type":"ImageObject","inLanguage":"pt-BR","@id":"https:\/\/www.correiobraziliense.com.br\/cbradar\/como-plantar-e-ter-uma-horta-em-casa-mesmo-em-espacos-pequenos\/#primaryimage","url":"https:\/\/www.correiobraziliense.com.br\/cbradar\/wp-content\/uploads\/2025\/04\/Horta-Domestica_1744993873166.jpg","contentUrl":"https:\/\/www.correiobraziliense.com.br\/cbradar\/wp-content\/uploads\/2025\/04\/Horta-Domestica_1744993873166.jpg","width":1280,"height":720,"caption":"Horta Dom\u00e9stica.Cr\u00e9ditos: depositphotos.com \/ VitalikRadko"},{"@type":"BreadcrumbList","@id":"https:\/\/www.correiobraziliense.com.br\/cbradar\/como-plantar-e-ter-uma-horta-em-casa-mesmo-em-espacos-pequenos\/#breadcrumb","itemListElement":[{"@type":"ListItem","position":1,"name":"In\u00edcio","item":"https:\/\/www.correiobraziliense.com.br\/cbradar\/"},{"@type":"ListItem","position":2,"name":"Como plantar e ter uma horta em casa mesmo em espa\u00e7os pequenos"}]},{"@type":"WebSite","@id":"https:\/\/www.correiobraziliense.com.br\/cbradar\/#website","url":"https:\/\/www.correiobraziliense.com.br\/cbradar\/","name":"Correio Braziliense - Radar","description":"Acompanhe as \u00faltimas not\u00edcias e fique bem informado sobre tudo o que acontece no Brasil e no mundo.","potentialAction":[{"@type":"SearchAction","target":{"@type":"EntryPoint","urlTemplate":"https:\/\/www.correiobraziliense.com.br\/cbradar\/?s={search_term_string}"},"query-input":{"@type":"PropertyValueSpecification","valueRequired":true,"valueName":"search_term_string"}}],"inLanguage":"pt-BR"},{"@type":"Person","@id":"https:\/\/www.correiobraziliense.com.br\/cbradar\/#\/schema\/person\/58422787644df994b53a19d3e56c1513","name":"Larissa Carvalho","image":{"@type":"ImageObject","inLanguage":"pt-BR","@id":"https:\/\/www.correiobraziliense.com.br\/cbradar\/#\/schema\/person\/image\/","url":"https:\/\/secure.gravatar.com\/avatar\/fe4f91a0de32b52a838d0d612abdc1aa?s=96&d=mm&r=g","contentUrl":"https:\/\/secure.gravatar.com\/avatar\/fe4f91a0de32b52a838d0d612abdc1aa?s=96&d=mm&r=g","caption":"Larissa Carvalho"},"url":"https:\/\/www.correiobraziliense.com.br\/cbradar\/author\/larissamyth\/"}]}},"_links":{"self":[{"href":"https:\/\/www.correiobraziliense.com.br\/cbradar\/wp-json\/wp\/v2\/posts\/25283","targetHints":{"allow":["GET"]}}],"collection":[{"href":"https:\/\/www.correiobraziliense.com.br\/cbradar\/wp-json\/wp\/v2\/posts"}],"about":[{"href":"https:\/\/www.correiobraziliense.com.br\/cbradar\/wp-json\/wp\/v2\/types\/post"}],"author":[{"embeddable":true,"href":"https:\/\/www.correiobraziliense.com.br\/cbradar\/wp-json\/wp\/v2\/users\/3"}],"replies":[{"embeddable":true,"href":"https:\/\/www.correiobraziliense.com.br\/cbradar\/wp-json\/wp\/v2\/comments?post=25283"}],"version-history":[{"count":2,"href":"https:\/\/www.correiobraziliense.com.br\/cbradar\/wp-json\/wp\/v2\/posts\/25283\/revisions"}],"predecessor-version":[{"id":25578,"href":"https:\/\/www.correiobraziliense.com.br\/cbradar\/wp-json\/wp\/v2\/posts\/25283\/revisions\/25578"}],"wp:featuredmedia":[{"embeddable":true,"href":"https:\/\/www.correiobraziliense.com.br\/cbradar\/wp-json\/wp\/v2\/media\/25290"}],"wp:attachment":[{"href":"https:\/\/www.correiobraziliense.com.br\/cbradar\/wp-json\/wp\/v2\/media?parent=25283"}],"wp:term":[{"taxonomy":"category","embeddable":true,"href":"https:\/\/www.correiobraziliense.com.br\/cbradar\/wp-json\/wp\/v2\/categories?post=25283"},{"taxonomy":"post_tag","embeddable":true,"href":"https:\/\/www.correiobraziliense.com.br\/cbradar\/wp-json\/wp\/v2\/post_tag?post=25283"}],"curies":[{"name":"wp","href":"https:\/\/api.w.org\/{rel}","templated":true}]}}