{"id":25284,"date":"2025-04-21T12:10:00","date_gmt":"2025-04-21T15:10:00","guid":{"rendered":"https:\/\/www.correiobraziliense.com.br\/cbradar\/?p=25284"},"modified":"2025-04-18T15:13:31","modified_gmt":"2025-04-18T18:13:31","slug":"como-cultivar-a-tuia-holandesa-veja-uma-arvore-de-natal-natural","status":"publish","type":"post","link":"https:\/\/www.correiobraziliense.com.br\/cbradar\/como-cultivar-a-tuia-holandesa-veja-uma-arvore-de-natal-natural\/","title":{"rendered":"Como cultivar a tuia-holandesa? Veja uma \u00e1rvore de Natal natural"},"content":{"rendered":"\n<p>Com a chegada do <strong><a href=\"https:\/\/pt.wikipedia.org\/wiki\/Natal\" target=\"_blank\" rel=\"noreferrer noopener\">Natal<\/a><\/strong>, muitas pessoas buscam alternativas mais sustent\u00e1veis e naturais para suas decora\u00e7\u00f5es. No <strong><a href=\"https:\/\/www.correiobraziliense.com.br\/cbradar\/conheca-a-cidade-que-ja-foi-uma-das-mais-verdes-do-brasil\/\" target=\"_blank\" rel=\"noreferrer noopener\">Brasil<\/a><\/strong>, a <strong>tuia-holandesa<\/strong> t\u00eam se destacado como uma op\u00e7\u00e3o popular, oferecendo uma alternativa charmosa e ecol\u00f3gica \u00e0s \u00e1rvores artificiais. Estas \u00e1rvores, com seu tamanho compacto e apar\u00eancia semelhante ao tradicional <strong>pinheiro-americano<\/strong>, t\u00eam conquistado espa\u00e7o nas celebra\u00e7\u00f5es natalinas.<\/p>\n\n\n\n<p>A <strong>Terra Viva<\/strong>, uma das principais fazendas do pa\u00eds dedicadas ao cultivo de <strong>tuias<\/strong>, comercializa anualmente mais de meio milh\u00e3o de <strong>mudas<\/strong>. As variedades mais procuradas s\u00e3o a <strong>tuia-holandesa<\/strong>, conhecida por sua folhagem clara e aroma c\u00edtrico, e a <strong>tuia-strickta<\/strong>, que possui uma colora\u00e7\u00e3o mais escura. As <strong>mudas<\/strong> s\u00e3o oferecidas em tamanhos variados, desde <strong>30 cent\u00edmetros<\/strong> at\u00e9 <strong>120 cent\u00edmetros<\/strong>, atendendo a diferentes necessidades decorativas.<\/p>\n\n\n\n<h2 class=\"wp-block-heading\">Como plantar e cuidar de tuias em vasos?<\/h2>\n\n\n\n<p>Para aqueles que desejam manter suas <strong>tuias<\/strong> em vasos, \u00e9 importante seguir algumas orienta\u00e7\u00f5es para garantir o desenvolvimento saud\u00e1vel da planta. Inicialmente, a \u00e1rvore deve ser mantida em um local com <strong>luz solar parcial<\/strong> para adapta\u00e7\u00e3o. Ap\u00f3s esse per\u00edodo, recomenda-se realizar uma poda leve para estimular o crescimento mais denso da folhagem.<\/p>\n\n\n\n<p>O transplante para o solo deve ser feito em uma cova de <strong>50 cm x 50 cm<\/strong>, em um local bem arejado e ensolarado. A <strong>rega<\/strong> deve ser moderada e feita diretamente no solo, evitando molhar as folhas. Com os cuidados adequados, as <strong>tuias<\/strong> podem crescer at\u00e9 <strong>5 metros<\/strong> de altura ao longo dos anos.<\/p>\n\n\n<div class=\"wp-block-image\">\n<figure class=\"aligncenter size-large\"><img decoding=\"async\" width=\"1024\" height=\"576\" src=\"https:\/\/www.correiobraziliense.com.br\/cbradar\/wp-content\/uploads\/2025\/04\/thuja-pot_1744995433366-1024x576.jpg\" alt=\"Como cultivar a tuia-holandesa? Veja uma \u00e1rvore de Natal natural\" class=\"wp-image-25312\" srcset=\"https:\/\/www.correiobraziliense.com.br\/cbradar\/wp-content\/uploads\/2025\/04\/thuja-pot_1744995433366-1024x576.jpg 1024w, https:\/\/www.correiobraziliense.com.br\/cbradar\/wp-content\/uploads\/2025\/04\/thuja-pot_1744995433366-300x169.jpg 300w, https:\/\/www.correiobraziliense.com.br\/cbradar\/wp-content\/uploads\/2025\/04\/thuja-pot_1744995433366-768x432.jpg 768w, https:\/\/www.correiobraziliense.com.br\/cbradar\/wp-content\/uploads\/2025\/04\/thuja-pot_1744995433366-750x422.jpg 750w, https:\/\/www.correiobraziliense.com.br\/cbradar\/wp-content\/uploads\/2025\/04\/thuja-pot_1744995433366-1140x641.jpg 1140w, https:\/\/www.correiobraziliense.com.br\/cbradar\/wp-content\/uploads\/2025\/04\/thuja-pot_1744995433366.jpg 1280w\" sizes=\"(max-width: 1024px) 100vw, 1024px\" \/><figcaption class=\"wp-element-caption\">Cr\u00e9ditos: depositphotos.com \/ Irrmago<\/figcaption><\/figure><\/div>\n\n\n<h2 class=\"wp-block-heading\">Quais s\u00e3o as diferen\u00e7as entre tuias e pinheiros?<\/h2>\n\n\n\n<p>Embora as <strong>tuias<\/strong> e os <strong>pinheiros<\/strong> sejam frequentemente confundidos, existem diferen\u00e7as significativas entre essas esp\u00e9cies. O <strong>pinheiro-americano<\/strong>, comumente usado em \u00e1rvores artificiais, \u00e9 origin\u00e1rio do <strong>Hemisf\u00e9rio Norte<\/strong> e pode atingir alturas de at\u00e9 <strong>30 metros<\/strong>. Seus galhos s\u00e3o longos e esparsos, com folhas em forma de agulhas.<\/p>\n\n\n\n<p>Por outro lado, as <strong>tuias<\/strong>, como a <strong>holandesa<\/strong> e a <strong>strickta<\/strong>, s\u00e3o variedades de con\u00edferas origin\u00e1rias dos <strong>Estados Unidos<\/strong>. A <strong>tuia-holandesa<\/strong> possui folhagem mais delicada e clara, enquanto a <strong>strickta<\/strong> tem folhas mais densas e escuras. Ambas s\u00e3o ideais para <strong>climas quentes<\/strong> e podem ser cultivadas em <strong>jardins<\/strong> ou <strong>vasos<\/strong>.<\/p>\n\n\n\n<h2 class=\"wp-block-heading\">Onde comprar e quanto custa uma \u00e1rvore de Natal natural?<\/h2>\n\n\n\n<p>As <strong>tuias holandesa<\/strong> e <strong>strickta<\/strong> est\u00e3o amplamente dispon\u00edveis em supermercados, floriculturas e gardens, tornando-se uma escolha acess\u00edvel para os consumidores. O pre\u00e7o das <strong>mudas<\/strong> varia conforme o tamanho, com op\u00e7\u00f5es de <strong>30 a 40 cent\u00edmetros<\/strong> custando em m\u00e9dia <strong>R$ 26<\/strong>, enquanto as de <strong>60 cent\u00edmetros<\/strong> saem por cerca de <strong>R$ 50<\/strong>.<\/p>\n\n\n\n<p>Para aqueles que preferem o tradicional <strong>pinheiro-americano<\/strong>, as <strong>mudas<\/strong> de <strong>30 cent\u00edmetros<\/strong> est\u00e3o dispon\u00edveis em floras especializadas por aproximadamente <strong>R$ 33<\/strong>. A escolha entre <strong>tuias<\/strong> e <strong>pinheiros<\/strong> depende do espa\u00e7o dispon\u00edvel e do estilo desejado para a decora\u00e7\u00e3o natalina.<\/p>\n\n\n\n<h2 class=\"wp-block-heading\">Por que optar por tuias coloridas?<\/h2>\n\n\n\n<p>Uma tend\u00eancia recente no mercado <strong>brasileiro<\/strong> s\u00e3o as <strong>tuias coloridas<\/strong>, que trazem um toque de originalidade \u00e0s decora\u00e7\u00f5es de <strong>Natal<\/strong>. Dispon\u00edveis em cores como <strong>branco<\/strong>, <strong>vermelho<\/strong> e <strong>amarelo<\/strong>, essas \u00e1rvores recebem uma &#8220;maquiagem&#8221; \u00e0 base de \u00e1gua que n\u00e3o prejudica a planta. Com o crescimento, a \u00e1rvore retorna \u00e0 sua colora\u00e7\u00e3o natural, proporcionando uma experi\u00eancia \u00fanica e sustent\u00e1vel.<\/p>\n\n\n\n<p>As <strong>tuias coloridas<\/strong> s\u00e3o distribu\u00eddas pela <strong>Cooperativa Veiling<\/strong>, que garante a qualidade e a seguran\u00e7a do processo de colora\u00e7\u00e3o. Esta inova\u00e7\u00e3o tem atra\u00eddo consumidores que buscam personalizar suas decora\u00e7\u00f5es natalinas de maneira criativa e ecol\u00f3gica.<\/p>\n","protected":false},"excerpt":{"rendered":"<p>Com a chegada do Natal, muitas pessoas buscam alternativas mais sustent\u00e1veis e naturais para suas decora\u00e7\u00f5es. No Brasil, a tuia-holandesa t\u00eam se destacado como uma op\u00e7\u00e3o popular, oferecendo uma alternativa charmosa e ecol\u00f3gica \u00e0s \u00e1rvores artificiais. Estas \u00e1rvores, com seu tamanho compacto e apar\u00eancia semelhante ao tradicional pinheiro-americano, t\u00eam conquistado espa\u00e7o nas celebra\u00e7\u00f5es natalinas. A [&hellip;]<\/p>\n","protected":false},"author":8,"featured_media":25311,"comment_status":"open","ping_status":"open","sticky":false,"template":"","format":"standard","meta":{"_yoast_wpseo_focuskw":"tuia-holandesa","_yoast_wpseo_title":"","_yoast_wpseo_metadesc":"Aprenda como plantar e cuidar da tuia-holandesa, a \u00e1rvore de Natal ideal para o seu jardim e decora\u00e7\u00e3o o ano todo.","jnews-multi-image_gallery":[],"jnews_single_post":{"format":"standard"},"jnews_primary_category":[],"jnews_social_meta":[],"jnews_override_counter":[],"footnotes":""},"categories":[136],"post_tag":[1403,3522],"class_list":["post-25284","post","type-post","status-publish","format-standard","has-post-thumbnail","hentry","category-jardinagem","tag-cultivar","tag-tuia-holandesa"],"yoast_head":"<!-- This site is optimized with the Yoast SEO plugin v24.6 - https:\/\/yoast.com\/wordpress\/plugins\/seo\/ -->\n<title>Como cultivar a tuia-holandesa? Veja uma \u00e1rvore de Natal natural - Correio Braziliense - Radar<\/title>\n<meta name=\"description\" content=\"Aprenda como plantar e cuidar da tuia-holandesa, a \u00e1rvore de Natal ideal para o seu jardim e decora\u00e7\u00e3o o ano todo.\" \/>\n<meta name=\"robots\" content=\"index, follow, max-snippet:-1, max-image-preview:large, max-video-preview:-1\" \/>\n<link rel=\"canonical\" href=\"https:\/\/www.correiobraziliense.com.br\/cbradar\/como-cultivar-a-tuia-holandesa-veja-uma-arvore-de-natal-natural\/\" \/>\n<meta property=\"og:locale\" content=\"pt_BR\" \/>\n<meta property=\"og:type\" content=\"article\" \/>\n<meta property=\"og:title\" content=\"Como cultivar a tuia-holandesa? Veja uma \u00e1rvore de Natal natural - Correio Braziliense - Radar\" \/>\n<meta property=\"og:description\" content=\"Aprenda como plantar e cuidar da tuia-holandesa, a \u00e1rvore de Natal ideal para o seu jardim e decora\u00e7\u00e3o o ano todo.\" \/>\n<meta property=\"og:url\" content=\"https:\/\/www.correiobraziliense.com.br\/cbradar\/como-cultivar-a-tuia-holandesa-veja-uma-arvore-de-natal-natural\/\" \/>\n<meta property=\"og:site_name\" content=\"Correio Braziliense - Radar\" \/>\n<meta property=\"article:published_time\" content=\"2025-04-21T15:10:00+00:00\" \/>\n<meta property=\"og:image\" content=\"https:\/\/www.correiobraziliense.com.br\/cbradar\/wp-content\/uploads\/2025\/04\/thuja-pot_1744995419439.jpg\" \/>\n\t<meta property=\"og:image:width\" content=\"1280\" \/>\n\t<meta property=\"og:image:height\" content=\"720\" \/>\n\t<meta property=\"og:image:type\" content=\"image\/jpeg\" \/>\n<meta name=\"author\" content=\"Maura Pereira\" \/>\n<meta name=\"twitter:card\" content=\"summary_large_image\" \/>\n<meta name=\"twitter:label1\" content=\"Escrito por\" \/>\n\t<meta name=\"twitter:data1\" content=\"Maura Pereira\" \/>\n\t<meta name=\"twitter:label2\" content=\"Est. tempo de leitura\" \/>\n\t<meta name=\"twitter:data2\" content=\"4 minutos\" \/>\n<!-- \/ Yoast SEO plugin. -->","yoast_head_json":{"title":"Como cultivar a tuia-holandesa? Veja uma \u00e1rvore de Natal natural - Correio Braziliense - Radar","description":"Aprenda como plantar e cuidar da tuia-holandesa, a \u00e1rvore de Natal ideal para o seu jardim e decora\u00e7\u00e3o o ano todo.","robots":{"index":"index","follow":"follow","max-snippet":"max-snippet:-1","max-image-preview":"max-image-preview:large","max-video-preview":"max-video-preview:-1"},"canonical":"https:\/\/www.correiobraziliense.com.br\/cbradar\/como-cultivar-a-tuia-holandesa-veja-uma-arvore-de-natal-natural\/","og_locale":"pt_BR","og_type":"article","og_title":"Como cultivar a tuia-holandesa? Veja uma \u00e1rvore de Natal natural - Correio Braziliense - Radar","og_description":"Aprenda como plantar e cuidar da tuia-holandesa, a \u00e1rvore de Natal ideal para o seu jardim e decora\u00e7\u00e3o o ano todo.","og_url":"https:\/\/www.correiobraziliense.com.br\/cbradar\/como-cultivar-a-tuia-holandesa-veja-uma-arvore-de-natal-natural\/","og_site_name":"Correio Braziliense - Radar","article_published_time":"2025-04-21T15:10:00+00:00","og_image":[{"width":1280,"height":720,"url":"https:\/\/www.correiobraziliense.com.br\/cbradar\/wp-content\/uploads\/2025\/04\/thuja-pot_1744995419439.jpg","type":"image\/jpeg"}],"author":"Maura Pereira","twitter_card":"summary_large_image","twitter_misc":{"Escrito por":"Maura Pereira","Est. tempo de leitura":"4 minutos"},"schema":{"@context":"https:\/\/schema.org","@graph":[{"@type":"WebPage","@id":"https:\/\/www.correiobraziliense.com.br\/cbradar\/como-cultivar-a-tuia-holandesa-veja-uma-arvore-de-natal-natural\/","url":"https:\/\/www.correiobraziliense.com.br\/cbradar\/como-cultivar-a-tuia-holandesa-veja-uma-arvore-de-natal-natural\/","name":"Como cultivar a tuia-holandesa? Veja uma \u00e1rvore de Natal natural - Correio Braziliense - Radar","isPartOf":{"@id":"https:\/\/www.correiobraziliense.com.br\/cbradar\/#website"},"primaryImageOfPage":{"@id":"https:\/\/www.correiobraziliense.com.br\/cbradar\/como-cultivar-a-tuia-holandesa-veja-uma-arvore-de-natal-natural\/#primaryimage"},"image":{"@id":"https:\/\/www.correiobraziliense.com.br\/cbradar\/como-cultivar-a-tuia-holandesa-veja-uma-arvore-de-natal-natural\/#primaryimage"},"thumbnailUrl":"https:\/\/www.correiobraziliense.com.br\/cbradar\/wp-content\/uploads\/2025\/04\/thuja-pot_1744995419439.jpg","datePublished":"2025-04-21T15:10:00+00:00","author":{"@id":"https:\/\/www.correiobraziliense.com.br\/cbradar\/#\/schema\/person\/4053c651a9bfc785afc6f4cbc9032fd3"},"description":"Aprenda como plantar e cuidar da tuia-holandesa, a \u00e1rvore de Natal ideal para o seu jardim e decora\u00e7\u00e3o o ano todo.","breadcrumb":{"@id":"https:\/\/www.correiobraziliense.com.br\/cbradar\/como-cultivar-a-tuia-holandesa-veja-uma-arvore-de-natal-natural\/#breadcrumb"},"inLanguage":"pt-BR","potentialAction":[{"@type":"ReadAction","target":["https:\/\/www.correiobraziliense.com.br\/cbradar\/como-cultivar-a-tuia-holandesa-veja-uma-arvore-de-natal-natural\/"]}]},{"@type":"ImageObject","inLanguage":"pt-BR","@id":"https:\/\/www.correiobraziliense.com.br\/cbradar\/como-cultivar-a-tuia-holandesa-veja-uma-arvore-de-natal-natural\/#primaryimage","url":"https:\/\/www.correiobraziliense.com.br\/cbradar\/wp-content\/uploads\/2025\/04\/thuja-pot_1744995419439.jpg","contentUrl":"https:\/\/www.correiobraziliense.com.br\/cbradar\/wp-content\/uploads\/2025\/04\/thuja-pot_1744995419439.jpg","width":1280,"height":720,"caption":"Cr\u00e9ditos: depositphotos.com \/ serezniy"},{"@type":"BreadcrumbList","@id":"https:\/\/www.correiobraziliense.com.br\/cbradar\/como-cultivar-a-tuia-holandesa-veja-uma-arvore-de-natal-natural\/#breadcrumb","itemListElement":[{"@type":"ListItem","position":1,"name":"In\u00edcio","item":"https:\/\/www.correiobraziliense.com.br\/cbradar\/"},{"@type":"ListItem","position":2,"name":"Como cultivar a tuia-holandesa? Veja uma \u00e1rvore de Natal natural"}]},{"@type":"WebSite","@id":"https:\/\/www.correiobraziliense.com.br\/cbradar\/#website","url":"https:\/\/www.correiobraziliense.com.br\/cbradar\/","name":"Correio Braziliense - Radar","description":"Acompanhe as \u00faltimas not\u00edcias e fique bem informado sobre tudo o que acontece no Brasil e no mundo.","potentialAction":[{"@type":"SearchAction","target":{"@type":"EntryPoint","urlTemplate":"https:\/\/www.correiobraziliense.com.br\/cbradar\/?s={search_term_string}"},"query-input":{"@type":"PropertyValueSpecification","valueRequired":true,"valueName":"search_term_string"}}],"inLanguage":"pt-BR"},{"@type":"Person","@id":"https:\/\/www.correiobraziliense.com.br\/cbradar\/#\/schema\/person\/4053c651a9bfc785afc6f4cbc9032fd3","name":"Maura Pereira","image":{"@type":"ImageObject","inLanguage":"pt-BR","@id":"https:\/\/www.correiobraziliense.com.br\/cbradar\/#\/schema\/person\/image\/","url":"https:\/\/secure.gravatar.com\/avatar\/3effd6bdadfa447f15089c7f7144eaa6?s=96&d=mm&r=g","contentUrl":"https:\/\/secure.gravatar.com\/avatar\/3effd6bdadfa447f15089c7f7144eaa6?s=96&d=mm&r=g","caption":"Maura Pereira"},"sameAs":["https:\/\/www.correiobraziliense.com.br\/"],"url":"https:\/\/www.correiobraziliense.com.br\/cbradar\/author\/mauramyth\/"}]}},"_links":{"self":[{"href":"https:\/\/www.correiobraziliense.com.br\/cbradar\/wp-json\/wp\/v2\/posts\/25284","targetHints":{"allow":["GET"]}}],"collection":[{"href":"https:\/\/www.correiobraziliense.com.br\/cbradar\/wp-json\/wp\/v2\/posts"}],"about":[{"href":"https:\/\/www.correiobraziliense.com.br\/cbradar\/wp-json\/wp\/v2\/types\/post"}],"author":[{"embeddable":true,"href":"https:\/\/www.correiobraziliense.com.br\/cbradar\/wp-json\/wp\/v2\/users\/8"}],"replies":[{"embeddable":true,"href":"https:\/\/www.correiobraziliense.com.br\/cbradar\/wp-json\/wp\/v2\/comments?post=25284"}],"version-history":[{"count":6,"href":"https:\/\/www.correiobraziliense.com.br\/cbradar\/wp-json\/wp\/v2\/posts\/25284\/revisions"}],"predecessor-version":[{"id":25323,"href":"https:\/\/www.correiobraziliense.com.br\/cbradar\/wp-json\/wp\/v2\/posts\/25284\/revisions\/25323"}],"wp:featuredmedia":[{"embeddable":true,"href":"https:\/\/www.correiobraziliense.com.br\/cbradar\/wp-json\/wp\/v2\/media\/25311"}],"wp:attachment":[{"href":"https:\/\/www.correiobraziliense.com.br\/cbradar\/wp-json\/wp\/v2\/media?parent=25284"}],"wp:term":[{"taxonomy":"category","embeddable":true,"href":"https:\/\/www.correiobraziliense.com.br\/cbradar\/wp-json\/wp\/v2\/categories?post=25284"},{"taxonomy":"post_tag","embeddable":true,"href":"https:\/\/www.correiobraziliense.com.br\/cbradar\/wp-json\/wp\/v2\/post_tag?post=25284"}],"curies":[{"name":"wp","href":"https:\/\/api.w.org\/{rel}","templated":true}]}}