{"id":25293,"date":"2025-04-19T20:30:00","date_gmt":"2025-04-19T23:30:00","guid":{"rendered":"https:\/\/www.correiobraziliense.com.br\/cbradar\/?p=25293"},"modified":"2025-04-18T19:57:50","modified_gmt":"2025-04-18T22:57:50","slug":"guia-pratico-para-plantar-rosas-em-casa-e-ter-um-belo-jardim","status":"publish","type":"post","link":"https:\/\/www.correiobraziliense.com.br\/cbradar\/guia-pratico-para-plantar-rosas-em-casa-e-ter-um-belo-jardim\/","title":{"rendered":"Guia pr\u00e1tico para plantar rosas em casa e ter um belo jardim"},"content":{"rendered":"\n<p>As rosas s\u00e3o conhecidas por sua beleza e fragr\u00e2ncia inigual\u00e1veis, tornando-se uma escolha popular para jardins e arranjos florais. Cultivar rosas pode parecer desafiador, mas com o conhecimento adequado, \u00e9 poss\u00edvel encher sua casa de cor e perfume. Este guia detalha o processo de cultivo de rosas, desde a escolha da variedade at\u00e9 os cuidados di\u00e1rios necess\u00e1rios.<\/p>\n\n\n\n<p>Antes de iniciar o cultivo, \u00e9 importante considerar o clima e o solo da sua regi\u00e3o, pois esses fatores influenciam diretamente no crescimento das rosas. As rosas preferem climas moderados e solos bem drenados, ricos em mat\u00e9ria org\u00e2nica. Com as condi\u00e7\u00f5es certas, suas rosas florescer\u00e3o de maneira exuberante.<\/p>\n\n\n\n<h2 class=\"wp-block-heading\"><strong>Quais s\u00e3o os primeiros passos para cultivar rosas?<\/strong><\/h2>\n\n\n\n<p>O primeiro passo para cultivar rosas \u00e9 escolher a variedade que melhor se adapta ao seu ambiente e gosto pessoal. Existem diversas variedades, como as rosas h\u00edbridas de ch\u00e1, floribundas e trepadeiras, cada uma com caracter\u00edsticas \u00fanicas. Ap\u00f3s a escolha, \u00e9 necess\u00e1rio preparar o solo, garantindo que ele esteja bem arejado e enriquecido com compostos org\u00e2nicos.<\/p>\n\n\n\n<figure class=\"wp-block-image size-large\"><img decoding=\"async\" width=\"1024\" height=\"576\" src=\"https:\/\/www.correiobraziliense.com.br\/cbradar\/wp-content\/uploads\/2025\/04\/Rosas_1744994613425-1024x576.jpg\" alt=\"&quot;Guia Pr\u00e1tico para Cultivar Rosas em Casa&quot;\n\n\" class=\"wp-image-25298\" srcset=\"https:\/\/www.correiobraziliense.com.br\/cbradar\/wp-content\/uploads\/2025\/04\/Rosas_1744994613425-1024x576.jpg 1024w, https:\/\/www.correiobraziliense.com.br\/cbradar\/wp-content\/uploads\/2025\/04\/Rosas_1744994613425-300x169.jpg 300w, https:\/\/www.correiobraziliense.com.br\/cbradar\/wp-content\/uploads\/2025\/04\/Rosas_1744994613425-768x432.jpg 768w, https:\/\/www.correiobraziliense.com.br\/cbradar\/wp-content\/uploads\/2025\/04\/Rosas_1744994613425-750x422.jpg 750w, https:\/\/www.correiobraziliense.com.br\/cbradar\/wp-content\/uploads\/2025\/04\/Rosas_1744994613425-1140x641.jpg 1140w, https:\/\/www.correiobraziliense.com.br\/cbradar\/wp-content\/uploads\/2025\/04\/Rosas_1744994613425.jpg 1280w\" sizes=\"(max-width: 1024px) 100vw, 1024px\" \/><figcaption class=\"wp-element-caption\">Rosas.Cr\u00e9ditos: depositphotos.com \/ IgorVetushko<\/figcaption><\/figure>\n\n\n\n<p>O plantio deve ser feito em um local que receba pelo menos seis horas de sol por dia. Ao plantar, \u00e9 importante deixar espa\u00e7o suficiente entre as mudas para permitir uma boa circula\u00e7\u00e3o de ar, o que ajuda a prevenir doen\u00e7as. Regar adequadamente e aplicar uma camada de cobertura morta ao redor das plantas s\u00e3o pr\u00e1ticas essenciais para manter a umidade do solo e controlar ervas daninhas.<\/p>\n\n\n\n<h2 class=\"wp-block-heading\"><strong>Como cuidar das rosas ap\u00f3s o plantio?<\/strong><\/h2>\n\n\n\n<p>Ap\u00f3s o plantio, as rosas requerem cuidados regulares para garantir um crescimento saud\u00e1vel. A irriga\u00e7\u00e3o deve ser feita de forma consistente, evitando molhar as folhas para prevenir o surgimento de fungos. A poda \u00e9 outra pr\u00e1tica crucial, realizada para remover galhos mortos ou doentes e estimular a flora\u00e7\u00e3o.<\/p>\n\n\n\n<p>Adubar as rosas periodicamente com fertilizantes espec\u00edficos para rosas ajuda a fornecer os nutrientes necess\u00e1rios para o desenvolvimento das plantas. Al\u00e9m disso, \u00e9 importante monitorar as rosas quanto a pragas e doen\u00e7as, aplicando tratamentos adequados quando necess\u00e1rio.<\/p>\n\n\n\n<h2 class=\"wp-block-heading\"><strong>Quais s\u00e3o os benef\u00edcios de cultivar rosas em casa?<\/strong><\/h2>\n\n\n\n<p>Cultivar rosas em casa oferece uma s\u00e9rie de benef\u00edcios al\u00e9m da beleza est\u00e9tica. As rosas podem melhorar a qualidade do ar, atuando como purificadores naturais. Al\u00e9m disso, o cultivo de rosas pode ser uma atividade terap\u00eautica, proporcionando relaxamento e satisfa\u00e7\u00e3o pessoal.<\/p>\n\n\n\n<p>Ter rosas no jardim tamb\u00e9m pode atrair polinizadores, como abelhas e borboletas, contribuindo para a biodiversidade local. Com dedica\u00e7\u00e3o e cuidado, \u00e9 poss\u00edvel desfrutar de um jardim florido e perfumado durante todo o ano.<\/p>\n\n\n\n<p>Em resumo, cultivar rosas \u00e9 uma atividade gratificante que requer planejamento e aten\u00e7\u00e3o aos detalhes. Com as dicas e orienta\u00e7\u00f5es adequadas, qualquer pessoa pode transformar seu espa\u00e7o em um jardim de rosas vibrante e perfumado.<\/p>\n","protected":false},"excerpt":{"rendered":"<p>Descubra o encanto de cultivar rosas em seu pr\u00f3prio jardim. Um guia completo para ajud\u00e1-lo a escolher a variedade certa.<\/p>\n","protected":false},"author":3,"featured_media":25305,"comment_status":"open","ping_status":"open","sticky":false,"template":"","format":"standard","meta":{"_yoast_wpseo_focuskw":"Como Cultivar Rosas","_yoast_wpseo_title":"%%title%%","_yoast_wpseo_metadesc":"Descubra o encanto de cultivar rosas em seu pr\u00f3prio jardim. Um guia completo para ajud\u00e1-lo a escolher a variedade certa.","jnews-multi-image_gallery":[],"jnews_single_post":{"format":"standard"},"jnews_primary_category":[],"jnews_social_meta":[],"jnews_override_counter":[],"footnotes":""},"categories":[136],"post_tag":[137,1181],"class_list":["post-25293","post","type-post","status-publish","format-standard","has-post-thumbnail","hentry","category-jardinagem","tag-como-plantar","tag-rosas"],"yoast_head":"<!-- This site is optimized with the Yoast SEO plugin v24.6 - https:\/\/yoast.com\/wordpress\/plugins\/seo\/ -->\n<title>Guia pr\u00e1tico para plantar rosas em casa e ter um belo jardim<\/title>\n<meta name=\"description\" content=\"Descubra o encanto de cultivar rosas em seu pr\u00f3prio jardim. Um guia completo para ajud\u00e1-lo a escolher a variedade certa.\" \/>\n<meta name=\"robots\" content=\"index, follow, max-snippet:-1, max-image-preview:large, max-video-preview:-1\" \/>\n<link rel=\"canonical\" href=\"https:\/\/www.correiobraziliense.com.br\/cbradar\/guia-pratico-para-plantar-rosas-em-casa-e-ter-um-belo-jardim\/\" \/>\n<meta property=\"og:locale\" content=\"pt_BR\" \/>\n<meta property=\"og:type\" content=\"article\" \/>\n<meta property=\"og:title\" content=\"Guia pr\u00e1tico para plantar rosas em casa e ter um belo jardim\" \/>\n<meta property=\"og:description\" content=\"Descubra o encanto de cultivar rosas em seu pr\u00f3prio jardim. Um guia completo para ajud\u00e1-lo a escolher a variedade certa.\" \/>\n<meta property=\"og:url\" content=\"https:\/\/www.correiobraziliense.com.br\/cbradar\/guia-pratico-para-plantar-rosas-em-casa-e-ter-um-belo-jardim\/\" \/>\n<meta property=\"og:site_name\" content=\"Correio Braziliense - Radar\" \/>\n<meta property=\"article:published_time\" content=\"2025-04-19T23:30:00+00:00\" \/>\n<meta property=\"og:image\" content=\"https:\/\/www.correiobraziliense.com.br\/cbradar\/wp-content\/uploads\/2025\/04\/Rosas_1744994827008.jpg\" \/>\n\t<meta property=\"og:image:width\" content=\"1280\" \/>\n\t<meta property=\"og:image:height\" content=\"720\" \/>\n\t<meta property=\"og:image:type\" content=\"image\/jpeg\" \/>\n<meta name=\"author\" content=\"Larissa Carvalho\" \/>\n<meta name=\"twitter:card\" content=\"summary_large_image\" \/>\n<meta name=\"twitter:label1\" content=\"Escrito por\" \/>\n\t<meta name=\"twitter:data1\" content=\"Larissa Carvalho\" \/>\n\t<meta name=\"twitter:label2\" content=\"Est. tempo de leitura\" \/>\n\t<meta name=\"twitter:data2\" content=\"3 minutos\" \/>\n<!-- \/ Yoast SEO plugin. -->","yoast_head_json":{"title":"Guia pr\u00e1tico para plantar rosas em casa e ter um belo jardim","description":"Descubra o encanto de cultivar rosas em seu pr\u00f3prio jardim. Um guia completo para ajud\u00e1-lo a escolher a variedade certa.","robots":{"index":"index","follow":"follow","max-snippet":"max-snippet:-1","max-image-preview":"max-image-preview:large","max-video-preview":"max-video-preview:-1"},"canonical":"https:\/\/www.correiobraziliense.com.br\/cbradar\/guia-pratico-para-plantar-rosas-em-casa-e-ter-um-belo-jardim\/","og_locale":"pt_BR","og_type":"article","og_title":"Guia pr\u00e1tico para plantar rosas em casa e ter um belo jardim","og_description":"Descubra o encanto de cultivar rosas em seu pr\u00f3prio jardim. Um guia completo para ajud\u00e1-lo a escolher a variedade certa.","og_url":"https:\/\/www.correiobraziliense.com.br\/cbradar\/guia-pratico-para-plantar-rosas-em-casa-e-ter-um-belo-jardim\/","og_site_name":"Correio Braziliense - Radar","article_published_time":"2025-04-19T23:30:00+00:00","og_image":[{"width":1280,"height":720,"url":"https:\/\/www.correiobraziliense.com.br\/cbradar\/wp-content\/uploads\/2025\/04\/Rosas_1744994827008.jpg","type":"image\/jpeg"}],"author":"Larissa Carvalho","twitter_card":"summary_large_image","twitter_misc":{"Escrito por":"Larissa Carvalho","Est. tempo de leitura":"3 minutos"},"schema":{"@context":"https:\/\/schema.org","@graph":[{"@type":"WebPage","@id":"https:\/\/www.correiobraziliense.com.br\/cbradar\/guia-pratico-para-plantar-rosas-em-casa-e-ter-um-belo-jardim\/","url":"https:\/\/www.correiobraziliense.com.br\/cbradar\/guia-pratico-para-plantar-rosas-em-casa-e-ter-um-belo-jardim\/","name":"Guia pr\u00e1tico para plantar rosas em casa e ter um belo jardim","isPartOf":{"@id":"https:\/\/www.correiobraziliense.com.br\/cbradar\/#website"},"primaryImageOfPage":{"@id":"https:\/\/www.correiobraziliense.com.br\/cbradar\/guia-pratico-para-plantar-rosas-em-casa-e-ter-um-belo-jardim\/#primaryimage"},"image":{"@id":"https:\/\/www.correiobraziliense.com.br\/cbradar\/guia-pratico-para-plantar-rosas-em-casa-e-ter-um-belo-jardim\/#primaryimage"},"thumbnailUrl":"https:\/\/www.correiobraziliense.com.br\/cbradar\/wp-content\/uploads\/2025\/04\/Rosas_1744994827008.jpg","datePublished":"2025-04-19T23:30:00+00:00","author":{"@id":"https:\/\/www.correiobraziliense.com.br\/cbradar\/#\/schema\/person\/58422787644df994b53a19d3e56c1513"},"description":"Descubra o encanto de cultivar rosas em seu pr\u00f3prio jardim. Um guia completo para ajud\u00e1-lo a escolher a variedade certa.","breadcrumb":{"@id":"https:\/\/www.correiobraziliense.com.br\/cbradar\/guia-pratico-para-plantar-rosas-em-casa-e-ter-um-belo-jardim\/#breadcrumb"},"inLanguage":"pt-BR","potentialAction":[{"@type":"ReadAction","target":["https:\/\/www.correiobraziliense.com.br\/cbradar\/guia-pratico-para-plantar-rosas-em-casa-e-ter-um-belo-jardim\/"]}]},{"@type":"ImageObject","inLanguage":"pt-BR","@id":"https:\/\/www.correiobraziliense.com.br\/cbradar\/guia-pratico-para-plantar-rosas-em-casa-e-ter-um-belo-jardim\/#primaryimage","url":"https:\/\/www.correiobraziliense.com.br\/cbradar\/wp-content\/uploads\/2025\/04\/Rosas_1744994827008.jpg","contentUrl":"https:\/\/www.correiobraziliense.com.br\/cbradar\/wp-content\/uploads\/2025\/04\/Rosas_1744994827008.jpg","width":1280,"height":720,"caption":"Rosas.Cr\u00e9ditos: depositphotos.com \/ Nik_Merkulov"},{"@type":"BreadcrumbList","@id":"https:\/\/www.correiobraziliense.com.br\/cbradar\/guia-pratico-para-plantar-rosas-em-casa-e-ter-um-belo-jardim\/#breadcrumb","itemListElement":[{"@type":"ListItem","position":1,"name":"In\u00edcio","item":"https:\/\/www.correiobraziliense.com.br\/cbradar\/"},{"@type":"ListItem","position":2,"name":"Guia pr\u00e1tico para plantar rosas em casa e ter um belo jardim"}]},{"@type":"WebSite","@id":"https:\/\/www.correiobraziliense.com.br\/cbradar\/#website","url":"https:\/\/www.correiobraziliense.com.br\/cbradar\/","name":"Correio Braziliense - Radar","description":"Acompanhe as \u00faltimas not\u00edcias e fique bem informado sobre tudo o que acontece no Brasil e no mundo.","potentialAction":[{"@type":"SearchAction","target":{"@type":"EntryPoint","urlTemplate":"https:\/\/www.correiobraziliense.com.br\/cbradar\/?s={search_term_string}"},"query-input":{"@type":"PropertyValueSpecification","valueRequired":true,"valueName":"search_term_string"}}],"inLanguage":"pt-BR"},{"@type":"Person","@id":"https:\/\/www.correiobraziliense.com.br\/cbradar\/#\/schema\/person\/58422787644df994b53a19d3e56c1513","name":"Larissa Carvalho","image":{"@type":"ImageObject","inLanguage":"pt-BR","@id":"https:\/\/www.correiobraziliense.com.br\/cbradar\/#\/schema\/person\/image\/","url":"https:\/\/secure.gravatar.com\/avatar\/fe4f91a0de32b52a838d0d612abdc1aa?s=96&d=mm&r=g","contentUrl":"https:\/\/secure.gravatar.com\/avatar\/fe4f91a0de32b52a838d0d612abdc1aa?s=96&d=mm&r=g","caption":"Larissa Carvalho"},"url":"https:\/\/www.correiobraziliense.com.br\/cbradar\/author\/larissamyth\/"}]}},"_links":{"self":[{"href":"https:\/\/www.correiobraziliense.com.br\/cbradar\/wp-json\/wp\/v2\/posts\/25293","targetHints":{"allow":["GET"]}}],"collection":[{"href":"https:\/\/www.correiobraziliense.com.br\/cbradar\/wp-json\/wp\/v2\/posts"}],"about":[{"href":"https:\/\/www.correiobraziliense.com.br\/cbradar\/wp-json\/wp\/v2\/types\/post"}],"author":[{"embeddable":true,"href":"https:\/\/www.correiobraziliense.com.br\/cbradar\/wp-json\/wp\/v2\/users\/3"}],"replies":[{"embeddable":true,"href":"https:\/\/www.correiobraziliense.com.br\/cbradar\/wp-json\/wp\/v2\/comments?post=25293"}],"version-history":[{"count":2,"href":"https:\/\/www.correiobraziliense.com.br\/cbradar\/wp-json\/wp\/v2\/posts\/25293\/revisions"}],"predecessor-version":[{"id":25591,"href":"https:\/\/www.correiobraziliense.com.br\/cbradar\/wp-json\/wp\/v2\/posts\/25293\/revisions\/25591"}],"wp:featuredmedia":[{"embeddable":true,"href":"https:\/\/www.correiobraziliense.com.br\/cbradar\/wp-json\/wp\/v2\/media\/25305"}],"wp:attachment":[{"href":"https:\/\/www.correiobraziliense.com.br\/cbradar\/wp-json\/wp\/v2\/media?parent=25293"}],"wp:term":[{"taxonomy":"category","embeddable":true,"href":"https:\/\/www.correiobraziliense.com.br\/cbradar\/wp-json\/wp\/v2\/categories?post=25293"},{"taxonomy":"post_tag","embeddable":true,"href":"https:\/\/www.correiobraziliense.com.br\/cbradar\/wp-json\/wp\/v2\/post_tag?post=25293"}],"curies":[{"name":"wp","href":"https:\/\/api.w.org\/{rel}","templated":true}]}}