{"id":25403,"date":"2025-04-21T08:50:00","date_gmt":"2025-04-21T11:50:00","guid":{"rendered":"https:\/\/www.correiobraziliense.com.br\/cbradar\/?p=25403"},"modified":"2025-04-18T16:27:50","modified_gmt":"2025-04-18T19:27:50","slug":"conta-de-luz-esta-vindo-cara-veja-5-formas-para-economizar","status":"publish","type":"post","link":"https:\/\/www.correiobraziliense.com.br\/cbradar\/conta-de-luz-esta-vindo-cara-veja-5-formas-para-economizar\/","title":{"rendered":"Conta de luz est\u00e1 vindo cara? Veja 5 formas para economizar"},"content":{"rendered":"\n<p>A <strong>conta de luz<\/strong> \u00e9 uma das principais despesas das fam\u00edlias brasileiras. Mesmo em per\u00edodos de <strong><a href=\"https:\/\/www.gov.br\/aneel\/pt-br\/assuntos\/noticias\/2024\/aneel-aciona-bandeira-verde-para-o-mes-de-agosto\" target=\"_blank\" rel=\"noreferrer noopener\">Bandeira Verde<\/a><\/strong>, onde n\u00e3o h\u00e1 cobran\u00e7as adicionais, economizar <strong>energia<\/strong> continua sendo uma prioridade para equilibrar o or\u00e7amento dom\u00e9stico. Pequenas mudan\u00e7as nos h\u00e1bitos di\u00e1rios podem gerar um impacto positivo nas finan\u00e7as, sem exigir grandes sacrif\u00edcios.<\/p>\n\n\n\n<p>Este artigo apresenta dicas pr\u00e1ticas para usar a <strong><a href=\"https:\/\/www.correiobraziliense.com.br\/cbradar\/conheca-a-cidade-onde-as-calcadas-brilham-no-escuro-sem-energia\/\" target=\"_blank\" rel=\"noreferrer noopener\">energia el\u00e9trica<\/a><\/strong> de maneira mais consciente, visando diminuir o valor da fatura mensal. A seguir, s\u00e3o discutidas estrat\u00e9gias que podem ser facilmente implementadas no dia a dia.<\/p>\n\n\n\n<h2 class=\"wp-block-heading\">Quais h\u00e1bitos ajudam a economizar energia el\u00e9trica?<\/h2>\n\n\n\n<p>Alterar alguns h\u00e1bitos pode reduzir significativamente o consumo de <strong>energia<\/strong>. A seguir, s\u00e3o apresentadas cinco dicas que podem ser aplicadas facilmente para ajudar nessa tarefa:<\/p>\n\n\n\n<ul class=\"wp-block-list\">\n<li>Utilize <strong>eletrodom\u00e9sticos<\/strong> de forma consciente<\/li>\n\n\n\n<li>Priorize a ilumina\u00e7\u00e3o e ventila\u00e7\u00e3o natural<\/li>\n\n\n\n<li>Evite usar <strong>micro-ondas<\/strong>, <strong>air fryer<\/strong> ou <strong>forno el\u00e9trico<\/strong> para descongelar alimentos<\/li>\n\n\n\n<li>Desligue os aparelhos sem uso da tomada<\/li>\n\n\n\n<li>Opte por comprar <strong>eletrodom\u00e9sticos<\/strong> eficientes<\/li>\n<\/ul>\n\n\n<div class=\"wp-block-image\">\n<figure class=\"aligncenter size-large\"><img decoding=\"async\" width=\"1024\" height=\"576\" src=\"https:\/\/www.correiobraziliense.com.br\/cbradar\/wp-content\/uploads\/2025\/04\/Conta-de-luz_1745000576356-1024x576.jpg\" alt=\"Conta de luz est\u00e1 vindo cara? Veja 5 formas para economizar\" class=\"wp-image-25468\" srcset=\"https:\/\/www.correiobraziliense.com.br\/cbradar\/wp-content\/uploads\/2025\/04\/Conta-de-luz_1745000576356-1024x576.jpg 1024w, https:\/\/www.correiobraziliense.com.br\/cbradar\/wp-content\/uploads\/2025\/04\/Conta-de-luz_1745000576356-300x169.jpg 300w, https:\/\/www.correiobraziliense.com.br\/cbradar\/wp-content\/uploads\/2025\/04\/Conta-de-luz_1745000576356-768x432.jpg 768w, https:\/\/www.correiobraziliense.com.br\/cbradar\/wp-content\/uploads\/2025\/04\/Conta-de-luz_1745000576356-750x422.jpg 750w, https:\/\/www.correiobraziliense.com.br\/cbradar\/wp-content\/uploads\/2025\/04\/Conta-de-luz_1745000576356-1140x641.jpg 1140w, https:\/\/www.correiobraziliense.com.br\/cbradar\/wp-content\/uploads\/2025\/04\/Conta-de-luz_1745000576356.jpg 1280w\" sizes=\"(max-width: 1024px) 100vw, 1024px\" \/><figcaption class=\"wp-element-caption\">Cr\u00e9ditos: depositphotos.com \/ HayDmitriy<\/figcaption><\/figure><\/div>\n\n\n<h2 class=\"wp-block-heading\">1. Como utilizar eletrodom\u00e9sticos de forma consciente?<\/h2>\n\n\n\n<p>Alguns <strong>eletrodom\u00e9sticos<\/strong> s\u00e3o grandes consumidores de <strong>energia el\u00e9trica<\/strong>. <strong>Geladeiras<\/strong>, <strong>ferros de passar<\/strong>, <strong>m\u00e1quinas de lavar<\/strong> e <strong>secar roupa<\/strong>, e <strong>chuveiros el\u00e9tricos<\/strong> podem representar uma parte significativa da conta de luz. Utilizar esses aparelhos de forma inteligente pode resultar em economia.<\/p>\n\n\n\n<p>A <strong>geladeira<\/strong>, por exemplo, deve ser usada de maneira eficiente, mantendo a temperatura interna entre <strong>2\u00b0C<\/strong> e <strong>5\u00b0C<\/strong> e evitando abrir a porta com frequ\u00eancia. J\u00e1 a <strong>m\u00e1quina de lavar<\/strong> deve ser utilizada com a carga m\u00e1xima recomendada, e a <strong>secadora de roupas<\/strong> deve ser evitada em dias quentes e \u00famidos.<\/p>\n\n\n\n<h2 class=\"wp-block-heading\">2. Por que priorizar a ilumina\u00e7\u00e3o e ventila\u00e7\u00e3o natural?<\/h2>\n\n\n\n<p>Aproveitar a luz natural pode reduzir consideravelmente o uso de <strong>energia el\u00e9trica<\/strong>. Em dias claros, deixar cortinas e persianas abertas permite que a luz do sol ilumine a casa, dispensando o uso de l\u00e2mpadas durante o dia. Al\u00e9m disso, a ventila\u00e7\u00e3o natural ajuda a diminuir a necessidade de ventiladores e <strong>ar-condicionado<\/strong>.<\/p>\n\n\n\n<p>Manter portas e janelas abertas para permitir a circula\u00e7\u00e3o do ar pode reduzir o consumo de eletricidade. Evitar m\u00f3veis pr\u00f3ximos \u00e0s janelas tamb\u00e9m facilita a entrada de brisa externa, ajudando a manter a casa fresca.<\/p>\n\n\n\n<h2 class=\"wp-block-heading\">3. Como evitar o consumo desnecess\u00e1rio de energia ao descongelar alimentos?<\/h2>\n\n\n\n<p>Embora pr\u00e1ticos, o <strong>micro-ondas<\/strong>, a <strong>air fryer<\/strong> e o <strong>forno el\u00e9trico<\/strong> podem aumentar o consumo de <strong>energia<\/strong> ao serem usados para descongelar alimentos. Retirar o alimento com anteced\u00eancia e deix\u00e1-lo descongelar na geladeira \u00e9 uma alternativa eficiente.<\/p>\n\n\n\n<p>Outra op\u00e7\u00e3o \u00e9 usar <strong>\u00e1gua fria<\/strong> para acelerar o processo. Colocar o alimento em um saco pl\u00e1stico vedado e deix\u00e1-lo em uma tigela com <strong>\u00e1gua<\/strong> em temperatura ambiente pode ser eficaz. Alguns alimentos, como <strong>legumes<\/strong> e <strong>carnes<\/strong>, podem ser cozidos diretamente, sem necessidade de descongelamento pr\u00e9vio.<\/p>\n\n\n\n<h2 class=\"wp-block-heading\">4. Qual a import\u00e2ncia de desligar aparelhos sem uso da tomada?<\/h2>\n\n\n\n<p>Aparelhos em stand-by consomem <strong>energia el\u00e9trica<\/strong> mesmo quando n\u00e3o est\u00e3o em uso. Este consumo, conhecido como &#8220;consumo fantasma&#8221;, pode ser evitado ao desligar os equipamentos diretamente da tomada quando n\u00e3o est\u00e3o sendo utilizados.<\/p>\n\n\n\n<p>Adotar este h\u00e1bito pode resultar em uma economia de <strong>energia<\/strong> de at\u00e9 <strong>15%<\/strong> por m\u00eas, contribuindo significativamente para a redu\u00e7\u00e3o da conta de luz.<\/p>\n\n\n\n<h2 class=\"wp-block-heading\">5. Por que escolher eletrodom\u00e9sticos eficientes?<\/h2>\n\n\n\n<p>Ao adquirir novos <strong>eletrodom\u00e9sticos<\/strong>, optar por modelos eficientes em termos de consumo de <strong>energia<\/strong> \u00e9 crucial. Aparelhos com o <strong>Selo Procel<\/strong> de <strong>Economia de Energia<\/strong> ou com a etiqueta <strong>A do Inmetro<\/strong> s\u00e3o os mais econ\u00f4micos dispon\u00edveis no mercado.<\/p>\n\n\n\n<p>Embora possam ter um custo inicial mais alto, a economia de <strong>energia<\/strong> ao longo do tempo geralmente compensa o investimento. Tecnologias como a fun\u00e7\u00e3o <strong>inverter<\/strong> em <strong>ar-condicionados<\/strong> e <strong>geladeiras<\/strong> ajustam automaticamente o uso de <strong>energia<\/strong> conforme a necessidade, enquanto <strong>lavadoras de roupas<\/strong> e <strong>lava-lou\u00e7as<\/strong> com modo <strong>Eco<\/strong> ajudam a reduzir o consumo.<\/p>\n","protected":false},"excerpt":{"rendered":"<p>A conta de luz \u00e9 uma das principais despesas das fam\u00edlias brasileiras. Mesmo em per\u00edodos de Bandeira Verde, onde n\u00e3o h\u00e1 cobran\u00e7as adicionais, economizar energia continua sendo uma prioridade para equilibrar o or\u00e7amento dom\u00e9stico. Pequenas mudan\u00e7as nos h\u00e1bitos di\u00e1rios podem gerar um impacto positivo nas finan\u00e7as, sem exigir grandes sacrif\u00edcios. Este artigo apresenta dicas pr\u00e1ticas [&hellip;]<\/p>\n","protected":false},"author":8,"featured_media":25473,"comment_status":"open","ping_status":"open","sticky":false,"template":"","format":"standard","meta":{"_yoast_wpseo_focuskw":"conta","_yoast_wpseo_title":"","_yoast_wpseo_metadesc":"Descubra neste artigo informativo a como economizar na conta de luz com 6 dicas pr\u00e1ticas e comece a reduzir seus gastos agora.","jnews-multi-image_gallery":[],"jnews_single_post":{"format":"standard"},"jnews_primary_category":[],"jnews_social_meta":[],"jnews_override_counter":[],"footnotes":""},"categories":[112],"tags":[887,1277,2384],"class_list":["post-25403","post","type-post","status-publish","format-standard","has-post-thumbnail","hentry","category-curiosidades","tag-casa","tag-conta-de-luz","tag-energia-eletrica"],"yoast_head":"<!-- This site is optimized with the Yoast SEO plugin v24.6 - https:\/\/yoast.com\/wordpress\/plugins\/seo\/ -->\n<title>Conta de luz est\u00e1 vindo cara? Veja 5 formas para economizar - Correio Braziliense - Radar<\/title>\n<meta name=\"description\" content=\"Descubra neste artigo informativo a como economizar na conta de luz com 6 dicas pr\u00e1ticas e comece a reduzir seus gastos agora.\" \/>\n<meta name=\"robots\" content=\"index, follow, max-snippet:-1, max-image-preview:large, max-video-preview:-1\" \/>\n<link rel=\"canonical\" href=\"https:\/\/www.correiobraziliense.com.br\/cbradar\/conta-de-luz-esta-vindo-cara-veja-5-formas-para-economizar\/\" \/>\n<meta property=\"og:locale\" content=\"pt_BR\" \/>\n<meta property=\"og:type\" content=\"article\" \/>\n<meta property=\"og:title\" content=\"Conta de luz est\u00e1 vindo cara? Veja 5 formas para economizar - Correio Braziliense - Radar\" \/>\n<meta property=\"og:description\" content=\"Descubra neste artigo informativo a como economizar na conta de luz com 6 dicas pr\u00e1ticas e comece a reduzir seus gastos agora.\" \/>\n<meta property=\"og:url\" content=\"https:\/\/www.correiobraziliense.com.br\/cbradar\/conta-de-luz-esta-vindo-cara-veja-5-formas-para-economizar\/\" \/>\n<meta property=\"og:site_name\" content=\"Correio Braziliense - Radar\" \/>\n<meta property=\"article:published_time\" content=\"2025-04-21T11:50:00+00:00\" \/>\n<meta property=\"og:image\" content=\"https:\/\/www.correiobraziliense.com.br\/cbradar\/wp-content\/uploads\/2025\/04\/Conta-de-luz_1745000739539.jpg\" \/>\n\t<meta property=\"og:image:width\" content=\"1280\" \/>\n\t<meta property=\"og:image:height\" content=\"720\" \/>\n\t<meta property=\"og:image:type\" content=\"image\/jpeg\" \/>\n<meta name=\"author\" content=\"Maura Pereira\" \/>\n<meta name=\"twitter:card\" content=\"summary_large_image\" \/>\n<meta name=\"twitter:label1\" content=\"Escrito por\" \/>\n\t<meta name=\"twitter:data1\" content=\"Maura Pereira\" \/>\n\t<meta name=\"twitter:label2\" content=\"Est. tempo de leitura\" \/>\n\t<meta name=\"twitter:data2\" content=\"4 minutos\" \/>\n<!-- \/ Yoast SEO plugin. -->","yoast_head_json":{"title":"Conta de luz est\u00e1 vindo cara? Veja 5 formas para economizar - Correio Braziliense - Radar","description":"Descubra neste artigo informativo a como economizar na conta de luz com 6 dicas pr\u00e1ticas e comece a reduzir seus gastos agora.","robots":{"index":"index","follow":"follow","max-snippet":"max-snippet:-1","max-image-preview":"max-image-preview:large","max-video-preview":"max-video-preview:-1"},"canonical":"https:\/\/www.correiobraziliense.com.br\/cbradar\/conta-de-luz-esta-vindo-cara-veja-5-formas-para-economizar\/","og_locale":"pt_BR","og_type":"article","og_title":"Conta de luz est\u00e1 vindo cara? Veja 5 formas para economizar - Correio Braziliense - Radar","og_description":"Descubra neste artigo informativo a como economizar na conta de luz com 6 dicas pr\u00e1ticas e comece a reduzir seus gastos agora.","og_url":"https:\/\/www.correiobraziliense.com.br\/cbradar\/conta-de-luz-esta-vindo-cara-veja-5-formas-para-economizar\/","og_site_name":"Correio Braziliense - Radar","article_published_time":"2025-04-21T11:50:00+00:00","og_image":[{"width":1280,"height":720,"url":"https:\/\/www.correiobraziliense.com.br\/cbradar\/wp-content\/uploads\/2025\/04\/Conta-de-luz_1745000739539.jpg","type":"image\/jpeg"}],"author":"Maura Pereira","twitter_card":"summary_large_image","twitter_misc":{"Escrito por":"Maura Pereira","Est. tempo de leitura":"4 minutos"},"schema":{"@context":"https:\/\/schema.org","@graph":[{"@type":"WebPage","@id":"https:\/\/www.correiobraziliense.com.br\/cbradar\/conta-de-luz-esta-vindo-cara-veja-5-formas-para-economizar\/","url":"https:\/\/www.correiobraziliense.com.br\/cbradar\/conta-de-luz-esta-vindo-cara-veja-5-formas-para-economizar\/","name":"Conta de luz est\u00e1 vindo cara? Veja 5 formas para economizar - Correio Braziliense - Radar","isPartOf":{"@id":"https:\/\/www.correiobraziliense.com.br\/cbradar\/#website"},"primaryImageOfPage":{"@id":"https:\/\/www.correiobraziliense.com.br\/cbradar\/conta-de-luz-esta-vindo-cara-veja-5-formas-para-economizar\/#primaryimage"},"image":{"@id":"https:\/\/www.correiobraziliense.com.br\/cbradar\/conta-de-luz-esta-vindo-cara-veja-5-formas-para-economizar\/#primaryimage"},"thumbnailUrl":"https:\/\/www.correiobraziliense.com.br\/cbradar\/wp-content\/uploads\/2025\/04\/Conta-de-luz_1745000739539.jpg","datePublished":"2025-04-21T11:50:00+00:00","author":{"@id":"https:\/\/www.correiobraziliense.com.br\/cbradar\/#\/schema\/person\/4053c651a9bfc785afc6f4cbc9032fd3"},"description":"Descubra neste artigo informativo a como economizar na conta de luz com 6 dicas pr\u00e1ticas e comece a reduzir seus gastos agora.","breadcrumb":{"@id":"https:\/\/www.correiobraziliense.com.br\/cbradar\/conta-de-luz-esta-vindo-cara-veja-5-formas-para-economizar\/#breadcrumb"},"inLanguage":"pt-BR","potentialAction":[{"@type":"ReadAction","target":["https:\/\/www.correiobraziliense.com.br\/cbradar\/conta-de-luz-esta-vindo-cara-veja-5-formas-para-economizar\/"]}]},{"@type":"ImageObject","inLanguage":"pt-BR","@id":"https:\/\/www.correiobraziliense.com.br\/cbradar\/conta-de-luz-esta-vindo-cara-veja-5-formas-para-economizar\/#primaryimage","url":"https:\/\/www.correiobraziliense.com.br\/cbradar\/wp-content\/uploads\/2025\/04\/Conta-de-luz_1745000739539.jpg","contentUrl":"https:\/\/www.correiobraziliense.com.br\/cbradar\/wp-content\/uploads\/2025\/04\/Conta-de-luz_1745000739539.jpg","width":1280,"height":720,"caption":"Cr\u00e9ditos: depositphotos.com \/ djv"},{"@type":"BreadcrumbList","@id":"https:\/\/www.correiobraziliense.com.br\/cbradar\/conta-de-luz-esta-vindo-cara-veja-5-formas-para-economizar\/#breadcrumb","itemListElement":[{"@type":"ListItem","position":1,"name":"In\u00edcio","item":"https:\/\/www.correiobraziliense.com.br\/cbradar\/"},{"@type":"ListItem","position":2,"name":"Conta de luz est\u00e1 vindo cara? Veja 5 formas para economizar"}]},{"@type":"WebSite","@id":"https:\/\/www.correiobraziliense.com.br\/cbradar\/#website","url":"https:\/\/www.correiobraziliense.com.br\/cbradar\/","name":"Correio Braziliense - Radar","description":"Acompanhe as \u00faltimas not\u00edcias e fique bem informado sobre tudo o que acontece no Brasil e no mundo.","potentialAction":[{"@type":"SearchAction","target":{"@type":"EntryPoint","urlTemplate":"https:\/\/www.correiobraziliense.com.br\/cbradar\/?s={search_term_string}"},"query-input":{"@type":"PropertyValueSpecification","valueRequired":true,"valueName":"search_term_string"}}],"inLanguage":"pt-BR"},{"@type":"Person","@id":"https:\/\/www.correiobraziliense.com.br\/cbradar\/#\/schema\/person\/4053c651a9bfc785afc6f4cbc9032fd3","name":"Maura Pereira","image":{"@type":"ImageObject","inLanguage":"pt-BR","@id":"https:\/\/www.correiobraziliense.com.br\/cbradar\/#\/schema\/person\/image\/","url":"https:\/\/secure.gravatar.com\/avatar\/3effd6bdadfa447f15089c7f7144eaa6?s=96&d=mm&r=g","contentUrl":"https:\/\/secure.gravatar.com\/avatar\/3effd6bdadfa447f15089c7f7144eaa6?s=96&d=mm&r=g","caption":"Maura Pereira"},"sameAs":["https:\/\/www.correiobraziliense.com.br\/"],"url":"https:\/\/www.correiobraziliense.com.br\/cbradar\/author\/mauramyth\/"}]}},"_links":{"self":[{"href":"https:\/\/www.correiobraziliense.com.br\/cbradar\/wp-json\/wp\/v2\/posts\/25403","targetHints":{"allow":["GET"]}}],"collection":[{"href":"https:\/\/www.correiobraziliense.com.br\/cbradar\/wp-json\/wp\/v2\/posts"}],"about":[{"href":"https:\/\/www.correiobraziliense.com.br\/cbradar\/wp-json\/wp\/v2\/types\/post"}],"author":[{"embeddable":true,"href":"https:\/\/www.correiobraziliense.com.br\/cbradar\/wp-json\/wp\/v2\/users\/8"}],"replies":[{"embeddable":true,"href":"https:\/\/www.correiobraziliense.com.br\/cbradar\/wp-json\/wp\/v2\/comments?post=25403"}],"version-history":[{"count":8,"href":"https:\/\/www.correiobraziliense.com.br\/cbradar\/wp-json\/wp\/v2\/posts\/25403\/revisions"}],"predecessor-version":[{"id":25472,"href":"https:\/\/www.correiobraziliense.com.br\/cbradar\/wp-json\/wp\/v2\/posts\/25403\/revisions\/25472"}],"wp:featuredmedia":[{"embeddable":true,"href":"https:\/\/www.correiobraziliense.com.br\/cbradar\/wp-json\/wp\/v2\/media\/25473"}],"wp:attachment":[{"href":"https:\/\/www.correiobraziliense.com.br\/cbradar\/wp-json\/wp\/v2\/media?parent=25403"}],"wp:term":[{"taxonomy":"category","embeddable":true,"href":"https:\/\/www.correiobraziliense.com.br\/cbradar\/wp-json\/wp\/v2\/categories?post=25403"},{"taxonomy":"post_tag","embeddable":true,"href":"https:\/\/www.correiobraziliense.com.br\/cbradar\/wp-json\/wp\/v2\/tags?post=25403"}],"curies":[{"name":"wp","href":"https:\/\/api.w.org\/{rel}","templated":true}]}}