{"id":25594,"date":"2025-04-19T06:30:00","date_gmt":"2025-04-19T09:30:00","guid":{"rendered":"https:\/\/www.correiobraziliense.com.br\/cbradar\/?p=25594"},"modified":"2025-04-19T02:40:39","modified_gmt":"2025-04-19T05:40:39","slug":"veja-as-melhores-opcoes-de-maquina-lava-e-seca-em-2025","status":"publish","type":"post","link":"https:\/\/www.correiobraziliense.com.br\/cbradar\/veja-as-melhores-opcoes-de-maquina-lava-e-seca-em-2025\/","title":{"rendered":"Veja as melhores op\u00e7\u00f5es de m\u00e1quina lava e seca em 2025"},"content":{"rendered":"\n<p>Em 2025, a escolha de uma m\u00e1quina lava e seca ideal pode ser um desafio devido \u00e0 ampla variedade de op\u00e7\u00f5es dispon\u00edveis no mercado. \u00c9 crucial considerar fatores como efici\u00eancia energ\u00e9tica, capacidade, facilidade de uso e suporte ao cliente oferecido pela marca. Al\u00e9m disso, a durabilidade, a variedade de programas e a reputa\u00e7\u00e3o do fabricante s\u00e3o aspectos fundamentais para garantir um bom investimento. Este artigo oferece um guia completo para ajudar os consumidores a selecionar o modelo mais adequado \u00e0s suas necessidades.<\/p>\n\n\n\n<p>As m\u00e1quinas lava e seca s\u00e3o uma solu\u00e7\u00e3o pr\u00e1tica para o dia a dia, pois completam o ciclo de lavagem com as roupas prontas para serem guardadas. A seguir, s\u00e3o apresentadas dicas essenciais para escolher um modelo que ofere\u00e7a um bom custo-benef\u00edcio.<\/p>\n\n\n\n<h2 class=\"wp-block-heading\">Quais fatores considerar ao escolher uma lava e seca?<\/h2>\n\n\n\n<p>Ao selecionar uma m\u00e1quina lava e seca, \u00e9 importante avaliar a reputa\u00e7\u00e3o da marca, as tecnologias e recursos oferecidos, a efici\u00eancia energ\u00e9tica, as capacidades e tamanhos dispon\u00edveis, o custo-benef\u00edcio, a facilidade de uso e a garantia. Cada um desses aspectos pode influenciar significativamente a satisfa\u00e7\u00e3o do consumidor com o produto.<\/p>\n\n\n\n<figure class=\"wp-block-image size-large\"><img decoding=\"async\" width=\"1024\" height=\"576\" src=\"https:\/\/www.correiobraziliense.com.br\/cbradar\/wp-content\/uploads\/2025\/04\/maquina-lava-e-seca_1745007280285-1024x576.jpg\" alt=\"Veja as melhores op\u00e7\u00f5es de m\u00e1quina lava e seca em 2025\" class=\"wp-image-25596\" srcset=\"https:\/\/www.correiobraziliense.com.br\/cbradar\/wp-content\/uploads\/2025\/04\/maquina-lava-e-seca_1745007280285-1024x576.jpg 1024w, https:\/\/www.correiobraziliense.com.br\/cbradar\/wp-content\/uploads\/2025\/04\/maquina-lava-e-seca_1745007280285-300x169.jpg 300w, https:\/\/www.correiobraziliense.com.br\/cbradar\/wp-content\/uploads\/2025\/04\/maquina-lava-e-seca_1745007280285-768x432.jpg 768w, https:\/\/www.correiobraziliense.com.br\/cbradar\/wp-content\/uploads\/2025\/04\/maquina-lava-e-seca_1745007280285-750x422.jpg 750w, https:\/\/www.correiobraziliense.com.br\/cbradar\/wp-content\/uploads\/2025\/04\/maquina-lava-e-seca_1745007280285-1140x641.jpg 1140w, https:\/\/www.correiobraziliense.com.br\/cbradar\/wp-content\/uploads\/2025\/04\/maquina-lava-e-seca_1745007280285.jpg 1280w\" sizes=\"(max-width: 1024px) 100vw, 1024px\" \/><figcaption class=\"wp-element-caption\">m\u00e1quina lava e seca. Cr\u00e9ditos: depositphotos.com \/ Patryk_Kosmider<\/figcaption><\/figure>\n\n\n\n<h2 class=\"wp-block-heading\">Como avaliar a reputa\u00e7\u00e3o da marca?<\/h2>\n\n\n\n<p>A reputa\u00e7\u00e3o da marca \u00e9 um indicador importante da qualidade do produto. Algumas fabricantes s\u00e3o conhecidas por seus eletrodom\u00e9sticos espec\u00edficos, e pesquisar coment\u00e1rios e relatos de clientes em plataformas como varejistas online e o site Reclame Aqui pode fornecer insights valiosos sobre a experi\u00eancia dos usu\u00e1rios. Consultar t\u00e9cnicos especializados e verificar a disponibilidade de assist\u00eancia t\u00e9cnica tamb\u00e9m s\u00e3o passos importantes antes de realizar a compra.<\/p>\n\n\n\n<h2 class=\"wp-block-heading\">Quais tecnologias e recursos s\u00e3o importantes?<\/h2>\n\n\n\n<p>Os m\u00e9todos de secagem, como condensa\u00e7\u00e3o, ventiladores ou exaust\u00e3o, s\u00e3o caracter\u00edsticas importantes a serem consideradas. Cada m\u00e9todo tem suas vantagens e desvantagens em termos de tempo de secagem, instala\u00e7\u00e3o e consumo de energia. Al\u00e9m disso, recursos extras, como sensores que identificam a quantidade de roupas e sugerem ciclos ideais, podem aumentar a praticidade do aparelho. A conectividade com aplicativos de celular \u00e9 outro recurso que pode facilitar o uso di\u00e1rio.<\/p>\n\n\n\n<h2 class=\"wp-block-heading\">Como verificar a efici\u00eancia energ\u00e9tica?<\/h2>\n\n\n\n<p>A efici\u00eancia energ\u00e9tica \u00e9 um fator crucial para economizar a longo prazo. O selo Procel, presente na embalagem do produto, indica a classifica\u00e7\u00e3o de efici\u00eancia, variando de A (mais eficiente) a G (menos eficiente). Marcas como LG, Samsung e Electrolux s\u00e3o conhecidas por seu bom desempenho nesse aspecto, tornando-se op\u00e7\u00f5es atraentes para quem busca economia de energia.<\/p>\n\n\n\n<h2 class=\"wp-block-heading\">Quais capacidades e tamanhos est\u00e3o dispon\u00edveis?<\/h2>\n\n\n\n<p>A escolha da capacidade e do tamanho da m\u00e1quina deve considerar o espa\u00e7o dispon\u00edvel, o n\u00famero de pessoas na casa e a frequ\u00eancia de uso. Modelos de 9 kg s\u00e3o adequados para solteiros ou casais, enquanto fam\u00edlias maiores podem precisar de m\u00e1quinas com capacidade entre 10 kg e 17 kg. Verificar quais marcas oferecem produtos na faixa de capacidade desejada \u00e9 essencial para atender \u00e0s necessidades espec\u00edficas de cada consumidor.<\/p>\n\n\n\n<h2 class=\"wp-block-heading\">Como avaliar o custo-benef\u00edcio?<\/h2>\n\n\n\n<p>Definir um or\u00e7amento \u00e9 fundamental ao comprar uma lava e seca, incluindo custos com frete e instala\u00e7\u00e3o. A qualidade e a durabilidade do modelo devem ser avaliadas com base em coment\u00e1rios de outros consumidores. Um aparelho mais barato pode parecer vantajoso inicialmente, mas pode gerar gastos extras com manuten\u00e7\u00e3o. Investir em uma m\u00e1quina mais cara, mas bem avaliada, tende a ser mais vantajoso a longo prazo.<\/p>\n\n\n\n<h2 class=\"wp-block-heading\">Qual a import\u00e2ncia da facilidade de uso?<\/h2>\n\n\n\n<p>A usabilidade \u00e9 um aspecto crucial na escolha de uma lava e seca. Detalhes como o tipo de painel, a possibilidade de programar ciclos pelo celular e o lado da abertura para inserir as roupas influenciam na praticidade do aparelho. M\u00e1quinas com tampa superior s\u00e3o ideais para espa\u00e7os pequenos, enquanto as de abertura frontal consomem menos \u00e1gua e energia. Avaliar esses pontos ajuda a escolher um modelo mais funcional para a rotina.<\/p>\n\n\n\n<h2 class=\"wp-block-heading\">O que considerar na garantia?<\/h2>\n\n\n\n<p>A garantia das m\u00e1quinas lava e seca geralmente varia de um a dois anos, com algumas fabricantes oferecendo prazos diferentes para pe\u00e7as espec\u00edficas, como o motor. Verificar quais problemas est\u00e3o cobertos pela garantia \u00e9 importante, pois danos causados por uso inadequado podem n\u00e3o estar inclusos. Consultar o <strong>C\u00f3digo de Defesa do Consumidor<\/strong> pode ser \u00fatil em caso de d\u00favidas.<\/p>\n\n\n\n<p>Com informa\u00e7\u00f5es de <strong>Samsung<\/strong>, <strong>LG<\/strong>, <strong>Electrolux<\/strong>, <strong>Brastemp<\/strong> e outras marcas, este guia visa auxiliar os consumidores na escolha da melhor lava e seca para suas necessidades em <strong>2025<\/strong>.<\/p>\n","protected":false},"excerpt":{"rendered":"<p>Explore nosso guia detalhado para escolher a melhor m\u00e1quina lava e seca em 2025. Descubra fatores cruciais para a decis\u00e3o, como efici\u00eancia energ\u00e9tica.<\/p>\n","protected":false},"author":3,"featured_media":25595,"comment_status":"open","ping_status":"open","sticky":false,"template":"","format":"standard","meta":{"_yoast_wpseo_focuskw":"lava e seca","_yoast_wpseo_title":"%%title%%","_yoast_wpseo_metadesc":"Explore nosso guia detalhado para escolher a melhor m\u00e1quina lava e seca em 2025. Descubra fatores cruciais para a decis\u00e3o, como efici\u00eancia energ\u00e9tica.","jnews-multi-image_gallery":[],"jnews_single_post":{"format":"standard"},"jnews_primary_category":[],"jnews_social_meta":[],"jnews_override_counter":[],"footnotes":""},"categories":[112],"tags":[3558],"class_list":["post-25594","post","type-post","status-publish","format-standard","has-post-thumbnail","hentry","category-curiosidades","tag-maquina-lava-e-seca"],"yoast_head":"<!-- This site is optimized with the Yoast SEO plugin v24.6 - https:\/\/yoast.com\/wordpress\/plugins\/seo\/ -->\n<title>Veja as melhores op\u00e7\u00f5es de m\u00e1quina lava e seca em 2025<\/title>\n<meta name=\"description\" content=\"Explore nosso guia detalhado para escolher a melhor m\u00e1quina lava e seca em 2025. Descubra fatores cruciais para a decis\u00e3o, como efici\u00eancia energ\u00e9tica.\" \/>\n<meta name=\"robots\" content=\"index, follow, max-snippet:-1, max-image-preview:large, max-video-preview:-1\" \/>\n<link rel=\"canonical\" href=\"https:\/\/www.correiobraziliense.com.br\/cbradar\/veja-as-melhores-opcoes-de-maquina-lava-e-seca-em-2025\/\" \/>\n<meta property=\"og:locale\" content=\"pt_BR\" \/>\n<meta property=\"og:type\" content=\"article\" \/>\n<meta property=\"og:title\" content=\"Veja as melhores op\u00e7\u00f5es de m\u00e1quina lava e seca em 2025\" \/>\n<meta property=\"og:description\" content=\"Explore nosso guia detalhado para escolher a melhor m\u00e1quina lava e seca em 2025. Descubra fatores cruciais para a decis\u00e3o, como efici\u00eancia energ\u00e9tica.\" \/>\n<meta property=\"og:url\" content=\"https:\/\/www.correiobraziliense.com.br\/cbradar\/veja-as-melhores-opcoes-de-maquina-lava-e-seca-em-2025\/\" \/>\n<meta property=\"og:site_name\" content=\"Correio Braziliense - Radar\" \/>\n<meta property=\"article:published_time\" content=\"2025-04-19T09:30:00+00:00\" \/>\n<meta property=\"og:image\" content=\"https:\/\/www.correiobraziliense.com.br\/cbradar\/wp-content\/uploads\/2025\/04\/maquina-lava-e-seca_1745007257550.jpg\" \/>\n\t<meta property=\"og:image:width\" content=\"1280\" \/>\n\t<meta property=\"og:image:height\" content=\"720\" \/>\n\t<meta property=\"og:image:type\" content=\"image\/jpeg\" \/>\n<meta name=\"author\" content=\"Larissa Carvalho\" \/>\n<meta name=\"twitter:card\" content=\"summary_large_image\" \/>\n<meta name=\"twitter:label1\" content=\"Escrito por\" \/>\n\t<meta name=\"twitter:data1\" content=\"Larissa Carvalho\" \/>\n\t<meta name=\"twitter:label2\" content=\"Est. tempo de leitura\" \/>\n\t<meta name=\"twitter:data2\" content=\"5 minutos\" \/>\n<!-- \/ Yoast SEO plugin. -->","yoast_head_json":{"title":"Veja as melhores op\u00e7\u00f5es de m\u00e1quina lava e seca em 2025","description":"Explore nosso guia detalhado para escolher a melhor m\u00e1quina lava e seca em 2025. Descubra fatores cruciais para a decis\u00e3o, como efici\u00eancia energ\u00e9tica.","robots":{"index":"index","follow":"follow","max-snippet":"max-snippet:-1","max-image-preview":"max-image-preview:large","max-video-preview":"max-video-preview:-1"},"canonical":"https:\/\/www.correiobraziliense.com.br\/cbradar\/veja-as-melhores-opcoes-de-maquina-lava-e-seca-em-2025\/","og_locale":"pt_BR","og_type":"article","og_title":"Veja as melhores op\u00e7\u00f5es de m\u00e1quina lava e seca em 2025","og_description":"Explore nosso guia detalhado para escolher a melhor m\u00e1quina lava e seca em 2025. Descubra fatores cruciais para a decis\u00e3o, como efici\u00eancia energ\u00e9tica.","og_url":"https:\/\/www.correiobraziliense.com.br\/cbradar\/veja-as-melhores-opcoes-de-maquina-lava-e-seca-em-2025\/","og_site_name":"Correio Braziliense - Radar","article_published_time":"2025-04-19T09:30:00+00:00","og_image":[{"width":1280,"height":720,"url":"https:\/\/www.correiobraziliense.com.br\/cbradar\/wp-content\/uploads\/2025\/04\/maquina-lava-e-seca_1745007257550.jpg","type":"image\/jpeg"}],"author":"Larissa Carvalho","twitter_card":"summary_large_image","twitter_misc":{"Escrito por":"Larissa Carvalho","Est. tempo de leitura":"5 minutos"},"schema":{"@context":"https:\/\/schema.org","@graph":[{"@type":"WebPage","@id":"https:\/\/www.correiobraziliense.com.br\/cbradar\/veja-as-melhores-opcoes-de-maquina-lava-e-seca-em-2025\/","url":"https:\/\/www.correiobraziliense.com.br\/cbradar\/veja-as-melhores-opcoes-de-maquina-lava-e-seca-em-2025\/","name":"Veja as melhores op\u00e7\u00f5es de m\u00e1quina lava e seca em 2025","isPartOf":{"@id":"https:\/\/www.correiobraziliense.com.br\/cbradar\/#website"},"primaryImageOfPage":{"@id":"https:\/\/www.correiobraziliense.com.br\/cbradar\/veja-as-melhores-opcoes-de-maquina-lava-e-seca-em-2025\/#primaryimage"},"image":{"@id":"https:\/\/www.correiobraziliense.com.br\/cbradar\/veja-as-melhores-opcoes-de-maquina-lava-e-seca-em-2025\/#primaryimage"},"thumbnailUrl":"https:\/\/www.correiobraziliense.com.br\/cbradar\/wp-content\/uploads\/2025\/04\/maquina-lava-e-seca_1745007257550.jpg","datePublished":"2025-04-19T09:30:00+00:00","author":{"@id":"https:\/\/www.correiobraziliense.com.br\/cbradar\/#\/schema\/person\/58422787644df994b53a19d3e56c1513"},"description":"Explore nosso guia detalhado para escolher a melhor m\u00e1quina lava e seca em 2025. Descubra fatores cruciais para a decis\u00e3o, como efici\u00eancia energ\u00e9tica.","breadcrumb":{"@id":"https:\/\/www.correiobraziliense.com.br\/cbradar\/veja-as-melhores-opcoes-de-maquina-lava-e-seca-em-2025\/#breadcrumb"},"inLanguage":"pt-BR","potentialAction":[{"@type":"ReadAction","target":["https:\/\/www.correiobraziliense.com.br\/cbradar\/veja-as-melhores-opcoes-de-maquina-lava-e-seca-em-2025\/"]}]},{"@type":"ImageObject","inLanguage":"pt-BR","@id":"https:\/\/www.correiobraziliense.com.br\/cbradar\/veja-as-melhores-opcoes-de-maquina-lava-e-seca-em-2025\/#primaryimage","url":"https:\/\/www.correiobraziliense.com.br\/cbradar\/wp-content\/uploads\/2025\/04\/maquina-lava-e-seca_1745007257550.jpg","contentUrl":"https:\/\/www.correiobraziliense.com.br\/cbradar\/wp-content\/uploads\/2025\/04\/maquina-lava-e-seca_1745007257550.jpg","width":1280,"height":720,"caption":"m\u00e1quina lava e seca. Cr\u00e9ditos: depositphotos.com \/ ifeelstock"},{"@type":"BreadcrumbList","@id":"https:\/\/www.correiobraziliense.com.br\/cbradar\/veja-as-melhores-opcoes-de-maquina-lava-e-seca-em-2025\/#breadcrumb","itemListElement":[{"@type":"ListItem","position":1,"name":"In\u00edcio","item":"https:\/\/www.correiobraziliense.com.br\/cbradar\/"},{"@type":"ListItem","position":2,"name":"Veja as melhores op\u00e7\u00f5es de m\u00e1quina lava e seca em 2025"}]},{"@type":"WebSite","@id":"https:\/\/www.correiobraziliense.com.br\/cbradar\/#website","url":"https:\/\/www.correiobraziliense.com.br\/cbradar\/","name":"Correio Braziliense - Radar","description":"Acompanhe as \u00faltimas not\u00edcias e fique bem informado sobre tudo o que acontece no Brasil e no mundo.","potentialAction":[{"@type":"SearchAction","target":{"@type":"EntryPoint","urlTemplate":"https:\/\/www.correiobraziliense.com.br\/cbradar\/?s={search_term_string}"},"query-input":{"@type":"PropertyValueSpecification","valueRequired":true,"valueName":"search_term_string"}}],"inLanguage":"pt-BR"},{"@type":"Person","@id":"https:\/\/www.correiobraziliense.com.br\/cbradar\/#\/schema\/person\/58422787644df994b53a19d3e56c1513","name":"Larissa Carvalho","image":{"@type":"ImageObject","inLanguage":"pt-BR","@id":"https:\/\/www.correiobraziliense.com.br\/cbradar\/#\/schema\/person\/image\/","url":"https:\/\/secure.gravatar.com\/avatar\/fe4f91a0de32b52a838d0d612abdc1aa?s=96&d=mm&r=g","contentUrl":"https:\/\/secure.gravatar.com\/avatar\/fe4f91a0de32b52a838d0d612abdc1aa?s=96&d=mm&r=g","caption":"Larissa Carvalho"},"url":"https:\/\/www.correiobraziliense.com.br\/cbradar\/author\/larissamyth\/"}]}},"_links":{"self":[{"href":"https:\/\/www.correiobraziliense.com.br\/cbradar\/wp-json\/wp\/v2\/posts\/25594","targetHints":{"allow":["GET"]}}],"collection":[{"href":"https:\/\/www.correiobraziliense.com.br\/cbradar\/wp-json\/wp\/v2\/posts"}],"about":[{"href":"https:\/\/www.correiobraziliense.com.br\/cbradar\/wp-json\/wp\/v2\/types\/post"}],"author":[{"embeddable":true,"href":"https:\/\/www.correiobraziliense.com.br\/cbradar\/wp-json\/wp\/v2\/users\/3"}],"replies":[{"embeddable":true,"href":"https:\/\/www.correiobraziliense.com.br\/cbradar\/wp-json\/wp\/v2\/comments?post=25594"}],"version-history":[{"count":2,"href":"https:\/\/www.correiobraziliense.com.br\/cbradar\/wp-json\/wp\/v2\/posts\/25594\/revisions"}],"predecessor-version":[{"id":25830,"href":"https:\/\/www.correiobraziliense.com.br\/cbradar\/wp-json\/wp\/v2\/posts\/25594\/revisions\/25830"}],"wp:featuredmedia":[{"embeddable":true,"href":"https:\/\/www.correiobraziliense.com.br\/cbradar\/wp-json\/wp\/v2\/media\/25595"}],"wp:attachment":[{"href":"https:\/\/www.correiobraziliense.com.br\/cbradar\/wp-json\/wp\/v2\/media?parent=25594"}],"wp:term":[{"taxonomy":"category","embeddable":true,"href":"https:\/\/www.correiobraziliense.com.br\/cbradar\/wp-json\/wp\/v2\/categories?post=25594"},{"taxonomy":"post_tag","embeddable":true,"href":"https:\/\/www.correiobraziliense.com.br\/cbradar\/wp-json\/wp\/v2\/tags?post=25594"}],"curies":[{"name":"wp","href":"https:\/\/api.w.org\/{rel}","templated":true}]}}