{"id":25744,"date":"2025-04-21T21:10:00","date_gmt":"2025-04-22T00:10:00","guid":{"rendered":"https:\/\/www.correiobraziliense.com.br\/cbradar\/?p=25744"},"modified":"2025-04-18T23:41:57","modified_gmt":"2025-04-19T02:41:57","slug":"confira-o-calendario-de-pagamentos-do-pe-de-meia-em-abril","status":"publish","type":"post","link":"https:\/\/www.correiobraziliense.com.br\/cbradar\/confira-o-calendario-de-pagamentos-do-pe-de-meia-em-abril\/","title":{"rendered":"Confira o calend\u00e1rio de pagamentos do P\u00e9-de-Meia em abril"},"content":{"rendered":"\n<p>O <a href=\"https:\/\/www.gov.br\/mec\/pt-br\" target=\"_blank\" rel=\"noreferrer noopener\"><strong>Minist\u00e9rio da Educa\u00e7\u00e3o<\/strong> (<strong>MEC<\/strong>) <\/a>anunciou que os pagamentos do programa <strong>P\u00e9-de-Meia 2025<\/strong> come\u00e7ar\u00e3o em <strong>23 de abril<\/strong>. Este programa foi desenvolvido para apoiar <strong>estudantes do ensino m\u00e9dio<\/strong> da <strong>rede p\u00fablica<\/strong>, oferecendo um <strong>aux\u00edlio financeiro mensal<\/strong> de <strong>R$ 200<\/strong>. O objetivo \u00e9 incentivar a <strong>frequ\u00eancia escolar<\/strong> e ajudar na conclus\u00e3o dos estudos, beneficiando <strong>jovens de baixa renda<\/strong>.<\/p>\n\n\n\n<p>Os dep\u00f3sitos ser\u00e3o realizados em <strong>contas poupan\u00e7a digitais<\/strong> da <strong>Caixa Econ\u00f4mica Federal<\/strong>, criadas automaticamente para os <strong>estudantes eleg\u00edveis<\/strong>. N\u00e3o \u00e9 necess\u00e1rio que os alunos compare\u00e7am a uma <strong>ag\u00eancia<\/strong> para abrir a conta. Esta iniciativa busca combater a <strong>evas\u00e3o escolar<\/strong> e promover a continuidade dos estudos entre os <strong>jovens em situa\u00e7\u00e3o de vulnerabilidade social<\/strong>.<\/p>\n\n\n\n<h2 class=\"wp-block-heading\">Quais os requisitos para o P\u00e9-de-Meia?<\/h2>\n\n\n\n<p>Para participar do programa <strong>P\u00e9-de-Meia<\/strong>, os estudantes devem atender a determinados crit\u00e9rios. \u00c9 necess\u00e1rio estar matriculado no <strong>ensino m\u00e9dio<\/strong> de uma <strong>escola p\u00fablica<\/strong> e ter inscri\u00e7\u00e3o ativa no <a href=\"https:\/\/www.correiobraziliense.com.br\/cbradar\/seu-cadastro-atualizado-no-cadunico-pode-dar-beneficios-entenda\/\" target=\"_blank\" rel=\"noreferrer noopener\"><strong>Cadastro \u00danico<\/strong> <\/a>(<strong>Cad\u00danico<\/strong>). Al\u00e9m disso, os alunos precisam manter uma <strong>frequ\u00eancia m\u00ednima<\/strong> de <strong>80%<\/strong> nas aulas para receber o aux\u00edlio.<\/p>\n\n\n\n<p>O programa tamb\u00e9m abrange alunos que iniciaram o primeiro ano do <strong>ensino m\u00e9dio<\/strong> em <strong>2025<\/strong>. Aproximadamente <strong>3,9 milh\u00f5es<\/strong> de parcelas ser\u00e3o distribu\u00eddas este m\u00eas, com <strong>1,3 milh\u00e3o<\/strong> destinadas a novos <strong>benefici\u00e1rios<\/strong>. <strong>Estudantes maiores de idade<\/strong> podem acessar os recursos diretamente pelo aplicativo <strong>Caixa Tem<\/strong>, enquanto menores precisam de <strong>autoriza\u00e7\u00e3o dos pais<\/strong> ou respons\u00e1veis.<\/p>\n\n\n\n<figure class=\"wp-block-embed aligncenter is-type-video is-provider-youtube wp-block-embed-youtube wp-embed-aspect-16-9 wp-has-aspect-ratio\"><div class=\"wp-block-embed__wrapper\">\n<div class=\"jeg_video_container jeg_video_content\"><iframe loading=\"lazy\" title=\"Conhe\u00e7a o P\u00e9-de-Meia\" width=\"500\" height=\"281\" src=\"https:\/\/www.youtube.com\/embed\/s4a4Z3Svljg?feature=oembed\" frameborder=\"0\" allow=\"accelerometer; autoplay; clipboard-write; encrypted-media; gyroscope; picture-in-picture; web-share\" referrerpolicy=\"strict-origin-when-cross-origin\" allowfullscreen><\/iframe><\/div>\n<\/div><\/figure>\n\n\n\n<h2 class=\"wp-block-heading\">Calend\u00e1rio de pagamentos de abril do P\u00e9-de-Meia<\/h2>\n\n\n\n<figure class=\"wp-block-table\"><table class=\"has-fixed-layout\"><thead><tr><th><a href=\"https:\/\/seucreditodigital.com.br\/calculadora-diferenca-entre-datas\/\" target=\"_blank\" rel=\"noreferrer noopener\">Data<\/a>&nbsp;do Pagamento<\/th><th>Nascidos em<\/th><\/tr><\/thead><tbody><tr><td>23 de abril<\/td><td>Janeiro e Fevereiro<\/td><\/tr><tr><td>24 de abril<\/td><td>Mar\u00e7o e Abril<\/td><\/tr><tr><td>25 de abril<\/td><td>Maio e Junho<\/td><\/tr><tr><td>28 de abril<\/td><td>Julho e Agosto<\/td><\/tr><tr><td>29 de abril<\/td><td>Setembro e Outubro<\/td><\/tr><tr><td>30 de abril<\/td><td>Novembro e Dezembro<\/td><\/tr><\/tbody><\/table><\/figure>\n\n\n\n<h2 class=\"wp-block-heading\">Como consultar e movimentar o aux\u00edlio?<\/h2>\n\n\n\n<p>Os estudantes podem verificar sua participa\u00e7\u00e3o no programa <strong>P\u00e9-de-Meia<\/strong> atrav\u00e9s do aplicativo <strong>Jornada do Estudante<\/strong>, utilizando o <strong>CPF<\/strong> e a senha <strong>Gov.br<\/strong>. O valor do aux\u00edlio \u00e9 depositado em <strong>contas poupan\u00e7a digitais<\/strong> da <strong>Caixa Econ\u00f4mica Federal<\/strong> e pode ser movimentado pelo aplicativo <strong>Caixa Tem<\/strong>, que tamb\u00e9m \u00e9 utilizado para outros benef\u00edcios sociais.<\/p>\n\n\n\n<p>Os dep\u00f3sitos ser\u00e3o liberados conforme o <strong>m\u00eas de nascimento<\/strong> dos estudantes, ocorrendo em etapas entre os dias <strong>23<\/strong> e <strong>30 de abril<\/strong>. Al\u00e9m das <strong>parcelas regulares<\/strong>, o <strong>MEC<\/strong> informou que <strong>pagamentos retroativos<\/strong> tamb\u00e9m ser\u00e3o realizados neste m\u00eas.<\/p>\n\n\n\n<h2 class=\"wp-block-heading\">Quais os incentivos adicionais do programa?<\/h2>\n\n\n\n<p>O programa <strong>P\u00e9-de-Meia<\/strong> oferece mais do que o <strong>aux\u00edlio mensal<\/strong> de <strong>R$ 200<\/strong>. Ao longo dos tr\u00eas anos do <strong>ensino m\u00e9dio<\/strong>, um estudante que mant\u00e9m participa\u00e7\u00e3o regular pode acumular at\u00e9 <strong>R$ 9.000<\/strong>. Este valor inclui <strong>b\u00f4nus por matr\u00edcula renovada<\/strong>, <strong>recompensas pela conclus\u00e3o de cada ano letivo<\/strong> e uma <strong>premia\u00e7\u00e3o especial<\/strong> para quem participa do <strong>Exame Nacional do Ensino M\u00e9dio<\/strong> (<strong>Enem<\/strong>).<\/p>\n\n\n\n<p>Esses <strong>incentivos adicionais<\/strong> visam n\u00e3o apenas garantir a <strong>frequ\u00eancia escolar<\/strong>, mas tamb\u00e9m incentivar o <strong>progresso acad\u00eamico<\/strong> e a participa\u00e7\u00e3o em <strong>avalia\u00e7\u00f5es nacionais<\/strong>, contribuindo para uma trajet\u00f3ria educacional mais s\u00f3lida e promissora.<\/p>\n\n\n\n<h2 class=\"wp-block-heading\">Qual o objetivo e impacto do programa na educa\u00e7\u00e3o brasileira?<\/h2>\n\n\n\n<p>O programa <strong>P\u00e9-de-Meia<\/strong> representa um esfor\u00e7o significativo do governo federal para combater a <strong>evas\u00e3o escolar<\/strong> e promover a <strong>educa\u00e7\u00e3o<\/strong> entre <strong>jovens de baixa renda<\/strong>. Ao oferecer <strong>incentivos financeiros<\/strong>, o programa busca garantir que mais <strong>estudantes concluam o ensino m\u00e9dio<\/strong>, aumentando suas chances de <strong>sucesso acad\u00eamico<\/strong> e <strong>profissional<\/strong>.<\/p>\n\n\n\n<p>Com o in\u00edcio dos <strong>pagamentos em 23 de abril<\/strong>, milh\u00f5es de <strong>estudantes<\/strong> ter\u00e3o acesso ao <strong>incentivo<\/strong> que ajuda a manter os <strong>jovens na escola<\/strong> e a construir uma trajet\u00f3ria educacional mais est\u00e1vel. Este programa \u00e9 um passo importante para reduzir as <strong>desigualdades educacionais<\/strong> e oferecer <strong>oportunidades mais equitativas<\/strong> para todos os estudantes do <strong>Brasil<\/strong>.<\/p>\n","protected":false},"excerpt":{"rendered":"<p>O Minist\u00e9rio da Educa\u00e7\u00e3o (MEC) anunciou que os pagamentos do programa P\u00e9-de-Meia 2025 come\u00e7ar\u00e3o em 23 de abril. Este programa foi desenvolvido para apoiar estudantes do ensino m\u00e9dio da rede p\u00fablica, oferecendo um aux\u00edlio financeiro mensal de R$ 200. O objetivo \u00e9 incentivar a frequ\u00eancia escolar e ajudar na conclus\u00e3o dos estudos, beneficiando jovens de [&hellip;]<\/p>\n","protected":false},"author":8,"featured_media":25755,"comment_status":"open","ping_status":"open","sticky":false,"template":"","format":"standard","meta":{"jnews-multi-image_gallery":[],"jnews_single_post":{"format":"standard"},"jnews_primary_category":[],"jnews_social_meta":[],"jnews_override_counter":[],"footnotes":""},"categories":[128,169],"post_tag":[741,225,131,3567],"class_list":["post-25744","post","type-post","status-publish","format-standard","has-post-thumbnail","hentry","category-economia","category-noticias","tag-beneficio-social","tag-brasil","tag-calendario","tag-pe-de-meia"],"yoast_head":"<!-- This site is optimized with the Yoast SEO plugin v24.6 - https:\/\/yoast.com\/wordpress\/plugins\/seo\/ -->\n<title>Confira o calend\u00e1rio de pagamentos do P\u00e9-de-Meia em abril - Correio Braziliense - Radar<\/title>\n<meta name=\"description\" content=\"Confira as datas do calend\u00e1rio de pagamentos do P\u00e9-de-Meia em abril, saiba mais sobre o programa e como se organizar para o recebimento.\" \/>\n<meta name=\"robots\" content=\"index, follow, max-snippet:-1, max-image-preview:large, max-video-preview:-1\" \/>\n<link rel=\"canonical\" href=\"https:\/\/www.correiobraziliense.com.br\/cbradar\/confira-o-calendario-de-pagamentos-do-pe-de-meia-em-abril\/\" \/>\n<meta property=\"og:locale\" content=\"pt_BR\" \/>\n<meta property=\"og:type\" content=\"article\" \/>\n<meta property=\"og:title\" content=\"Confira o calend\u00e1rio de pagamentos do P\u00e9-de-Meia em abril - Correio Braziliense - Radar\" \/>\n<meta property=\"og:description\" content=\"Confira as datas do calend\u00e1rio de pagamentos do P\u00e9-de-Meia em abril, saiba mais sobre o programa e como se organizar para o recebimento.\" \/>\n<meta property=\"og:url\" content=\"https:\/\/www.correiobraziliense.com.br\/cbradar\/confira-o-calendario-de-pagamentos-do-pe-de-meia-em-abril\/\" \/>\n<meta property=\"og:site_name\" content=\"Correio Braziliense - Radar\" \/>\n<meta property=\"article:published_time\" content=\"2025-04-22T00:10:00+00:00\" \/>\n<meta property=\"og:image\" content=\"https:\/\/www.correiobraziliense.com.br\/cbradar\/wp-content\/uploads\/2025\/04\/Edicoes-74.png\" \/>\n\t<meta property=\"og:image:width\" content=\"1280\" \/>\n\t<meta property=\"og:image:height\" content=\"720\" \/>\n\t<meta property=\"og:image:type\" content=\"image\/png\" \/>\n<meta name=\"author\" content=\"Maura Pereira\" \/>\n<meta name=\"twitter:card\" content=\"summary_large_image\" \/>\n<meta name=\"twitter:label1\" content=\"Escrito por\" \/>\n\t<meta name=\"twitter:data1\" content=\"Maura Pereira\" \/>\n\t<meta name=\"twitter:label2\" content=\"Est. tempo de leitura\" \/>\n\t<meta name=\"twitter:data2\" content=\"4 minutos\" \/>\n<!-- \/ Yoast SEO plugin. -->","yoast_head_json":{"title":"Confira o calend\u00e1rio de pagamentos do P\u00e9-de-Meia em abril - Correio Braziliense - Radar","description":"Confira as datas do calend\u00e1rio de pagamentos do P\u00e9-de-Meia em abril, saiba mais sobre o programa e como se organizar para o recebimento.","robots":{"index":"index","follow":"follow","max-snippet":"max-snippet:-1","max-image-preview":"max-image-preview:large","max-video-preview":"max-video-preview:-1"},"canonical":"https:\/\/www.correiobraziliense.com.br\/cbradar\/confira-o-calendario-de-pagamentos-do-pe-de-meia-em-abril\/","og_locale":"pt_BR","og_type":"article","og_title":"Confira o calend\u00e1rio de pagamentos do P\u00e9-de-Meia em abril - Correio Braziliense - Radar","og_description":"Confira as datas do calend\u00e1rio de pagamentos do P\u00e9-de-Meia em abril, saiba mais sobre o programa e como se organizar para o recebimento.","og_url":"https:\/\/www.correiobraziliense.com.br\/cbradar\/confira-o-calendario-de-pagamentos-do-pe-de-meia-em-abril\/","og_site_name":"Correio Braziliense - Radar","article_published_time":"2025-04-22T00:10:00+00:00","og_image":[{"width":1280,"height":720,"url":"https:\/\/www.correiobraziliense.com.br\/cbradar\/wp-content\/uploads\/2025\/04\/Edicoes-74.png","type":"image\/png"}],"author":"Maura Pereira","twitter_card":"summary_large_image","twitter_misc":{"Escrito por":"Maura Pereira","Est. tempo de leitura":"4 minutos"},"schema":{"@context":"https:\/\/schema.org","@graph":[{"@type":"WebPage","@id":"https:\/\/www.correiobraziliense.com.br\/cbradar\/confira-o-calendario-de-pagamentos-do-pe-de-meia-em-abril\/","url":"https:\/\/www.correiobraziliense.com.br\/cbradar\/confira-o-calendario-de-pagamentos-do-pe-de-meia-em-abril\/","name":"Confira o calend\u00e1rio de pagamentos do P\u00e9-de-Meia em abril - Correio Braziliense - Radar","isPartOf":{"@id":"https:\/\/www.correiobraziliense.com.br\/cbradar\/#website"},"primaryImageOfPage":{"@id":"https:\/\/www.correiobraziliense.com.br\/cbradar\/confira-o-calendario-de-pagamentos-do-pe-de-meia-em-abril\/#primaryimage"},"image":{"@id":"https:\/\/www.correiobraziliense.com.br\/cbradar\/confira-o-calendario-de-pagamentos-do-pe-de-meia-em-abril\/#primaryimage"},"thumbnailUrl":"https:\/\/www.correiobraziliense.com.br\/cbradar\/wp-content\/uploads\/2025\/04\/Edicoes-74.png","datePublished":"2025-04-22T00:10:00+00:00","author":{"@id":"https:\/\/www.correiobraziliense.com.br\/cbradar\/#\/schema\/person\/4053c651a9bfc785afc6f4cbc9032fd3"},"description":"Confira as datas do calend\u00e1rio de pagamentos do P\u00e9-de-Meia em abril, saiba mais sobre o programa e como se organizar para o recebimento.","breadcrumb":{"@id":"https:\/\/www.correiobraziliense.com.br\/cbradar\/confira-o-calendario-de-pagamentos-do-pe-de-meia-em-abril\/#breadcrumb"},"inLanguage":"pt-BR","potentialAction":[{"@type":"ReadAction","target":["https:\/\/www.correiobraziliense.com.br\/cbradar\/confira-o-calendario-de-pagamentos-do-pe-de-meia-em-abril\/"]}]},{"@type":"ImageObject","inLanguage":"pt-BR","@id":"https:\/\/www.correiobraziliense.com.br\/cbradar\/confira-o-calendario-de-pagamentos-do-pe-de-meia-em-abril\/#primaryimage","url":"https:\/\/www.correiobraziliense.com.br\/cbradar\/wp-content\/uploads\/2025\/04\/Edicoes-74.png","contentUrl":"https:\/\/www.correiobraziliense.com.br\/cbradar\/wp-content\/uploads\/2025\/04\/Edicoes-74.png","width":1280,"height":720,"caption":"P\u00e9-de-Meia \/\/ Reprodu\u00e7\u00e3o: Governo do Brasil (Foto\/Divulga\u00e7\u00e3o)"},{"@type":"BreadcrumbList","@id":"https:\/\/www.correiobraziliense.com.br\/cbradar\/confira-o-calendario-de-pagamentos-do-pe-de-meia-em-abril\/#breadcrumb","itemListElement":[{"@type":"ListItem","position":1,"name":"In\u00edcio","item":"https:\/\/www.correiobraziliense.com.br\/cbradar\/"},{"@type":"ListItem","position":2,"name":"Confira o calend\u00e1rio de pagamentos do P\u00e9-de-Meia em abril"}]},{"@type":"WebSite","@id":"https:\/\/www.correiobraziliense.com.br\/cbradar\/#website","url":"https:\/\/www.correiobraziliense.com.br\/cbradar\/","name":"Correio Braziliense - Radar","description":"Acompanhe as \u00faltimas not\u00edcias e fique bem informado sobre tudo o que acontece no Brasil e no mundo.","potentialAction":[{"@type":"SearchAction","target":{"@type":"EntryPoint","urlTemplate":"https:\/\/www.correiobraziliense.com.br\/cbradar\/?s={search_term_string}"},"query-input":{"@type":"PropertyValueSpecification","valueRequired":true,"valueName":"search_term_string"}}],"inLanguage":"pt-BR"},{"@type":"Person","@id":"https:\/\/www.correiobraziliense.com.br\/cbradar\/#\/schema\/person\/4053c651a9bfc785afc6f4cbc9032fd3","name":"Maura Pereira","image":{"@type":"ImageObject","inLanguage":"pt-BR","@id":"https:\/\/www.correiobraziliense.com.br\/cbradar\/#\/schema\/person\/image\/","url":"https:\/\/secure.gravatar.com\/avatar\/3effd6bdadfa447f15089c7f7144eaa6?s=96&d=mm&r=g","contentUrl":"https:\/\/secure.gravatar.com\/avatar\/3effd6bdadfa447f15089c7f7144eaa6?s=96&d=mm&r=g","caption":"Maura Pereira"},"sameAs":["https:\/\/www.correiobraziliense.com.br\/"],"url":"https:\/\/www.correiobraziliense.com.br\/cbradar\/author\/mauramyth\/"}]}},"_links":{"self":[{"href":"https:\/\/www.correiobraziliense.com.br\/cbradar\/wp-json\/wp\/v2\/posts\/25744","targetHints":{"allow":["GET"]}}],"collection":[{"href":"https:\/\/www.correiobraziliense.com.br\/cbradar\/wp-json\/wp\/v2\/posts"}],"about":[{"href":"https:\/\/www.correiobraziliense.com.br\/cbradar\/wp-json\/wp\/v2\/types\/post"}],"author":[{"embeddable":true,"href":"https:\/\/www.correiobraziliense.com.br\/cbradar\/wp-json\/wp\/v2\/users\/8"}],"replies":[{"embeddable":true,"href":"https:\/\/www.correiobraziliense.com.br\/cbradar\/wp-json\/wp\/v2\/comments?post=25744"}],"version-history":[{"count":9,"href":"https:\/\/www.correiobraziliense.com.br\/cbradar\/wp-json\/wp\/v2\/posts\/25744\/revisions"}],"predecessor-version":[{"id":25759,"href":"https:\/\/www.correiobraziliense.com.br\/cbradar\/wp-json\/wp\/v2\/posts\/25744\/revisions\/25759"}],"wp:featuredmedia":[{"embeddable":true,"href":"https:\/\/www.correiobraziliense.com.br\/cbradar\/wp-json\/wp\/v2\/media\/25755"}],"wp:attachment":[{"href":"https:\/\/www.correiobraziliense.com.br\/cbradar\/wp-json\/wp\/v2\/media?parent=25744"}],"wp:term":[{"taxonomy":"category","embeddable":true,"href":"https:\/\/www.correiobraziliense.com.br\/cbradar\/wp-json\/wp\/v2\/categories?post=25744"},{"taxonomy":"post_tag","embeddable":true,"href":"https:\/\/www.correiobraziliense.com.br\/cbradar\/wp-json\/wp\/v2\/post_tag?post=25744"}],"curies":[{"name":"wp","href":"https:\/\/api.w.org\/{rel}","templated":true}]}}