{"id":25794,"date":"2025-04-20T10:10:00","date_gmt":"2025-04-20T13:10:00","guid":{"rendered":"https:\/\/www.correiobraziliense.com.br\/cbradar\/?p=25794"},"modified":"2025-04-19T00:50:23","modified_gmt":"2025-04-19T03:50:23","slug":"5-opcoes-ideais-para-plantar-no-outono-e-colher-em-casa","status":"publish","type":"post","link":"https:\/\/www.correiobraziliense.com.br\/cbradar\/5-opcoes-ideais-para-plantar-no-outono-e-colher-em-casa\/","title":{"rendered":"5 op\u00e7\u00f5es ideais para plantar no outono e colher em casa"},"content":{"rendered":"\n<p>O outono \u00e9 uma esta\u00e7\u00e3o ideal para iniciar o cultivo de v\u00e1rias <a href=\"https:\/\/www.correiobraziliense.com.br\/cbradar\/como-ter-salsao-fresquinho-e-crocante-na-sua-horta\/\" target=\"_blank\" rel=\"noreferrer noopener\">hortali\u00e7as <\/a>e legumes, j\u00e1 que as temperaturas amenas favorecem o desenvolvimento das plantas e reduzem a incid\u00eancia de pragas. Se voc\u00ea quer montar ou renovar sua horta nessa \u00e9poca do ano, confira <strong>5 op\u00e7\u00f5es f\u00e1ceis e produtivas<\/strong> para plantar no outono e garantir colheitas saborosas nos pr\u00f3ximos meses.<\/p>\n\n\n\n<h2 class=\"wp-block-heading\">1. <strong>Alface<\/strong><\/h2>\n\n\n\n<p>A alface \u00e9 uma das hortali\u00e7as mais populares e simples de cultivar, especialmente durante o outono, quando o clima mais fresco evita o florescimento precoce (espigamento).<\/p>\n\n\n\n<ul class=\"wp-block-list\">\n<li><strong>Tipo de solo<\/strong>: F\u00e9rtil, bem drenado e rico em mat\u00e9ria org\u00e2nica.<\/li>\n\n\n\n<li><strong>Plantio<\/strong>: Direto ou por mudas.<\/li>\n\n\n\n<li><strong>Regas<\/strong>: Frequentes, mantendo o solo \u00famido.<\/li>\n\n\n\n<li><strong>Colheita<\/strong>: 30 a 45 dias ap\u00f3s o plantio.<\/li>\n<\/ul>\n\n\n\n<p>Dica: Escolha variedades como alface americana, crespa ou romana, que se adaptam bem ao clima outonal.<\/p>\n\n\n\n<h2 class=\"wp-block-heading\">2. <strong>Cenoura<\/strong><\/h2>\n\n\n\n<p>A cenoura \u00e9 perfeita para o outono, pois o frio suave favorece o desenvolvimento das ra\u00edzes, deixando-as mais doces e saborosas.<\/p>\n\n\n\n<ul class=\"wp-block-list\">\n<li><strong>Tipo de solo<\/strong>: Solto, profundo e bem preparado, sem pedras.<\/li>\n\n\n\n<li><strong>Plantio<\/strong>: Direto na terra, com espa\u00e7amento de 20 cm.<\/li>\n\n\n\n<li><strong>Regas<\/strong>: Regulares, sem encharcar.<\/li>\n\n\n\n<li><strong>Colheita<\/strong>: De 70 a 100 dias.<\/li>\n<\/ul>\n\n\n\n<p>Dica: Evite solos compactados, que dificultam o crescimento das ra\u00edzes.<\/p>\n\n\n\n<h2 class=\"wp-block-heading\">3. <strong>Espinafre<\/strong><\/h2>\n\n\n\n<p>O espinafre \u00e9 uma hortali\u00e7a rica em ferro e muito produtiva no outono. Cresce bem em temperaturas amenas e \u00e9 \u00f3timo para pequenos espa\u00e7os.<\/p>\n\n\n\n<ul class=\"wp-block-list\">\n<li><strong>Tipo de solo<\/strong>: Rico em mat\u00e9ria org\u00e2nica e bem drenado.<\/li>\n\n\n\n<li><strong>Plantio<\/strong>: Direto ou por mudas.<\/li>\n\n\n\n<li><strong>Regas<\/strong>: Regulares, sem excesso.<\/li>\n\n\n\n<li><strong>Colheita<\/strong>: 40 a 60 dias ap\u00f3s o plantio.<\/li>\n<\/ul>\n\n\n\n<p>Dica: Colha as folhas maiores primeiro e deixe as menores para continuarem crescendo.<\/p>\n\n\n\n<h2 class=\"wp-block-heading\">4. <strong>Rabanete<\/strong><\/h2>\n\n\n\n<p>De crescimento r\u00e1pido, o rabanete \u00e9 excelente para quem busca colheita em pouco tempo. Ele se desenvolve melhor em climas mais frios, como o do outono.<\/p>\n\n\n\n<ul class=\"wp-block-list\">\n<li><strong>Tipo de solo<\/strong>: Firme, bem drenado e sem torr\u00f5es.<\/li>\n\n\n\n<li><strong>Plantio<\/strong>: Direto, em fileiras.<\/li>\n\n\n\n<li><strong>Regas<\/strong>: Frequentes para n\u00e3o endurecer a raiz.<\/li>\n\n\n\n<li><strong>Colheita<\/strong>: Em cerca de 30 dias.<\/li>\n<\/ul>\n\n\n\n<p>Dica: Ideal para iniciantes, pois exige poucos cuidados e d\u00e1 retorno r\u00e1pido.<\/p>\n\n\n<div class=\"wp-block-image\">\n<figure class=\"aligncenter size-large\"><img decoding=\"async\" width=\"1024\" height=\"576\" src=\"https:\/\/www.correiobraziliense.com.br\/cbradar\/wp-content\/uploads\/2025\/03\/Rabanetes_1740860168710-1024x576.jpg\" alt=\"Rabanete na alimenta\u00e7\u00e3o! Deliciosas formas de consumir rabanete branco e roxo\" class=\"wp-image-8223\" srcset=\"https:\/\/www.correiobraziliense.com.br\/cbradar\/wp-content\/uploads\/2025\/03\/Rabanetes_1740860168710-1024x576.jpg 1024w, https:\/\/www.correiobraziliense.com.br\/cbradar\/wp-content\/uploads\/2025\/03\/Rabanetes_1740860168710-300x169.jpg 300w, https:\/\/www.correiobraziliense.com.br\/cbradar\/wp-content\/uploads\/2025\/03\/Rabanetes_1740860168710-768x432.jpg 768w, https:\/\/www.correiobraziliense.com.br\/cbradar\/wp-content\/uploads\/2025\/03\/Rabanetes_1740860168710-750x422.jpg 750w, https:\/\/www.correiobraziliense.com.br\/cbradar\/wp-content\/uploads\/2025\/03\/Rabanetes_1740860168710-1140x641.jpg 1140w, https:\/\/www.correiobraziliense.com.br\/cbradar\/wp-content\/uploads\/2025\/03\/Rabanetes_1740860168710.jpg 1280w\" sizes=\"(max-width: 1024px) 100vw, 1024px\" \/><figcaption class=\"wp-element-caption\">Rabanetes &#8211; Cr\u00e9ditos: depositphotos.com \/ stevanovicigor<\/figcaption><\/figure><\/div>\n\n\n<h2 class=\"wp-block-heading\">5. <strong>Couve<\/strong><\/h2>\n\n\n\n<p>A couve \u00e9 resistente ao frio e se desenvolve bem no outono. \u00c9 uma hortali\u00e7a perene que pode ser colhida v\u00e1rias vezes ao longo do ano.<\/p>\n\n\n\n<ul class=\"wp-block-list\">\n<li><strong>Tipo de solo<\/strong>: Rico em mat\u00e9ria org\u00e2nica e com boa drenagem.<\/li>\n\n\n\n<li><strong>Plantio<\/strong>: Por mudas ou estacas.<\/li>\n\n\n\n<li><strong>Regas<\/strong>: Regulares, sem encharcar.<\/li>\n\n\n\n<li><strong>Colheita<\/strong>: A partir de 60 dias e continuamente ap\u00f3s o corte das folhas.<\/li>\n<\/ul>\n\n\n\n<p>Dica: Colha sempre as folhas externas, preservando o centro para a planta continuar se desenvolvendo.<\/p>\n\n\n\n<h2 class=\"wp-block-heading\">Benef\u00edcios de plantar no outono<\/h2>\n\n\n\n<ul class=\"wp-block-list\">\n<li><strong>Menor incid\u00eancia de pragas<\/strong>: O clima mais fresco reduz o ataque de insetos.<\/li>\n\n\n\n<li><strong>Menos regas<\/strong>: A evapora\u00e7\u00e3o \u00e9 menor, o que ajuda a manter a umidade do solo.<\/li>\n\n\n\n<li><strong>Produ\u00e7\u00e3o saud\u00e1vel<\/strong>: As hortali\u00e7as crescem mais vigorosas e saborosas.<\/li>\n\n\n\n<li><strong>Aproveitamento do clima<\/strong>: As noites mais frias e os dias amenos favorecem muitas esp\u00e9cies.<\/li>\n<\/ul>\n\n\n\n<h2 class=\"wp-block-heading\">Dicas para ter sucesso na horta de outono<\/h2>\n\n\n\n<ul class=\"wp-block-list\">\n<li><strong>Adube bem o solo antes do plantio<\/strong>. Use compostagem ou h\u00famus de minhoca.<\/li>\n\n\n\n<li><strong>Escolha locais com boa luminosidade<\/strong>, com pelo menos 4 horas de sol por dia.<\/li>\n\n\n\n<li><strong>Controle o excesso de umidade<\/strong>, principalmente em regi\u00f5es com chuvas frequentes.<\/li>\n\n\n\n<li><strong>Use cobertura morta (palha ou folhas secas)<\/strong> para manter o solo protegido e \u00famido por mais tempo.<\/li>\n<\/ul>\n\n\n\n<h2 class=\"wp-block-heading\">Considera\u00e7\u00f5es<\/h2>\n\n\n\n<p>O outono \u00e9 uma das melhores \u00e9pocas do ano para quem quer come\u00e7ar ou intensificar o cultivo de hortali\u00e7as. Com essas <strong>5 op\u00e7\u00f5es f\u00e1ceis e produtivas<\/strong>, sua horta vai render alimentos frescos, saud\u00e1veis e saborosos. Aproveite a esta\u00e7\u00e3o e plante mais!<\/p>\n","protected":false},"excerpt":{"rendered":"<p>O outono \u00e9 uma esta\u00e7\u00e3o ideal para iniciar o cultivo de v\u00e1rias hortali\u00e7as e legumes, j\u00e1 que as temperaturas amenas favorecem o desenvolvimento das plantas e reduzem a incid\u00eancia de pragas. Se voc\u00ea quer montar ou renovar sua horta nessa \u00e9poca do ano, confira 5 op\u00e7\u00f5es f\u00e1ceis e produtivas para plantar no outono e garantir [&hellip;]<\/p>\n","protected":false},"author":9,"featured_media":8504,"comment_status":"open","ping_status":"open","sticky":false,"template":"","format":"standard","meta":{"_yoast_wpseo_focuskw":"o que plantar no outono","_yoast_wpseo_title":"%%title%% %%page%%","_yoast_wpseo_metadesc":"Veja 5 op\u00e7\u00f5es de hortali\u00e7as para plantar no outono com facilidade e colheita garantida mesmo em pequenos espa\u00e7os.","jnews-multi-image_gallery":[],"jnews_single_post":{"format":"standard"},"jnews_primary_category":[],"jnews_social_meta":[],"jnews_override_counter":[],"footnotes":""},"categories":[136],"post_tag":[3579,3576,3578,3577],"class_list":["post-25794","post","type-post","status-publish","format-standard","has-post-thumbnail","hentry","category-jardinagem","tag-cultivo-facil-em-casa","tag-horta-no-outono","tag-hortalicas-de-outono","tag-o-que-plantar-no-frio"],"yoast_head":"<!-- This site is optimized with the Yoast SEO plugin v24.6 - https:\/\/yoast.com\/wordpress\/plugins\/seo\/ -->\n<title>5 op\u00e7\u00f5es ideais para plantar no outono e colher em casa<\/title>\n<meta name=\"description\" content=\"Veja 5 op\u00e7\u00f5es de hortali\u00e7as para plantar no outono com facilidade e colheita garantida mesmo em pequenos espa\u00e7os.\" \/>\n<meta name=\"robots\" content=\"index, follow, max-snippet:-1, max-image-preview:large, max-video-preview:-1\" \/>\n<link rel=\"canonical\" href=\"https:\/\/www.correiobraziliense.com.br\/cbradar\/5-opcoes-ideais-para-plantar-no-outono-e-colher-em-casa\/\" \/>\n<meta property=\"og:locale\" content=\"pt_BR\" \/>\n<meta property=\"og:type\" content=\"article\" \/>\n<meta property=\"og:title\" content=\"5 op\u00e7\u00f5es ideais para plantar no outono e colher em casa\" \/>\n<meta property=\"og:description\" content=\"Veja 5 op\u00e7\u00f5es de hortali\u00e7as para plantar no outono com facilidade e colheita garantida mesmo em pequenos espa\u00e7os.\" \/>\n<meta property=\"og:url\" content=\"https:\/\/www.correiobraziliense.com.br\/cbradar\/5-opcoes-ideais-para-plantar-no-outono-e-colher-em-casa\/\" \/>\n<meta property=\"og:site_name\" content=\"Correio Braziliense - Radar\" \/>\n<meta property=\"article:published_time\" content=\"2025-04-20T13:10:00+00:00\" \/>\n<meta property=\"og:image\" content=\"https:\/\/www.correiobraziliense.com.br\/cbradar\/wp-content\/uploads\/2025\/03\/cenouras_1741022394577.jpg\" \/>\n\t<meta property=\"og:image:width\" content=\"1280\" \/>\n\t<meta property=\"og:image:height\" content=\"720\" \/>\n\t<meta property=\"og:image:type\" content=\"image\/jpeg\" \/>\n<meta name=\"author\" content=\"Daniely Cardoso\" \/>\n<meta name=\"twitter:card\" content=\"summary_large_image\" \/>\n<meta name=\"twitter:label1\" content=\"Escrito por\" \/>\n\t<meta name=\"twitter:data1\" content=\"Daniely Cardoso\" \/>\n\t<meta name=\"twitter:label2\" content=\"Est. tempo de leitura\" \/>\n\t<meta name=\"twitter:data2\" content=\"4 minutos\" \/>\n<!-- \/ Yoast SEO plugin. -->","yoast_head_json":{"title":"5 op\u00e7\u00f5es ideais para plantar no outono e colher em casa","description":"Veja 5 op\u00e7\u00f5es de hortali\u00e7as para plantar no outono com facilidade e colheita garantida mesmo em pequenos espa\u00e7os.","robots":{"index":"index","follow":"follow","max-snippet":"max-snippet:-1","max-image-preview":"max-image-preview:large","max-video-preview":"max-video-preview:-1"},"canonical":"https:\/\/www.correiobraziliense.com.br\/cbradar\/5-opcoes-ideais-para-plantar-no-outono-e-colher-em-casa\/","og_locale":"pt_BR","og_type":"article","og_title":"5 op\u00e7\u00f5es ideais para plantar no outono e colher em casa","og_description":"Veja 5 op\u00e7\u00f5es de hortali\u00e7as para plantar no outono com facilidade e colheita garantida mesmo em pequenos espa\u00e7os.","og_url":"https:\/\/www.correiobraziliense.com.br\/cbradar\/5-opcoes-ideais-para-plantar-no-outono-e-colher-em-casa\/","og_site_name":"Correio Braziliense - Radar","article_published_time":"2025-04-20T13:10:00+00:00","og_image":[{"width":1280,"height":720,"url":"https:\/\/www.correiobraziliense.com.br\/cbradar\/wp-content\/uploads\/2025\/03\/cenouras_1741022394577.jpg","type":"image\/jpeg"}],"author":"Daniely Cardoso","twitter_card":"summary_large_image","twitter_misc":{"Escrito por":"Daniely Cardoso","Est. tempo de leitura":"4 minutos"},"schema":{"@context":"https:\/\/schema.org","@graph":[{"@type":"WebPage","@id":"https:\/\/www.correiobraziliense.com.br\/cbradar\/5-opcoes-ideais-para-plantar-no-outono-e-colher-em-casa\/","url":"https:\/\/www.correiobraziliense.com.br\/cbradar\/5-opcoes-ideais-para-plantar-no-outono-e-colher-em-casa\/","name":"5 op\u00e7\u00f5es ideais para plantar no outono e colher em casa","isPartOf":{"@id":"https:\/\/www.correiobraziliense.com.br\/cbradar\/#website"},"primaryImageOfPage":{"@id":"https:\/\/www.correiobraziliense.com.br\/cbradar\/5-opcoes-ideais-para-plantar-no-outono-e-colher-em-casa\/#primaryimage"},"image":{"@id":"https:\/\/www.correiobraziliense.com.br\/cbradar\/5-opcoes-ideais-para-plantar-no-outono-e-colher-em-casa\/#primaryimage"},"thumbnailUrl":"https:\/\/www.correiobraziliense.com.br\/cbradar\/wp-content\/uploads\/2025\/03\/cenouras_1741022394577.jpg","datePublished":"2025-04-20T13:10:00+00:00","author":{"@id":"https:\/\/www.correiobraziliense.com.br\/cbradar\/#\/schema\/person\/7356666e12ec0ee53f348ee5db227032"},"description":"Veja 5 op\u00e7\u00f5es de hortali\u00e7as para plantar no outono com facilidade e colheita garantida mesmo em pequenos espa\u00e7os.","breadcrumb":{"@id":"https:\/\/www.correiobraziliense.com.br\/cbradar\/5-opcoes-ideais-para-plantar-no-outono-e-colher-em-casa\/#breadcrumb"},"inLanguage":"pt-BR","potentialAction":[{"@type":"ReadAction","target":["https:\/\/www.correiobraziliense.com.br\/cbradar\/5-opcoes-ideais-para-plantar-no-outono-e-colher-em-casa\/"]}]},{"@type":"ImageObject","inLanguage":"pt-BR","@id":"https:\/\/www.correiobraziliense.com.br\/cbradar\/5-opcoes-ideais-para-plantar-no-outono-e-colher-em-casa\/#primaryimage","url":"https:\/\/www.correiobraziliense.com.br\/cbradar\/wp-content\/uploads\/2025\/03\/cenouras_1741022394577.jpg","contentUrl":"https:\/\/www.correiobraziliense.com.br\/cbradar\/wp-content\/uploads\/2025\/03\/cenouras_1741022394577.jpg","width":1280,"height":720,"caption":"Cenoura - Cr\u00e9ditos: depositphotos.com \/ merc67"},{"@type":"BreadcrumbList","@id":"https:\/\/www.correiobraziliense.com.br\/cbradar\/5-opcoes-ideais-para-plantar-no-outono-e-colher-em-casa\/#breadcrumb","itemListElement":[{"@type":"ListItem","position":1,"name":"In\u00edcio","item":"https:\/\/www.correiobraziliense.com.br\/cbradar\/"},{"@type":"ListItem","position":2,"name":"5 op\u00e7\u00f5es ideais para plantar no outono e colher em casa"}]},{"@type":"WebSite","@id":"https:\/\/www.correiobraziliense.com.br\/cbradar\/#website","url":"https:\/\/www.correiobraziliense.com.br\/cbradar\/","name":"Correio Braziliense - Radar","description":"Acompanhe as \u00faltimas not\u00edcias e fique bem informado sobre tudo o que acontece no Brasil e no mundo.","potentialAction":[{"@type":"SearchAction","target":{"@type":"EntryPoint","urlTemplate":"https:\/\/www.correiobraziliense.com.br\/cbradar\/?s={search_term_string}"},"query-input":{"@type":"PropertyValueSpecification","valueRequired":true,"valueName":"search_term_string"}}],"inLanguage":"pt-BR"},{"@type":"Person","@id":"https:\/\/www.correiobraziliense.com.br\/cbradar\/#\/schema\/person\/7356666e12ec0ee53f348ee5db227032","name":"Daniely Cardoso","image":{"@type":"ImageObject","inLanguage":"pt-BR","@id":"https:\/\/www.correiobraziliense.com.br\/cbradar\/#\/schema\/person\/image\/","url":"https:\/\/secure.gravatar.com\/avatar\/4b80ddbd124d1f071b626d52d62e5dff?s=96&d=mm&r=g","contentUrl":"https:\/\/secure.gravatar.com\/avatar\/4b80ddbd124d1f071b626d52d62e5dff?s=96&d=mm&r=g","caption":"Daniely Cardoso"},"description":"Redatora nos portais CB Radar e EM Foco, formada pela Universidade Federal de Goi\u00e1s, em Goi\u00e2nia. Apaixonada por comunica\u00e7\u00e3o, arte, decora\u00e7\u00e3o e tend\u00eancias, atuo na produ\u00e7\u00e3o de conte\u00fados envolventes sobre curiosidades, moda, beleza e paisagismo, sempre com um olhar atento \u00e0s novidades do momento.","sameAs":["https:\/\/www.correiobraziliense.com.br\/cbradar"],"url":"https:\/\/www.correiobraziliense.com.br\/cbradar\/author\/danielymyth\/"}]}},"_links":{"self":[{"href":"https:\/\/www.correiobraziliense.com.br\/cbradar\/wp-json\/wp\/v2\/posts\/25794","targetHints":{"allow":["GET"]}}],"collection":[{"href":"https:\/\/www.correiobraziliense.com.br\/cbradar\/wp-json\/wp\/v2\/posts"}],"about":[{"href":"https:\/\/www.correiobraziliense.com.br\/cbradar\/wp-json\/wp\/v2\/types\/post"}],"author":[{"embeddable":true,"href":"https:\/\/www.correiobraziliense.com.br\/cbradar\/wp-json\/wp\/v2\/users\/9"}],"replies":[{"embeddable":true,"href":"https:\/\/www.correiobraziliense.com.br\/cbradar\/wp-json\/wp\/v2\/comments?post=25794"}],"version-history":[{"count":3,"href":"https:\/\/www.correiobraziliense.com.br\/cbradar\/wp-json\/wp\/v2\/posts\/25794\/revisions"}],"predecessor-version":[{"id":25807,"href":"https:\/\/www.correiobraziliense.com.br\/cbradar\/wp-json\/wp\/v2\/posts\/25794\/revisions\/25807"}],"wp:featuredmedia":[{"embeddable":true,"href":"https:\/\/www.correiobraziliense.com.br\/cbradar\/wp-json\/wp\/v2\/media\/8504"}],"wp:attachment":[{"href":"https:\/\/www.correiobraziliense.com.br\/cbradar\/wp-json\/wp\/v2\/media?parent=25794"}],"wp:term":[{"taxonomy":"category","embeddable":true,"href":"https:\/\/www.correiobraziliense.com.br\/cbradar\/wp-json\/wp\/v2\/categories?post=25794"},{"taxonomy":"post_tag","embeddable":true,"href":"https:\/\/www.correiobraziliense.com.br\/cbradar\/wp-json\/wp\/v2\/post_tag?post=25794"}],"curies":[{"name":"wp","href":"https:\/\/api.w.org\/{rel}","templated":true}]}}