{"id":25849,"date":"2025-04-20T07:23:00","date_gmt":"2025-04-20T10:23:00","guid":{"rendered":"https:\/\/www.correiobraziliense.com.br\/cbradar\/?p=25849"},"modified":"2025-04-19T09:24:40","modified_gmt":"2025-04-19T12:24:40","slug":"toy-story-5-deve-ter-foco-em-outro-personagem-veja-detalhes","status":"publish","type":"post","link":"https:\/\/www.correiobraziliense.com.br\/cbradar\/toy-story-5-deve-ter-foco-em-outro-personagem-veja-detalhes\/","title":{"rendered":"Toy Story 5 deve ter foco em outro personagem, veja detalhes"},"content":{"rendered":"\n<p>A franquia &#8216;<strong>Toy Story<\/strong>&#8216; tem encantado gera\u00e7\u00f5es desde seu lan\u00e7amento inicial em 1995. Com a confirma\u00e7\u00e3o de &#8216;<strong>Toy Story 5<\/strong>&#8216;, os f\u00e3s est\u00e3o ansiosos para descobrir o que o pr\u00f3ximo cap\u00edtulo reserva para seus personagens favoritos. O filme, que tem estreia prevista para 18 de junho de 2026, promete trazer novas aventuras e desafios para <strong>Woody<\/strong>, <strong>Buzz Lightyear<\/strong> e o resto da turma.<\/p>\n\n\n\n<p>De acordo com informa\u00e7\u00f5es divulgadas, a personagem <strong>Jessie<\/strong>, dublada por <strong>Joan Cusack<\/strong>, ter\u00e1 um papel central na trama. Introduzida em &#8216;<strong>Toy Story 2<\/strong>&#8216;, Jessie rapidamente se tornou uma das favoritas do p\u00fablico, e sua import\u00e2ncia na nova sequ\u00eancia parece ser um dos pontos altos do filme. Tim Allen, que empresta sua voz a Buzz Lightyear, j\u00e1 deu algumas pistas sobre o enredo, sugerindo que a hist\u00f3ria ser\u00e1 repleta de emo\u00e7\u00e3o e a\u00e7\u00e3o.<\/p>\n\n\n\n<h2 class=\"wp-block-heading\">Qual ser\u00e1 o papel de Jessie em &#8216;Toy Story 5&#8217;?<\/h2>\n\n\n\n<p>Jessie, a vaqueira destemida, sempre foi um s\u00edmbolo de coragem e amizade na s\u00e9rie. Em &#8216;Toy Story 5&#8217;, ela enfrentar\u00e1 novos desafios que exigir\u00e3o n\u00e3o apenas sua bravura, mas tamb\u00e9m a ajuda de seus amigos. Tim Allen mencionou que Jessie estar\u00e1 em apuros, o que sugere que a trama pode girar em torno de um resgate ou uma miss\u00e3o para salv\u00e1-la.<\/p>\n\n\n\n<p>Al\u00e9m disso, a din\u00e2mica entre Jessie, Woody e Buzz promete ser um dos elementos centrais do filme. A rela\u00e7\u00e3o entre esses personagens sempre foi um dos pilares da franquia, e v\u00ea-los trabalhando juntos novamente certamente trar\u00e1 uma sensa\u00e7\u00e3o de nostalgia para os f\u00e3s de longa data.<\/p>\n\n\n\n<figure class=\"wp-block-image size-large\"><img decoding=\"async\" width=\"1024\" height=\"576\" src=\"https:\/\/www.correiobraziliense.com.br\/cbradar\/wp-content\/uploads\/2025\/04\/Toy-Story_1745065330302-1024x576.jpg\" alt=\"Toy Story 5 deve ter foco em outro personagem, veja detalhes\" class=\"wp-image-25852\" srcset=\"https:\/\/www.correiobraziliense.com.br\/cbradar\/wp-content\/uploads\/2025\/04\/Toy-Story_1745065330302-1024x576.jpg 1024w, https:\/\/www.correiobraziliense.com.br\/cbradar\/wp-content\/uploads\/2025\/04\/Toy-Story_1745065330302-300x169.jpg 300w, https:\/\/www.correiobraziliense.com.br\/cbradar\/wp-content\/uploads\/2025\/04\/Toy-Story_1745065330302-768x432.jpg 768w, https:\/\/www.correiobraziliense.com.br\/cbradar\/wp-content\/uploads\/2025\/04\/Toy-Story_1745065330302-750x422.jpg 750w, https:\/\/www.correiobraziliense.com.br\/cbradar\/wp-content\/uploads\/2025\/04\/Toy-Story_1745065330302-1140x641.jpg 1140w, https:\/\/www.correiobraziliense.com.br\/cbradar\/wp-content\/uploads\/2025\/04\/Toy-Story_1745065330302.jpg 1280w\" sizes=\"(max-width: 1024px) 100vw, 1024px\" \/><figcaption class=\"wp-element-caption\">Toy Story. Cr\u00e9ditos: depositphotos.com \/ funfunphoto<\/figcaption><\/figure>\n\n\n\n<h2 class=\"wp-block-heading\">Como a tecnologia influenciar\u00e1 a nova trama?<\/h2>\n\n\n\n<p>Um dos aspectos mais intrigantes de &#8216;Toy Story 5&#8217; \u00e9 a introdu\u00e7\u00e3o de um confronto entre os brinquedos e a tecnologia. Tim Allen mencionou que h\u00e1 algo muito intrigante envolvendo Buzz Lightyear, o que pode indicar que a tecnologia desempenhar\u00e1 um papel significativo na hist\u00f3ria. Essa abordagem n\u00e3o \u00e9 nova para a franquia, que j\u00e1 explorou temas de modernidade e obsolesc\u00eancia em filmes anteriores.<\/p>\n\n\n\n<p>Com a dire\u00e7\u00e3o de Andrew Stanton, conhecido por seu trabalho em &#8216;Wall-E&#8217; e &#8216;Procurando Nemo&#8217;, \u00e9 esperado que o filme traga uma narrativa envolvente e visualmente impressionante. Stanton tem um hist\u00f3rico de criar hist\u00f3rias que combinam emo\u00e7\u00e3o e inova\u00e7\u00e3o, o que pode elevar ainda mais o n\u00edvel da franquia.<\/p>\n\n\n\n<iframe loading=\"lazy\" width=\"560\" height=\"315\" src=\"https:\/\/www.youtube.com\/embed\/F8N0-ViM254?si=eNtzkEmdhcTJ47_H\" title=\"YouTube video player\" frameborder=\"0\" allow=\"accelerometer; autoplay; clipboard-write; encrypted-media; gyroscope; picture-in-picture; web-share\" referrerpolicy=\"strict-origin-when-cross-origin\" allowfullscreen><\/iframe>\n\n\n\n<h2 class=\"wp-block-heading\">Quais s\u00e3o as expectativas para o lan\u00e7amento?<\/h2>\n\n\n\n<p>O lan\u00e7amento de &#8216;Toy Story 5&#8217; \u00e9 aguardado com grande expectativa, n\u00e3o apenas pelos f\u00e3s, mas tamb\u00e9m pela cr\u00edtica. A s\u00e9rie tem um hist\u00f3rico de sucesso tanto comercial quanto cr\u00edtico, e h\u00e1 uma expectativa de que o novo filme mantenha esse legado. Com o retorno de Tim Allen e Tom Hanks, a qu\u00edmica entre os personagens principais est\u00e1 garantida, o que deve agradar tanto aos novos espectadores quanto aos f\u00e3s de longa data.<\/p>\n\n\n\n<p>Al\u00e9m disso, a promessa de uma cena de abertura &#8220;inacredit\u00e1vel&#8221; com Buzz Lightyear j\u00e1 est\u00e1 gerando burburinho entre os f\u00e3s. Essa cena pode definir o tom do filme e estabelecer as bases para a nova aventura que est\u00e1 por vir.<\/p>\n\n\n\n<h2 class=\"wp-block-heading\">Pr\u00f3ximos passos<\/h2>\n\n\n\n<p>Com a data de lan\u00e7amento se aproximando, &#8216;Toy Story 5&#8217; promete ser uma adi\u00e7\u00e3o emocionante \u00e0 amada franquia. A \u00eanfase em Jessie, o confronto com a tecnologia e a dire\u00e7\u00e3o de Andrew Stanton s\u00e3o elementos que indicam uma hist\u00f3ria rica e envolvente. \u00c0 medida que mais detalhes s\u00e3o revelados, a expectativa s\u00f3 aumenta, e os f\u00e3s mal podem esperar para embarcar em mais uma jornada com Woody, Buzz e o resto da turma.<\/p>\n","protected":false},"excerpt":{"rendered":"<p>Toy Story 5 chega em 2026 com novas aventuras e desafios para os personagens favoritos. Confira as expectativas e detalhes revelados sobre o filme.<\/p>\n","protected":false},"author":3,"featured_media":25851,"comment_status":"open","ping_status":"open","sticky":false,"template":"","format":"standard","meta":{"_yoast_wpseo_focuskw":"Toy Story 5","_yoast_wpseo_title":"%%title%%","_yoast_wpseo_metadesc":"Toy Story 5 chega em 2026 com novas aventuras e desafios para os personagens favoritos. Confira as expectativas e detalhes revelados sobre o filme.","jnews-multi-image_gallery":[],"jnews_single_post":{"format":"standard"},"jnews_primary_category":[],"jnews_social_meta":[],"jnews_override_counter":[],"footnotes":""},"categories":[140],"post_tag":[568,3592],"class_list":["post-25849","post","type-post","status-publish","format-standard","has-post-thumbnail","hentry","category-entretenimento","tag-series-e-filmes","tag-toy-story"],"yoast_head":"<!-- This site is optimized with the Yoast SEO plugin v24.6 - https:\/\/yoast.com\/wordpress\/plugins\/seo\/ -->\n<title>Toy Story 5 deve ter foco em outro personagem, veja detalhes<\/title>\n<meta name=\"description\" content=\"Toy Story 5 chega em 2026 com novas aventuras e desafios para os personagens favoritos. Confira as expectativas e detalhes revelados sobre o filme.\" \/>\n<meta name=\"robots\" content=\"index, follow, max-snippet:-1, max-image-preview:large, max-video-preview:-1\" \/>\n<link rel=\"canonical\" href=\"https:\/\/www.correiobraziliense.com.br\/cbradar\/toy-story-5-deve-ter-foco-em-outro-personagem-veja-detalhes\/\" \/>\n<meta property=\"og:locale\" content=\"pt_BR\" \/>\n<meta property=\"og:type\" content=\"article\" \/>\n<meta property=\"og:title\" content=\"Toy Story 5 deve ter foco em outro personagem, veja detalhes\" \/>\n<meta property=\"og:description\" content=\"Toy Story 5 chega em 2026 com novas aventuras e desafios para os personagens favoritos. Confira as expectativas e detalhes revelados sobre o filme.\" \/>\n<meta property=\"og:url\" content=\"https:\/\/www.correiobraziliense.com.br\/cbradar\/toy-story-5-deve-ter-foco-em-outro-personagem-veja-detalhes\/\" \/>\n<meta property=\"og:site_name\" content=\"Correio Braziliense - Radar\" \/>\n<meta property=\"article:published_time\" content=\"2025-04-20T10:23:00+00:00\" \/>\n<meta property=\"og:image\" content=\"https:\/\/www.correiobraziliense.com.br\/cbradar\/wp-content\/uploads\/2025\/04\/Toy-Story_1745065300881.jpg\" \/>\n\t<meta property=\"og:image:width\" content=\"1280\" \/>\n\t<meta property=\"og:image:height\" content=\"720\" \/>\n\t<meta property=\"og:image:type\" content=\"image\/jpeg\" \/>\n<meta name=\"author\" content=\"Larissa Carvalho\" \/>\n<meta name=\"twitter:card\" content=\"summary_large_image\" \/>\n<meta name=\"twitter:label1\" content=\"Escrito por\" \/>\n\t<meta name=\"twitter:data1\" content=\"Larissa Carvalho\" \/>\n\t<meta name=\"twitter:label2\" content=\"Est. tempo de leitura\" \/>\n\t<meta name=\"twitter:data2\" content=\"4 minutos\" \/>\n<!-- \/ Yoast SEO plugin. -->","yoast_head_json":{"title":"Toy Story 5 deve ter foco em outro personagem, veja detalhes","description":"Toy Story 5 chega em 2026 com novas aventuras e desafios para os personagens favoritos. Confira as expectativas e detalhes revelados sobre o filme.","robots":{"index":"index","follow":"follow","max-snippet":"max-snippet:-1","max-image-preview":"max-image-preview:large","max-video-preview":"max-video-preview:-1"},"canonical":"https:\/\/www.correiobraziliense.com.br\/cbradar\/toy-story-5-deve-ter-foco-em-outro-personagem-veja-detalhes\/","og_locale":"pt_BR","og_type":"article","og_title":"Toy Story 5 deve ter foco em outro personagem, veja detalhes","og_description":"Toy Story 5 chega em 2026 com novas aventuras e desafios para os personagens favoritos. Confira as expectativas e detalhes revelados sobre o filme.","og_url":"https:\/\/www.correiobraziliense.com.br\/cbradar\/toy-story-5-deve-ter-foco-em-outro-personagem-veja-detalhes\/","og_site_name":"Correio Braziliense - Radar","article_published_time":"2025-04-20T10:23:00+00:00","og_image":[{"width":1280,"height":720,"url":"https:\/\/www.correiobraziliense.com.br\/cbradar\/wp-content\/uploads\/2025\/04\/Toy-Story_1745065300881.jpg","type":"image\/jpeg"}],"author":"Larissa Carvalho","twitter_card":"summary_large_image","twitter_misc":{"Escrito por":"Larissa Carvalho","Est. tempo de leitura":"4 minutos"},"schema":{"@context":"https:\/\/schema.org","@graph":[{"@type":"WebPage","@id":"https:\/\/www.correiobraziliense.com.br\/cbradar\/toy-story-5-deve-ter-foco-em-outro-personagem-veja-detalhes\/","url":"https:\/\/www.correiobraziliense.com.br\/cbradar\/toy-story-5-deve-ter-foco-em-outro-personagem-veja-detalhes\/","name":"Toy Story 5 deve ter foco em outro personagem, veja detalhes","isPartOf":{"@id":"https:\/\/www.correiobraziliense.com.br\/cbradar\/#website"},"primaryImageOfPage":{"@id":"https:\/\/www.correiobraziliense.com.br\/cbradar\/toy-story-5-deve-ter-foco-em-outro-personagem-veja-detalhes\/#primaryimage"},"image":{"@id":"https:\/\/www.correiobraziliense.com.br\/cbradar\/toy-story-5-deve-ter-foco-em-outro-personagem-veja-detalhes\/#primaryimage"},"thumbnailUrl":"https:\/\/www.correiobraziliense.com.br\/cbradar\/wp-content\/uploads\/2025\/04\/Toy-Story_1745065300881.jpg","datePublished":"2025-04-20T10:23:00+00:00","author":{"@id":"https:\/\/www.correiobraziliense.com.br\/cbradar\/#\/schema\/person\/58422787644df994b53a19d3e56c1513"},"description":"Toy Story 5 chega em 2026 com novas aventuras e desafios para os personagens favoritos. Confira as expectativas e detalhes revelados sobre o filme.","breadcrumb":{"@id":"https:\/\/www.correiobraziliense.com.br\/cbradar\/toy-story-5-deve-ter-foco-em-outro-personagem-veja-detalhes\/#breadcrumb"},"inLanguage":"pt-BR","potentialAction":[{"@type":"ReadAction","target":["https:\/\/www.correiobraziliense.com.br\/cbradar\/toy-story-5-deve-ter-foco-em-outro-personagem-veja-detalhes\/"]}]},{"@type":"ImageObject","inLanguage":"pt-BR","@id":"https:\/\/www.correiobraziliense.com.br\/cbradar\/toy-story-5-deve-ter-foco-em-outro-personagem-veja-detalhes\/#primaryimage","url":"https:\/\/www.correiobraziliense.com.br\/cbradar\/wp-content\/uploads\/2025\/04\/Toy-Story_1745065300881.jpg","contentUrl":"https:\/\/www.correiobraziliense.com.br\/cbradar\/wp-content\/uploads\/2025\/04\/Toy-Story_1745065300881.jpg","width":1280,"height":720,"caption":"Toy Story. Cr\u00e9ditos: depositphotos.com \/ VIAVAL"},{"@type":"BreadcrumbList","@id":"https:\/\/www.correiobraziliense.com.br\/cbradar\/toy-story-5-deve-ter-foco-em-outro-personagem-veja-detalhes\/#breadcrumb","itemListElement":[{"@type":"ListItem","position":1,"name":"In\u00edcio","item":"https:\/\/www.correiobraziliense.com.br\/cbradar\/"},{"@type":"ListItem","position":2,"name":"Toy Story 5 deve ter foco em outro personagem, veja detalhes"}]},{"@type":"WebSite","@id":"https:\/\/www.correiobraziliense.com.br\/cbradar\/#website","url":"https:\/\/www.correiobraziliense.com.br\/cbradar\/","name":"Correio Braziliense - Radar","description":"Acompanhe as \u00faltimas not\u00edcias e fique bem informado sobre tudo o que acontece no Brasil e no mundo.","potentialAction":[{"@type":"SearchAction","target":{"@type":"EntryPoint","urlTemplate":"https:\/\/www.correiobraziliense.com.br\/cbradar\/?s={search_term_string}"},"query-input":{"@type":"PropertyValueSpecification","valueRequired":true,"valueName":"search_term_string"}}],"inLanguage":"pt-BR"},{"@type":"Person","@id":"https:\/\/www.correiobraziliense.com.br\/cbradar\/#\/schema\/person\/58422787644df994b53a19d3e56c1513","name":"Larissa Carvalho","image":{"@type":"ImageObject","inLanguage":"pt-BR","@id":"https:\/\/www.correiobraziliense.com.br\/cbradar\/#\/schema\/person\/image\/","url":"https:\/\/secure.gravatar.com\/avatar\/fe4f91a0de32b52a838d0d612abdc1aa?s=96&d=mm&r=g","contentUrl":"https:\/\/secure.gravatar.com\/avatar\/fe4f91a0de32b52a838d0d612abdc1aa?s=96&d=mm&r=g","caption":"Larissa Carvalho"},"url":"https:\/\/www.correiobraziliense.com.br\/cbradar\/author\/larissamyth\/"}]}},"_links":{"self":[{"href":"https:\/\/www.correiobraziliense.com.br\/cbradar\/wp-json\/wp\/v2\/posts\/25849","targetHints":{"allow":["GET"]}}],"collection":[{"href":"https:\/\/www.correiobraziliense.com.br\/cbradar\/wp-json\/wp\/v2\/posts"}],"about":[{"href":"https:\/\/www.correiobraziliense.com.br\/cbradar\/wp-json\/wp\/v2\/types\/post"}],"author":[{"embeddable":true,"href":"https:\/\/www.correiobraziliense.com.br\/cbradar\/wp-json\/wp\/v2\/users\/3"}],"replies":[{"embeddable":true,"href":"https:\/\/www.correiobraziliense.com.br\/cbradar\/wp-json\/wp\/v2\/comments?post=25849"}],"version-history":[{"count":2,"href":"https:\/\/www.correiobraziliense.com.br\/cbradar\/wp-json\/wp\/v2\/posts\/25849\/revisions"}],"predecessor-version":[{"id":25853,"href":"https:\/\/www.correiobraziliense.com.br\/cbradar\/wp-json\/wp\/v2\/posts\/25849\/revisions\/25853"}],"wp:featuredmedia":[{"embeddable":true,"href":"https:\/\/www.correiobraziliense.com.br\/cbradar\/wp-json\/wp\/v2\/media\/25851"}],"wp:attachment":[{"href":"https:\/\/www.correiobraziliense.com.br\/cbradar\/wp-json\/wp\/v2\/media?parent=25849"}],"wp:term":[{"taxonomy":"category","embeddable":true,"href":"https:\/\/www.correiobraziliense.com.br\/cbradar\/wp-json\/wp\/v2\/categories?post=25849"},{"taxonomy":"post_tag","embeddable":true,"href":"https:\/\/www.correiobraziliense.com.br\/cbradar\/wp-json\/wp\/v2\/post_tag?post=25849"}],"curies":[{"name":"wp","href":"https:\/\/api.w.org\/{rel}","templated":true}]}}