{"id":25906,"date":"2025-04-20T15:30:00","date_gmt":"2025-04-20T18:30:00","guid":{"rendered":"https:\/\/www.correiobraziliense.com.br\/cbradar\/?p=25906"},"modified":"2025-04-24T13:19:12","modified_gmt":"2025-04-24T16:19:12","slug":"essa-serie-da-apple-tv-esta-com-100-de-aprovacao-e-vai-te-conquistar","status":"publish","type":"post","link":"https:\/\/www.correiobraziliense.com.br\/cbradar\/essa-serie-da-apple-tv-esta-com-100-de-aprovacao-e-vai-te-conquistar\/","title":{"rendered":"Essa s\u00e9rie da Apple TV+ est\u00e1 com 100% de aprova\u00e7\u00e3o e vai te conquistar"},"content":{"rendered":"\n<p><em>Mal da Fam\u00edlia<\/em> \u00e9 uma s\u00e9rie irlandesa que mistura com\u00e9dia e drama, criada por Sharon Horgan e baseada na produ\u00e7\u00e3o belga <em>Clan<\/em>. Dispon\u00edvel na Apple TV, a s\u00e9rie estreou em 2022 e j\u00e1 conta com duas temporadas completas. Com um humor afiado e uma narrativa envolvente, <em>Mal da Fam\u00edlia<\/em> se destaca como uma excelente escolha para quem busca um entretenimento de qualidade.<\/p>\n\n\n\n<p>Ideal para relaxar ap\u00f3s um dia exaustivo ou para maratonar no fim de semana, a s\u00e9rie oferece uma experi\u00eancia \u00fanica. Antes de come\u00e7ar a assistir, vale a pena explorar um pouco mais sobre o enredo e o elenco que tornam essa produ\u00e7\u00e3o t\u00e3o especial.<\/p>\n\n\n\n<h2 class=\"wp-block-heading\">Qual \u00e9 a hist\u00f3ria de &#8220;Mal da Fam\u00edlia&#8221;?<\/h2>\n\n\n\n<p>A trama de &#8220;Mal da Fam\u00edlia&#8221; gira em torno das irm\u00e3s <a href=\"https:\/\/masterdica.com\/serie-com-100-de-aprovacao-mal-da-familia\/\" target=\"_blank\" rel=\"noreferrer noopener\"><strong>Garvey<\/strong>: <strong>Eva<\/strong>, <strong>Ursula<\/strong>, <strong>Bibi <\/strong>e <strong>Becka<\/strong><\/a>. Desde a perda dos pais na juventude, elas mant\u00eam um forte la\u00e7o de uni\u00e3o e prote\u00e7\u00e3o m\u00fatua. No entanto, a din\u00e2mica familiar come\u00e7a a se complicar quando Grace, a quinta irm\u00e3, se casa com John Paul, um homem controlador e abusivo.<\/p>\n\n\n\n<p>Preocupadas com o bem-estar de Grace e frustradas com sua passividade, as irm\u00e3s decidem intervir. O que come\u00e7a como uma tentativa de ajudar a irm\u00e3 acaba se transformando em um plano ousado para remover John Paul de suas vidas de uma vez por todas.<\/p>\n\n\n\n<figure class=\"wp-block-image size-large\"><img decoding=\"async\" width=\"1024\" height=\"576\" src=\"https:\/\/www.correiobraziliense.com.br\/cbradar\/wp-content\/uploads\/2025\/04\/Mal-da-Familia-2-1024x576.png\" alt=\"Essa s\u00e9rie da Apple TV+ est\u00e1 com 100% de aprova\u00e7\u00e3o e vai te conquistar\" class=\"wp-image-25908\" srcset=\"https:\/\/www.correiobraziliense.com.br\/cbradar\/wp-content\/uploads\/2025\/04\/Mal-da-Familia-2-1024x576.png 1024w, https:\/\/www.correiobraziliense.com.br\/cbradar\/wp-content\/uploads\/2025\/04\/Mal-da-Familia-2-300x169.png 300w, https:\/\/www.correiobraziliense.com.br\/cbradar\/wp-content\/uploads\/2025\/04\/Mal-da-Familia-2-768x432.png 768w, https:\/\/www.correiobraziliense.com.br\/cbradar\/wp-content\/uploads\/2025\/04\/Mal-da-Familia-2-750x422.png 750w, https:\/\/www.correiobraziliense.com.br\/cbradar\/wp-content\/uploads\/2025\/04\/Mal-da-Familia-2-1140x641.png 1140w, https:\/\/www.correiobraziliense.com.br\/cbradar\/wp-content\/uploads\/2025\/04\/Mal-da-Familia-2.png 1280w\" sizes=\"(max-width: 1024px) 100vw, 1024px\" \/><figcaption class=\"wp-element-caption\">Mal de Fam\u00edlia. Fonte: divulga\u00e7\u00e3o \/ Apple TV+<\/figcaption><\/figure>\n\n\n\n<h2 class=\"wp-block-heading\">Quem comp\u00f5e o elenco de &#8220;Mal da Fam\u00edlia&#8221;?<\/h2>\n\n\n\n<p>O elenco de &#8220;Mal da Fam\u00edlia&#8221; \u00e9 composto por talentosos atores que trazem profundidade e autenticidade aos personagens. Sharon Horgan interpreta Eva, conhecida por seus pap\u00e9is em &#8220;A Noite de Jogo&#8221; (2018) e &#8220;O Peso do Talento&#8221; (2022). Eve Hewson, que d\u00e1 vida a Becka, tamb\u00e9m \u00e9 reconhecida por sua atua\u00e7\u00e3o em &#8220;Por Tr\u00e1s de Seus Olhos&#8221; (2021) e &#8220;O Casal Perfeito&#8221; (2024).<\/p>\n\n\n\n<p>Eva Birthistle assume o papel de Ursula, enquanto Sarah Greene interpreta Bibi. Claes Bang, conhecido por &#8220;O Homem do Norte&#8221; (2022), interpreta o antagonista John Paul. Juntos, eles formam um elenco coeso que contribui para o sucesso da s\u00e9rie.<\/p>\n\n\n\n<iframe loading=\"lazy\" width=\"560\" height=\"315\" src=\"https:\/\/www.youtube.com\/embed\/314qrO4nzFM?si=OZhVp8cJSvLRU7ms\" title=\"YouTube video player\" frameborder=\"0\" allow=\"accelerometer; autoplay; clipboard-write; encrypted-media; gyroscope; picture-in-picture; web-share\" referrerpolicy=\"strict-origin-when-cross-origin\" allowfullscreen><\/iframe>\n\n\n\n<h2 class=\"wp-block-heading\">Por que assistir &#8220;Mal da Fam\u00edlia&#8221; na Apple TV?<\/h2>\n\n\n\n<p>&#8220;Mal da Fam\u00edlia&#8221; est\u00e1 dispon\u00edvel na plataforma de streaming Apple TV, conhecida por suas produ\u00e7\u00f5es originais de alta qualidade. A s\u00e9rie oferece uma mistura \u00fanica de drama e com\u00e9dia, com personagens cativantes e uma narrativa envolvente. Para os f\u00e3s de hist\u00f3rias que exploram as complexidades das rela\u00e7\u00f5es familiares, esta s\u00e9rie \u00e9 uma escolha imperd\u00edvel.<\/p>\n\n\n\n<p>Al\u00e9m disso, a Apple TV continua a expandir seu cat\u00e1logo com conte\u00fados diversificados, tornando-se uma op\u00e7\u00e3o atraente para os espectadores que buscam novas experi\u00eancias de entretenimento. &#8220;Mal da Fam\u00edlia&#8221; \u00e9 um exemplo perfeito de como a plataforma combina qualidade e inova\u00e7\u00e3o em suas produ\u00e7\u00f5es.<\/p>\n\n\n\n<h2 class=\"wp-block-heading\">Onde encontrar mais dicas de s\u00e9ries?<\/h2>\n\n\n\n<p>Para aqueles que est\u00e3o sempre em busca de novas s\u00e9ries para assistir, \u00e9 poss\u00edvel encontrar dicas e recomenda\u00e7\u00f5es atualizadas em diversos sites e plataformas. Manter-se informado sobre as \u00faltimas novidades do mundo do entretenimento \u00e9 uma \u00f3tima maneira de descobrir novas hist\u00f3rias e ampliar o repert\u00f3rio de s\u00e9ries assistidas.<\/p>\n\n\n\n<p>Com a variedade de op\u00e7\u00f5es dispon\u00edveis, desde dramas intensos at\u00e9 com\u00e9dias leves, h\u00e1 sempre algo novo para explorar. &#8220;Mal da Fam\u00edlia&#8221; \u00e9 apenas uma das muitas s\u00e9ries que prometem entreter e emocionar o p\u00fablico.<\/p>\n","protected":false},"excerpt":{"rendered":"<p>A s\u00e9rie irlandesa Mal da Fam\u00edlia, dispon\u00edvel na Apple TV, oferece uma mistura \u00fanica de com\u00e9dia e drama. Girando em torno de quatro irm\u00e3s.<\/p>\n","protected":false},"author":3,"featured_media":25909,"comment_status":"open","ping_status":"open","sticky":false,"template":"","format":"standard","meta":{"_yoast_wpseo_focuskw":"s\u00e9rie apple tv aprova\u00e7\u00e3o","_yoast_wpseo_title":"%%title%%","_yoast_wpseo_metadesc":"A s\u00e9rie irlandesa Mal da Fam\u00edlia, dispon\u00edvel na Apple TV, oferece uma mistura \u00fanica de com\u00e9dia e drama. Girando em torno de quatro irm\u00e3s.","jnews-multi-image_gallery":[],"jnews_single_post":{"format":"standard"},"jnews_primary_category":[],"jnews_social_meta":[],"jnews_override_counter":[],"footnotes":""},"categories":[140],"post_tag":[3597,568],"class_list":["post-25906","post","type-post","status-publish","format-standard","has-post-thumbnail","hentry","category-entretenimento","tag-mal-de-familia","tag-series-e-filmes"],"yoast_head":"<!-- This site is optimized with the Yoast SEO plugin v24.6 - https:\/\/yoast.com\/wordpress\/plugins\/seo\/ -->\n<title>Essa s\u00e9rie da Apple TV+ est\u00e1 com 100% de aprova\u00e7\u00e3o e vai te conquistar<\/title>\n<meta name=\"description\" content=\"A s\u00e9rie irlandesa Mal da Fam\u00edlia, dispon\u00edvel na Apple TV, oferece uma mistura \u00fanica de com\u00e9dia e drama. Girando em torno de quatro irm\u00e3s.\" \/>\n<meta name=\"robots\" content=\"index, follow, max-snippet:-1, max-image-preview:large, max-video-preview:-1\" \/>\n<link rel=\"canonical\" href=\"https:\/\/www.correiobraziliense.com.br\/cbradar\/essa-serie-da-apple-tv-esta-com-100-de-aprovacao-e-vai-te-conquistar\/\" \/>\n<meta property=\"og:locale\" content=\"pt_BR\" \/>\n<meta property=\"og:type\" content=\"article\" \/>\n<meta property=\"og:title\" content=\"Essa s\u00e9rie da Apple TV+ est\u00e1 com 100% de aprova\u00e7\u00e3o e vai te conquistar\" \/>\n<meta property=\"og:description\" content=\"A s\u00e9rie irlandesa Mal da Fam\u00edlia, dispon\u00edvel na Apple TV, oferece uma mistura \u00fanica de com\u00e9dia e drama. Girando em torno de quatro irm\u00e3s.\" \/>\n<meta property=\"og:url\" content=\"https:\/\/www.correiobraziliense.com.br\/cbradar\/essa-serie-da-apple-tv-esta-com-100-de-aprovacao-e-vai-te-conquistar\/\" \/>\n<meta property=\"og:site_name\" content=\"Correio Braziliense - Radar\" \/>\n<meta property=\"article:published_time\" content=\"2025-04-20T18:30:00+00:00\" \/>\n<meta property=\"article:modified_time\" content=\"2025-04-24T16:19:12+00:00\" \/>\n<meta property=\"og:image\" content=\"https:\/\/www.correiobraziliense.com.br\/cbradar\/wp-content\/uploads\/2025\/04\/Mal-da-Familia.png\" \/>\n\t<meta property=\"og:image:width\" content=\"1280\" \/>\n\t<meta property=\"og:image:height\" content=\"720\" \/>\n\t<meta property=\"og:image:type\" content=\"image\/png\" \/>\n<meta name=\"author\" content=\"Larissa Carvalho\" \/>\n<meta name=\"twitter:card\" content=\"summary_large_image\" \/>\n<meta name=\"twitter:label1\" content=\"Escrito por\" \/>\n\t<meta name=\"twitter:data1\" content=\"Larissa Carvalho\" \/>\n\t<meta name=\"twitter:label2\" content=\"Est. tempo de leitura\" \/>\n\t<meta name=\"twitter:data2\" content=\"4 minutos\" \/>\n<!-- \/ Yoast SEO plugin. -->","yoast_head_json":{"title":"Essa s\u00e9rie da Apple TV+ est\u00e1 com 100% de aprova\u00e7\u00e3o e vai te conquistar","description":"A s\u00e9rie irlandesa Mal da Fam\u00edlia, dispon\u00edvel na Apple TV, oferece uma mistura \u00fanica de com\u00e9dia e drama. Girando em torno de quatro irm\u00e3s.","robots":{"index":"index","follow":"follow","max-snippet":"max-snippet:-1","max-image-preview":"max-image-preview:large","max-video-preview":"max-video-preview:-1"},"canonical":"https:\/\/www.correiobraziliense.com.br\/cbradar\/essa-serie-da-apple-tv-esta-com-100-de-aprovacao-e-vai-te-conquistar\/","og_locale":"pt_BR","og_type":"article","og_title":"Essa s\u00e9rie da Apple TV+ est\u00e1 com 100% de aprova\u00e7\u00e3o e vai te conquistar","og_description":"A s\u00e9rie irlandesa Mal da Fam\u00edlia, dispon\u00edvel na Apple TV, oferece uma mistura \u00fanica de com\u00e9dia e drama. Girando em torno de quatro irm\u00e3s.","og_url":"https:\/\/www.correiobraziliense.com.br\/cbradar\/essa-serie-da-apple-tv-esta-com-100-de-aprovacao-e-vai-te-conquistar\/","og_site_name":"Correio Braziliense - Radar","article_published_time":"2025-04-20T18:30:00+00:00","article_modified_time":"2025-04-24T16:19:12+00:00","og_image":[{"width":1280,"height":720,"url":"https:\/\/www.correiobraziliense.com.br\/cbradar\/wp-content\/uploads\/2025\/04\/Mal-da-Familia.png","type":"image\/png"}],"author":"Larissa Carvalho","twitter_card":"summary_large_image","twitter_misc":{"Escrito por":"Larissa Carvalho","Est. tempo de leitura":"4 minutos"},"schema":{"@context":"https:\/\/schema.org","@graph":[{"@type":"WebPage","@id":"https:\/\/www.correiobraziliense.com.br\/cbradar\/essa-serie-da-apple-tv-esta-com-100-de-aprovacao-e-vai-te-conquistar\/","url":"https:\/\/www.correiobraziliense.com.br\/cbradar\/essa-serie-da-apple-tv-esta-com-100-de-aprovacao-e-vai-te-conquistar\/","name":"Essa s\u00e9rie da Apple TV+ est\u00e1 com 100% de aprova\u00e7\u00e3o e vai te conquistar","isPartOf":{"@id":"https:\/\/www.correiobraziliense.com.br\/cbradar\/#website"},"primaryImageOfPage":{"@id":"https:\/\/www.correiobraziliense.com.br\/cbradar\/essa-serie-da-apple-tv-esta-com-100-de-aprovacao-e-vai-te-conquistar\/#primaryimage"},"image":{"@id":"https:\/\/www.correiobraziliense.com.br\/cbradar\/essa-serie-da-apple-tv-esta-com-100-de-aprovacao-e-vai-te-conquistar\/#primaryimage"},"thumbnailUrl":"https:\/\/www.correiobraziliense.com.br\/cbradar\/wp-content\/uploads\/2025\/04\/Mal-da-Familia.png","datePublished":"2025-04-20T18:30:00+00:00","dateModified":"2025-04-24T16:19:12+00:00","author":{"@id":"https:\/\/www.correiobraziliense.com.br\/cbradar\/#\/schema\/person\/58422787644df994b53a19d3e56c1513"},"description":"A s\u00e9rie irlandesa Mal da Fam\u00edlia, dispon\u00edvel na Apple TV, oferece uma mistura \u00fanica de com\u00e9dia e drama. Girando em torno de quatro irm\u00e3s.","breadcrumb":{"@id":"https:\/\/www.correiobraziliense.com.br\/cbradar\/essa-serie-da-apple-tv-esta-com-100-de-aprovacao-e-vai-te-conquistar\/#breadcrumb"},"inLanguage":"pt-BR","potentialAction":[{"@type":"ReadAction","target":["https:\/\/www.correiobraziliense.com.br\/cbradar\/essa-serie-da-apple-tv-esta-com-100-de-aprovacao-e-vai-te-conquistar\/"]}]},{"@type":"ImageObject","inLanguage":"pt-BR","@id":"https:\/\/www.correiobraziliense.com.br\/cbradar\/essa-serie-da-apple-tv-esta-com-100-de-aprovacao-e-vai-te-conquistar\/#primaryimage","url":"https:\/\/www.correiobraziliense.com.br\/cbradar\/wp-content\/uploads\/2025\/04\/Mal-da-Familia.png","contentUrl":"https:\/\/www.correiobraziliense.com.br\/cbradar\/wp-content\/uploads\/2025\/04\/Mal-da-Familia.png","width":1280,"height":720,"caption":"Mal de Fam\u00edlia. Fonte: divulga\u00e7\u00e3o \/ Apple TV+"},{"@type":"BreadcrumbList","@id":"https:\/\/www.correiobraziliense.com.br\/cbradar\/essa-serie-da-apple-tv-esta-com-100-de-aprovacao-e-vai-te-conquistar\/#breadcrumb","itemListElement":[{"@type":"ListItem","position":1,"name":"In\u00edcio","item":"https:\/\/www.correiobraziliense.com.br\/cbradar\/"},{"@type":"ListItem","position":2,"name":"Essa s\u00e9rie da Apple TV+ est\u00e1 com 100% de aprova\u00e7\u00e3o e vai te conquistar"}]},{"@type":"WebSite","@id":"https:\/\/www.correiobraziliense.com.br\/cbradar\/#website","url":"https:\/\/www.correiobraziliense.com.br\/cbradar\/","name":"Correio Braziliense - Radar","description":"Acompanhe as \u00faltimas not\u00edcias e fique bem informado sobre tudo o que acontece no Brasil e no mundo.","potentialAction":[{"@type":"SearchAction","target":{"@type":"EntryPoint","urlTemplate":"https:\/\/www.correiobraziliense.com.br\/cbradar\/?s={search_term_string}"},"query-input":{"@type":"PropertyValueSpecification","valueRequired":true,"valueName":"search_term_string"}}],"inLanguage":"pt-BR"},{"@type":"Person","@id":"https:\/\/www.correiobraziliense.com.br\/cbradar\/#\/schema\/person\/58422787644df994b53a19d3e56c1513","name":"Larissa Carvalho","image":{"@type":"ImageObject","inLanguage":"pt-BR","@id":"https:\/\/www.correiobraziliense.com.br\/cbradar\/#\/schema\/person\/image\/","url":"https:\/\/secure.gravatar.com\/avatar\/fe4f91a0de32b52a838d0d612abdc1aa?s=96&d=mm&r=g","contentUrl":"https:\/\/secure.gravatar.com\/avatar\/fe4f91a0de32b52a838d0d612abdc1aa?s=96&d=mm&r=g","caption":"Larissa Carvalho"},"url":"https:\/\/www.correiobraziliense.com.br\/cbradar\/author\/larissamyth\/"}]}},"_links":{"self":[{"href":"https:\/\/www.correiobraziliense.com.br\/cbradar\/wp-json\/wp\/v2\/posts\/25906","targetHints":{"allow":["GET"]}}],"collection":[{"href":"https:\/\/www.correiobraziliense.com.br\/cbradar\/wp-json\/wp\/v2\/posts"}],"about":[{"href":"https:\/\/www.correiobraziliense.com.br\/cbradar\/wp-json\/wp\/v2\/types\/post"}],"author":[{"embeddable":true,"href":"https:\/\/www.correiobraziliense.com.br\/cbradar\/wp-json\/wp\/v2\/users\/3"}],"replies":[{"embeddable":true,"href":"https:\/\/www.correiobraziliense.com.br\/cbradar\/wp-json\/wp\/v2\/comments?post=25906"}],"version-history":[{"count":3,"href":"https:\/\/www.correiobraziliense.com.br\/cbradar\/wp-json\/wp\/v2\/posts\/25906\/revisions"}],"predecessor-version":[{"id":27859,"href":"https:\/\/www.correiobraziliense.com.br\/cbradar\/wp-json\/wp\/v2\/posts\/25906\/revisions\/27859"}],"wp:featuredmedia":[{"embeddable":true,"href":"https:\/\/www.correiobraziliense.com.br\/cbradar\/wp-json\/wp\/v2\/media\/25909"}],"wp:attachment":[{"href":"https:\/\/www.correiobraziliense.com.br\/cbradar\/wp-json\/wp\/v2\/media?parent=25906"}],"wp:term":[{"taxonomy":"category","embeddable":true,"href":"https:\/\/www.correiobraziliense.com.br\/cbradar\/wp-json\/wp\/v2\/categories?post=25906"},{"taxonomy":"post_tag","embeddable":true,"href":"https:\/\/www.correiobraziliense.com.br\/cbradar\/wp-json\/wp\/v2\/post_tag?post=25906"}],"curies":[{"name":"wp","href":"https:\/\/api.w.org\/{rel}","templated":true}]}}