{"id":25980,"date":"2025-04-21T09:50:00","date_gmt":"2025-04-21T12:50:00","guid":{"rendered":"https:\/\/www.correiobraziliense.com.br\/cbradar\/?p=25980"},"modified":"2025-07-02T12:19:45","modified_gmt":"2025-07-02T15:19:45","slug":"7-duvidas-que-voce-pode-ter-na-serie-de-the-last-of-us-2","status":"publish","type":"post","link":"https:\/\/www.correiobraziliense.com.br\/cbradar\/7-duvidas-que-voce-pode-ter-na-serie-de-the-last-of-us-2\/","title":{"rendered":"7 d\u00favidas que voc\u00ea pode ter na s\u00e9rie de &#8220;The Last of Us 2&#8221;"},"content":{"rendered":"\n<p>A segunda temporada de<a href=\"https:\/\/www.imdb.com\/pt\/title\/tt3581920\/?ref_=nv_sr_srsg_0_tt_8_nm_0_in_0_q_%2520The%2520Last%2520of%2520Us\" target=\"_blank\" rel=\"noreferrer noopener\"> <strong>The Last of Us<\/strong><\/a> chegou na <strong>Max<\/strong> no dia 13 de abril de 2025 e j\u00e1 est\u00e1 causando um verdadeiro furac\u00e3o emocional. A s\u00e9rie baseada no jogo da <strong>PlayStation<\/strong> trouxe <strong>Pedro Pascal<\/strong> e <strong>Bella Ramsey<\/strong> de volta como <strong>Joel<\/strong> e <strong>Ellie<\/strong>, mas desta vez a hist\u00f3ria ficou ainda mais pesada e complicada.<\/p>\n\n\n\n<p>S\u00e3o apenas sete epis\u00f3dios nesta temporada, cada um sendo lan\u00e7ado aos domingos. A <a href=\"https:\/\/www.correiobraziliense.com.br\/cbradar\/as-melhores-series-de-comedia-para-assistir-na-hbo-max\/\" target=\"_blank\" rel=\"noreferrer noopener\">s\u00e9rie <\/a>continua cinco anos depois dos eventos da primeira temporada, mostrando <strong>Joel<\/strong> e <strong>Ellie<\/strong> vivendo em <strong>Jackson, Wyoming<\/strong>. S\u00f3 que a coisa n\u00e3o est\u00e1 nada f\u00e1cil entre eles, e novos personagens chegam para bagun\u00e7ar ainda mais essa hist\u00f3ria.<\/p>\n\n\n\n<h2 class=\"wp-block-heading\"><strong>Por que Joel e Ellie est\u00e3o brigados?<\/strong><\/h2>\n\n\n\n<p>A rela\u00e7\u00e3o entre <strong>Joel<\/strong> e <strong>Ellie<\/strong> est\u00e1 bem tensa desta vez. Lembra do final da primeira temporada quando <strong>Joel<\/strong> mentiu sobre o que rolou no hospital? Pois \u00e9, essa mentira criou uma barreira gigante entre eles. <strong>Ellie<\/strong> se sente tra\u00edda porque <strong>Joel<\/strong> n\u00e3o deixou que ela participasse de uma cirurgia que poderia resultar numa cura para a infec\u00e7\u00e3o.<\/p>\n\n\n\n<p>Agora, cinco anos depois, eles vivem juntos em <strong>Jackson<\/strong> mas mal se falam direito. <strong>Ellie<\/strong> cresceu e virou uma jovem de 19 anos que sabe se virar sozinha. Ela at\u00e9 aprendeu a tocar viol\u00e3o e fez uma tatuagem, mas a ferida emocional com <strong>Joel<\/strong> ainda est\u00e1 bem aberta.<\/p>\n\n\n\n<h2 class=\"wp-block-heading\"><strong>Quem s\u00e3o os novos rostos da temporada?<\/strong><\/h2>\n\n\n\n<p>A grande novidade \u00e9 <strong>Isabela Merced<\/strong> como <strong>Dina<\/strong>, que vira interesse rom\u00e2ntico da <strong>Ellie<\/strong>. <strong>Dina<\/strong> \u00e9 descrita como uma garota aventureira, inteligente e divertida que n\u00e3o tem medo de encarar os perigos do mundo p\u00f3s-apocal\u00edptico. A qu\u00edmica entre <strong>Ellie<\/strong> e <strong>Dina<\/strong> se tornou o cora\u00e7\u00e3o da nova temporada.<\/p>\n\n\n\n<p><strong>Kaitlyn Dever<\/strong> chegou como <strong>Abby<\/strong>, um personagem fundamental que tem uma liga\u00e7\u00e3o direta com o passado de <strong>Joel<\/strong>. Sem dar spoiler, posso dizer que <strong>Abby<\/strong> vai mexer com tudo que voc\u00ea achava que sabia sobre a hist\u00f3ria. <strong>Young Mazino<\/strong> interpreta <strong>Jesse<\/strong>, ex-namorado da <strong>Dina<\/strong>, e <strong>Catherine O&#8217;Hara<\/strong> aparece como uma terapeuta chamada <strong>Gail<\/strong>.<\/p>\n\n\n\n<h2 class=\"wp-block-heading\"><strong>Que criaturas novas v\u00e3o aparecer?<\/strong><\/h2>\n\n\n\n<p>Se voc\u00ea achou que j\u00e1 tinha visto todos os tipos de infectados, se prepare. A segunda temporada mostra os <strong>stalkers<\/strong>, que s\u00e3o criaturas no est\u00e1gio intermedi\u00e1rio da infec\u00e7\u00e3o. Eles s\u00e3o mais espertos que os <strong>corredores<\/strong> (aqueles r\u00e1pidos do in\u00edcio) e conseguem se esconder melhor.<\/p>\n\n\n\n<p>A s\u00e9rie continua explorando os diferentes est\u00e1gios da infec\u00e7\u00e3o pelo fungo <strong>cordyceps<\/strong>. Tem os <strong>estaladores<\/strong> (aqueles cegos que usam sons para te localizar), os <strong>baiacus<\/strong> (com corpos inchados e perigosos) e at\u00e9 mesmo o lend\u00e1rio <strong>Rei dos Ratos<\/strong>, que \u00e9 basicamente v\u00e1rios infectados grudados formando um monstro gigante.<\/p>\n\n\n\n<h2 class=\"wp-block-heading\"><strong>Como est\u00e1 sendo a recep\u00e7\u00e3o da nova temporada?<\/strong><\/h2>\n\n\n\n<figure class=\"wp-block-embed aligncenter is-type-video is-provider-youtube wp-block-embed-youtube wp-embed-aspect-16-9 wp-has-aspect-ratio\"><div class=\"wp-block-embed__wrapper\">\n<div class=\"jeg_video_container jeg_video_content\"><iframe loading=\"lazy\" title=\"The Last Of Us - Temporada 2 | Trailer Legendado Oficial | Max\" width=\"500\" height=\"281\" src=\"https:\/\/www.youtube.com\/embed\/ByCSUhcWJMU?feature=oembed\" frameborder=\"0\" allow=\"accelerometer; autoplay; clipboard-write; encrypted-media; gyroscope; picture-in-picture; web-share\" referrerpolicy=\"strict-origin-when-cross-origin\" allowfullscreen><\/iframe><\/div>\n<\/div><\/figure>\n\n\n\n<p>A cr\u00edtica est\u00e1 meio dividida, mas de uma forma interessante. Todo mundo concorda que a atua\u00e7\u00e3o est\u00e1 impec\u00e1vel, especialmente <strong>Bella Ramsey<\/strong> e <strong>Isabela Merced<\/strong>, que brilham juntas na tela. O problema \u00e9 que a segunda temporada mexe muito com as expectativas dos f\u00e3s.<\/p>\n\n\n\n<p>No segundo epis\u00f3dio, acontece algo que deixou muita gente chocada e emotiva. <strong>Pedro Pascal<\/strong> disse em entrevistas que nunca experimentou nada parecido com aquele dia de filmagem, e que conseguia ver a tristeza nos olhos de todo mundo no set. A s\u00e9rie n\u00e3o tem medo de tomar decis\u00f5es ousadas, mesmo sabendo que vai deixar os f\u00e3s arrasados.<\/p>\n\n\n\n<h2 class=\"wp-block-heading\"><strong>Vale a pena acompanhar mesmo sabendo que vai doer?<\/strong><\/h2>\n\n\n\n<p>Absolutamente sim. <strong>The Last of Us<\/strong> continua sendo uma das melhores s\u00e9ries da atualidade justamente porque n\u00e3o facilita para ningu\u00e9m. A hist\u00f3ria trata de temas pesados como vingan\u00e7a, perd\u00e3o e as consequ\u00eancias das nossas escolhas de um jeito muito maduro.<\/p>\n\n\n\n<p>A terceira temporada j\u00e1 foi confirmada pela <strong>HBO<\/strong> antes mesmo da segunda estrear, o que mostra a confian\u00e7a da emissora no projeto. <strong>Craig Mazin<\/strong> e <strong>Neil Druckmann<\/strong> continuam como criadores e prometem que ainda tem muito ch\u00e3o pela frente. Prepare o cora\u00e7\u00e3o e os len\u00e7os, porque <strong>The Last of Us<\/strong> n\u00e3o vai pegar leve com suas emo\u00e7\u00f5es.<\/p>\n","protected":false},"excerpt":{"rendered":"<p>A segunda temporada de The Last of Us chegou na Max no dia 13 de abril de 2025 e j\u00e1 est\u00e1 causando um verdadeiro furac\u00e3o emocional. A s\u00e9rie baseada no jogo da PlayStation trouxe Pedro Pascal e Bella Ramsey de volta como Joel e Ellie, mas desta vez a hist\u00f3ria ficou ainda mais pesada e [&hellip;]<\/p>\n","protected":false},"author":8,"featured_media":21547,"comment_status":"open","ping_status":"open","sticky":false,"template":"","format":"standard","meta":{"_yoast_wpseo_focuskw":"The Last of Us","_yoast_wpseo_title":"","_yoast_wpseo_metadesc":"Saiba tudo o que voc\u00ea precisa sobre a s\u00e9rie \"The Last of Us 2\" com as respostas para 7 das perguntas mais frequentes.","jnews-multi-image_gallery":[],"jnews_single_post":{"format":"standard"},"jnews_primary_category":[],"jnews_social_meta":[],"jnews_override_counter":[],"footnotes":""},"categories":[140],"post_tag":[568,895],"class_list":["post-25980","post","type-post","status-publish","format-standard","has-post-thumbnail","hentry","category-entretenimento","tag-series-e-filmes","tag-the-last-of-us"],"yoast_head":"<!-- This site is optimized with the Yoast SEO plugin v24.6 - https:\/\/yoast.com\/wordpress\/plugins\/seo\/ -->\n<title>7 d\u00favidas que voc\u00ea pode ter na s\u00e9rie de &quot;The Last of Us 2&quot; - Correio Braziliense - Radar<\/title>\n<meta name=\"description\" content=\"Saiba tudo o que voc\u00ea precisa sobre a s\u00e9rie &quot;The Last of Us 2&quot; com as respostas para 7 das perguntas mais frequentes.\" \/>\n<meta name=\"robots\" content=\"index, follow, max-snippet:-1, max-image-preview:large, max-video-preview:-1\" \/>\n<link rel=\"canonical\" href=\"https:\/\/www.correiobraziliense.com.br\/cbradar\/7-duvidas-que-voce-pode-ter-na-serie-de-the-last-of-us-2\/\" \/>\n<meta property=\"og:locale\" content=\"pt_BR\" \/>\n<meta property=\"og:type\" content=\"article\" \/>\n<meta property=\"og:title\" content=\"7 d\u00favidas que voc\u00ea pode ter na s\u00e9rie de &quot;The Last of Us 2&quot; - Correio Braziliense - Radar\" \/>\n<meta property=\"og:description\" content=\"Saiba tudo o que voc\u00ea precisa sobre a s\u00e9rie &quot;The Last of Us 2&quot; com as respostas para 7 das perguntas mais frequentes.\" \/>\n<meta property=\"og:url\" content=\"https:\/\/www.correiobraziliense.com.br\/cbradar\/7-duvidas-que-voce-pode-ter-na-serie-de-the-last-of-us-2\/\" \/>\n<meta property=\"og:site_name\" content=\"Correio Braziliense - Radar\" \/>\n<meta property=\"article:published_time\" content=\"2025-04-21T12:50:00+00:00\" \/>\n<meta property=\"article:modified_time\" content=\"2025-07-02T15:19:45+00:00\" \/>\n<meta property=\"og:image\" content=\"https:\/\/www.correiobraziliense.com.br\/cbradar\/wp-content\/uploads\/2025\/04\/Edicoes-17.png\" \/>\n\t<meta property=\"og:image:width\" content=\"1280\" \/>\n\t<meta property=\"og:image:height\" content=\"720\" \/>\n\t<meta property=\"og:image:type\" content=\"image\/png\" \/>\n<meta name=\"author\" content=\"Maura Pereira\" \/>\n<meta name=\"twitter:card\" content=\"summary_large_image\" \/>\n<meta name=\"twitter:label1\" content=\"Escrito por\" \/>\n\t<meta name=\"twitter:data1\" content=\"Maura Pereira\" \/>\n\t<meta name=\"twitter:label2\" content=\"Est. tempo de leitura\" \/>\n\t<meta name=\"twitter:data2\" content=\"4 minutos\" \/>\n<!-- \/ Yoast SEO plugin. -->","yoast_head_json":{"title":"7 d\u00favidas que voc\u00ea pode ter na s\u00e9rie de \"The Last of Us 2\" - Correio Braziliense - Radar","description":"Saiba tudo o que voc\u00ea precisa sobre a s\u00e9rie \"The Last of Us 2\" com as respostas para 7 das perguntas mais frequentes.","robots":{"index":"index","follow":"follow","max-snippet":"max-snippet:-1","max-image-preview":"max-image-preview:large","max-video-preview":"max-video-preview:-1"},"canonical":"https:\/\/www.correiobraziliense.com.br\/cbradar\/7-duvidas-que-voce-pode-ter-na-serie-de-the-last-of-us-2\/","og_locale":"pt_BR","og_type":"article","og_title":"7 d\u00favidas que voc\u00ea pode ter na s\u00e9rie de \"The Last of Us 2\" - Correio Braziliense - Radar","og_description":"Saiba tudo o que voc\u00ea precisa sobre a s\u00e9rie \"The Last of Us 2\" com as respostas para 7 das perguntas mais frequentes.","og_url":"https:\/\/www.correiobraziliense.com.br\/cbradar\/7-duvidas-que-voce-pode-ter-na-serie-de-the-last-of-us-2\/","og_site_name":"Correio Braziliense - Radar","article_published_time":"2025-04-21T12:50:00+00:00","article_modified_time":"2025-07-02T15:19:45+00:00","og_image":[{"width":1280,"height":720,"url":"https:\/\/www.correiobraziliense.com.br\/cbradar\/wp-content\/uploads\/2025\/04\/Edicoes-17.png","type":"image\/png"}],"author":"Maura Pereira","twitter_card":"summary_large_image","twitter_misc":{"Escrito por":"Maura Pereira","Est. tempo de leitura":"4 minutos"},"schema":{"@context":"https:\/\/schema.org","@graph":[{"@type":"WebPage","@id":"https:\/\/www.correiobraziliense.com.br\/cbradar\/7-duvidas-que-voce-pode-ter-na-serie-de-the-last-of-us-2\/","url":"https:\/\/www.correiobraziliense.com.br\/cbradar\/7-duvidas-que-voce-pode-ter-na-serie-de-the-last-of-us-2\/","name":"7 d\u00favidas que voc\u00ea pode ter na s\u00e9rie de \"The Last of Us 2\" - Correio Braziliense - Radar","isPartOf":{"@id":"https:\/\/www.correiobraziliense.com.br\/cbradar\/#website"},"primaryImageOfPage":{"@id":"https:\/\/www.correiobraziliense.com.br\/cbradar\/7-duvidas-que-voce-pode-ter-na-serie-de-the-last-of-us-2\/#primaryimage"},"image":{"@id":"https:\/\/www.correiobraziliense.com.br\/cbradar\/7-duvidas-que-voce-pode-ter-na-serie-de-the-last-of-us-2\/#primaryimage"},"thumbnailUrl":"https:\/\/www.correiobraziliense.com.br\/cbradar\/wp-content\/uploads\/2025\/04\/Edicoes-17.png","datePublished":"2025-04-21T12:50:00+00:00","dateModified":"2025-07-02T15:19:45+00:00","author":{"@id":"https:\/\/www.correiobraziliense.com.br\/cbradar\/#\/schema\/person\/4053c651a9bfc785afc6f4cbc9032fd3"},"description":"Saiba tudo o que voc\u00ea precisa sobre a s\u00e9rie \"The Last of Us 2\" com as respostas para 7 das perguntas mais frequentes.","breadcrumb":{"@id":"https:\/\/www.correiobraziliense.com.br\/cbradar\/7-duvidas-que-voce-pode-ter-na-serie-de-the-last-of-us-2\/#breadcrumb"},"inLanguage":"pt-BR","potentialAction":[{"@type":"ReadAction","target":["https:\/\/www.correiobraziliense.com.br\/cbradar\/7-duvidas-que-voce-pode-ter-na-serie-de-the-last-of-us-2\/"]}]},{"@type":"ImageObject","inLanguage":"pt-BR","@id":"https:\/\/www.correiobraziliense.com.br\/cbradar\/7-duvidas-que-voce-pode-ter-na-serie-de-the-last-of-us-2\/#primaryimage","url":"https:\/\/www.correiobraziliense.com.br\/cbradar\/wp-content\/uploads\/2025\/04\/Edicoes-17.png","contentUrl":"https:\/\/www.correiobraziliense.com.br\/cbradar\/wp-content\/uploads\/2025\/04\/Edicoes-17.png","width":1280,"height":720,"caption":"Trailer, The Last of Us part II \/\/ Reprodu\u00e7\u00e3o: PlayStation (Foto\/Divulga\u00e7\u00e3o)"},{"@type":"BreadcrumbList","@id":"https:\/\/www.correiobraziliense.com.br\/cbradar\/7-duvidas-que-voce-pode-ter-na-serie-de-the-last-of-us-2\/#breadcrumb","itemListElement":[{"@type":"ListItem","position":1,"name":"In\u00edcio","item":"https:\/\/www.correiobraziliense.com.br\/cbradar\/"},{"@type":"ListItem","position":2,"name":"7 d\u00favidas que voc\u00ea pode ter na s\u00e9rie de &#8220;The Last of Us 2&#8221;"}]},{"@type":"WebSite","@id":"https:\/\/www.correiobraziliense.com.br\/cbradar\/#website","url":"https:\/\/www.correiobraziliense.com.br\/cbradar\/","name":"Correio Braziliense - Radar","description":"Acompanhe as \u00faltimas not\u00edcias e fique bem informado sobre tudo o que acontece no Brasil e no mundo.","potentialAction":[{"@type":"SearchAction","target":{"@type":"EntryPoint","urlTemplate":"https:\/\/www.correiobraziliense.com.br\/cbradar\/?s={search_term_string}"},"query-input":{"@type":"PropertyValueSpecification","valueRequired":true,"valueName":"search_term_string"}}],"inLanguage":"pt-BR"},{"@type":"Person","@id":"https:\/\/www.correiobraziliense.com.br\/cbradar\/#\/schema\/person\/4053c651a9bfc785afc6f4cbc9032fd3","name":"Maura Pereira","image":{"@type":"ImageObject","inLanguage":"pt-BR","@id":"https:\/\/www.correiobraziliense.com.br\/cbradar\/#\/schema\/person\/image\/","url":"https:\/\/secure.gravatar.com\/avatar\/3effd6bdadfa447f15089c7f7144eaa6?s=96&d=mm&r=g","contentUrl":"https:\/\/secure.gravatar.com\/avatar\/3effd6bdadfa447f15089c7f7144eaa6?s=96&d=mm&r=g","caption":"Maura Pereira"},"sameAs":["https:\/\/www.correiobraziliense.com.br\/"],"url":"https:\/\/www.correiobraziliense.com.br\/cbradar\/author\/mauramyth\/"}]}},"_links":{"self":[{"href":"https:\/\/www.correiobraziliense.com.br\/cbradar\/wp-json\/wp\/v2\/posts\/25980","targetHints":{"allow":["GET"]}}],"collection":[{"href":"https:\/\/www.correiobraziliense.com.br\/cbradar\/wp-json\/wp\/v2\/posts"}],"about":[{"href":"https:\/\/www.correiobraziliense.com.br\/cbradar\/wp-json\/wp\/v2\/types\/post"}],"author":[{"embeddable":true,"href":"https:\/\/www.correiobraziliense.com.br\/cbradar\/wp-json\/wp\/v2\/users\/8"}],"replies":[{"embeddable":true,"href":"https:\/\/www.correiobraziliense.com.br\/cbradar\/wp-json\/wp\/v2\/comments?post=25980"}],"version-history":[{"count":13,"href":"https:\/\/www.correiobraziliense.com.br\/cbradar\/wp-json\/wp\/v2\/posts\/25980\/revisions"}],"predecessor-version":[{"id":63337,"href":"https:\/\/www.correiobraziliense.com.br\/cbradar\/wp-json\/wp\/v2\/posts\/25980\/revisions\/63337"}],"wp:featuredmedia":[{"embeddable":true,"href":"https:\/\/www.correiobraziliense.com.br\/cbradar\/wp-json\/wp\/v2\/media\/21547"}],"wp:attachment":[{"href":"https:\/\/www.correiobraziliense.com.br\/cbradar\/wp-json\/wp\/v2\/media?parent=25980"}],"wp:term":[{"taxonomy":"category","embeddable":true,"href":"https:\/\/www.correiobraziliense.com.br\/cbradar\/wp-json\/wp\/v2\/categories?post=25980"},{"taxonomy":"post_tag","embeddable":true,"href":"https:\/\/www.correiobraziliense.com.br\/cbradar\/wp-json\/wp\/v2\/post_tag?post=25980"}],"curies":[{"name":"wp","href":"https:\/\/api.w.org\/{rel}","templated":true}]}}