{"id":26101,"date":"2025-04-21T16:30:00","date_gmt":"2025-04-21T19:30:00","guid":{"rendered":"https:\/\/www.correiobraziliense.com.br\/cbradar\/?p=26101"},"modified":"2025-04-19T23:41:06","modified_gmt":"2025-04-20T02:41:06","slug":"quem-e-joel-da-serie-the-last-of-us-e-qual-o-seu-patrimonio","status":"publish","type":"post","link":"https:\/\/www.correiobraziliense.com.br\/cbradar\/quem-e-joel-da-serie-the-last-of-us-e-qual-o-seu-patrimonio\/","title":{"rendered":"Quem \u00e9 &#8220;Joel&#8221; da s\u00e9rie &#8220;The Last of Us&#8221; e qual o seu patrim\u00f4nio?"},"content":{"rendered":"\n<p>Neste artigo, vamos explorar a vida e a fortuna de <strong><a href=\"https:\/\/en.wikipedia.org\/wiki\/Pedro_Pascal\" target=\"_blank\" rel=\"noreferrer noopener\">Pedro Pascal<\/a><\/strong>, um dos atores mais carism\u00e1ticos e talentosos da atualidade. Conhecido por seu trabalho em s\u00e9ries de grande sucesso como <a href=\"https:\/\/www.correiobraziliense.com.br\/cbradar\/veja-o-calendario-de-lancamento-da-2a-temporada-de-the-last-of-us\/\" target=\"_blank\" rel=\"noreferrer noopener\"><strong>&#8220;The Last of Us&#8221;<\/strong>,<\/a> <strong>&#8220;Game of Thrones&#8221;<\/strong> e <strong>&#8220;The Mandalorian&#8221;<\/strong>, <strong>Pedro Pascal<\/strong> conquistou o cora\u00e7\u00e3o dos f\u00e3s ao redor do mundo com suas atua\u00e7\u00f5es marcantes e personagens cativantes. A seguir, vamos analisar sua trajet\u00f3ria, seus maiores sucessos e a impressionante fortuna que ele construiu ao longo de sua carreira.<\/p>\n\n\n\n<h2 class=\"wp-block-heading\">Qual \u00e9 a hist\u00f3ria de Pedro Pascal?<\/h2>\n\n\n\n<p><strong>Pedro Pascal<\/strong> nasceu no dia <strong>2 de abril de 1975<\/strong>, em Santiago, Chile. Filho de exilados pol\u00edticos, sua fam\u00edlia se mudou para os Estados Unidos quando ele ainda era muito jovem, estabelecendo-se em <strong>California<\/strong>. Desde pequeno, <strong>Pedro<\/strong> teve interesse pela arte da interpreta\u00e7\u00e3o, influenciado por sua pr\u00f3pria viv\u00eancia e pelas hist\u00f3rias de seu pa\u00eds natal. Esse background multicultural ajudou a moldar seu estilo de atua\u00e7\u00e3o e sua abordagem \u00fanica aos pap\u00e9is que interpreta.<\/p>\n\n\n\n<p>A trajet\u00f3ria de <strong>Pedro Pascal<\/strong> \u00e9 marcada pela perseveran\u00e7a e dedica\u00e7\u00e3o. Antes de alcan\u00e7ar a fama mundial, ele passou por diversos desafios, incluindo anos de atua\u00e7\u00e3o em produ\u00e7\u00f5es de baixo or\u00e7amento e participa\u00e7\u00f5es em pap\u00e9is coadjuvantes. Foi s\u00f3 quando recebeu o papel de <strong>Oberyn Martell<\/strong> em <strong>&#8220;Game of Thrones&#8221;<\/strong> que seu talento foi amplamente reconhecido, catapultando-o para a fama e solidificando sua posi\u00e7\u00e3o como um dos maiores atores da sua gera\u00e7\u00e3o.<\/p>\n\n\n<div class=\"wp-block-image\">\n<figure class=\"aligncenter size-large\"><img decoding=\"async\" width=\"1024\" height=\"576\" src=\"https:\/\/www.correiobraziliense.com.br\/cbradar\/wp-content\/uploads\/2025\/04\/Edicoes-90-1024x576.png\" alt=\"Quem \u00e9 a Ellie de The Last of Us e qual o valor do seu patrim\u00f4nio?\" class=\"wp-image-26104\" srcset=\"https:\/\/www.correiobraziliense.com.br\/cbradar\/wp-content\/uploads\/2025\/04\/Edicoes-90-1024x576.png 1024w, https:\/\/www.correiobraziliense.com.br\/cbradar\/wp-content\/uploads\/2025\/04\/Edicoes-90-300x169.png 300w, https:\/\/www.correiobraziliense.com.br\/cbradar\/wp-content\/uploads\/2025\/04\/Edicoes-90-768x432.png 768w, https:\/\/www.correiobraziliense.com.br\/cbradar\/wp-content\/uploads\/2025\/04\/Edicoes-90-750x422.png 750w, https:\/\/www.correiobraziliense.com.br\/cbradar\/wp-content\/uploads\/2025\/04\/Edicoes-90-1140x641.png 1140w, https:\/\/www.correiobraziliense.com.br\/cbradar\/wp-content\/uploads\/2025\/04\/Edicoes-90.png 1280w\" sizes=\"(max-width: 1024px) 100vw, 1024px\" \/><figcaption class=\"wp-element-caption\">The Last of Us \/\/ Reprodu\u00e7\u00e3o: IMDb (Foto\/Divulga\u00e7\u00e3o)<\/figcaption><\/figure><\/div>\n\n\n<h2 class=\"wp-block-heading\">Como foi o in\u00edcio da carreira do Pedro Pascal?<\/h2>\n\n\n\n<p>O in\u00edcio da carreira de <strong>Pedro Pascal<\/strong> foi repleto de batalhas e pequenas vit\u00f3rias. Ele come\u00e7ou sua trajet\u00f3ria art\u00edstica em <strong>Nova York<\/strong>, onde estudou na prestigiada <strong>The Drama School<\/strong>. Seus primeiros pap\u00e9is em filmes e s\u00e9ries de TV foram em produ\u00e7\u00f5es menores, mas foi em 2005, com sua participa\u00e7\u00e3o na s\u00e9rie <strong>&#8220;The Good Wife&#8221;<\/strong>, que o p\u00fablico come\u00e7ou a notar seu talento. No entanto, foi com <strong>&#8220;Game of Thrones&#8221;<\/strong> que <strong>Pedro Pascal<\/strong> ganhou fama mundial e passou a ser visto como um dos atores mais promissores de Hollywood.<\/p>\n\n\n\n<p>Com o sucesso de <strong>&#8220;Game of Thrones&#8221;<\/strong>, <strong>Pedro Pascal<\/strong> se tornou um nome conhecido entre os f\u00e3s de televis\u00e3o e cinema, o que abriu portas para outros grandes pap\u00e9is, como <strong>Javier Pe\u00f1a<\/strong> em <strong>&#8220;Narcos&#8221;<\/strong>. Sua habilidade de interpretar personagens complexos e carism\u00e1ticos rapidamente fez com que ele fosse solicitado para diversos outros projetos de grande porte.<\/p>\n\n\n\n<h2 class=\"wp-block-heading\">Quais os maiores sucessos da sua carreira?<\/h2>\n\n\n\n<p>Entre os maiores sucessos da carreira de <strong>Pedro Pascal<\/strong>, o papel de <strong>Oberyn Martell<\/strong> em <strong>&#8220;Game of Thrones&#8221;<\/strong> continua sendo um dos mais marcantes. Sua atua\u00e7\u00e3o como o pr\u00edncipe de Dorne, embora curta, foi um divisor de \u00e1guas em sua carreira. Outro grande sucesso foi sua interpreta\u00e7\u00e3o de <strong>Javier Pe\u00f1a<\/strong> em <strong>&#8220;Narcos&#8221;<\/strong>, s\u00e9rie que retrata a luta contra os cart\u00e9is de drogas na <strong>Col\u00f4mbia<\/strong>. Essas duas produ\u00e7\u00f5es n\u00e3o s\u00f3 consolidaram sua carreira como tamb\u00e9m o estabeleceram como um dos principais atores da televis\u00e3o internacional.<\/p>\n\n\n\n<p>Al\u00e9m disso, <strong>Pedro Pascal<\/strong> ganhou ainda mais reconhecimento com sua atua\u00e7\u00e3o em <strong>&#8220;The Mandalorian&#8221;<\/strong>, onde interpreta o ic\u00f4nico personagem <strong>Din Djarin<\/strong>. A s\u00e9rie da <strong>Disney+<\/strong> se tornou um fen\u00f4meno de audi\u00eancia, e <strong>Pedro<\/strong> se tornou uma das figuras centrais do universo de <strong>Star Wars<\/strong>. Sua capacidade de dar profundidade emocional a personagens enigm\u00e1ticos, mesmo sem estar fisicamente presente em cena, foi amplamente elogiada, elevando ainda mais sua carreira.<\/p>\n\n\n\n<h2 class=\"wp-block-heading\">Quais seus maiores pr\u00eamios e conquistas da carreira?<\/h2>\n\n\n\n<p><strong>Pedro Pascal<\/strong> tem sido reconhecido com diversos pr\u00eamios e indica\u00e7\u00f5es ao longo de sua carreira. Seu trabalho em <strong>&#8220;Game of Thrones&#8221;<\/strong> lhe rendeu a adora\u00e7\u00e3o de milh\u00f5es de f\u00e3s, mas foi com <strong>&#8220;Narcos&#8221;<\/strong> que ele recebeu indica\u00e7\u00f5es para pr\u00eamios mais prestigiosos, como o <strong>Golden Globe<\/strong> e o <strong>Critics&#8217; Choice Television Award<\/strong>. Seu papel em <strong>&#8220;The Mandalorian&#8221;<\/strong> tamb\u00e9m lhe trouxe uma nova onda de reconhecimento, com elogios da cr\u00edtica e do p\u00fablico.<\/p>\n\n\n\n<p>Al\u00e9m das indica\u00e7\u00f5es, <strong>Pedro Pascal<\/strong> \u00e9 um ator amplamente respeitado pela ind\u00fastria. Ele foi eleito como um dos melhores atores de <strong>s\u00e9rie de TV<\/strong> pela revista <strong>Variety<\/strong>, um pr\u00eamio que evidencia seu impacto no mundo do entretenimento. Seus personagens memor\u00e1veis, aliados \u00e0 sua habilidade de transformar qualquer papel em uma experi\u00eancia \u00fanica para o p\u00fablico, continuam a garantir-lhe reconhecimento cont\u00ednuo.<\/p>\n\n\n<div class=\"wp-block-image\">\n<figure class=\"aligncenter size-large\"><img decoding=\"async\" width=\"1024\" height=\"576\" src=\"https:\/\/www.correiobraziliense.com.br\/cbradar\/wp-content\/uploads\/2025\/04\/pedro-pascal_1743634670392-1024x576.jpg\" alt=\"\" class=\"wp-image-18606\" srcset=\"https:\/\/www.correiobraziliense.com.br\/cbradar\/wp-content\/uploads\/2025\/04\/pedro-pascal_1743634670392-1024x576.jpg 1024w, https:\/\/www.correiobraziliense.com.br\/cbradar\/wp-content\/uploads\/2025\/04\/pedro-pascal_1743634670392-300x169.jpg 300w, https:\/\/www.correiobraziliense.com.br\/cbradar\/wp-content\/uploads\/2025\/04\/pedro-pascal_1743634670392-768x432.jpg 768w, https:\/\/www.correiobraziliense.com.br\/cbradar\/wp-content\/uploads\/2025\/04\/pedro-pascal_1743634670392-750x422.jpg 750w, https:\/\/www.correiobraziliense.com.br\/cbradar\/wp-content\/uploads\/2025\/04\/pedro-pascal_1743634670392-1140x641.jpg 1140w, https:\/\/www.correiobraziliense.com.br\/cbradar\/wp-content\/uploads\/2025\/04\/pedro-pascal_1743634670392.jpg 1280w\" sizes=\"(max-width: 1024px) 100vw, 1024px\" \/><figcaption class=\"wp-element-caption\">Pedro Pascal \/\/ Cr\u00e9ditos: depositphotos.com \/ Image Press Agency<\/figcaption><\/figure><\/div>\n\n\n<h2 class=\"wp-block-heading\">Pedro Pascal j\u00e1 se envolveu em pol\u00eamicas?<\/h2>\n\n\n\n<p>Embora <strong>Pedro Pascal<\/strong> tenha se mantido relativamente discreto em rela\u00e7\u00e3o \u00e0 sua vida pessoal, ele j\u00e1 se envolveu em algumas controv\u00e9rsias durante sua carreira. Seu papel em <strong>&#8220;Narcos&#8221;<\/strong> gerou debates sobre a representa\u00e7\u00e3o de <strong>cart\u00e9is de drogas<\/strong> e as implica\u00e7\u00f5es disso na percep\u00e7\u00e3o p\u00fablica. No entanto, <strong>Pedro<\/strong> sempre se posicionou contra a glamoriza\u00e7\u00e3o do crime e explicou que sua atua\u00e7\u00e3o tinha como objetivo destacar as complexidades das rela\u00e7\u00f5es pol\u00edticas e sociais na <strong>Col\u00f4mbia<\/strong>.<\/p>\n\n\n\n<p>Al\u00e9m disso, o ator tamb\u00e9m j\u00e1 foi alvo de cr\u00edticas em suas postagens nas redes sociais, especialmente por suas opini\u00f5es pol\u00edticas. <strong>Pedro Pascal<\/strong> n\u00e3o tem medo de expressar suas opini\u00f5es e, \u00e0s vezes, isso gera rea\u00e7\u00f5es polarizadas. Contudo, sua postura aberta e sincera tamb\u00e9m lhe conquistou muitos admiradores que apreciam sua coragem de falar sobre temas importantes e relevantes.<\/p>\n\n\n\n<h2 class=\"wp-block-heading\">Curiosidades<\/h2>\n\n\n\n<ol class=\"wp-block-list\">\n<li><strong>Pedro Pascal<\/strong> \u00e9 fluente em espanhol e ingl\u00eas, sendo capaz de se comunicar perfeitamente em ambos os idiomas.<\/li>\n\n\n\n<li>Ele tem uma forte liga\u00e7\u00e3o com a cultura chilena, especialmente com a m\u00fasica e as tradi\u00e7\u00f5es do pa\u00eds.<\/li>\n\n\n\n<li>Antes de se tornar um ator de sucesso, <strong>Pedro<\/strong> trabalhou como bartender em <strong>Nova York<\/strong>.<\/li>\n\n\n\n<li><strong>Pedro Pascal<\/strong> \u00e9 um grande f\u00e3 de <strong>Star Wars<\/strong> e, por isso, se considerou um &#8220;sonho&#8221; quando foi convidado para atuar em <strong>&#8220;The Mandalorian&#8221;<\/strong>.<\/li>\n\n\n\n<li>Ele \u00e9 muito pr\u00f3ximo de seus colegas de elenco, especialmente de <strong>Game of Thrones<\/strong>, como <strong>Nikolaj Coster-Waldau<\/strong> e <strong>Lena Headey<\/strong>.<\/li>\n\n\n\n<li><strong>Pedro<\/strong> tem uma funda\u00e7\u00e3o chamada <strong>&#8220;The Pascal Foundation&#8221;<\/strong>, que busca promover o bem-estar das crian\u00e7as e fam\u00edlias em situa\u00e7\u00e3o de vulnerabilidade.<\/li>\n\n\n\n<li>Ele \u00e9 um amante da gastronomia e j\u00e1 compartilhou em entrevistas seu amor por cozinhar e experimentar novas receitas.<\/li>\n\n\n\n<li><strong>Pedro Pascal<\/strong> adora animais e tem um cachorro chamado <strong>Mochi<\/strong>.<\/li>\n\n\n\n<li>Ele \u00e9 um defensor dos direitos humanos e frequentemente fala sobre a import\u00e2ncia de apoiar causas sociais.<\/li>\n\n\n\n<li>Sua presen\u00e7a carism\u00e1tica e sentido de humor genu\u00edno fazem dele uma pessoa querida tanto no mundo do entretenimento quanto entre seus f\u00e3s.<\/li>\n<\/ol>\n\n\n\n<h2 class=\"wp-block-heading\">Qual o valor estimado da fortuna de Pedro Pascal?<\/h2>\n\n\n\n<p>O valor estimado da fortuna de <strong>Pedro Pascal<\/strong> \u00e9 de aproximadamente <strong>US$ 10 milh\u00f5es<\/strong>. Sua renda vem principalmente dos pap\u00e9is em grandes produ\u00e7\u00f5es de TV e cinema, como <strong>&#8220;Game of Thrones&#8221;<\/strong>, <strong>&#8220;Narcos&#8221;<\/strong>, e <strong>&#8220;The Mandalorian&#8221;<\/strong>. Al\u00e9m disso, <strong>Pedro<\/strong> tamb\u00e9m obt\u00e9m ganhos com campanhas publicit\u00e1rias e acordos de patroc\u00ednio com diversas marcas. A versatilidade e o sucesso de seus projetos garantem que ele continue a ser um dos atores mais bem pagos da ind\u00fastria.<\/p>\n","protected":false},"excerpt":{"rendered":"<p>Neste artigo, vamos explorar a vida e a fortuna de Pedro Pascal, um dos atores mais carism\u00e1ticos e talentosos da atualidade. Conhecido por seu trabalho em s\u00e9ries de grande sucesso como &#8220;The Last of Us&#8221;, &#8220;Game of Thrones&#8221; e &#8220;The Mandalorian&#8221;, Pedro Pascal conquistou o cora\u00e7\u00e3o dos f\u00e3s ao redor do mundo com suas atua\u00e7\u00f5es [&hellip;]<\/p>\n","protected":false},"author":8,"featured_media":26111,"comment_status":"open","ping_status":"open","sticky":false,"template":"","format":"standard","meta":{"jnews-multi-image_gallery":[],"jnews_single_post":{"format":"standard"},"jnews_primary_category":[],"jnews_social_meta":[],"jnews_override_counter":[],"footnotes":""},"categories":[128,140,169],"post_tag":[534,3617,2527,895],"class_list":["post-26101","post","type-post","status-publish","format-standard","has-post-thumbnail","hentry","category-economia","category-entretenimento","category-noticias","tag-fortunas","tag-joel","tag-pedro-pascal","tag-the-last-of-us"],"yoast_head":"<!-- This site is optimized with the Yoast SEO plugin v24.6 - https:\/\/yoast.com\/wordpress\/plugins\/seo\/ -->\n<title>Quem \u00e9 &quot;Joel&quot; da s\u00e9rie &quot;The Last of Us&quot; e qual o seu patrim\u00f4nio? - Correio Braziliense - Radar<\/title>\n<meta name=\"description\" content=\"Descubra quem \u00e9 Joel de &quot;The Last of Us&quot; e o valor do seu patrim\u00f4nio, tanto no universo do jogo quanto na adapta\u00e7\u00e3o para a s\u00e9rie.\" \/>\n<meta name=\"robots\" content=\"index, follow, max-snippet:-1, max-image-preview:large, max-video-preview:-1\" \/>\n<link rel=\"canonical\" href=\"https:\/\/www.correiobraziliense.com.br\/cbradar\/quem-e-joel-da-serie-the-last-of-us-e-qual-o-seu-patrimonio\/\" \/>\n<meta property=\"og:locale\" content=\"pt_BR\" \/>\n<meta property=\"og:type\" content=\"article\" \/>\n<meta property=\"og:title\" content=\"Quem \u00e9 &quot;Joel&quot; da s\u00e9rie &quot;The Last of Us&quot; e qual o seu patrim\u00f4nio? - Correio Braziliense - Radar\" \/>\n<meta property=\"og:description\" content=\"Descubra quem \u00e9 Joel de &quot;The Last of Us&quot; e o valor do seu patrim\u00f4nio, tanto no universo do jogo quanto na adapta\u00e7\u00e3o para a s\u00e9rie.\" \/>\n<meta property=\"og:url\" content=\"https:\/\/www.correiobraziliense.com.br\/cbradar\/quem-e-joel-da-serie-the-last-of-us-e-qual-o-seu-patrimonio\/\" \/>\n<meta property=\"og:site_name\" content=\"Correio Braziliense - Radar\" \/>\n<meta property=\"article:published_time\" content=\"2025-04-21T19:30:00+00:00\" \/>\n<meta property=\"og:image\" content=\"https:\/\/www.correiobraziliense.com.br\/cbradar\/wp-content\/uploads\/2025\/04\/Edicoes-92.png\" \/>\n\t<meta property=\"og:image:width\" content=\"1280\" \/>\n\t<meta property=\"og:image:height\" content=\"720\" \/>\n\t<meta property=\"og:image:type\" content=\"image\/png\" \/>\n<meta name=\"author\" content=\"Maura Pereira\" \/>\n<meta name=\"twitter:card\" content=\"summary_large_image\" \/>\n<meta name=\"twitter:label1\" content=\"Escrito por\" \/>\n\t<meta name=\"twitter:data1\" content=\"Maura Pereira\" \/>\n\t<meta name=\"twitter:label2\" content=\"Est. tempo de leitura\" \/>\n\t<meta name=\"twitter:data2\" content=\"7 minutos\" \/>\n<!-- \/ Yoast SEO plugin. -->","yoast_head_json":{"title":"Quem \u00e9 \"Joel\" da s\u00e9rie \"The Last of Us\" e qual o seu patrim\u00f4nio? - Correio Braziliense - Radar","description":"Descubra quem \u00e9 Joel de \"The Last of Us\" e o valor do seu patrim\u00f4nio, tanto no universo do jogo quanto na adapta\u00e7\u00e3o para a s\u00e9rie.","robots":{"index":"index","follow":"follow","max-snippet":"max-snippet:-1","max-image-preview":"max-image-preview:large","max-video-preview":"max-video-preview:-1"},"canonical":"https:\/\/www.correiobraziliense.com.br\/cbradar\/quem-e-joel-da-serie-the-last-of-us-e-qual-o-seu-patrimonio\/","og_locale":"pt_BR","og_type":"article","og_title":"Quem \u00e9 \"Joel\" da s\u00e9rie \"The Last of Us\" e qual o seu patrim\u00f4nio? - Correio Braziliense - Radar","og_description":"Descubra quem \u00e9 Joel de \"The Last of Us\" e o valor do seu patrim\u00f4nio, tanto no universo do jogo quanto na adapta\u00e7\u00e3o para a s\u00e9rie.","og_url":"https:\/\/www.correiobraziliense.com.br\/cbradar\/quem-e-joel-da-serie-the-last-of-us-e-qual-o-seu-patrimonio\/","og_site_name":"Correio Braziliense - Radar","article_published_time":"2025-04-21T19:30:00+00:00","og_image":[{"width":1280,"height":720,"url":"https:\/\/www.correiobraziliense.com.br\/cbradar\/wp-content\/uploads\/2025\/04\/Edicoes-92.png","type":"image\/png"}],"author":"Maura Pereira","twitter_card":"summary_large_image","twitter_misc":{"Escrito por":"Maura Pereira","Est. tempo de leitura":"7 minutos"},"schema":{"@context":"https:\/\/schema.org","@graph":[{"@type":"WebPage","@id":"https:\/\/www.correiobraziliense.com.br\/cbradar\/quem-e-joel-da-serie-the-last-of-us-e-qual-o-seu-patrimonio\/","url":"https:\/\/www.correiobraziliense.com.br\/cbradar\/quem-e-joel-da-serie-the-last-of-us-e-qual-o-seu-patrimonio\/","name":"Quem \u00e9 \"Joel\" da s\u00e9rie \"The Last of Us\" e qual o seu patrim\u00f4nio? - Correio Braziliense - Radar","isPartOf":{"@id":"https:\/\/www.correiobraziliense.com.br\/cbradar\/#website"},"primaryImageOfPage":{"@id":"https:\/\/www.correiobraziliense.com.br\/cbradar\/quem-e-joel-da-serie-the-last-of-us-e-qual-o-seu-patrimonio\/#primaryimage"},"image":{"@id":"https:\/\/www.correiobraziliense.com.br\/cbradar\/quem-e-joel-da-serie-the-last-of-us-e-qual-o-seu-patrimonio\/#primaryimage"},"thumbnailUrl":"https:\/\/www.correiobraziliense.com.br\/cbradar\/wp-content\/uploads\/2025\/04\/Edicoes-92.png","datePublished":"2025-04-21T19:30:00+00:00","author":{"@id":"https:\/\/www.correiobraziliense.com.br\/cbradar\/#\/schema\/person\/4053c651a9bfc785afc6f4cbc9032fd3"},"description":"Descubra quem \u00e9 Joel de \"The Last of Us\" e o valor do seu patrim\u00f4nio, tanto no universo do jogo quanto na adapta\u00e7\u00e3o para a s\u00e9rie.","breadcrumb":{"@id":"https:\/\/www.correiobraziliense.com.br\/cbradar\/quem-e-joel-da-serie-the-last-of-us-e-qual-o-seu-patrimonio\/#breadcrumb"},"inLanguage":"pt-BR","potentialAction":[{"@type":"ReadAction","target":["https:\/\/www.correiobraziliense.com.br\/cbradar\/quem-e-joel-da-serie-the-last-of-us-e-qual-o-seu-patrimonio\/"]}]},{"@type":"ImageObject","inLanguage":"pt-BR","@id":"https:\/\/www.correiobraziliense.com.br\/cbradar\/quem-e-joel-da-serie-the-last-of-us-e-qual-o-seu-patrimonio\/#primaryimage","url":"https:\/\/www.correiobraziliense.com.br\/cbradar\/wp-content\/uploads\/2025\/04\/Edicoes-92.png","contentUrl":"https:\/\/www.correiobraziliense.com.br\/cbradar\/wp-content\/uploads\/2025\/04\/Edicoes-92.png","width":1280,"height":720,"caption":"The Last of Us \/\/ Reprodu\u00e7\u00e3o: IMDb (Foto\/Divulga\u00e7\u00e3o)"},{"@type":"BreadcrumbList","@id":"https:\/\/www.correiobraziliense.com.br\/cbradar\/quem-e-joel-da-serie-the-last-of-us-e-qual-o-seu-patrimonio\/#breadcrumb","itemListElement":[{"@type":"ListItem","position":1,"name":"In\u00edcio","item":"https:\/\/www.correiobraziliense.com.br\/cbradar\/"},{"@type":"ListItem","position":2,"name":"Quem \u00e9 &#8220;Joel&#8221; da s\u00e9rie &#8220;The Last of Us&#8221; e qual o seu patrim\u00f4nio?"}]},{"@type":"WebSite","@id":"https:\/\/www.correiobraziliense.com.br\/cbradar\/#website","url":"https:\/\/www.correiobraziliense.com.br\/cbradar\/","name":"Correio Braziliense - Radar","description":"Acompanhe as \u00faltimas not\u00edcias e fique bem informado sobre tudo o que acontece no Brasil e no mundo.","potentialAction":[{"@type":"SearchAction","target":{"@type":"EntryPoint","urlTemplate":"https:\/\/www.correiobraziliense.com.br\/cbradar\/?s={search_term_string}"},"query-input":{"@type":"PropertyValueSpecification","valueRequired":true,"valueName":"search_term_string"}}],"inLanguage":"pt-BR"},{"@type":"Person","@id":"https:\/\/www.correiobraziliense.com.br\/cbradar\/#\/schema\/person\/4053c651a9bfc785afc6f4cbc9032fd3","name":"Maura Pereira","image":{"@type":"ImageObject","inLanguage":"pt-BR","@id":"https:\/\/www.correiobraziliense.com.br\/cbradar\/#\/schema\/person\/image\/","url":"https:\/\/secure.gravatar.com\/avatar\/3effd6bdadfa447f15089c7f7144eaa6?s=96&d=mm&r=g","contentUrl":"https:\/\/secure.gravatar.com\/avatar\/3effd6bdadfa447f15089c7f7144eaa6?s=96&d=mm&r=g","caption":"Maura Pereira"},"sameAs":["https:\/\/www.correiobraziliense.com.br\/"],"url":"https:\/\/www.correiobraziliense.com.br\/cbradar\/author\/mauramyth\/"}]}},"_links":{"self":[{"href":"https:\/\/www.correiobraziliense.com.br\/cbradar\/wp-json\/wp\/v2\/posts\/26101","targetHints":{"allow":["GET"]}}],"collection":[{"href":"https:\/\/www.correiobraziliense.com.br\/cbradar\/wp-json\/wp\/v2\/posts"}],"about":[{"href":"https:\/\/www.correiobraziliense.com.br\/cbradar\/wp-json\/wp\/v2\/types\/post"}],"author":[{"embeddable":true,"href":"https:\/\/www.correiobraziliense.com.br\/cbradar\/wp-json\/wp\/v2\/users\/8"}],"replies":[{"embeddable":true,"href":"https:\/\/www.correiobraziliense.com.br\/cbradar\/wp-json\/wp\/v2\/comments?post=26101"}],"version-history":[{"count":6,"href":"https:\/\/www.correiobraziliense.com.br\/cbradar\/wp-json\/wp\/v2\/posts\/26101\/revisions"}],"predecessor-version":[{"id":26118,"href":"https:\/\/www.correiobraziliense.com.br\/cbradar\/wp-json\/wp\/v2\/posts\/26101\/revisions\/26118"}],"wp:featuredmedia":[{"embeddable":true,"href":"https:\/\/www.correiobraziliense.com.br\/cbradar\/wp-json\/wp\/v2\/media\/26111"}],"wp:attachment":[{"href":"https:\/\/www.correiobraziliense.com.br\/cbradar\/wp-json\/wp\/v2\/media?parent=26101"}],"wp:term":[{"taxonomy":"category","embeddable":true,"href":"https:\/\/www.correiobraziliense.com.br\/cbradar\/wp-json\/wp\/v2\/categories?post=26101"},{"taxonomy":"post_tag","embeddable":true,"href":"https:\/\/www.correiobraziliense.com.br\/cbradar\/wp-json\/wp\/v2\/post_tag?post=26101"}],"curies":[{"name":"wp","href":"https:\/\/api.w.org\/{rel}","templated":true}]}}