{"id":26102,"date":"2025-04-21T19:10:00","date_gmt":"2025-04-21T22:10:00","guid":{"rendered":"https:\/\/www.correiobraziliense.com.br\/cbradar\/?p=26102"},"modified":"2025-04-20T00:20:41","modified_gmt":"2025-04-20T03:20:41","slug":"o-imperio-de-um-dos-maiores-astros-da-comedia-dos-anos-90","status":"publish","type":"post","link":"https:\/\/www.correiobraziliense.com.br\/cbradar\/o-imperio-de-um-dos-maiores-astros-da-comedia-dos-anos-90\/","title":{"rendered":"O imp\u00e9rio de um dos maiores astros da com\u00e9dia dos anos 90"},"content":{"rendered":"\n<p>Neste artigo, vamos explorar a carreira e a impressionante fortuna de <a href=\"https:\/\/en.wikipedia.org\/wiki\/Jim_Carrey\" target=\"_blank\" rel=\"noreferrer noopener\"><strong>Jim Carrey<\/strong>,<\/a> um dos comediantes e atores mais amados e influentes de <strong><a href=\"https:\/\/www.correiobraziliense.com.br\/cbradar\/astros-de-hollywood-brilham-em-novo-filme-de-stephen-king\/\" target=\"_blank\" rel=\"noreferrer noopener\">Hollywood<\/a><\/strong>. Com uma carreira que abrange mais de tr\u00eas d\u00e9cadas, <strong>Jim Carrey<\/strong> conquistou o p\u00fablico mundial com seu humor \u00fanico e sua versatilidade em interpretar desde personagens engra\u00e7ados at\u00e9 pap\u00e9is dram\u00e1ticos de grande profundidade. A seguir, vamos analisar sua trajet\u00f3ria, seus maiores sucessos e o impacto de sua fortuna acumulada ao longo dos anos.<\/p>\n\n\n\n<h2 class=\"wp-block-heading\">Qual \u00e9 a hist\u00f3ria de Jim Carrey?<\/h2>\n\n\n\n<p><strong>Jim Carrey<\/strong> nasceu no dia <strong>17 de janeiro de 1962<\/strong>, em <strong>Newmarket<\/strong>, <strong>Ont\u00e1rio<\/strong>, <strong>Canad\u00e1<\/strong>. Criado em uma fam\u00edlia de classe m\u00e9dia, <strong>Jim<\/strong> enfrentou dificuldades financeiras quando sua fam\u00edlia perdeu seu sustento. Desde jovem, <strong>Jim Carrey<\/strong> mostrou seu talento para o humor, fazendo imita\u00e7\u00f5es e piadas para alegrar sua fam\u00edlia. Durante a adolesc\u00eancia, ele decidiu seguir o caminho da com\u00e9dia, se apresentando em clubes locais e desenvolvendo suas habilidades de improvisa\u00e7\u00e3o e express\u00e3o facial.<\/p>\n\n\n\n<p>Ao longo dos anos, <strong>Jim Carrey<\/strong> passou por desafios profissionais e pessoais antes de conquistar seu lugar como um dos maiores comediantes da hist\u00f3ria do cinema. Sua habilidade de fazer os outros rirem foi sua principal ferramenta para superar as dificuldades da vida, e essa habilidade lhe abriu portas para grandes oportunidades na ind\u00fastria do entretenimento, transformando-o em um \u00edcone da cultura pop.<\/p>\n\n\n<div class=\"wp-block-image\">\n<figure class=\"aligncenter size-large\"><img decoding=\"async\" width=\"1024\" height=\"576\" src=\"https:\/\/www.correiobraziliense.com.br\/cbradar\/wp-content\/uploads\/2025\/04\/Jim-Carrey_1745118750137-1024x576.jpg\" alt=\"O imp\u00e9rio de um dos maiores astros da com\u00e9dia dos anos 90\" class=\"wp-image-26144\" srcset=\"https:\/\/www.correiobraziliense.com.br\/cbradar\/wp-content\/uploads\/2025\/04\/Jim-Carrey_1745118750137-1024x576.jpg 1024w, https:\/\/www.correiobraziliense.com.br\/cbradar\/wp-content\/uploads\/2025\/04\/Jim-Carrey_1745118750137-300x169.jpg 300w, https:\/\/www.correiobraziliense.com.br\/cbradar\/wp-content\/uploads\/2025\/04\/Jim-Carrey_1745118750137-768x432.jpg 768w, https:\/\/www.correiobraziliense.com.br\/cbradar\/wp-content\/uploads\/2025\/04\/Jim-Carrey_1745118750137-750x422.jpg 750w, https:\/\/www.correiobraziliense.com.br\/cbradar\/wp-content\/uploads\/2025\/04\/Jim-Carrey_1745118750137-1140x641.jpg 1140w, https:\/\/www.correiobraziliense.com.br\/cbradar\/wp-content\/uploads\/2025\/04\/Jim-Carrey_1745118750137.jpg 1280w\" sizes=\"(max-width: 1024px) 100vw, 1024px\" \/><figcaption class=\"wp-element-caption\">Jim Carrey \/\/ Cr\u00e9ditos: depositphotos.com \/ Image Press Agency<\/figcaption><\/figure><\/div>\n\n\n<h2 class=\"wp-block-heading\">Como foi o in\u00edcio da carreira de Jim Carrey?<\/h2>\n\n\n\n<p>O in\u00edcio da carreira de <strong>Jim Carrey<\/strong> foi marcado por sua atua\u00e7\u00e3o em pequenos clubes de com\u00e9dia, onde ele ganhou notoriedade como comediante stand-up. Seus primeiros passos no mundo da televis\u00e3o foram em programas como <strong>&#8220;In Living Color&#8221;<\/strong>, que lhe deram visibilidade e uma base s\u00f3lida para sua ascens\u00e3o no cinema. O humor f\u00edsico, a energia contagiante e as express\u00f5es faciais \u00fanicas de <strong>Jim Carrey<\/strong> o tornaram um nome memor\u00e1vel na com\u00e9dia.<\/p>\n\n\n\n<p>Foi no in\u00edcio da d\u00e9cada de <strong>1990<\/strong> que <strong>Jim Carrey<\/strong> come\u00e7ou a despontar no cinema. Seu primeiro grande sucesso foi o filme <strong>&#8220;Ace Ventura: Pet Detective&#8221;<\/strong> (1994), que o catapultou para o estrelato. A partir da\u00ed, sua carreira n\u00e3o parou de crescer, com uma s\u00e9rie de pap\u00e9is c\u00f4micos em filmes de grande bilheteira, que consolidaram sua posi\u00e7\u00e3o como um dos maiores nomes da com\u00e9dia.<\/p>\n\n\n\n<h2 class=\"wp-block-heading\">Quais os maiores sucessos da sua carreira?<\/h2>\n\n\n\n<p>Ao longo de sua carreira, <strong>Jim Carrey<\/strong> protagonizou alguns dos filmes mais ic\u00f4nicos da com\u00e9dia e do cinema em geral. Entre seus maiores sucessos est\u00e3o <strong>&#8220;Ace Ventura: Pet Detective&#8221;<\/strong>, <strong>&#8220;O M\u00e1skara&#8221;<\/strong> e <strong>&#8220;Debi &amp; L\u00f3ide&#8221;<\/strong>, todos lan\u00e7ados na d\u00e9cada de <strong>1990<\/strong>. Esses filmes marcaram \u00e9poca e consolidaram <strong>Jim Carrey<\/strong> como um dos maiores comediantes de sua gera\u00e7\u00e3o. Sua habilidade de interpretar personagens exc\u00eantricos e c\u00f4micos de maneira \u00fanica e irreverente o tornou uma figura adorada pelo p\u00fablico.<\/p>\n\n\n\n<p>No entanto, <strong>Jim Carrey<\/strong> n\u00e3o se limitou apenas \u00e0 com\u00e9dia. Ele tamb\u00e9m se aventurou em pap\u00e9is dram\u00e1ticos aclamados pela cr\u00edtica, como em <strong>&#8220;O Show de Truman&#8221;<\/strong> (1998) e <strong>&#8220;O Mundo de Andy&#8221;<\/strong> (1999). Esses filmes mostraram a versatilidade do ator, que foi capaz de transitar entre o humor e a profundidade emocional, desafiando as expectativas e ampliando seu alcance como artista.<\/p>\n\n\n\n<h2 class=\"wp-block-heading\">Quais seus maiores pr\u00eamios e conquistas?<\/h2>\n\n\n\n<p><strong>Jim Carrey<\/strong> recebeu diversos pr\u00eamios e indica\u00e7\u00f5es ao longo de sua carreira, incluindo <strong>Globos de Ouro<\/strong>, <strong>MTV Movie Awards<\/strong> e <strong>Pr\u00eamios do Sindicato dos Atores<\/strong>. Seu desempenho em filmes como <strong>&#8220;O Show de Truman&#8221;<\/strong> e <strong>&#8220;O Mundo de Andy&#8221;<\/strong> lhe rendeu reconhecimento da cr\u00edtica, mostrando seu talento como ator al\u00e9m das com\u00e9dias. <strong>Jim Carrey<\/strong> tamb\u00e9m foi indicado a pr\u00eamios de maior prest\u00edgio por sua atua\u00e7\u00e3o, incluindo <strong>Melhor Ator<\/strong> em filmes dram\u00e1ticos, algo que solidificou sua carreira como um ator multifacetado.<\/p>\n\n\n\n<p>Al\u00e9m de seus pr\u00eamios, <strong>Jim Carrey<\/strong> \u00e9 um \u00edcone cultural que influenciou v\u00e1rias gera\u00e7\u00f5es de comediantes e artistas. Ele \u00e9 amplamente reconhecido por sua habilidade em improvisar e por seu humor f\u00edsico e express\u00f5es faciais marcantes, que se tornaram sua assinatura.<\/p>\n\n\n\n<h2 class=\"wp-block-heading\">Jim Carrey j\u00e1 se envolveu em pol\u00eamicas?<\/h2>\n\n\n\n<p>Apesar de sua imagem p\u00fablica de comediante irreverente e energ\u00e9tico, <strong>Jim Carrey<\/strong> tamb\u00e9m esteve envolvido em algumas pol\u00eamicas ao longo de sua carreira. Sua postura cr\u00edtica em rela\u00e7\u00e3o \u00e0 pol\u00edtica, especialmente nos \u00faltimos anos, gerou discuss\u00f5es p\u00fablicas e atraiu aten\u00e7\u00e3o tanto de admiradores quanto de detratores. <strong>Jim<\/strong> tamb\u00e9m foi alvo de cr\u00edticas por algumas de suas declara\u00e7\u00f5es sobre sa\u00fade e medicina alternativa, em especial por seu envolvimento em movimentos anti-vacinas, o que gerou controv\u00e9rsia em um momento em que quest\u00f5es de sa\u00fade p\u00fablica estavam em destaque.<\/p>\n\n\n\n<p>Al\u00e9m disso, em sua vida pessoal, <strong>Jim Carrey<\/strong> teve relacionamentos p\u00fablicos que tamb\u00e9m geraram pol\u00eamicas e aten\u00e7\u00e3o da m\u00eddia, incluindo um envolvimento com a atriz <strong>Catherine Bell<\/strong> e um tr\u00e1gico epis\u00f3dio relacionado \u00e0 morte de sua ex-namorada <strong>Cathriona White<\/strong>, que alimentou especula\u00e7\u00f5es e controv\u00e9rsias sobre sua vida emocional.<\/p>\n\n\n\n<h2 class=\"wp-block-heading\">Curiosidades<\/h2>\n\n\n\n<ol class=\"wp-block-list\">\n<li><strong>Jim Carrey<\/strong> nasceu em uma fam\u00edlia de classe trabalhadora e, por muito tempo, enfrentou dificuldades financeiras.<\/li>\n\n\n\n<li>Ele foi inspirado por comediantes como <strong>Dick Van Dyke<\/strong> e <strong>Jerry Lewis<\/strong>.<\/li>\n\n\n\n<li>Antes de sua grande ascens\u00e3o no cinema, <strong>Jim Carrey<\/strong> se apresentou por anos como comediante de stand-up.<\/li>\n\n\n\n<li><strong>Jim Carrey<\/strong> \u00e9 conhecido por suas imita\u00e7\u00f5es e sua habilidade de fazer express\u00f5es faciais exageradas e memor\u00e1veis.<\/li>\n\n\n\n<li>Ele foi nomeado <strong>Melhor Ator de Com\u00e9dia<\/strong> pelo <strong>MTV Movie Awards<\/strong> por seu papel em <strong>&#8220;Ace Ventura&#8221;<\/strong>.<\/li>\n\n\n\n<li><strong>Jim Carrey<\/strong> tamb\u00e9m \u00e9 artista visual e compartilha suas pinturas e desenhos com seus f\u00e3s.<\/li>\n\n\n\n<li>Ele \u00e9 um defensor da sa\u00fade mental, tendo falado abertamente sobre sua luta contra a depress\u00e3o.<\/li>\n\n\n\n<li><strong>Jim Carrey<\/strong> tem uma famosa frase de motiva\u00e7\u00e3o: &#8220;Voc\u00ea pode escolher ser feliz. Eu escolho ser feliz.&#8221;<\/li>\n\n\n\n<li>Ele foi um dos primeiros a perceber o potencial de plataformas como <strong>YouTube<\/strong> para expressar sua arte.<\/li>\n\n\n\n<li><strong>Jim Carrey<\/strong> se envolveu em diversos projetos filantr\u00f3picos, especialmente para causas relacionadas \u00e0 educa\u00e7\u00e3o e sa\u00fade mental.<\/li>\n<\/ol>\n\n\n\n<h2 class=\"wp-block-heading\">Qual o valor estimado da fortuna de Jim Carrey?<\/h2>\n\n\n\n<p>O valor estimado da fortuna de <strong>Jim Carrey<\/strong> \u00e9 de aproximadamente <strong>US$ 180 milh\u00f5es<\/strong>. Sua grande fonte de renda vem de seu trabalho como ator em filmes de sucesso, mas ele tamb\u00e9m acumulou riqueza com contratos publicit\u00e1rios e acordos de patroc\u00ednio com v\u00e1rias marcas. Al\u00e9m disso, <strong>Jim Carrey<\/strong> ganhou dinheiro com sua carreira em stand-up, livros e suas produ\u00e7\u00f5es art\u00edsticas. Sua longevidade e capacidade de inovar e se reinventar ao longo dos anos garantiram que sua fortuna continuasse a crescer, consolidando-o como um dos comediantes mais bem pagos da ind\u00fastria do entretenimento.<\/p>\n","protected":false},"excerpt":{"rendered":"<p>Neste artigo, vamos explorar a carreira e a impressionante fortuna de Jim Carrey, um dos comediantes e atores mais amados e influentes de Hollywood. Com uma carreira que abrange mais de tr\u00eas d\u00e9cadas, Jim Carrey conquistou o p\u00fablico mundial com seu humor \u00fanico e sua versatilidade em interpretar desde personagens engra\u00e7ados at\u00e9 pap\u00e9is dram\u00e1ticos de [&hellip;]<\/p>\n","protected":false},"author":8,"featured_media":26145,"comment_status":"open","ping_status":"open","sticky":false,"template":"","format":"standard","meta":{"jnews-multi-image_gallery":[],"jnews_single_post":{"format":"standard"},"jnews_primary_category":[],"jnews_social_meta":[],"jnews_override_counter":[],"footnotes":""},"categories":[128,169],"post_tag":[371,534,3620],"class_list":["post-26102","post","type-post","status-publish","format-standard","has-post-thumbnail","hentry","category-economia","category-noticias","tag-comedia","tag-fortunas","tag-jim-carrey"],"yoast_head":"<!-- This site is optimized with the Yoast SEO plugin v24.6 - https:\/\/yoast.com\/wordpress\/plugins\/seo\/ -->\n<title>O imp\u00e9rio de um dos maiores astros da com\u00e9dia dos anos 90 - Correio Braziliense - Radar<\/title>\n<meta name=\"description\" content=\"Descubra o imp\u00e9rio de um dos maiores comediantes dos anos 90 e como ele construiu seu imp\u00e9rio no mundo do humor.\" \/>\n<meta name=\"robots\" content=\"index, follow, max-snippet:-1, max-image-preview:large, max-video-preview:-1\" \/>\n<link rel=\"canonical\" href=\"https:\/\/www.correiobraziliense.com.br\/cbradar\/o-imperio-de-um-dos-maiores-astros-da-comedia-dos-anos-90\/\" \/>\n<meta property=\"og:locale\" content=\"pt_BR\" \/>\n<meta property=\"og:type\" content=\"article\" \/>\n<meta property=\"og:title\" content=\"O imp\u00e9rio de um dos maiores astros da com\u00e9dia dos anos 90 - Correio Braziliense - Radar\" \/>\n<meta property=\"og:description\" content=\"Descubra o imp\u00e9rio de um dos maiores comediantes dos anos 90 e como ele construiu seu imp\u00e9rio no mundo do humor.\" \/>\n<meta property=\"og:url\" content=\"https:\/\/www.correiobraziliense.com.br\/cbradar\/o-imperio-de-um-dos-maiores-astros-da-comedia-dos-anos-90\/\" \/>\n<meta property=\"og:site_name\" content=\"Correio Braziliense - Radar\" \/>\n<meta property=\"article:published_time\" content=\"2025-04-21T22:10:00+00:00\" \/>\n<meta property=\"og:image\" content=\"https:\/\/www.correiobraziliense.com.br\/cbradar\/wp-content\/uploads\/2025\/04\/Jim-Carrey_1745118718641.jpg\" \/>\n\t<meta property=\"og:image:width\" content=\"1280\" \/>\n\t<meta property=\"og:image:height\" content=\"720\" \/>\n\t<meta property=\"og:image:type\" content=\"image\/jpeg\" \/>\n<meta name=\"author\" content=\"Maura Pereira\" \/>\n<meta name=\"twitter:card\" content=\"summary_large_image\" \/>\n<meta name=\"twitter:label1\" content=\"Escrito por\" \/>\n\t<meta name=\"twitter:data1\" content=\"Maura Pereira\" \/>\n\t<meta name=\"twitter:label2\" content=\"Est. tempo de leitura\" \/>\n\t<meta name=\"twitter:data2\" content=\"7 minutos\" \/>\n<!-- \/ Yoast SEO plugin. -->","yoast_head_json":{"title":"O imp\u00e9rio de um dos maiores astros da com\u00e9dia dos anos 90 - Correio Braziliense - Radar","description":"Descubra o imp\u00e9rio de um dos maiores comediantes dos anos 90 e como ele construiu seu imp\u00e9rio no mundo do humor.","robots":{"index":"index","follow":"follow","max-snippet":"max-snippet:-1","max-image-preview":"max-image-preview:large","max-video-preview":"max-video-preview:-1"},"canonical":"https:\/\/www.correiobraziliense.com.br\/cbradar\/o-imperio-de-um-dos-maiores-astros-da-comedia-dos-anos-90\/","og_locale":"pt_BR","og_type":"article","og_title":"O imp\u00e9rio de um dos maiores astros da com\u00e9dia dos anos 90 - Correio Braziliense - Radar","og_description":"Descubra o imp\u00e9rio de um dos maiores comediantes dos anos 90 e como ele construiu seu imp\u00e9rio no mundo do humor.","og_url":"https:\/\/www.correiobraziliense.com.br\/cbradar\/o-imperio-de-um-dos-maiores-astros-da-comedia-dos-anos-90\/","og_site_name":"Correio Braziliense - Radar","article_published_time":"2025-04-21T22:10:00+00:00","og_image":[{"width":1280,"height":720,"url":"https:\/\/www.correiobraziliense.com.br\/cbradar\/wp-content\/uploads\/2025\/04\/Jim-Carrey_1745118718641.jpg","type":"image\/jpeg"}],"author":"Maura Pereira","twitter_card":"summary_large_image","twitter_misc":{"Escrito por":"Maura Pereira","Est. tempo de leitura":"7 minutos"},"schema":{"@context":"https:\/\/schema.org","@graph":[{"@type":"WebPage","@id":"https:\/\/www.correiobraziliense.com.br\/cbradar\/o-imperio-de-um-dos-maiores-astros-da-comedia-dos-anos-90\/","url":"https:\/\/www.correiobraziliense.com.br\/cbradar\/o-imperio-de-um-dos-maiores-astros-da-comedia-dos-anos-90\/","name":"O imp\u00e9rio de um dos maiores astros da com\u00e9dia dos anos 90 - Correio Braziliense - Radar","isPartOf":{"@id":"https:\/\/www.correiobraziliense.com.br\/cbradar\/#website"},"primaryImageOfPage":{"@id":"https:\/\/www.correiobraziliense.com.br\/cbradar\/o-imperio-de-um-dos-maiores-astros-da-comedia-dos-anos-90\/#primaryimage"},"image":{"@id":"https:\/\/www.correiobraziliense.com.br\/cbradar\/o-imperio-de-um-dos-maiores-astros-da-comedia-dos-anos-90\/#primaryimage"},"thumbnailUrl":"https:\/\/www.correiobraziliense.com.br\/cbradar\/wp-content\/uploads\/2025\/04\/Jim-Carrey_1745118718641.jpg","datePublished":"2025-04-21T22:10:00+00:00","author":{"@id":"https:\/\/www.correiobraziliense.com.br\/cbradar\/#\/schema\/person\/4053c651a9bfc785afc6f4cbc9032fd3"},"description":"Descubra o imp\u00e9rio de um dos maiores comediantes dos anos 90 e como ele construiu seu imp\u00e9rio no mundo do humor.","breadcrumb":{"@id":"https:\/\/www.correiobraziliense.com.br\/cbradar\/o-imperio-de-um-dos-maiores-astros-da-comedia-dos-anos-90\/#breadcrumb"},"inLanguage":"pt-BR","potentialAction":[{"@type":"ReadAction","target":["https:\/\/www.correiobraziliense.com.br\/cbradar\/o-imperio-de-um-dos-maiores-astros-da-comedia-dos-anos-90\/"]}]},{"@type":"ImageObject","inLanguage":"pt-BR","@id":"https:\/\/www.correiobraziliense.com.br\/cbradar\/o-imperio-de-um-dos-maiores-astros-da-comedia-dos-anos-90\/#primaryimage","url":"https:\/\/www.correiobraziliense.com.br\/cbradar\/wp-content\/uploads\/2025\/04\/Jim-Carrey_1745118718641.jpg","contentUrl":"https:\/\/www.correiobraziliense.com.br\/cbradar\/wp-content\/uploads\/2025\/04\/Jim-Carrey_1745118718641.jpg","width":1280,"height":720,"caption":"Jim Carrey \/\/ Cr\u00e9ditos: depositphotos.com \/ Image Press Agency"},{"@type":"BreadcrumbList","@id":"https:\/\/www.correiobraziliense.com.br\/cbradar\/o-imperio-de-um-dos-maiores-astros-da-comedia-dos-anos-90\/#breadcrumb","itemListElement":[{"@type":"ListItem","position":1,"name":"In\u00edcio","item":"https:\/\/www.correiobraziliense.com.br\/cbradar\/"},{"@type":"ListItem","position":2,"name":"O imp\u00e9rio de um dos maiores astros da com\u00e9dia dos anos 90"}]},{"@type":"WebSite","@id":"https:\/\/www.correiobraziliense.com.br\/cbradar\/#website","url":"https:\/\/www.correiobraziliense.com.br\/cbradar\/","name":"Correio Braziliense - Radar","description":"Acompanhe as \u00faltimas not\u00edcias e fique bem informado sobre tudo o que acontece no Brasil e no mundo.","potentialAction":[{"@type":"SearchAction","target":{"@type":"EntryPoint","urlTemplate":"https:\/\/www.correiobraziliense.com.br\/cbradar\/?s={search_term_string}"},"query-input":{"@type":"PropertyValueSpecification","valueRequired":true,"valueName":"search_term_string"}}],"inLanguage":"pt-BR"},{"@type":"Person","@id":"https:\/\/www.correiobraziliense.com.br\/cbradar\/#\/schema\/person\/4053c651a9bfc785afc6f4cbc9032fd3","name":"Maura Pereira","image":{"@type":"ImageObject","inLanguage":"pt-BR","@id":"https:\/\/www.correiobraziliense.com.br\/cbradar\/#\/schema\/person\/image\/","url":"https:\/\/secure.gravatar.com\/avatar\/3effd6bdadfa447f15089c7f7144eaa6?s=96&d=mm&r=g","contentUrl":"https:\/\/secure.gravatar.com\/avatar\/3effd6bdadfa447f15089c7f7144eaa6?s=96&d=mm&r=g","caption":"Maura Pereira"},"sameAs":["https:\/\/www.correiobraziliense.com.br\/"],"url":"https:\/\/www.correiobraziliense.com.br\/cbradar\/author\/mauramyth\/"}]}},"_links":{"self":[{"href":"https:\/\/www.correiobraziliense.com.br\/cbradar\/wp-json\/wp\/v2\/posts\/26102","targetHints":{"allow":["GET"]}}],"collection":[{"href":"https:\/\/www.correiobraziliense.com.br\/cbradar\/wp-json\/wp\/v2\/posts"}],"about":[{"href":"https:\/\/www.correiobraziliense.com.br\/cbradar\/wp-json\/wp\/v2\/types\/post"}],"author":[{"embeddable":true,"href":"https:\/\/www.correiobraziliense.com.br\/cbradar\/wp-json\/wp\/v2\/users\/8"}],"replies":[{"embeddable":true,"href":"https:\/\/www.correiobraziliense.com.br\/cbradar\/wp-json\/wp\/v2\/comments?post=26102"}],"version-history":[{"count":8,"href":"https:\/\/www.correiobraziliense.com.br\/cbradar\/wp-json\/wp\/v2\/posts\/26102\/revisions"}],"predecessor-version":[{"id":26153,"href":"https:\/\/www.correiobraziliense.com.br\/cbradar\/wp-json\/wp\/v2\/posts\/26102\/revisions\/26153"}],"wp:featuredmedia":[{"embeddable":true,"href":"https:\/\/www.correiobraziliense.com.br\/cbradar\/wp-json\/wp\/v2\/media\/26145"}],"wp:attachment":[{"href":"https:\/\/www.correiobraziliense.com.br\/cbradar\/wp-json\/wp\/v2\/media?parent=26102"}],"wp:term":[{"taxonomy":"category","embeddable":true,"href":"https:\/\/www.correiobraziliense.com.br\/cbradar\/wp-json\/wp\/v2\/categories?post=26102"},{"taxonomy":"post_tag","embeddable":true,"href":"https:\/\/www.correiobraziliense.com.br\/cbradar\/wp-json\/wp\/v2\/post_tag?post=26102"}],"curies":[{"name":"wp","href":"https:\/\/api.w.org\/{rel}","templated":true}]}}