{"id":26215,"date":"2025-04-21T07:30:00","date_gmt":"2025-04-21T10:30:00","guid":{"rendered":"https:\/\/www.correiobraziliense.com.br\/cbradar\/?p=26215"},"modified":"2025-04-20T12:14:03","modified_gmt":"2025-04-20T15:14:03","slug":"cidade-no-interior-de-sao-paulo-esta-se-tornando-uma-das-melhores-cidades-para-se-viver","status":"publish","type":"post","link":"https:\/\/www.correiobraziliense.com.br\/cbradar\/cidade-no-interior-de-sao-paulo-esta-se-tornando-uma-das-melhores-cidades-para-se-viver\/","title":{"rendered":"Cidade no interior de S\u00e3o Paulo est\u00e1 se tornando uma das melhores cidades para se viver"},"content":{"rendered":"\n<p><strong><a href=\"https:\/\/jundiai.sp.gov.br\/\" target=\"_blank\" rel=\"noreferrer noopener\">Jundia\u00ed<\/a><\/strong>, situada no interior do estado de <strong>S\u00e3o Paulo<\/strong>, \u00e9 uma cidade que se destaca por sua organiza\u00e7\u00e3o, qualidade de vida e potencial tur\u00edstico. Com localiza\u00e7\u00e3o estrat\u00e9gica entre a capital paulista e <strong>Campinas<\/strong>, o munic\u00edpio combina desenvolvimento urbano, \u00e1reas verdes e uma popula\u00e7\u00e3o acolhedora.<\/p>\n\n\n\n<h2 class=\"wp-block-heading\">Qualidade de vida com infraestrutura e natureza<\/h2>\n\n\n\n<p><strong>Jundia\u00ed<\/strong> \u00e9 reconhecida como uma das <strong><a href=\"https:\/\/www.correiobraziliense.com.br\/cbradar\/essa-cidade-em-santa-catarina-e-uma-das-melhores-para-se-viver-com-uma-natureza-exuberante\/\" target=\"_blank\" rel=\"noreferrer noopener\">cidades com melhor qualidade de vida do pa\u00eds<\/a><\/strong>. Com um dos mais altos \u00cdndices de Desenvolvimento Humano do estado, o munic\u00edpio oferece saneamento b\u00e1sico universalizado, seguran\u00e7a, mobilidade urbana e sa\u00fade p\u00fablica eficiente.<\/p>\n\n\n\n<p>Al\u00e9m disso, o contato com a natureza \u00e9 um diferencial: parques urbanos, trilhas e \u00e1reas de preserva\u00e7\u00e3o garantem bem-estar e lazer aos moradores.<\/p>\n\n\n\n<h2 class=\"wp-block-heading\">Educa\u00e7\u00e3o com excel\u00eancia e inova\u00e7\u00e3o<\/h2>\n\n\n\n<p>A cidade possui uma rede de ensino de destaque, com escolas p\u00fablicas e privadas bem avaliadas. O ensino superior \u00e9 representado por institui\u00e7\u00f5es como a <strong>Faculdade de Medicina de Jundia\u00ed<\/strong>, a <strong>Unianchieta<\/strong> e polos de universidades renomadas.<\/p>\n\n\n\n<p>Projetos de forma\u00e7\u00e3o profissional, educa\u00e7\u00e3o ambiental e inclus\u00e3o tecnol\u00f3gica s\u00e3o amplamente promovidos, posicionando <strong>Jundia\u00ed<\/strong> como refer\u00eancia educacional na regi\u00e3o.<\/p>\n\n\n<div class=\"wp-block-image\">\n<figure class=\"aligncenter size-large\"><img decoding=\"async\" width=\"1024\" height=\"576\" src=\"https:\/\/www.correiobraziliense.com.br\/cbradar\/wp-content\/uploads\/2025\/04\/Jundiai-_1738714509664-1024x576.jpg\" alt=\"Cidade no interior de S\u00e3o Paulo est\u00e1 se tornando uma das melhores cidades para se viver\" class=\"wp-image-26220\" srcset=\"https:\/\/www.correiobraziliense.com.br\/cbradar\/wp-content\/uploads\/2025\/04\/Jundiai-_1738714509664-1024x576.jpg 1024w, https:\/\/www.correiobraziliense.com.br\/cbradar\/wp-content\/uploads\/2025\/04\/Jundiai-_1738714509664-300x169.jpg 300w, https:\/\/www.correiobraziliense.com.br\/cbradar\/wp-content\/uploads\/2025\/04\/Jundiai-_1738714509664-768x432.jpg 768w, https:\/\/www.correiobraziliense.com.br\/cbradar\/wp-content\/uploads\/2025\/04\/Jundiai-_1738714509664-750x422.jpg 750w, https:\/\/www.correiobraziliense.com.br\/cbradar\/wp-content\/uploads\/2025\/04\/Jundiai-_1738714509664-1140x641.jpg 1140w, https:\/\/www.correiobraziliense.com.br\/cbradar\/wp-content\/uploads\/2025\/04\/Jundiai-_1738714509664.jpg 1280w\" sizes=\"(max-width: 1024px) 100vw, 1024px\" \/><figcaption class=\"wp-element-caption\">Jundia\u00ed, S\u00e3o Paulo \/\/ Cr\u00e9ditos: depositphotos.com \/ PedroTruffi<\/figcaption><\/figure><\/div>\n\n\n<h2 class=\"wp-block-heading\">O que vale a pena visitar em Jundia\u00ed?<\/h2>\n\n\n\n<p><strong>Jundia\u00ed<\/strong> oferece atra\u00e7\u00f5es tur\u00edsticas voltadas ao ecoturismo, \u00e0 cultura e \u00e0 gastronomia, com roteiros que encantam visitantes de todas as idades.<\/p>\n\n\n\n<h3 class=\"wp-block-heading\">Rota da Uva<\/h3>\n\n\n\n<p>Um dos principais atrativos da cidade, re\u00fane vin\u00edcolas, s\u00edtios e restaurantes que valorizam a cultura italiana e a produ\u00e7\u00e3o de vinhos artesanais.<\/p>\n\n\n\n<h3 class=\"wp-block-heading\">Parque da Cidade<\/h3>\n\n\n\n<p>Espa\u00e7o verde com lago, pistas para caminhada, \u00e1reas para piqueniques e eventos ao ar livre, ideal para fam\u00edlias.<\/p>\n\n\n\n<h3 class=\"wp-block-heading\">Serra do Japi<\/h3>\n\n\n\n<p>\u00c1rea de preserva\u00e7\u00e3o ambiental com trilhas, cachoeiras e biodiversidade impressionante, considerada patrim\u00f4nio natural.<\/p>\n\n\n\n<h3 class=\"wp-block-heading\">Festa da Uva<\/h3>\n\n\n\n<p>Evento tradicional que movimenta o turismo e celebra a cultura dos imigrantes italianos com m\u00fasica, dan\u00e7a e gastronomia t\u00edpica.<\/p>\n\n\n\n<h3 class=\"wp-block-heading\">Museu Solar do Bar\u00e3o<\/h3>\n\n\n\n<p>Localizado no centro hist\u00f3rico, preserva a mem\u00f3ria da cidade com acervo sobre a vida pol\u00edtica e cultural de <strong>Jundia\u00ed<\/strong>.<\/p>\n\n\n\n<h2 class=\"wp-block-heading\">Economia diversificada e gera\u00e7\u00e3o de oportunidades<\/h2>\n\n\n\n<p><strong>Jundia\u00ed<\/strong> \u00e9 um polo econ\u00f4mico em constante crescimento. Abriga grandes ind\u00fastrias, centros de log\u00edstica, tecnologia e servi\u00e7os. A cidade atrai investimentos nacionais e internacionais gra\u00e7as \u00e0 sua localiza\u00e7\u00e3o estrat\u00e9gica e infraestrutura moderna.<\/p>\n\n\n\n<p>Al\u00e9m disso, o setor agr\u00edcola \u00e9 fortalecido pela produ\u00e7\u00e3o de frutas e hortali\u00e7as, com destaque para a uva ni\u00e1gara, s\u00edmbolo local.<\/p>\n\n\n\n<h2 class=\"wp-block-heading\">Cultura e eventos que valorizam a identidade<\/h2>\n\n\n\n<p>A vida cultural \u00e9 movimentada por centros como o <strong>Teatro Polytheama<\/strong>, a <strong>Pinacoteca Di\u00f3genes Duarte Paes<\/strong> e escolas de arte. Festivais, feiras liter\u00e1rias e encontros art\u00edsticos valorizam a produ\u00e7\u00e3o local e aproximam a popula\u00e7\u00e3o da arte e da hist\u00f3ria.<\/p>\n\n\n\n<p>A influ\u00eancia italiana, presente na culin\u00e1ria, nas festas e nas tradi\u00e7\u00f5es familiares, \u00e9 um tra\u00e7o marcante da cidade.<\/p>\n\n\n\n<h2 class=\"wp-block-heading\">Mobilidade e acesso facilitado<\/h2>\n\n\n\n<p><strong>Jundia\u00ed<\/strong> est\u00e1 bem conectada \u00e0s principais rodovias do estado, como a <strong>Anhanguera<\/strong> e a <strong>Bandeirantes<\/strong>, o que facilita o acesso a <strong>S\u00e3o Paulo<\/strong>, <strong>Campinas<\/strong> e outras regi\u00f5es. O sistema de transporte p\u00fablico \u00e9 eficiente e a cidade investe em ciclovias e mobilidade sustent\u00e1vel.<\/p>\n\n\n\n<p>A integra\u00e7\u00e3o urbana e a moderniza\u00e7\u00e3o do tr\u00e2nsito contribuem para o conforto dos moradores e visitantes.<\/p>\n\n\n\n<h2 class=\"wp-block-heading\">Vale a pena morar em Jundia\u00ed?<\/h2>\n\n\n\n<p>Sim. <strong>Jundia\u00ed<\/strong> re\u00fane seguran\u00e7a, servi\u00e7os de qualidade, boas escolas, \u00e1reas verdes e um ambiente acolhedor. \u00c9 ideal para quem busca tranquilidade, oportunidades e bem-estar no interior paulista.<\/p>\n\n\n\n<h2 class=\"wp-block-heading\">Vale a pena visitar Jundia\u00ed?<\/h2>\n\n\n\n<p>Com certeza. Visitar <strong>Jundia\u00ed<\/strong> \u00e9 conhecer uma cidade que une tradi\u00e7\u00e3o, natureza e modernidade. De vin\u00edcolas a trilhas na serra, o munic\u00edpio surpreende pelo charme e pela riqueza cultural.<\/p>\n","protected":false},"excerpt":{"rendered":"<p>Jundia\u00ed, situada no interior do estado de S\u00e3o Paulo, \u00e9 uma cidade que se destaca por sua organiza\u00e7\u00e3o, qualidade de vida e potencial tur\u00edstico. Com localiza\u00e7\u00e3o estrat\u00e9gica entre a capital paulista e Campinas, o munic\u00edpio combina desenvolvimento urbano, \u00e1reas verdes e uma popula\u00e7\u00e3o acolhedora. Qualidade de vida com infraestrutura e natureza Jundia\u00ed \u00e9 reconhecida como [&hellip;]<\/p>\n","protected":false},"author":6,"featured_media":26218,"comment_status":"open","ping_status":"open","sticky":false,"template":"","format":"standard","meta":{"_yoast_wpseo_focuskw":"cidade","_yoast_wpseo_title":"","_yoast_wpseo_metadesc":"Cidade no interior de S\u00e3o Paulo ganha destaque e se torna uma das melhores para viver no Brasil. Descubra o que atrai tantos moradores!","jnews-multi-image_gallery":[],"jnews_single_post":{"format":"standard"},"jnews_primary_category":[],"jnews_social_meta":[],"jnews_override_counter":[],"footnotes":""},"categories":[108],"post_tag":[109,484],"class_list":["post-26215","post","type-post","status-publish","format-standard","has-post-thumbnail","hentry","category-cidades","tag-cidades","tag-jundiai"],"yoast_head":"<!-- This site is optimized with the Yoast SEO plugin v24.6 - https:\/\/yoast.com\/wordpress\/plugins\/seo\/ -->\n<title>Cidade no interior de S\u00e3o Paulo est\u00e1 se tornando uma das melhores cidades para se viver - Correio Braziliense - Radar<\/title>\n<meta name=\"description\" content=\"Cidade no interior de S\u00e3o Paulo ganha destaque e se torna uma das melhores para viver no Brasil. Descubra o que atrai tantos moradores!\" \/>\n<meta name=\"robots\" content=\"index, follow, max-snippet:-1, max-image-preview:large, max-video-preview:-1\" \/>\n<link rel=\"canonical\" href=\"https:\/\/www.correiobraziliense.com.br\/cbradar\/cidade-no-interior-de-sao-paulo-esta-se-tornando-uma-das-melhores-cidades-para-se-viver\/\" \/>\n<meta property=\"og:locale\" content=\"pt_BR\" \/>\n<meta property=\"og:type\" content=\"article\" \/>\n<meta property=\"og:title\" content=\"Cidade no interior de S\u00e3o Paulo est\u00e1 se tornando uma das melhores cidades para se viver - Correio Braziliense - Radar\" \/>\n<meta property=\"og:description\" content=\"Cidade no interior de S\u00e3o Paulo ganha destaque e se torna uma das melhores para viver no Brasil. Descubra o que atrai tantos moradores!\" \/>\n<meta property=\"og:url\" content=\"https:\/\/www.correiobraziliense.com.br\/cbradar\/cidade-no-interior-de-sao-paulo-esta-se-tornando-uma-das-melhores-cidades-para-se-viver\/\" \/>\n<meta property=\"og:site_name\" content=\"Correio Braziliense - Radar\" \/>\n<meta property=\"article:published_time\" content=\"2025-04-21T10:30:00+00:00\" \/>\n<meta property=\"og:image\" content=\"https:\/\/www.correiobraziliense.com.br\/cbradar\/wp-content\/uploads\/2025\/04\/Jundiai_1744121126850.jpg\" \/>\n\t<meta property=\"og:image:width\" content=\"1280\" \/>\n\t<meta property=\"og:image:height\" content=\"720\" \/>\n\t<meta property=\"og:image:type\" content=\"image\/jpeg\" \/>\n<meta name=\"author\" content=\"Vitor Bruno\" \/>\n<meta name=\"twitter:card\" content=\"summary_large_image\" \/>\n<meta name=\"twitter:label1\" content=\"Escrito por\" \/>\n\t<meta name=\"twitter:data1\" content=\"Vitor Bruno\" \/>\n\t<meta name=\"twitter:label2\" content=\"Est. tempo de leitura\" \/>\n\t<meta name=\"twitter:data2\" content=\"4 minutos\" \/>\n<!-- \/ Yoast SEO plugin. -->","yoast_head_json":{"title":"Cidade no interior de S\u00e3o Paulo est\u00e1 se tornando uma das melhores cidades para se viver - Correio Braziliense - Radar","description":"Cidade no interior de S\u00e3o Paulo ganha destaque e se torna uma das melhores para viver no Brasil. Descubra o que atrai tantos moradores!","robots":{"index":"index","follow":"follow","max-snippet":"max-snippet:-1","max-image-preview":"max-image-preview:large","max-video-preview":"max-video-preview:-1"},"canonical":"https:\/\/www.correiobraziliense.com.br\/cbradar\/cidade-no-interior-de-sao-paulo-esta-se-tornando-uma-das-melhores-cidades-para-se-viver\/","og_locale":"pt_BR","og_type":"article","og_title":"Cidade no interior de S\u00e3o Paulo est\u00e1 se tornando uma das melhores cidades para se viver - Correio Braziliense - Radar","og_description":"Cidade no interior de S\u00e3o Paulo ganha destaque e se torna uma das melhores para viver no Brasil. Descubra o que atrai tantos moradores!","og_url":"https:\/\/www.correiobraziliense.com.br\/cbradar\/cidade-no-interior-de-sao-paulo-esta-se-tornando-uma-das-melhores-cidades-para-se-viver\/","og_site_name":"Correio Braziliense - Radar","article_published_time":"2025-04-21T10:30:00+00:00","og_image":[{"width":1280,"height":720,"url":"https:\/\/www.correiobraziliense.com.br\/cbradar\/wp-content\/uploads\/2025\/04\/Jundiai_1744121126850.jpg","type":"image\/jpeg"}],"author":"Vitor Bruno","twitter_card":"summary_large_image","twitter_misc":{"Escrito por":"Vitor Bruno","Est. tempo de leitura":"4 minutos"},"schema":{"@context":"https:\/\/schema.org","@graph":[{"@type":"WebPage","@id":"https:\/\/www.correiobraziliense.com.br\/cbradar\/cidade-no-interior-de-sao-paulo-esta-se-tornando-uma-das-melhores-cidades-para-se-viver\/","url":"https:\/\/www.correiobraziliense.com.br\/cbradar\/cidade-no-interior-de-sao-paulo-esta-se-tornando-uma-das-melhores-cidades-para-se-viver\/","name":"Cidade no interior de S\u00e3o Paulo est\u00e1 se tornando uma das melhores cidades para se viver - Correio Braziliense - Radar","isPartOf":{"@id":"https:\/\/www.correiobraziliense.com.br\/cbradar\/#website"},"primaryImageOfPage":{"@id":"https:\/\/www.correiobraziliense.com.br\/cbradar\/cidade-no-interior-de-sao-paulo-esta-se-tornando-uma-das-melhores-cidades-para-se-viver\/#primaryimage"},"image":{"@id":"https:\/\/www.correiobraziliense.com.br\/cbradar\/cidade-no-interior-de-sao-paulo-esta-se-tornando-uma-das-melhores-cidades-para-se-viver\/#primaryimage"},"thumbnailUrl":"https:\/\/www.correiobraziliense.com.br\/cbradar\/wp-content\/uploads\/2025\/04\/Jundiai_1744121126850.jpg","datePublished":"2025-04-21T10:30:00+00:00","author":{"@id":"https:\/\/www.correiobraziliense.com.br\/cbradar\/#\/schema\/person\/e04970e26e5f467475848c94d302ca5b"},"description":"Cidade no interior de S\u00e3o Paulo ganha destaque e se torna uma das melhores para viver no Brasil. Descubra o que atrai tantos moradores!","breadcrumb":{"@id":"https:\/\/www.correiobraziliense.com.br\/cbradar\/cidade-no-interior-de-sao-paulo-esta-se-tornando-uma-das-melhores-cidades-para-se-viver\/#breadcrumb"},"inLanguage":"pt-BR","potentialAction":[{"@type":"ReadAction","target":["https:\/\/www.correiobraziliense.com.br\/cbradar\/cidade-no-interior-de-sao-paulo-esta-se-tornando-uma-das-melhores-cidades-para-se-viver\/"]}]},{"@type":"ImageObject","inLanguage":"pt-BR","@id":"https:\/\/www.correiobraziliense.com.br\/cbradar\/cidade-no-interior-de-sao-paulo-esta-se-tornando-uma-das-melhores-cidades-para-se-viver\/#primaryimage","url":"https:\/\/www.correiobraziliense.com.br\/cbradar\/wp-content\/uploads\/2025\/04\/Jundiai_1744121126850.jpg","contentUrl":"https:\/\/www.correiobraziliense.com.br\/cbradar\/wp-content\/uploads\/2025\/04\/Jundiai_1744121126850.jpg","width":1280,"height":720,"caption":"Jundia\u00ed, S\u00e3o Paulo \/\/ Cr\u00e9ditos: depositphotos.com \/ PedroTruffi"},{"@type":"BreadcrumbList","@id":"https:\/\/www.correiobraziliense.com.br\/cbradar\/cidade-no-interior-de-sao-paulo-esta-se-tornando-uma-das-melhores-cidades-para-se-viver\/#breadcrumb","itemListElement":[{"@type":"ListItem","position":1,"name":"In\u00edcio","item":"https:\/\/www.correiobraziliense.com.br\/cbradar\/"},{"@type":"ListItem","position":2,"name":"Cidade no interior de S\u00e3o Paulo est\u00e1 se tornando uma das melhores cidades para se viver"}]},{"@type":"WebSite","@id":"https:\/\/www.correiobraziliense.com.br\/cbradar\/#website","url":"https:\/\/www.correiobraziliense.com.br\/cbradar\/","name":"Correio Braziliense - Radar","description":"Acompanhe as \u00faltimas not\u00edcias e fique bem informado sobre tudo o que acontece no Brasil e no mundo.","potentialAction":[{"@type":"SearchAction","target":{"@type":"EntryPoint","urlTemplate":"https:\/\/www.correiobraziliense.com.br\/cbradar\/?s={search_term_string}"},"query-input":{"@type":"PropertyValueSpecification","valueRequired":true,"valueName":"search_term_string"}}],"inLanguage":"pt-BR"},{"@type":"Person","@id":"https:\/\/www.correiobraziliense.com.br\/cbradar\/#\/schema\/person\/e04970e26e5f467475848c94d302ca5b","name":"Vitor Bruno","image":{"@type":"ImageObject","inLanguage":"pt-BR","@id":"https:\/\/www.correiobraziliense.com.br\/cbradar\/#\/schema\/person\/image\/","url":"https:\/\/secure.gravatar.com\/avatar\/b719e5cdede09f942064960883b5524d?s=96&d=mm&r=g","contentUrl":"https:\/\/secure.gravatar.com\/avatar\/b719e5cdede09f942064960883b5524d?s=96&d=mm&r=g","caption":"Vitor Bruno"},"sameAs":["https:\/\/www.correiobraziliense.com.br\/"],"url":"https:\/\/www.correiobraziliense.com.br\/cbradar\/author\/vitormyth\/"}]}},"_links":{"self":[{"href":"https:\/\/www.correiobraziliense.com.br\/cbradar\/wp-json\/wp\/v2\/posts\/26215","targetHints":{"allow":["GET"]}}],"collection":[{"href":"https:\/\/www.correiobraziliense.com.br\/cbradar\/wp-json\/wp\/v2\/posts"}],"about":[{"href":"https:\/\/www.correiobraziliense.com.br\/cbradar\/wp-json\/wp\/v2\/types\/post"}],"author":[{"embeddable":true,"href":"https:\/\/www.correiobraziliense.com.br\/cbradar\/wp-json\/wp\/v2\/users\/6"}],"replies":[{"embeddable":true,"href":"https:\/\/www.correiobraziliense.com.br\/cbradar\/wp-json\/wp\/v2\/comments?post=26215"}],"version-history":[{"count":5,"href":"https:\/\/www.correiobraziliense.com.br\/cbradar\/wp-json\/wp\/v2\/posts\/26215\/revisions"}],"predecessor-version":[{"id":26243,"href":"https:\/\/www.correiobraziliense.com.br\/cbradar\/wp-json\/wp\/v2\/posts\/26215\/revisions\/26243"}],"wp:featuredmedia":[{"embeddable":true,"href":"https:\/\/www.correiobraziliense.com.br\/cbradar\/wp-json\/wp\/v2\/media\/26218"}],"wp:attachment":[{"href":"https:\/\/www.correiobraziliense.com.br\/cbradar\/wp-json\/wp\/v2\/media?parent=26215"}],"wp:term":[{"taxonomy":"category","embeddable":true,"href":"https:\/\/www.correiobraziliense.com.br\/cbradar\/wp-json\/wp\/v2\/categories?post=26215"},{"taxonomy":"post_tag","embeddable":true,"href":"https:\/\/www.correiobraziliense.com.br\/cbradar\/wp-json\/wp\/v2\/post_tag?post=26215"}],"curies":[{"name":"wp","href":"https:\/\/api.w.org\/{rel}","templated":true}]}}