{"id":26250,"date":"2025-04-21T21:50:00","date_gmt":"2025-04-22T00:50:00","guid":{"rendered":"https:\/\/www.correiobraziliense.com.br\/cbradar\/?p=26250"},"modified":"2025-04-20T19:55:29","modified_gmt":"2025-04-20T22:55:29","slug":"esse-e-um-dos-destinos-no-interior-mais-procurados-por-turistas-brasileiros","status":"publish","type":"post","link":"https:\/\/www.correiobraziliense.com.br\/cbradar\/esse-e-um-dos-destinos-no-interior-mais-procurados-por-turistas-brasileiros\/","title":{"rendered":"Esse \u00e9 um dos destinos no interior mais procurados por turistas brasileiros"},"content":{"rendered":"\n<p><strong><a href=\"https:\/\/www.bonito.ms.gov.br\/\" target=\"_blank\" rel=\"noreferrer noopener\">Bonito<\/a><\/strong>, no estado de <strong>Mato Grosso do Sul<\/strong>, \u00e9 mundialmente conhecido como um dos principais destinos de ecoturismo do <strong><a href=\"https:\/\/www.correiobraziliense.com.br\/cbradar\/voce-conhece-a-unica-cidade-brasileira-fundada-por-um-indigena\/\" target=\"_blank\" rel=\"noreferrer noopener\">Brasil<\/a><\/strong>. Al\u00e9m de suas paisagens naturais impressionantes, com rios cristalinos, cavernas e cachoeiras, a cidade tamb\u00e9m \u00e9 refer\u00eancia em sustentabilidade, qualidade de vida e acolhimento.<\/p>\n\n\n\n<h2 class=\"wp-block-heading\">Como \u00e9 a qualidade de vida em Bonito?<\/h2>\n\n\n\n<p><strong>Bonito<\/strong> \u00e9 um exemplo de como o desenvolvimento urbano pode coexistir com a preserva\u00e7\u00e3o ambiental. A cidade \u00e9 limpa, organizada e oferece seguran\u00e7a aos seus moradores. O clima \u00e9 agrad\u00e1vel durante o ano inteiro e a vida em contato direto com a natureza proporciona bem-estar f\u00edsico e mental.<\/p>\n\n\n\n<p>A comunidade valoriza pr\u00e1ticas sustent\u00e1veis e o respeito \u00e0 biodiversidade, o que refor\u00e7a o senso coletivo e a tranquilidade local.<\/p>\n\n\n\n<h2 class=\"wp-block-heading\">Como \u00e9 a educa\u00e7\u00e3o local?<\/h2>\n\n\n\n<p>A cidade conta com escolas p\u00fablicas e privadas que desenvolvem programas voltados \u00e0 educa\u00e7\u00e3o ambiental, cidadania e cultura regional. O ensino \u00e9 refor\u00e7ado por projetos que integram a comunidade \u00e0 natureza e valorizam os saberes locais.<\/p>\n\n\n\n<p>Al\u00e9m disso, parcerias com<strong> ONGs<\/strong> e universidades trazem iniciativas educativas que estimulam o desenvolvimento das crian\u00e7as e dos jovens com base em valores de respeito e sustentabilidade.<\/p>\n\n\n<div class=\"wp-block-image\">\n<figure class=\"aligncenter size-full\"><img decoding=\"async\" width=\"1024\" height=\"576\" src=\"https:\/\/www.correiobraziliense.com.br\/cbradar\/wp-content\/uploads\/2025\/04\/bonito_1735240368995-1024x576-1.jpg\" alt=\"Esse \u00e9 um dos destinos no interior mais procurados por turistas brasileiros\" class=\"wp-image-26329\" srcset=\"https:\/\/www.correiobraziliense.com.br\/cbradar\/wp-content\/uploads\/2025\/04\/bonito_1735240368995-1024x576-1.jpg 1024w, https:\/\/www.correiobraziliense.com.br\/cbradar\/wp-content\/uploads\/2025\/04\/bonito_1735240368995-1024x576-1-300x169.jpg 300w, https:\/\/www.correiobraziliense.com.br\/cbradar\/wp-content\/uploads\/2025\/04\/bonito_1735240368995-1024x576-1-768x432.jpg 768w, https:\/\/www.correiobraziliense.com.br\/cbradar\/wp-content\/uploads\/2025\/04\/bonito_1735240368995-1024x576-1-750x422.jpg 750w\" sizes=\"(max-width: 1024px) 100vw, 1024px\" \/><figcaption class=\"wp-element-caption\">Bonito, MS, Brasil \/\/ Cr\u00e9ditos: depositphotos.com \/ lspencer<\/figcaption><\/figure><\/div>\n\n\n<h2 class=\"wp-block-heading\">O que visitar em Bonito?<\/h2>\n\n\n\n<p><strong>Bonito<\/strong> \u00e9 sin\u00f4nimo de turismo sustent\u00e1vel e ecoturismo bem estruturado. As atra\u00e7\u00f5es naturais s\u00e3o monitoradas e organizadas para garantir a conserva\u00e7\u00e3o dos ecossistemas e a experi\u00eancia de cada visitante.<\/p>\n\n\n\n<ul class=\"wp-block-list\">\n<li><strong>Rio da Prata<\/strong>: Famoso pelos passeios de flutua\u00e7\u00e3o em \u00e1guas cristalinas repletas de peixes coloridos e vegeta\u00e7\u00e3o subaqu\u00e1tica.<\/li>\n\n\n\n<li><strong>Gruta do Lago Azul<\/strong>: Cart\u00e3o-postal da cidade, com uma imensa caverna e um lago de cor azul intensa, cen\u00e1rio de beleza inigual\u00e1vel.<\/li>\n\n\n\n<li><strong>Buraco das Araras<\/strong>: Dolina de origem geol\u00f3gica que abriga diversas esp\u00e9cies de aves, incluindo as ic\u00f4nicas araras-vermelhas.<\/li>\n\n\n\n<li><strong>Est\u00e2ncia Mimosa<\/strong>: Conjunto de trilhas e cachoeiras com estrutura para banho, observa\u00e7\u00e3o da fauna e contato direto com a mata.<\/li>\n\n\n\n<li><strong>Aqu\u00e1rio Natural<\/strong>: Um dos pontos mais procurados para flutua\u00e7\u00e3o com acompanhamento de guias ambientais, ideal para todas as idades.<\/li>\n<\/ul>\n\n\n\n<h2 class=\"wp-block-heading\">Como \u00e9 a economia de Bonito?<\/h2>\n\n\n\n<p>A economia de <strong>Bonito<\/strong> gira em torno do turismo ecol\u00f3gico. A cidade conta com uma rede bem estruturada de hot\u00e9is, pousadas, ag\u00eancias e restaurantes, todos comprometidos com pr\u00e1ticas sustent\u00e1veis.<\/p>\n\n\n\n<p>Al\u00e9m do turismo, o artesanato, a agricultura familiar e o com\u00e9rcio local tamb\u00e9m t\u00eam papel importante na gera\u00e7\u00e3o de renda e no fortalecimento da identidade regional.<\/p>\n\n\n\n<h2 class=\"wp-block-heading\">Qual \u00e9 a cultura regional?<\/h2>\n\n\n\n<p>A cultura de <strong>Bonito<\/strong> \u00e9 influenciada pelo <strong>Pantanal<\/strong>, com festas tradicionais, culin\u00e1ria t\u00edpica e manifesta\u00e7\u00f5es folcl\u00f3ricas. Os pratos \u00e0 base de peixe, a viola caipira e as dan\u00e7as regionais fazem parte do cotidiano e das celebra\u00e7\u00f5es locais.<\/p>\n\n\n\n<p>Feiras de artesanato, eventos culturais e festivais de m\u00fasica aproximam moradores e turistas, refor\u00e7ando os la\u00e7os comunit\u00e1rios. <strong>Bonito <\/strong>\u00e9 um dos destinos mais alegres do <strong>Brasil<\/strong>.<\/p>\n\n\n\n<h2 class=\"wp-block-heading\">Bonito \u00e9 uma cidade com mobilidade urbana acess\u00edvel?<\/h2>\n\n\n\n<p>Apesar de seu porte pequeno, <strong>Bonito<\/strong> possui infraestrutura vi\u00e1ria de qualidade e acesso facilitado por via terrestre e a\u00e9rea. O <strong>Aeroporto Regional de Bonito<\/strong> opera voos diretos de grandes capitais, enquanto a cidade se mant\u00e9m acess\u00edvel por rodovias bem conservadas.<\/p>\n\n\n\n<p>A mobilidade dentro da cidade \u00e9 tranquila, com uso de bicicletas, vans e ve\u00edculos autorizados para transporte tur\u00edstico.<\/p>\n\n\n\n<h2 class=\"wp-block-heading\">Vale a pena morar em Bonito?<\/h2>\n\n\n\n<p>Sim. <strong>Bonito<\/strong> \u00e9 ideal para quem busca uma vida mais simples, em contato com a natureza, em uma cidade segura, acolhedora e ambientalmente consciente. Uma excelente op\u00e7\u00e3o para fam\u00edlias, aposentados e profissionais ligados ao turismo e \u00e0 educa\u00e7\u00e3o.<\/p>\n\n\n\n<h2 class=\"wp-block-heading\">Vale a pena visitar Bonito?<\/h2>\n\n\n\n<p>Com certeza. Visitar <strong>Bonito<\/strong> \u00e9 mergulhar em um dos cen\u00e1rios mais espetaculares do <strong>Brasil<\/strong>, onde a natureza convida ao encantamento e \u00e0 reflex\u00e3o. Por isso, <strong>Bonito <\/strong>\u00e9 um dos destinos mais imperd\u00edveis para quem ama ecoturismo, aventura e experi\u00eancias transformadoras.<\/p>\n","protected":false},"excerpt":{"rendered":"<p>Bonito, no estado de Mato Grosso do Sul, \u00e9 mundialmente conhecido como um dos principais destinos de ecoturismo do Brasil. Al\u00e9m de suas paisagens naturais impressionantes, com rios cristalinos, cavernas e cachoeiras, a cidade tamb\u00e9m \u00e9 refer\u00eancia em sustentabilidade, qualidade de vida e acolhimento. Como \u00e9 a qualidade de vida em Bonito? Bonito \u00e9 um [&hellip;]<\/p>\n","protected":false},"author":8,"featured_media":26267,"comment_status":"open","ping_status":"open","sticky":false,"template":"","format":"standard","meta":{"_yoast_wpseo_focuskw":"destinos","_yoast_wpseo_title":"","_yoast_wpseo_metadesc":"Um dos destinos mais procurados por turistas brasileiros fica no interior! Veja por que ele conquista tantos visitantes.","jnews-multi-image_gallery":[],"jnews_single_post":{"format":"standard"},"jnews_primary_category":[],"jnews_social_meta":[],"jnews_override_counter":[],"footnotes":""},"categories":[108],"tags":[2824,388],"class_list":["post-26250","post","type-post","status-publish","format-standard","has-post-thumbnail","hentry","category-cidades","tag-bonito","tag-minas-gerais"],"yoast_head":"<!-- This site is optimized with the Yoast SEO plugin v24.6 - https:\/\/yoast.com\/wordpress\/plugins\/seo\/ -->\n<title>Esse \u00e9 um dos destinos no interior mais procurados por turistas brasileiros - Correio Braziliense - Radar<\/title>\n<meta name=\"description\" content=\"Um dos destinos mais procurados por turistas brasileiros fica no interior! Veja por que ele conquista tantos visitantes.\" \/>\n<meta name=\"robots\" content=\"index, follow, max-snippet:-1, max-image-preview:large, max-video-preview:-1\" \/>\n<link rel=\"canonical\" href=\"https:\/\/www.correiobraziliense.com.br\/cbradar\/esse-e-um-dos-destinos-no-interior-mais-procurados-por-turistas-brasileiros\/\" \/>\n<meta property=\"og:locale\" content=\"pt_BR\" \/>\n<meta property=\"og:type\" content=\"article\" \/>\n<meta property=\"og:title\" content=\"Esse \u00e9 um dos destinos no interior mais procurados por turistas brasileiros - Correio Braziliense - Radar\" \/>\n<meta property=\"og:description\" content=\"Um dos destinos mais procurados por turistas brasileiros fica no interior! Veja por que ele conquista tantos visitantes.\" \/>\n<meta property=\"og:url\" content=\"https:\/\/www.correiobraziliense.com.br\/cbradar\/esse-e-um-dos-destinos-no-interior-mais-procurados-por-turistas-brasileiros\/\" \/>\n<meta property=\"og:site_name\" content=\"Correio Braziliense - Radar\" \/>\n<meta property=\"article:published_time\" content=\"2025-04-22T00:50:00+00:00\" \/>\n<meta property=\"og:image\" content=\"https:\/\/www.correiobraziliense.com.br\/cbradar\/wp-content\/uploads\/2025\/04\/Bonito_1738799843337.jpg\" \/>\n\t<meta property=\"og:image:width\" content=\"1280\" \/>\n\t<meta property=\"og:image:height\" content=\"720\" \/>\n\t<meta property=\"og:image:type\" content=\"image\/jpeg\" \/>\n<meta name=\"author\" content=\"Maura Pereira\" \/>\n<meta name=\"twitter:card\" content=\"summary_large_image\" \/>\n<meta name=\"twitter:label1\" content=\"Escrito por\" \/>\n\t<meta name=\"twitter:data1\" content=\"Maura Pereira\" \/>\n\t<meta name=\"twitter:label2\" content=\"Est. tempo de leitura\" \/>\n\t<meta name=\"twitter:data2\" content=\"4 minutos\" \/>\n<!-- \/ Yoast SEO plugin. -->","yoast_head_json":{"title":"Esse \u00e9 um dos destinos no interior mais procurados por turistas brasileiros - Correio Braziliense - Radar","description":"Um dos destinos mais procurados por turistas brasileiros fica no interior! Veja por que ele conquista tantos visitantes.","robots":{"index":"index","follow":"follow","max-snippet":"max-snippet:-1","max-image-preview":"max-image-preview:large","max-video-preview":"max-video-preview:-1"},"canonical":"https:\/\/www.correiobraziliense.com.br\/cbradar\/esse-e-um-dos-destinos-no-interior-mais-procurados-por-turistas-brasileiros\/","og_locale":"pt_BR","og_type":"article","og_title":"Esse \u00e9 um dos destinos no interior mais procurados por turistas brasileiros - Correio Braziliense - Radar","og_description":"Um dos destinos mais procurados por turistas brasileiros fica no interior! Veja por que ele conquista tantos visitantes.","og_url":"https:\/\/www.correiobraziliense.com.br\/cbradar\/esse-e-um-dos-destinos-no-interior-mais-procurados-por-turistas-brasileiros\/","og_site_name":"Correio Braziliense - Radar","article_published_time":"2025-04-22T00:50:00+00:00","og_image":[{"width":1280,"height":720,"url":"https:\/\/www.correiobraziliense.com.br\/cbradar\/wp-content\/uploads\/2025\/04\/Bonito_1738799843337.jpg","type":"image\/jpeg"}],"author":"Maura Pereira","twitter_card":"summary_large_image","twitter_misc":{"Escrito por":"Maura Pereira","Est. tempo de leitura":"4 minutos"},"schema":{"@context":"https:\/\/schema.org","@graph":[{"@type":"WebPage","@id":"https:\/\/www.correiobraziliense.com.br\/cbradar\/esse-e-um-dos-destinos-no-interior-mais-procurados-por-turistas-brasileiros\/","url":"https:\/\/www.correiobraziliense.com.br\/cbradar\/esse-e-um-dos-destinos-no-interior-mais-procurados-por-turistas-brasileiros\/","name":"Esse \u00e9 um dos destinos no interior mais procurados por turistas brasileiros - Correio Braziliense - Radar","isPartOf":{"@id":"https:\/\/www.correiobraziliense.com.br\/cbradar\/#website"},"primaryImageOfPage":{"@id":"https:\/\/www.correiobraziliense.com.br\/cbradar\/esse-e-um-dos-destinos-no-interior-mais-procurados-por-turistas-brasileiros\/#primaryimage"},"image":{"@id":"https:\/\/www.correiobraziliense.com.br\/cbradar\/esse-e-um-dos-destinos-no-interior-mais-procurados-por-turistas-brasileiros\/#primaryimage"},"thumbnailUrl":"https:\/\/www.correiobraziliense.com.br\/cbradar\/wp-content\/uploads\/2025\/04\/Bonito_1738799843337.jpg","datePublished":"2025-04-22T00:50:00+00:00","author":{"@id":"https:\/\/www.correiobraziliense.com.br\/cbradar\/#\/schema\/person\/4053c651a9bfc785afc6f4cbc9032fd3"},"description":"Um dos destinos mais procurados por turistas brasileiros fica no interior! Veja por que ele conquista tantos visitantes.","breadcrumb":{"@id":"https:\/\/www.correiobraziliense.com.br\/cbradar\/esse-e-um-dos-destinos-no-interior-mais-procurados-por-turistas-brasileiros\/#breadcrumb"},"inLanguage":"pt-BR","potentialAction":[{"@type":"ReadAction","target":["https:\/\/www.correiobraziliense.com.br\/cbradar\/esse-e-um-dos-destinos-no-interior-mais-procurados-por-turistas-brasileiros\/"]}]},{"@type":"ImageObject","inLanguage":"pt-BR","@id":"https:\/\/www.correiobraziliense.com.br\/cbradar\/esse-e-um-dos-destinos-no-interior-mais-procurados-por-turistas-brasileiros\/#primaryimage","url":"https:\/\/www.correiobraziliense.com.br\/cbradar\/wp-content\/uploads\/2025\/04\/Bonito_1738799843337.jpg","contentUrl":"https:\/\/www.correiobraziliense.com.br\/cbradar\/wp-content\/uploads\/2025\/04\/Bonito_1738799843337.jpg","width":1280,"height":720,"caption":"Bonito, MS, Brasil \/\/ Cr\u00e9ditos: depositphotos.com \/ lspencer"},{"@type":"BreadcrumbList","@id":"https:\/\/www.correiobraziliense.com.br\/cbradar\/esse-e-um-dos-destinos-no-interior-mais-procurados-por-turistas-brasileiros\/#breadcrumb","itemListElement":[{"@type":"ListItem","position":1,"name":"In\u00edcio","item":"https:\/\/www.correiobraziliense.com.br\/cbradar\/"},{"@type":"ListItem","position":2,"name":"Esse \u00e9 um dos destinos no interior mais procurados por turistas brasileiros"}]},{"@type":"WebSite","@id":"https:\/\/www.correiobraziliense.com.br\/cbradar\/#website","url":"https:\/\/www.correiobraziliense.com.br\/cbradar\/","name":"Correio Braziliense - Radar","description":"Acompanhe as \u00faltimas not\u00edcias e fique bem informado sobre tudo o que acontece no Brasil e no mundo.","potentialAction":[{"@type":"SearchAction","target":{"@type":"EntryPoint","urlTemplate":"https:\/\/www.correiobraziliense.com.br\/cbradar\/?s={search_term_string}"},"query-input":{"@type":"PropertyValueSpecification","valueRequired":true,"valueName":"search_term_string"}}],"inLanguage":"pt-BR"},{"@type":"Person","@id":"https:\/\/www.correiobraziliense.com.br\/cbradar\/#\/schema\/person\/4053c651a9bfc785afc6f4cbc9032fd3","name":"Maura Pereira","image":{"@type":"ImageObject","inLanguage":"pt-BR","@id":"https:\/\/www.correiobraziliense.com.br\/cbradar\/#\/schema\/person\/image\/","url":"https:\/\/secure.gravatar.com\/avatar\/3effd6bdadfa447f15089c7f7144eaa6?s=96&d=mm&r=g","contentUrl":"https:\/\/secure.gravatar.com\/avatar\/3effd6bdadfa447f15089c7f7144eaa6?s=96&d=mm&r=g","caption":"Maura Pereira"},"sameAs":["https:\/\/www.correiobraziliense.com.br\/"],"url":"https:\/\/www.correiobraziliense.com.br\/cbradar\/author\/mauramyth\/"}]}},"_links":{"self":[{"href":"https:\/\/www.correiobraziliense.com.br\/cbradar\/wp-json\/wp\/v2\/posts\/26250","targetHints":{"allow":["GET"]}}],"collection":[{"href":"https:\/\/www.correiobraziliense.com.br\/cbradar\/wp-json\/wp\/v2\/posts"}],"about":[{"href":"https:\/\/www.correiobraziliense.com.br\/cbradar\/wp-json\/wp\/v2\/types\/post"}],"author":[{"embeddable":true,"href":"https:\/\/www.correiobraziliense.com.br\/cbradar\/wp-json\/wp\/v2\/users\/8"}],"replies":[{"embeddable":true,"href":"https:\/\/www.correiobraziliense.com.br\/cbradar\/wp-json\/wp\/v2\/comments?post=26250"}],"version-history":[{"count":11,"href":"https:\/\/www.correiobraziliense.com.br\/cbradar\/wp-json\/wp\/v2\/posts\/26250\/revisions"}],"predecessor-version":[{"id":26337,"href":"https:\/\/www.correiobraziliense.com.br\/cbradar\/wp-json\/wp\/v2\/posts\/26250\/revisions\/26337"}],"wp:featuredmedia":[{"embeddable":true,"href":"https:\/\/www.correiobraziliense.com.br\/cbradar\/wp-json\/wp\/v2\/media\/26267"}],"wp:attachment":[{"href":"https:\/\/www.correiobraziliense.com.br\/cbradar\/wp-json\/wp\/v2\/media?parent=26250"}],"wp:term":[{"taxonomy":"category","embeddable":true,"href":"https:\/\/www.correiobraziliense.com.br\/cbradar\/wp-json\/wp\/v2\/categories?post=26250"},{"taxonomy":"post_tag","embeddable":true,"href":"https:\/\/www.correiobraziliense.com.br\/cbradar\/wp-json\/wp\/v2\/tags?post=26250"}],"curies":[{"name":"wp","href":"https:\/\/api.w.org\/{rel}","templated":true}]}}