{"id":26361,"date":"2025-04-22T10:30:00","date_gmt":"2025-04-22T13:30:00","guid":{"rendered":"https:\/\/www.correiobraziliense.com.br\/cbradar\/?p=26361"},"modified":"2025-04-21T11:44:30","modified_gmt":"2025-04-21T14:44:30","slug":"esses-serao-os-episodios-especiais-para-os-fas-classicos-de-doctor-who","status":"publish","type":"post","link":"https:\/\/www.correiobraziliense.com.br\/cbradar\/esses-serao-os-episodios-especiais-para-os-fas-classicos-de-doctor-who\/","title":{"rendered":"Esses ser\u00e3o os epis\u00f3dios especiais para os f\u00e3s cl\u00e1ssicos de Doctor Who"},"content":{"rendered":"\n<p>A nova temporada de &#8220;<strong><a href=\"https:\/\/www.correiobraziliense.com.br\/cbradar\/trailer-da-segunda-temporada-de-doctor-who-anima-fas-veja\/\" target=\"_blank\" rel=\"noreferrer noopener\">Doctor Who<\/a><\/strong>&#8221; j\u00e1 est\u00e1 dispon\u00edvel no servi\u00e7o de streaming <strong>Disney<\/strong>, trazendo oito epis\u00f3dios in\u00e9ditos que prometem surpreender os f\u00e3s. Sob a dire\u00e7\u00e3o de <strong>Russel T Davies<\/strong>, que revitalizou a s\u00e9rie em 2005, a temporada continua a tradi\u00e7\u00e3o de aventuras emocionantes e cheias de mist\u00e9rio. O protagonista, interpretado por <strong>Ncuti Gatwa<\/strong>, embarca em uma jornada para ajudar <strong>Belinda Chandra<\/strong>, interpretada por <strong>Varada Sethu<\/strong>, a retornar \u00e0 <strong>Terra<\/strong>, enfrentando desafios e inimigos ao longo do caminho.<\/p>\n\n\n\n<p>Os epis\u00f3dios s\u00e3o lan\u00e7ados semanalmente, e os f\u00e3s podem esperar revela\u00e7\u00f5es especiais nos epis\u00f3dios 3, 6 e 7. Russel T Davies, em entrevista, destacou que todos os epis\u00f3dios t\u00eam o potencial de surpreender, prometendo uma experi\u00eancia rica em emo\u00e7\u00f5es e reviravoltas inesperadas. A s\u00e9rie promete explorar uma variedade de cen\u00e1rios, desde uma barbearia em Lagos at\u00e9 Miami em 1952, cada um com seu pr\u00f3prio toque de mist\u00e9rio e suspense.<\/p>\n\n\n\n<h2 class=\"wp-block-heading\">Quais s\u00e3o as novidades da segunda temporada?<\/h2>\n\n\n\n<p>A segunda temporada de &#8220;Doctor Who&#8221; traz uma fus\u00e3o de g\u00eaneros, variando entre o humor, o terror e a nostalgia. Russel T Davies enfatiza que a s\u00e9rie pode transitar de momentos engra\u00e7ados para assustadores, emocionantes para nost\u00e1lgicos, mantendo os espectadores constantemente envolvidos. Essa abordagem promete renovar o interesse dos f\u00e3s antigos e atrair novos espectadores para o universo de &#8220;Doctor Who&#8221;.<\/p>\n\n\n\n<p>Al\u00e9m das aventuras e desafios enfrentados pelo Doctor e sua equipe, a temporada tamb\u00e9m introduz novos personagens e desenvolve hist\u00f3rias que prometem expandir ainda mais o universo da s\u00e9rie. A diversidade de cen\u00e1rios e a complexidade das tramas s\u00e3o marcas registradas que continuam a cativar o p\u00fablico.<\/p>\n\n\n\n<figure class=\"wp-block-image size-large\"><img decoding=\"async\" width=\"1024\" height=\"576\" src=\"https:\/\/www.correiobraziliense.com.br\/cbradar\/wp-content\/uploads\/2025\/04\/Doctor-Who-2-1024x576.png\" alt=\"Esses ser\u00e3o os epis\u00f3dios especiais para os f\u00e3s cl\u00e1ssicos de Doctor Who\" class=\"wp-image-26362\" srcset=\"https:\/\/www.correiobraziliense.com.br\/cbradar\/wp-content\/uploads\/2025\/04\/Doctor-Who-2-1024x576.png 1024w, https:\/\/www.correiobraziliense.com.br\/cbradar\/wp-content\/uploads\/2025\/04\/Doctor-Who-2-300x169.png 300w, https:\/\/www.correiobraziliense.com.br\/cbradar\/wp-content\/uploads\/2025\/04\/Doctor-Who-2-768x432.png 768w, https:\/\/www.correiobraziliense.com.br\/cbradar\/wp-content\/uploads\/2025\/04\/Doctor-Who-2-750x422.png 750w, https:\/\/www.correiobraziliense.com.br\/cbradar\/wp-content\/uploads\/2025\/04\/Doctor-Who-2-1140x641.png 1140w, https:\/\/www.correiobraziliense.com.br\/cbradar\/wp-content\/uploads\/2025\/04\/Doctor-Who-2.png 1280w\" sizes=\"(max-width: 1024px) 100vw, 1024px\" \/><figcaption class=\"wp-element-caption\">Doctor Who. Fonte: divulga\u00e7\u00e3o \/ Disney+<\/figcaption><\/figure>\n\n\n\n<h2 class=\"wp-block-heading\">Doctor Who visitar\u00e1 o Brasil?<\/h2>\n\n\n\n<p>Embora &#8220;Doctor Who&#8221; j\u00e1 tenha explorado diversos momentos hist\u00f3ricos ao redor do mundo, como encontros com Vincent Van Gogh e Jack, o Estripador, uma visita ao Brasil ainda n\u00e3o est\u00e1 nos planos imediatos. Russel T Davies comentou que, apesar de n\u00e3o conhecer profundamente a hist\u00f3ria brasileira, nada est\u00e1 fora dos limites para a s\u00e9rie. Com mais de 60 anos de hist\u00f3ria, &#8220;Doctor Who&#8221; tem potencial para explorar novos territ\u00f3rios e \u00e9pocas no futuro.<\/p>\n\n\n\n<p>Davies brincou sobre a possibilidade de filmar no Brasil, mencionando que, se houvesse or\u00e7amento para isso, ele estaria disposto a embarcar em um avi\u00e3o e explorar o pa\u00eds. Essa abertura para novas loca\u00e7\u00f5es e hist\u00f3rias mant\u00e9m viva a expectativa dos f\u00e3s sobre as futuras aventuras do Doctor.<\/p>\n\n\n\n<iframe loading=\"lazy\" width=\"560\" height=\"315\" src=\"https:\/\/www.youtube.com\/embed\/_xuo_FvPI18?si=-jRZymMTUROF7w8Y\" title=\"YouTube video player\" frameborder=\"0\" allow=\"accelerometer; autoplay; clipboard-write; encrypted-media; gyroscope; picture-in-picture; web-share\" referrerpolicy=\"strict-origin-when-cross-origin\" allowfullscreen><\/iframe>\n\n\n\n<h2 class=\"wp-block-heading\">O elenco e as expectativas para o futuro<\/h2>\n\n\n\n<p>A nova temporada de &#8220;Doctor Who&#8221; conta com um elenco diversificado, incluindo Millie Gibson, Rose Ayling-Ellis, Christopher Chung, Anita Dobson, Michelle Greenidge, Jonah Hauer-King, Ruth Madeley, Jemma Redgrave e Susan Twist. Cada ator traz uma nova dimens\u00e3o aos personagens, contribuindo para a riqueza narrativa da s\u00e9rie.<\/p>\n\n\n\n<p>Com o lan\u00e7amento da nova temporada, &#8220;Doctor Who&#8221; continua a se afirmar como uma das s\u00e9ries mais aguardadas e inovadoras do momento. A expectativa \u00e9 que a s\u00e9rie continue a explorar novos horizontes, mantendo-se relevante e emocionante para as gera\u00e7\u00f5es futuras. A combina\u00e7\u00e3o de enredos complexos, personagens cativantes e cen\u00e1rios diversificados garante que &#8220;Doctor Who&#8221; permane\u00e7a uma presen\u00e7a constante no cen\u00e1rio televisivo global.<\/p>\n","protected":false},"excerpt":{"rendered":"<p>A nova temporada de Doctor Who traz aventuras surpreendentes e uma fus\u00e3o de g\u00eaneros. Com um elenco diversificado.<\/p>\n","protected":false},"author":3,"featured_media":26363,"comment_status":"open","ping_status":"open","sticky":false,"template":"","format":"standard","meta":{"_yoast_wpseo_focuskw":"Doctor Who epis\u00f3dios","_yoast_wpseo_title":"","_yoast_wpseo_metadesc":"A nova temporada de Doctor Who traz aventuras surpreendentes e uma fus\u00e3o de g\u00eaneros. Com um elenco diversificado.","jnews-multi-image_gallery":[],"jnews_single_post":{"format":"standard"},"jnews_primary_category":[],"jnews_social_meta":[],"jnews_override_counter":[],"footnotes":""},"categories":[140],"post_tag":[1964,568],"class_list":["post-26361","post","type-post","status-publish","format-standard","has-post-thumbnail","hentry","category-entretenimento","tag-doctor-who","tag-series-e-filmes"],"yoast_head":"<!-- This site is optimized with the Yoast SEO plugin v24.6 - https:\/\/yoast.com\/wordpress\/plugins\/seo\/ -->\n<title>Esses ser\u00e3o os epis\u00f3dios especiais para os f\u00e3s cl\u00e1ssicos de Doctor Who - Correio Braziliense - Radar<\/title>\n<meta name=\"description\" content=\"A nova temporada de Doctor Who traz aventuras surpreendentes e uma fus\u00e3o de g\u00eaneros. Com um elenco diversificado.\" \/>\n<meta name=\"robots\" content=\"index, follow, max-snippet:-1, max-image-preview:large, max-video-preview:-1\" \/>\n<link rel=\"canonical\" href=\"https:\/\/www.correiobraziliense.com.br\/cbradar\/esses-serao-os-episodios-especiais-para-os-fas-classicos-de-doctor-who\/\" \/>\n<meta property=\"og:locale\" content=\"pt_BR\" \/>\n<meta property=\"og:type\" content=\"article\" \/>\n<meta property=\"og:title\" content=\"Esses ser\u00e3o os epis\u00f3dios especiais para os f\u00e3s cl\u00e1ssicos de Doctor Who - Correio Braziliense - Radar\" \/>\n<meta property=\"og:description\" content=\"A nova temporada de Doctor Who traz aventuras surpreendentes e uma fus\u00e3o de g\u00eaneros. Com um elenco diversificado.\" \/>\n<meta property=\"og:url\" content=\"https:\/\/www.correiobraziliense.com.br\/cbradar\/esses-serao-os-episodios-especiais-para-os-fas-classicos-de-doctor-who\/\" \/>\n<meta property=\"og:site_name\" content=\"Correio Braziliense - Radar\" \/>\n<meta property=\"article:published_time\" content=\"2025-04-22T13:30:00+00:00\" \/>\n<meta property=\"og:image\" content=\"https:\/\/www.correiobraziliense.com.br\/cbradar\/wp-content\/uploads\/2025\/04\/Doctor-Who.png\" \/>\n\t<meta property=\"og:image:width\" content=\"1280\" \/>\n\t<meta property=\"og:image:height\" content=\"720\" \/>\n\t<meta property=\"og:image:type\" content=\"image\/png\" \/>\n<meta name=\"author\" content=\"Larissa Carvalho\" \/>\n<meta name=\"twitter:card\" content=\"summary_large_image\" \/>\n<meta name=\"twitter:label1\" content=\"Escrito por\" \/>\n\t<meta name=\"twitter:data1\" content=\"Larissa Carvalho\" \/>\n\t<meta name=\"twitter:label2\" content=\"Est. tempo de leitura\" \/>\n\t<meta name=\"twitter:data2\" content=\"4 minutos\" \/>\n<!-- \/ Yoast SEO plugin. -->","yoast_head_json":{"title":"Esses ser\u00e3o os epis\u00f3dios especiais para os f\u00e3s cl\u00e1ssicos de Doctor Who - Correio Braziliense - Radar","description":"A nova temporada de Doctor Who traz aventuras surpreendentes e uma fus\u00e3o de g\u00eaneros. Com um elenco diversificado.","robots":{"index":"index","follow":"follow","max-snippet":"max-snippet:-1","max-image-preview":"max-image-preview:large","max-video-preview":"max-video-preview:-1"},"canonical":"https:\/\/www.correiobraziliense.com.br\/cbradar\/esses-serao-os-episodios-especiais-para-os-fas-classicos-de-doctor-who\/","og_locale":"pt_BR","og_type":"article","og_title":"Esses ser\u00e3o os epis\u00f3dios especiais para os f\u00e3s cl\u00e1ssicos de Doctor Who - Correio Braziliense - Radar","og_description":"A nova temporada de Doctor Who traz aventuras surpreendentes e uma fus\u00e3o de g\u00eaneros. Com um elenco diversificado.","og_url":"https:\/\/www.correiobraziliense.com.br\/cbradar\/esses-serao-os-episodios-especiais-para-os-fas-classicos-de-doctor-who\/","og_site_name":"Correio Braziliense - Radar","article_published_time":"2025-04-22T13:30:00+00:00","og_image":[{"width":1280,"height":720,"url":"https:\/\/www.correiobraziliense.com.br\/cbradar\/wp-content\/uploads\/2025\/04\/Doctor-Who.png","type":"image\/png"}],"author":"Larissa Carvalho","twitter_card":"summary_large_image","twitter_misc":{"Escrito por":"Larissa Carvalho","Est. tempo de leitura":"4 minutos"},"schema":{"@context":"https:\/\/schema.org","@graph":[{"@type":"WebPage","@id":"https:\/\/www.correiobraziliense.com.br\/cbradar\/esses-serao-os-episodios-especiais-para-os-fas-classicos-de-doctor-who\/","url":"https:\/\/www.correiobraziliense.com.br\/cbradar\/esses-serao-os-episodios-especiais-para-os-fas-classicos-de-doctor-who\/","name":"Esses ser\u00e3o os epis\u00f3dios especiais para os f\u00e3s cl\u00e1ssicos de Doctor Who - Correio Braziliense - Radar","isPartOf":{"@id":"https:\/\/www.correiobraziliense.com.br\/cbradar\/#website"},"primaryImageOfPage":{"@id":"https:\/\/www.correiobraziliense.com.br\/cbradar\/esses-serao-os-episodios-especiais-para-os-fas-classicos-de-doctor-who\/#primaryimage"},"image":{"@id":"https:\/\/www.correiobraziliense.com.br\/cbradar\/esses-serao-os-episodios-especiais-para-os-fas-classicos-de-doctor-who\/#primaryimage"},"thumbnailUrl":"https:\/\/www.correiobraziliense.com.br\/cbradar\/wp-content\/uploads\/2025\/04\/Doctor-Who.png","datePublished":"2025-04-22T13:30:00+00:00","author":{"@id":"https:\/\/www.correiobraziliense.com.br\/cbradar\/#\/schema\/person\/58422787644df994b53a19d3e56c1513"},"description":"A nova temporada de Doctor Who traz aventuras surpreendentes e uma fus\u00e3o de g\u00eaneros. Com um elenco diversificado.","breadcrumb":{"@id":"https:\/\/www.correiobraziliense.com.br\/cbradar\/esses-serao-os-episodios-especiais-para-os-fas-classicos-de-doctor-who\/#breadcrumb"},"inLanguage":"pt-BR","potentialAction":[{"@type":"ReadAction","target":["https:\/\/www.correiobraziliense.com.br\/cbradar\/esses-serao-os-episodios-especiais-para-os-fas-classicos-de-doctor-who\/"]}]},{"@type":"ImageObject","inLanguage":"pt-BR","@id":"https:\/\/www.correiobraziliense.com.br\/cbradar\/esses-serao-os-episodios-especiais-para-os-fas-classicos-de-doctor-who\/#primaryimage","url":"https:\/\/www.correiobraziliense.com.br\/cbradar\/wp-content\/uploads\/2025\/04\/Doctor-Who.png","contentUrl":"https:\/\/www.correiobraziliense.com.br\/cbradar\/wp-content\/uploads\/2025\/04\/Doctor-Who.png","width":1280,"height":720,"caption":"Doctor Who. Fonte: divulga\u00e7\u00e3o \/ Disney+"},{"@type":"BreadcrumbList","@id":"https:\/\/www.correiobraziliense.com.br\/cbradar\/esses-serao-os-episodios-especiais-para-os-fas-classicos-de-doctor-who\/#breadcrumb","itemListElement":[{"@type":"ListItem","position":1,"name":"In\u00edcio","item":"https:\/\/www.correiobraziliense.com.br\/cbradar\/"},{"@type":"ListItem","position":2,"name":"Esses ser\u00e3o os epis\u00f3dios especiais para os f\u00e3s cl\u00e1ssicos de Doctor Who"}]},{"@type":"WebSite","@id":"https:\/\/www.correiobraziliense.com.br\/cbradar\/#website","url":"https:\/\/www.correiobraziliense.com.br\/cbradar\/","name":"Correio Braziliense - Radar","description":"Acompanhe as \u00faltimas not\u00edcias e fique bem informado sobre tudo o que acontece no Brasil e no mundo.","potentialAction":[{"@type":"SearchAction","target":{"@type":"EntryPoint","urlTemplate":"https:\/\/www.correiobraziliense.com.br\/cbradar\/?s={search_term_string}"},"query-input":{"@type":"PropertyValueSpecification","valueRequired":true,"valueName":"search_term_string"}}],"inLanguage":"pt-BR"},{"@type":"Person","@id":"https:\/\/www.correiobraziliense.com.br\/cbradar\/#\/schema\/person\/58422787644df994b53a19d3e56c1513","name":"Larissa Carvalho","image":{"@type":"ImageObject","inLanguage":"pt-BR","@id":"https:\/\/www.correiobraziliense.com.br\/cbradar\/#\/schema\/person\/image\/","url":"https:\/\/secure.gravatar.com\/avatar\/fe4f91a0de32b52a838d0d612abdc1aa?s=96&d=mm&r=g","contentUrl":"https:\/\/secure.gravatar.com\/avatar\/fe4f91a0de32b52a838d0d612abdc1aa?s=96&d=mm&r=g","caption":"Larissa Carvalho"},"url":"https:\/\/www.correiobraziliense.com.br\/cbradar\/author\/larissamyth\/"}]}},"_links":{"self":[{"href":"https:\/\/www.correiobraziliense.com.br\/cbradar\/wp-json\/wp\/v2\/posts\/26361","targetHints":{"allow":["GET"]}}],"collection":[{"href":"https:\/\/www.correiobraziliense.com.br\/cbradar\/wp-json\/wp\/v2\/posts"}],"about":[{"href":"https:\/\/www.correiobraziliense.com.br\/cbradar\/wp-json\/wp\/v2\/types\/post"}],"author":[{"embeddable":true,"href":"https:\/\/www.correiobraziliense.com.br\/cbradar\/wp-json\/wp\/v2\/users\/3"}],"replies":[{"embeddable":true,"href":"https:\/\/www.correiobraziliense.com.br\/cbradar\/wp-json\/wp\/v2\/comments?post=26361"}],"version-history":[{"count":1,"href":"https:\/\/www.correiobraziliense.com.br\/cbradar\/wp-json\/wp\/v2\/posts\/26361\/revisions"}],"predecessor-version":[{"id":26364,"href":"https:\/\/www.correiobraziliense.com.br\/cbradar\/wp-json\/wp\/v2\/posts\/26361\/revisions\/26364"}],"wp:featuredmedia":[{"embeddable":true,"href":"https:\/\/www.correiobraziliense.com.br\/cbradar\/wp-json\/wp\/v2\/media\/26363"}],"wp:attachment":[{"href":"https:\/\/www.correiobraziliense.com.br\/cbradar\/wp-json\/wp\/v2\/media?parent=26361"}],"wp:term":[{"taxonomy":"category","embeddable":true,"href":"https:\/\/www.correiobraziliense.com.br\/cbradar\/wp-json\/wp\/v2\/categories?post=26361"},{"taxonomy":"post_tag","embeddable":true,"href":"https:\/\/www.correiobraziliense.com.br\/cbradar\/wp-json\/wp\/v2\/post_tag?post=26361"}],"curies":[{"name":"wp","href":"https:\/\/api.w.org\/{rel}","templated":true}]}}