{"id":26365,"date":"2025-04-22T15:30:00","date_gmt":"2025-04-22T18:30:00","guid":{"rendered":"https:\/\/www.correiobraziliense.com.br\/cbradar\/?p=26365"},"modified":"2025-04-21T11:44:09","modified_gmt":"2025-04-21T14:44:09","slug":"heartstopper-vai-ter-quarta-temporada-veja-o-que-disse-astro-da-serie","status":"publish","type":"post","link":"https:\/\/www.correiobraziliense.com.br\/cbradar\/heartstopper-vai-ter-quarta-temporada-veja-o-que-disse-astro-da-serie\/","title":{"rendered":"Heartstopper vai ter quarta temporada? Veja o que disse astro da s\u00e9rie"},"content":{"rendered":"\n<p>Desde a estreia da terceira temporada de &#8220;<strong><a href=\"https:\/\/www.correiobraziliense.com.br\/cbradar\/netflix-confirma-mais-nomes-para-a-adaptacao-de-orgulho-e-preconceito\/\" target=\"_blank\" rel=\"noreferrer noopener\">Heartstopper<\/a><\/strong>&#8221; em outubro do ano passado, f\u00e3s e cr\u00edticos t\u00eam se perguntado sobre o futuro da s\u00e9rie. Baseada na popular hist\u00f3ria em quadrinhos de <strong>Alice Roseman<\/strong>, a produ\u00e7\u00e3o da <strong>Netflix<\/strong> conquistou uma base de f\u00e3s dedicada. No entanto, a incerteza sobre uma poss\u00edvel quarta temporada tem gerado especula\u00e7\u00f5es e expectativas.<\/p>\n\n\n\n<p><strong>Kit Connor,<\/strong> um dos protagonistas da s\u00e9rie, expressou seu desejo de continuar com o projeto, desde que seja feito de maneira adequada. Em entrevista \u00e0 Vogue brit\u00e2nica, ele destacou a import\u00e2ncia de manter a ess\u00eancia e o cora\u00e7\u00e3o da s\u00e9rie, afirmando que est\u00e1 disposto a participar de uma nova temporada se as condi\u00e7\u00f5es forem ideais.<\/p>\n\n\n\n<h2 class=\"wp-block-heading\">Por que a quarta temporada de &#8220;Heartstopper&#8221; \u00e9 t\u00e3o esperada?<\/h2>\n\n\n\n<p>A s\u00e9rie &#8220;Heartstopper&#8221; \u00e9 uma adapta\u00e7\u00e3o da hist\u00f3ria em quadrinhos hom\u00f4nima de <strong>Alice Roseman<\/strong>, que tamb\u00e9m atua como roteirista da s\u00e9rie. A autora est\u00e1 atualmente trabalhando no sexto volume dos quadrinhos, que ela declarou ser o encerramento da trama. Essa expectativa de um final nos quadrinhos alimenta o desejo dos f\u00e3s por uma quarta temporada que adapte o \u00faltimo volume.<\/p>\n\n\n\n<p>Roseman j\u00e1 manifestou publicamente sua vontade de ver a s\u00e9rie continuar, expressando seu desejo por um desfecho adequado. Em uma publica\u00e7\u00e3o no Patreon, ela revelou sua ansiedade e esperan\u00e7a de que a Netflix d\u00ea sinal verde para a continua\u00e7\u00e3o da s\u00e9rie, permitindo que a hist\u00f3ria seja conclu\u00edda de forma satisfat\u00f3ria.<\/p>\n\n\n\n<figure class=\"wp-block-image size-large\"><img decoding=\"async\" width=\"1024\" height=\"576\" src=\"https:\/\/www.correiobraziliense.com.br\/cbradar\/wp-content\/uploads\/2025\/04\/Heartstopper-2-1024x576.png\" alt=\"Heartstopper vai ter quarta temporada? Veja o que disse astro da s\u00e9rie\" class=\"wp-image-26366\" srcset=\"https:\/\/www.correiobraziliense.com.br\/cbradar\/wp-content\/uploads\/2025\/04\/Heartstopper-2-1024x576.png 1024w, https:\/\/www.correiobraziliense.com.br\/cbradar\/wp-content\/uploads\/2025\/04\/Heartstopper-2-300x169.png 300w, https:\/\/www.correiobraziliense.com.br\/cbradar\/wp-content\/uploads\/2025\/04\/Heartstopper-2-768x432.png 768w, https:\/\/www.correiobraziliense.com.br\/cbradar\/wp-content\/uploads\/2025\/04\/Heartstopper-2-750x422.png 750w, https:\/\/www.correiobraziliense.com.br\/cbradar\/wp-content\/uploads\/2025\/04\/Heartstopper-2-1140x641.png 1140w, https:\/\/www.correiobraziliense.com.br\/cbradar\/wp-content\/uploads\/2025\/04\/Heartstopper-2.png 1280w\" sizes=\"(max-width: 1024px) 100vw, 1024px\" \/><figcaption class=\"wp-element-caption\">Heartstopper. Fonte: divulga\u00e7\u00e3o \/ Netflix<\/figcaption><\/figure>\n\n\n\n<h2 class=\"wp-block-heading\">Quais fatores podem influenciar a decis\u00e3o da Netflix?<\/h2>\n\n\n\n<p>A decis\u00e3o da Netflix sobre a renova\u00e7\u00e3o de &#8220;Heartstopper&#8221; para uma quarta temporada pode ser influenciada por diversos fatores. Entre eles, est\u00e3o a audi\u00eancia da terceira temporada, o custo de produ\u00e7\u00e3o e o interesse cont\u00ednuo do p\u00fablico. Al\u00e9m disso, a disponibilidade do elenco e da equipe de produ\u00e7\u00e3o tamb\u00e9m pode ser um fator determinante.<\/p>\n\n\n\n<p>Outro aspecto a considerar \u00e9 o planejamento estrat\u00e9gico da Netflix em rela\u00e7\u00e3o ao seu cat\u00e1logo de s\u00e9ries originais. Com v\u00e1rias produ\u00e7\u00f5es chegando ao fim em 2025, como &#8220;Stranger Things&#8221; e &#8220;Cobra Kai&#8221;, a plataforma pode estar buscando novas hist\u00f3rias para preencher essas lacunas e manter o interesse dos assinantes.<\/p>\n\n\n\n<iframe loading=\"lazy\" width=\"560\" height=\"315\" src=\"https:\/\/www.youtube.com\/embed\/FrK4xPy4ahg?si=WWsac657wJr2gwuo\" title=\"YouTube video player\" frameborder=\"0\" allow=\"accelerometer; autoplay; clipboard-write; encrypted-media; gyroscope; picture-in-picture; web-share\" referrerpolicy=\"strict-origin-when-cross-origin\" allowfullscreen><\/iframe>\n\n\n\n<h2 class=\"wp-block-heading\">O que os f\u00e3s podem fazer enquanto esperam?<\/h2>\n\n\n\n<p>Enquanto aguardam uma decis\u00e3o oficial sobre a quarta temporada, os f\u00e3s de &#8220;Heartstopper&#8221; podem continuar apoiando a s\u00e9rie de v\u00e1rias maneiras. Isso inclui assistir novamente \u00e0s temporadas dispon\u00edveis, compartilhar suas experi\u00eancias nas redes sociais e engajar-se em comunidades de f\u00e3s para manter a conversa ativa.<\/p>\n\n\n\n<p>Al\u00e9m disso, os leitores dos quadrinhos podem acompanhar o lan\u00e7amento do sexto volume, que promete trazer um fechamento \u00e0 hist\u00f3ria. Esse envolvimento cont\u00ednuo pode ajudar a demonstrar \u00e0 Netflix o interesse e a dedica\u00e7\u00e3o do p\u00fablico, potencialmente influenciando a decis\u00e3o sobre a renova\u00e7\u00e3o da s\u00e9rie.<\/p>\n\n\n\n<h2 class=\"wp-block-heading\">Qual \u00e9 o impacto de &#8220;Heartstopper&#8221; na cultura pop?<\/h2>\n\n\n\n<p>&#8220;Heartstopper&#8221; tem sido elogiada por sua representa\u00e7\u00e3o aut\u00eantica e sens\u00edvel de temas LGBTQ+, conquistando um lugar especial na cultura pop contempor\u00e2nea. A s\u00e9rie n\u00e3o apenas entreteve, mas tamb\u00e9m proporcionou visibilidade e voz a hist\u00f3rias muitas vezes negligenciadas na m\u00eddia tradicional.<\/p>\n\n\n\n<p>O impacto cultural da s\u00e9rie pode ser um fator a mais para a Netflix considerar sua continuidade. Ao manter &#8220;Heartstopper&#8221; em seu cat\u00e1logo, a plataforma refor\u00e7a seu compromisso com a diversidade e a inclus\u00e3o, valores cada vez mais importantes para o p\u00fablico global.<\/p>\n","protected":false},"excerpt":{"rendered":"<p>Explora\u00e7\u00e3o do futuro de Heartstopper e dos fatores por tr\u00e1s da expectativa por uma quarta temporada.<\/p>\n","protected":false},"author":3,"featured_media":26367,"comment_status":"open","ping_status":"open","sticky":false,"template":"","format":"standard","meta":{"_yoast_wpseo_focuskw":"Heartstopper quarta temporada","_yoast_wpseo_title":"%%title%%","_yoast_wpseo_metadesc":"Explora\u00e7\u00e3o do futuro de Heartstopper e dos fatores por tr\u00e1s da expectativa por uma quarta temporada.","jnews-multi-image_gallery":[],"jnews_single_post":{"format":"standard"},"jnews_primary_category":[],"jnews_social_meta":[],"jnews_override_counter":[],"footnotes":""},"categories":[140],"post_tag":[3640,141,568],"class_list":["post-26365","post","type-post","status-publish","format-standard","has-post-thumbnail","hentry","category-entretenimento","tag-heartstopper","tag-netflix","tag-series-e-filmes"],"yoast_head":"<!-- This site is optimized with the Yoast SEO plugin v24.6 - https:\/\/yoast.com\/wordpress\/plugins\/seo\/ -->\n<title>Heartstopper vai ter quarta temporada? Veja o que disse astro da s\u00e9rie<\/title>\n<meta name=\"description\" content=\"Explora\u00e7\u00e3o do futuro de Heartstopper e dos fatores por tr\u00e1s da expectativa por uma quarta temporada.\" \/>\n<meta name=\"robots\" content=\"index, follow, max-snippet:-1, max-image-preview:large, max-video-preview:-1\" \/>\n<link rel=\"canonical\" href=\"https:\/\/www.correiobraziliense.com.br\/cbradar\/heartstopper-vai-ter-quarta-temporada-veja-o-que-disse-astro-da-serie\/\" \/>\n<meta property=\"og:locale\" content=\"pt_BR\" \/>\n<meta property=\"og:type\" content=\"article\" \/>\n<meta property=\"og:title\" content=\"Heartstopper vai ter quarta temporada? Veja o que disse astro da s\u00e9rie\" \/>\n<meta property=\"og:description\" content=\"Explora\u00e7\u00e3o do futuro de Heartstopper e dos fatores por tr\u00e1s da expectativa por uma quarta temporada.\" \/>\n<meta property=\"og:url\" content=\"https:\/\/www.correiobraziliense.com.br\/cbradar\/heartstopper-vai-ter-quarta-temporada-veja-o-que-disse-astro-da-serie\/\" \/>\n<meta property=\"og:site_name\" content=\"Correio Braziliense - Radar\" \/>\n<meta property=\"article:published_time\" content=\"2025-04-22T18:30:00+00:00\" \/>\n<meta property=\"og:image\" content=\"https:\/\/www.correiobraziliense.com.br\/cbradar\/wp-content\/uploads\/2025\/04\/Heartstopper.png\" \/>\n\t<meta property=\"og:image:width\" content=\"1280\" \/>\n\t<meta property=\"og:image:height\" content=\"720\" \/>\n\t<meta property=\"og:image:type\" content=\"image\/png\" \/>\n<meta name=\"author\" content=\"Larissa Carvalho\" \/>\n<meta name=\"twitter:card\" content=\"summary_large_image\" \/>\n<meta name=\"twitter:label1\" content=\"Escrito por\" \/>\n\t<meta name=\"twitter:data1\" content=\"Larissa Carvalho\" \/>\n\t<meta name=\"twitter:label2\" content=\"Est. tempo de leitura\" \/>\n\t<meta name=\"twitter:data2\" content=\"4 minutos\" \/>\n<!-- \/ Yoast SEO plugin. -->","yoast_head_json":{"title":"Heartstopper vai ter quarta temporada? Veja o que disse astro da s\u00e9rie","description":"Explora\u00e7\u00e3o do futuro de Heartstopper e dos fatores por tr\u00e1s da expectativa por uma quarta temporada.","robots":{"index":"index","follow":"follow","max-snippet":"max-snippet:-1","max-image-preview":"max-image-preview:large","max-video-preview":"max-video-preview:-1"},"canonical":"https:\/\/www.correiobraziliense.com.br\/cbradar\/heartstopper-vai-ter-quarta-temporada-veja-o-que-disse-astro-da-serie\/","og_locale":"pt_BR","og_type":"article","og_title":"Heartstopper vai ter quarta temporada? Veja o que disse astro da s\u00e9rie","og_description":"Explora\u00e7\u00e3o do futuro de Heartstopper e dos fatores por tr\u00e1s da expectativa por uma quarta temporada.","og_url":"https:\/\/www.correiobraziliense.com.br\/cbradar\/heartstopper-vai-ter-quarta-temporada-veja-o-que-disse-astro-da-serie\/","og_site_name":"Correio Braziliense - Radar","article_published_time":"2025-04-22T18:30:00+00:00","og_image":[{"width":1280,"height":720,"url":"https:\/\/www.correiobraziliense.com.br\/cbradar\/wp-content\/uploads\/2025\/04\/Heartstopper.png","type":"image\/png"}],"author":"Larissa Carvalho","twitter_card":"summary_large_image","twitter_misc":{"Escrito por":"Larissa Carvalho","Est. tempo de leitura":"4 minutos"},"schema":{"@context":"https:\/\/schema.org","@graph":[{"@type":"WebPage","@id":"https:\/\/www.correiobraziliense.com.br\/cbradar\/heartstopper-vai-ter-quarta-temporada-veja-o-que-disse-astro-da-serie\/","url":"https:\/\/www.correiobraziliense.com.br\/cbradar\/heartstopper-vai-ter-quarta-temporada-veja-o-que-disse-astro-da-serie\/","name":"Heartstopper vai ter quarta temporada? Veja o que disse astro da s\u00e9rie","isPartOf":{"@id":"https:\/\/www.correiobraziliense.com.br\/cbradar\/#website"},"primaryImageOfPage":{"@id":"https:\/\/www.correiobraziliense.com.br\/cbradar\/heartstopper-vai-ter-quarta-temporada-veja-o-que-disse-astro-da-serie\/#primaryimage"},"image":{"@id":"https:\/\/www.correiobraziliense.com.br\/cbradar\/heartstopper-vai-ter-quarta-temporada-veja-o-que-disse-astro-da-serie\/#primaryimage"},"thumbnailUrl":"https:\/\/www.correiobraziliense.com.br\/cbradar\/wp-content\/uploads\/2025\/04\/Heartstopper.png","datePublished":"2025-04-22T18:30:00+00:00","author":{"@id":"https:\/\/www.correiobraziliense.com.br\/cbradar\/#\/schema\/person\/58422787644df994b53a19d3e56c1513"},"description":"Explora\u00e7\u00e3o do futuro de Heartstopper e dos fatores por tr\u00e1s da expectativa por uma quarta temporada.","breadcrumb":{"@id":"https:\/\/www.correiobraziliense.com.br\/cbradar\/heartstopper-vai-ter-quarta-temporada-veja-o-que-disse-astro-da-serie\/#breadcrumb"},"inLanguage":"pt-BR","potentialAction":[{"@type":"ReadAction","target":["https:\/\/www.correiobraziliense.com.br\/cbradar\/heartstopper-vai-ter-quarta-temporada-veja-o-que-disse-astro-da-serie\/"]}]},{"@type":"ImageObject","inLanguage":"pt-BR","@id":"https:\/\/www.correiobraziliense.com.br\/cbradar\/heartstopper-vai-ter-quarta-temporada-veja-o-que-disse-astro-da-serie\/#primaryimage","url":"https:\/\/www.correiobraziliense.com.br\/cbradar\/wp-content\/uploads\/2025\/04\/Heartstopper.png","contentUrl":"https:\/\/www.correiobraziliense.com.br\/cbradar\/wp-content\/uploads\/2025\/04\/Heartstopper.png","width":1280,"height":720,"caption":"Heartstopper. Fonte: divulga\u00e7\u00e3o \/ Netflix"},{"@type":"BreadcrumbList","@id":"https:\/\/www.correiobraziliense.com.br\/cbradar\/heartstopper-vai-ter-quarta-temporada-veja-o-que-disse-astro-da-serie\/#breadcrumb","itemListElement":[{"@type":"ListItem","position":1,"name":"In\u00edcio","item":"https:\/\/www.correiobraziliense.com.br\/cbradar\/"},{"@type":"ListItem","position":2,"name":"Heartstopper vai ter quarta temporada? Veja o que disse astro da s\u00e9rie"}]},{"@type":"WebSite","@id":"https:\/\/www.correiobraziliense.com.br\/cbradar\/#website","url":"https:\/\/www.correiobraziliense.com.br\/cbradar\/","name":"Correio Braziliense - Radar","description":"Acompanhe as \u00faltimas not\u00edcias e fique bem informado sobre tudo o que acontece no Brasil e no mundo.","potentialAction":[{"@type":"SearchAction","target":{"@type":"EntryPoint","urlTemplate":"https:\/\/www.correiobraziliense.com.br\/cbradar\/?s={search_term_string}"},"query-input":{"@type":"PropertyValueSpecification","valueRequired":true,"valueName":"search_term_string"}}],"inLanguage":"pt-BR"},{"@type":"Person","@id":"https:\/\/www.correiobraziliense.com.br\/cbradar\/#\/schema\/person\/58422787644df994b53a19d3e56c1513","name":"Larissa Carvalho","image":{"@type":"ImageObject","inLanguage":"pt-BR","@id":"https:\/\/www.correiobraziliense.com.br\/cbradar\/#\/schema\/person\/image\/","url":"https:\/\/secure.gravatar.com\/avatar\/fe4f91a0de32b52a838d0d612abdc1aa?s=96&d=mm&r=g","contentUrl":"https:\/\/secure.gravatar.com\/avatar\/fe4f91a0de32b52a838d0d612abdc1aa?s=96&d=mm&r=g","caption":"Larissa Carvalho"},"url":"https:\/\/www.correiobraziliense.com.br\/cbradar\/author\/larissamyth\/"}]}},"_links":{"self":[{"href":"https:\/\/www.correiobraziliense.com.br\/cbradar\/wp-json\/wp\/v2\/posts\/26365","targetHints":{"allow":["GET"]}}],"collection":[{"href":"https:\/\/www.correiobraziliense.com.br\/cbradar\/wp-json\/wp\/v2\/posts"}],"about":[{"href":"https:\/\/www.correiobraziliense.com.br\/cbradar\/wp-json\/wp\/v2\/types\/post"}],"author":[{"embeddable":true,"href":"https:\/\/www.correiobraziliense.com.br\/cbradar\/wp-json\/wp\/v2\/users\/3"}],"replies":[{"embeddable":true,"href":"https:\/\/www.correiobraziliense.com.br\/cbradar\/wp-json\/wp\/v2\/comments?post=26365"}],"version-history":[{"count":1,"href":"https:\/\/www.correiobraziliense.com.br\/cbradar\/wp-json\/wp\/v2\/posts\/26365\/revisions"}],"predecessor-version":[{"id":26368,"href":"https:\/\/www.correiobraziliense.com.br\/cbradar\/wp-json\/wp\/v2\/posts\/26365\/revisions\/26368"}],"wp:featuredmedia":[{"embeddable":true,"href":"https:\/\/www.correiobraziliense.com.br\/cbradar\/wp-json\/wp\/v2\/media\/26367"}],"wp:attachment":[{"href":"https:\/\/www.correiobraziliense.com.br\/cbradar\/wp-json\/wp\/v2\/media?parent=26365"}],"wp:term":[{"taxonomy":"category","embeddable":true,"href":"https:\/\/www.correiobraziliense.com.br\/cbradar\/wp-json\/wp\/v2\/categories?post=26365"},{"taxonomy":"post_tag","embeddable":true,"href":"https:\/\/www.correiobraziliense.com.br\/cbradar\/wp-json\/wp\/v2\/post_tag?post=26365"}],"curies":[{"name":"wp","href":"https:\/\/api.w.org\/{rel}","templated":true}]}}