{"id":26369,"date":"2025-04-22T17:10:00","date_gmt":"2025-04-22T20:10:00","guid":{"rendered":"https:\/\/www.correiobraziliense.com.br\/cbradar\/?p=26369"},"modified":"2025-04-21T11:43:43","modified_gmt":"2025-04-21T14:43:43","slug":"cynthia-erivo-detalha-decisao-de-raspar-o-cabelo-para-wicked","status":"publish","type":"post","link":"https:\/\/www.correiobraziliense.com.br\/cbradar\/cynthia-erivo-detalha-decisao-de-raspar-o-cabelo-para-wicked\/","title":{"rendered":"Cynthia Erivo detalha decis\u00e3o de raspar o cabelo para Wicked"},"content":{"rendered":"\n<p><strong>Cynthia Erivo<\/strong>, uma renomada atriz e cantora, compartilhou recentemente a experi\u00eancia de raspar o cabelo para interpretar <strong>Elphaba <\/strong>no musical &#8220;<strong><a href=\"https:\/\/www.correiobraziliense.com.br\/cbradar\/descendentes-5-e-confirmado-pela-disney\/\" target=\"_blank\" rel=\"noreferrer noopener\">Wicked<\/a><\/strong>&#8220;. Durante o evento <strong>Canva Create<\/strong> em <strong>Los Angeles<\/strong>, Erivo relembrou o momento em que se viu pela primeira vez no espelho sem cabelo. Ela descreveu a sensa\u00e7\u00e3o como uma experi\u00eancia de vulnerabilidade e abertura, apreciando a simplicidade de seu rosto sem as madeixas.<\/p>\n\n\n\n<p>A decis\u00e3o de raspar o cabelo n\u00e3o foi apenas para o papel, mas tamb\u00e9m um desejo pessoal que Erivo j\u00e1 nutria. Desde a \u00e9poca em que frequentava a escola de teatro, ela sentia a vontade de experimentar um visual mais curto, buscando uma forma de se apresentar de maneira mais aut\u00eantica em audi\u00e7\u00f5es e outros eventos profissionais.<\/p>\n\n\n\n<h2 class=\"wp-block-heading\">Por que Cynthia Erivo optou por um visual mais curto?<\/h2>\n\n\n\n<p>Erivo explicou que a escolha de um cabelo mais curto foi motivada pelo desejo de ser vista como ela mesma, especialmente em ambientes de audi\u00e7\u00e3o. Ela queria que seu rosto fosse o foco, sem a distra\u00e7\u00e3o de cabelos longos e volumosos. Essa mudan\u00e7a n\u00e3o apenas transformou sua apar\u00eancia, mas tamb\u00e9m refor\u00e7ou sua confian\u00e7a e presen\u00e7a.<\/p>\n\n\n\n<figure class=\"wp-block-image size-large\"><img decoding=\"async\" width=\"1024\" height=\"576\" src=\"https:\/\/www.correiobraziliense.com.br\/cbradar\/wp-content\/uploads\/2025\/04\/Cynthia-Erivo_1745231352525-1024x576.jpg\" alt=\"Cynthia Erivo detalha decis\u00e3o de raspar o cabelo para Wicked\" class=\"wp-image-26371\" srcset=\"https:\/\/www.correiobraziliense.com.br\/cbradar\/wp-content\/uploads\/2025\/04\/Cynthia-Erivo_1745231352525-1024x576.jpg 1024w, https:\/\/www.correiobraziliense.com.br\/cbradar\/wp-content\/uploads\/2025\/04\/Cynthia-Erivo_1745231352525-300x169.jpg 300w, https:\/\/www.correiobraziliense.com.br\/cbradar\/wp-content\/uploads\/2025\/04\/Cynthia-Erivo_1745231352525-768x432.jpg 768w, https:\/\/www.correiobraziliense.com.br\/cbradar\/wp-content\/uploads\/2025\/04\/Cynthia-Erivo_1745231352525-750x422.jpg 750w, https:\/\/www.correiobraziliense.com.br\/cbradar\/wp-content\/uploads\/2025\/04\/Cynthia-Erivo_1745231352525-1140x641.jpg 1140w, https:\/\/www.correiobraziliense.com.br\/cbradar\/wp-content\/uploads\/2025\/04\/Cynthia-Erivo_1745231352525.jpg 1280w\" sizes=\"(max-width: 1024px) 100vw, 1024px\" \/><figcaption class=\"wp-element-caption\">Cynthia Erivo. Cr\u00e9ditos: depositphotos.com \/ Image Press Agency<\/figcaption><\/figure>\n\n\n\n<h2 class=\"wp-block-heading\">Qual \u00e9 o impacto do novo visual na carreira de Cynthia Erivo?<\/h2>\n\n\n\n<p>O novo visual de Erivo n\u00e3o apenas complementou sua interpreta\u00e7\u00e3o de Elphaba, mas tamb\u00e9m marcou um momento significativo em sua carreira. A mudan\u00e7a refletiu sua busca por autenticidade e individualidade, elementos que ela considera essenciais em sua trajet\u00f3ria art\u00edstica. Al\u00e9m disso, essa transforma\u00e7\u00e3o capilar simboliza uma tela em branco, pronta para novas experi\u00eancias e desafios.<\/p>\n\n\n\n<iframe loading=\"lazy\" width=\"560\" height=\"315\" src=\"https:\/\/www.youtube.com\/embed\/rU-jAqHktSs?si=ZLYg0GkgGgM1U-kp\" title=\"YouTube video player\" frameborder=\"0\" allow=\"accelerometer; autoplay; clipboard-write; encrypted-media; gyroscope; picture-in-picture; web-share\" referrerpolicy=\"strict-origin-when-cross-origin\" allowfullscreen><\/iframe>\n\n\n\n<h2 class=\"wp-block-heading\">Quais s\u00e3o os pr\u00f3ximos passos na carreira musical de Cynthia Erivo?<\/h2>\n\n\n\n<p>Al\u00e9m de sua atua\u00e7\u00e3o, Cynthia Erivo est\u00e1 prestes a lan\u00e7ar seu segundo \u00e1lbum de est\u00fadio, intitulado &#8220;I Forgive You&#8221;, no dia 6 de junho de 2025. O \u00e1lbum, criado em colabora\u00e7\u00e3o com Will Wells, promete ser uma express\u00e3o \u00edntima de suas emo\u00e7\u00f5es e experi\u00eancias pessoais. Erivo descreve o projeto como uma cole\u00e7\u00e3o de m\u00fasicas que refletem peda\u00e7os de seu cora\u00e7\u00e3o e alma, um trabalho do qual ela se orgulha profundamente.<\/p>\n\n\n\n<h2 class=\"wp-block-heading\">Como Cynthia Erivo equilibra suas carreiras de atriz e cantora?<\/h2>\n\n\n\n<p>Erivo tem se destacado tanto no cinema quanto na m\u00fasica, equilibrando uma agenda cheia de filmagens, entrevistas e premia\u00e7\u00f5es. Ela compartilhou que, nos \u00faltimos dois anos, entre compromissos profissionais, encontrou tempo para se dedicar ao est\u00fadio e criar seu novo \u00e1lbum. Essa dedica\u00e7\u00e3o \u00e0 m\u00fasica, paralelamente \u00e0 sua carreira de atriz, demonstra sua versatilidade e paix\u00e3o por ambas as artes.<\/p>\n","protected":false},"excerpt":{"rendered":"<p>A atriz e cantora Cynthia Erivo e sua jornada de transforma\u00e7\u00e3o capilar para o musical Wicked, e os impactos em sua carreira. <\/p>\n","protected":false},"author":3,"featured_media":26370,"comment_status":"open","ping_status":"open","sticky":false,"template":"","format":"standard","meta":{"_yoast_wpseo_focuskw":"Cynthia Erivo Wicked","_yoast_wpseo_title":"%%title%%","_yoast_wpseo_metadesc":"A atriz e cantora Cynthia Erivo e sua jornada de transforma\u00e7\u00e3o capilar para o musical Wicked, e os impactos em sua carreira.","jnews-multi-image_gallery":[],"jnews_single_post":{"format":"standard"},"jnews_primary_category":[],"jnews_social_meta":[],"jnews_override_counter":[],"footnotes":""},"categories":[140],"post_tag":[568,3639],"class_list":["post-26369","post","type-post","status-publish","format-standard","has-post-thumbnail","hentry","category-entretenimento","tag-series-e-filmes","tag-wicked"],"yoast_head":"<!-- This site is optimized with the Yoast SEO plugin v24.6 - https:\/\/yoast.com\/wordpress\/plugins\/seo\/ -->\n<title>Cynthia Erivo detalha decis\u00e3o de raspar o cabelo para Wicked<\/title>\n<meta name=\"description\" content=\"A atriz e cantora Cynthia Erivo e sua jornada de transforma\u00e7\u00e3o capilar para o musical Wicked, e os impactos em sua carreira.\" \/>\n<meta name=\"robots\" content=\"index, follow, max-snippet:-1, max-image-preview:large, max-video-preview:-1\" \/>\n<link rel=\"canonical\" href=\"https:\/\/www.correiobraziliense.com.br\/cbradar\/cynthia-erivo-detalha-decisao-de-raspar-o-cabelo-para-wicked\/\" \/>\n<meta property=\"og:locale\" content=\"pt_BR\" \/>\n<meta property=\"og:type\" content=\"article\" \/>\n<meta property=\"og:title\" content=\"Cynthia Erivo detalha decis\u00e3o de raspar o cabelo para Wicked\" \/>\n<meta property=\"og:description\" content=\"A atriz e cantora Cynthia Erivo e sua jornada de transforma\u00e7\u00e3o capilar para o musical Wicked, e os impactos em sua carreira.\" \/>\n<meta property=\"og:url\" content=\"https:\/\/www.correiobraziliense.com.br\/cbradar\/cynthia-erivo-detalha-decisao-de-raspar-o-cabelo-para-wicked\/\" \/>\n<meta property=\"og:site_name\" content=\"Correio Braziliense - Radar\" \/>\n<meta property=\"article:published_time\" content=\"2025-04-22T20:10:00+00:00\" \/>\n<meta property=\"og:image\" content=\"https:\/\/www.correiobraziliense.com.br\/cbradar\/wp-content\/uploads\/2025\/04\/Cynthia-Erivo_1745231317180.jpg\" \/>\n\t<meta property=\"og:image:width\" content=\"1280\" \/>\n\t<meta property=\"og:image:height\" content=\"720\" \/>\n\t<meta property=\"og:image:type\" content=\"image\/jpeg\" \/>\n<meta name=\"author\" content=\"Larissa Carvalho\" \/>\n<meta name=\"twitter:card\" content=\"summary_large_image\" \/>\n<meta name=\"twitter:label1\" content=\"Escrito por\" \/>\n\t<meta name=\"twitter:data1\" content=\"Larissa Carvalho\" \/>\n\t<meta name=\"twitter:label2\" content=\"Est. tempo de leitura\" \/>\n\t<meta name=\"twitter:data2\" content=\"3 minutos\" \/>\n<!-- \/ Yoast SEO plugin. -->","yoast_head_json":{"title":"Cynthia Erivo detalha decis\u00e3o de raspar o cabelo para Wicked","description":"A atriz e cantora Cynthia Erivo e sua jornada de transforma\u00e7\u00e3o capilar para o musical Wicked, e os impactos em sua carreira.","robots":{"index":"index","follow":"follow","max-snippet":"max-snippet:-1","max-image-preview":"max-image-preview:large","max-video-preview":"max-video-preview:-1"},"canonical":"https:\/\/www.correiobraziliense.com.br\/cbradar\/cynthia-erivo-detalha-decisao-de-raspar-o-cabelo-para-wicked\/","og_locale":"pt_BR","og_type":"article","og_title":"Cynthia Erivo detalha decis\u00e3o de raspar o cabelo para Wicked","og_description":"A atriz e cantora Cynthia Erivo e sua jornada de transforma\u00e7\u00e3o capilar para o musical Wicked, e os impactos em sua carreira.","og_url":"https:\/\/www.correiobraziliense.com.br\/cbradar\/cynthia-erivo-detalha-decisao-de-raspar-o-cabelo-para-wicked\/","og_site_name":"Correio Braziliense - Radar","article_published_time":"2025-04-22T20:10:00+00:00","og_image":[{"width":1280,"height":720,"url":"https:\/\/www.correiobraziliense.com.br\/cbradar\/wp-content\/uploads\/2025\/04\/Cynthia-Erivo_1745231317180.jpg","type":"image\/jpeg"}],"author":"Larissa Carvalho","twitter_card":"summary_large_image","twitter_misc":{"Escrito por":"Larissa Carvalho","Est. tempo de leitura":"3 minutos"},"schema":{"@context":"https:\/\/schema.org","@graph":[{"@type":"WebPage","@id":"https:\/\/www.correiobraziliense.com.br\/cbradar\/cynthia-erivo-detalha-decisao-de-raspar-o-cabelo-para-wicked\/","url":"https:\/\/www.correiobraziliense.com.br\/cbradar\/cynthia-erivo-detalha-decisao-de-raspar-o-cabelo-para-wicked\/","name":"Cynthia Erivo detalha decis\u00e3o de raspar o cabelo para Wicked","isPartOf":{"@id":"https:\/\/www.correiobraziliense.com.br\/cbradar\/#website"},"primaryImageOfPage":{"@id":"https:\/\/www.correiobraziliense.com.br\/cbradar\/cynthia-erivo-detalha-decisao-de-raspar-o-cabelo-para-wicked\/#primaryimage"},"image":{"@id":"https:\/\/www.correiobraziliense.com.br\/cbradar\/cynthia-erivo-detalha-decisao-de-raspar-o-cabelo-para-wicked\/#primaryimage"},"thumbnailUrl":"https:\/\/www.correiobraziliense.com.br\/cbradar\/wp-content\/uploads\/2025\/04\/Cynthia-Erivo_1745231317180.jpg","datePublished":"2025-04-22T20:10:00+00:00","author":{"@id":"https:\/\/www.correiobraziliense.com.br\/cbradar\/#\/schema\/person\/58422787644df994b53a19d3e56c1513"},"description":"A atriz e cantora Cynthia Erivo e sua jornada de transforma\u00e7\u00e3o capilar para o musical Wicked, e os impactos em sua carreira.","breadcrumb":{"@id":"https:\/\/www.correiobraziliense.com.br\/cbradar\/cynthia-erivo-detalha-decisao-de-raspar-o-cabelo-para-wicked\/#breadcrumb"},"inLanguage":"pt-BR","potentialAction":[{"@type":"ReadAction","target":["https:\/\/www.correiobraziliense.com.br\/cbradar\/cynthia-erivo-detalha-decisao-de-raspar-o-cabelo-para-wicked\/"]}]},{"@type":"ImageObject","inLanguage":"pt-BR","@id":"https:\/\/www.correiobraziliense.com.br\/cbradar\/cynthia-erivo-detalha-decisao-de-raspar-o-cabelo-para-wicked\/#primaryimage","url":"https:\/\/www.correiobraziliense.com.br\/cbradar\/wp-content\/uploads\/2025\/04\/Cynthia-Erivo_1745231317180.jpg","contentUrl":"https:\/\/www.correiobraziliense.com.br\/cbradar\/wp-content\/uploads\/2025\/04\/Cynthia-Erivo_1745231317180.jpg","width":1280,"height":720,"caption":"Cynthia Erivo. Cr\u00e9ditos: depositphotos.com \/ Image Press Agency"},{"@type":"BreadcrumbList","@id":"https:\/\/www.correiobraziliense.com.br\/cbradar\/cynthia-erivo-detalha-decisao-de-raspar-o-cabelo-para-wicked\/#breadcrumb","itemListElement":[{"@type":"ListItem","position":1,"name":"In\u00edcio","item":"https:\/\/www.correiobraziliense.com.br\/cbradar\/"},{"@type":"ListItem","position":2,"name":"Cynthia Erivo detalha decis\u00e3o de raspar o cabelo para Wicked"}]},{"@type":"WebSite","@id":"https:\/\/www.correiobraziliense.com.br\/cbradar\/#website","url":"https:\/\/www.correiobraziliense.com.br\/cbradar\/","name":"Correio Braziliense - Radar","description":"Acompanhe as \u00faltimas not\u00edcias e fique bem informado sobre tudo o que acontece no Brasil e no mundo.","potentialAction":[{"@type":"SearchAction","target":{"@type":"EntryPoint","urlTemplate":"https:\/\/www.correiobraziliense.com.br\/cbradar\/?s={search_term_string}"},"query-input":{"@type":"PropertyValueSpecification","valueRequired":true,"valueName":"search_term_string"}}],"inLanguage":"pt-BR"},{"@type":"Person","@id":"https:\/\/www.correiobraziliense.com.br\/cbradar\/#\/schema\/person\/58422787644df994b53a19d3e56c1513","name":"Larissa Carvalho","image":{"@type":"ImageObject","inLanguage":"pt-BR","@id":"https:\/\/www.correiobraziliense.com.br\/cbradar\/#\/schema\/person\/image\/","url":"https:\/\/secure.gravatar.com\/avatar\/fe4f91a0de32b52a838d0d612abdc1aa?s=96&d=mm&r=g","contentUrl":"https:\/\/secure.gravatar.com\/avatar\/fe4f91a0de32b52a838d0d612abdc1aa?s=96&d=mm&r=g","caption":"Larissa Carvalho"},"url":"https:\/\/www.correiobraziliense.com.br\/cbradar\/author\/larissamyth\/"}]}},"_links":{"self":[{"href":"https:\/\/www.correiobraziliense.com.br\/cbradar\/wp-json\/wp\/v2\/posts\/26369","targetHints":{"allow":["GET"]}}],"collection":[{"href":"https:\/\/www.correiobraziliense.com.br\/cbradar\/wp-json\/wp\/v2\/posts"}],"about":[{"href":"https:\/\/www.correiobraziliense.com.br\/cbradar\/wp-json\/wp\/v2\/types\/post"}],"author":[{"embeddable":true,"href":"https:\/\/www.correiobraziliense.com.br\/cbradar\/wp-json\/wp\/v2\/users\/3"}],"replies":[{"embeddable":true,"href":"https:\/\/www.correiobraziliense.com.br\/cbradar\/wp-json\/wp\/v2\/comments?post=26369"}],"version-history":[{"count":1,"href":"https:\/\/www.correiobraziliense.com.br\/cbradar\/wp-json\/wp\/v2\/posts\/26369\/revisions"}],"predecessor-version":[{"id":26372,"href":"https:\/\/www.correiobraziliense.com.br\/cbradar\/wp-json\/wp\/v2\/posts\/26369\/revisions\/26372"}],"wp:featuredmedia":[{"embeddable":true,"href":"https:\/\/www.correiobraziliense.com.br\/cbradar\/wp-json\/wp\/v2\/media\/26370"}],"wp:attachment":[{"href":"https:\/\/www.correiobraziliense.com.br\/cbradar\/wp-json\/wp\/v2\/media?parent=26369"}],"wp:term":[{"taxonomy":"category","embeddable":true,"href":"https:\/\/www.correiobraziliense.com.br\/cbradar\/wp-json\/wp\/v2\/categories?post=26369"},{"taxonomy":"post_tag","embeddable":true,"href":"https:\/\/www.correiobraziliense.com.br\/cbradar\/wp-json\/wp\/v2\/post_tag?post=26369"}],"curies":[{"name":"wp","href":"https:\/\/api.w.org\/{rel}","templated":true}]}}