{"id":26401,"date":"2025-04-22T09:30:00","date_gmt":"2025-04-22T12:30:00","guid":{"rendered":"https:\/\/www.correiobraziliense.com.br\/cbradar\/?p=26401"},"modified":"2025-04-21T11:44:38","modified_gmt":"2025-04-21T14:44:38","slug":"cidade-no-interior-de-sao-paulo-e-referencia-em-bem-estar-e-sustentabilidade","status":"publish","type":"post","link":"https:\/\/www.correiobraziliense.com.br\/cbradar\/cidade-no-interior-de-sao-paulo-e-referencia-em-bem-estar-e-sustentabilidade\/","title":{"rendered":"Cidade no interior de S\u00e3o Paulo \u00e9 refer\u00eancia em bem-estar e sustentabilidade"},"content":{"rendered":"\n<p>Com tantos desafios urbanos pelo Brasil, encontrar uma cidade que alia desenvolvimento com qualidade de vida e respeito ao meio ambiente pode parecer dif\u00edcil. Mas em pleno interior de <strong>S\u00e3o Paulo<\/strong>, existe uma cidade que se destaca como exemplo: <strong>S\u00e3o Jos\u00e9 dos Campos<\/strong>.<\/p>\n\n\n\n<p>Conhecida por seu forte polo tecnol\u00f3gico, a cidade tamb\u00e9m vem sendo reconhecida por <strong>a\u00e7\u00f5es voltadas ao bem-estar da popula\u00e7\u00e3o e \u00e0 sustentabilidade urbana<\/strong>. Ela aparece constantemente nos rankings das melhores cidades brasileiras para se viver, com alto desempenho em sa\u00fade, educa\u00e7\u00e3o, mobilidade e, claro, preserva\u00e7\u00e3o ambiental.<\/p>\n\n\n\n<h2 class=\"wp-block-heading\">Por que S\u00e3o Jos\u00e9 dos Campos \u00e9 modelo em bem-estar?<\/h2>\n\n\n\n<p>S\u00e3o Jos\u00e9 dos Campos conseguiu algo raro: crescer economicamente sem abrir m\u00e3o do que realmente importa no dia a dia de seus moradores. Veja alguns dos motivos que colocam a cidade entre as melhores do pa\u00eds:<\/p>\n\n\n\n<ul class=\"wp-block-list\">\n<li><strong>Infraestrutura urbana de alto n\u00edvel<\/strong>, com bairros planejados, servi\u00e7os p\u00fablicos eficientes e conectividade de ponta<\/li>\n\n\n\n<li><strong>Sistema de sa\u00fade bem estruturado<\/strong>, com rede p\u00fablica e privada que atende toda a popula\u00e7\u00e3o com qualidade<\/li>\n\n\n\n<li><strong>\u00cdndices de educa\u00e7\u00e3o acima da m\u00e9dia nacional<\/strong>, com escolas premiadas e polos universit\u00e1rios<\/li>\n\n\n\n<li><strong>Planejamento urbano inteligente<\/strong>, que facilita a mobilidade e integra \u00e1reas verdes \u00e0 rotina das pessoas<\/li>\n<\/ul>\n\n\n\n<p>Al\u00e9m disso, S\u00e3o Jos\u00e9 dos Campos \u00e9 refer\u00eancia em seguran\u00e7a p\u00fablica, com investimentos constantes em monitoramento e policiamento comunit\u00e1rio.<\/p>\n\n\n\n<figure class=\"wp-block-image size-large\"><img decoding=\"async\" width=\"1024\" height=\"576\" src=\"https:\/\/www.correiobraziliense.com.br\/cbradar\/wp-content\/uploads\/2025\/04\/Sao-Jose-dos-Campos-2-1024x576.png\" alt=\"Cidade no interior de S\u00e3o Paulo \u00e9 refer\u00eancia em bem-estar e sustentabilidade\" class=\"wp-image-26403\" srcset=\"https:\/\/www.correiobraziliense.com.br\/cbradar\/wp-content\/uploads\/2025\/04\/Sao-Jose-dos-Campos-2-1024x576.png 1024w, https:\/\/www.correiobraziliense.com.br\/cbradar\/wp-content\/uploads\/2025\/04\/Sao-Jose-dos-Campos-2-300x169.png 300w, https:\/\/www.correiobraziliense.com.br\/cbradar\/wp-content\/uploads\/2025\/04\/Sao-Jose-dos-Campos-2-768x432.png 768w, https:\/\/www.correiobraziliense.com.br\/cbradar\/wp-content\/uploads\/2025\/04\/Sao-Jose-dos-Campos-2-750x422.png 750w, https:\/\/www.correiobraziliense.com.br\/cbradar\/wp-content\/uploads\/2025\/04\/Sao-Jose-dos-Campos-2-1140x641.png 1140w, https:\/\/www.correiobraziliense.com.br\/cbradar\/wp-content\/uploads\/2025\/04\/Sao-Jose-dos-Campos-2.png 1280w\" sizes=\"(max-width: 1024px) 100vw, 1024px\" \/><figcaption class=\"wp-element-caption\">S\u00e3o Jos\u00e9 dos Campos. Fonte: Vrsooo, CC BY-SA 4.0, via Wikimedia Commons<\/figcaption><\/figure>\n\n\n\n<h2 class=\"wp-block-heading\">Sustentabilidade que se v\u00ea no cotidiano<\/h2>\n\n\n\n<p>Um dos maiores orgulhos da cidade \u00e9 sua <strong>pol\u00edtica ambiental moderna e pr\u00e1tica<\/strong>. S\u00e3o Jos\u00e9 dos Campos n\u00e3o apenas fala sobre sustentabilidade \u2014 ela coloca em pr\u00e1tica, com medidas que fazem a diferen\u00e7a real:<\/p>\n\n\n\n<ul class=\"wp-block-list\">\n<li><strong>Coleta seletiva porta a porta<\/strong> em diversos bairros<\/li>\n\n\n\n<li><strong>Programa de reflorestamento urbano<\/strong> e arboriza\u00e7\u00e3o de vias p\u00fablicas<\/li>\n\n\n\n<li><strong>Transporte p\u00fablico com ve\u00edculos menos poluentes<\/strong> e ciclovias integradas<\/li>\n\n\n\n<li><strong>Educa\u00e7\u00e3o ambiental em escolas e centros comunit\u00e1rios<\/strong><\/li>\n\n\n\n<li>Uso de <strong>tecnologia de monitoramento clim\u00e1tico<\/strong> para preven\u00e7\u00e3o de enchentes e preserva\u00e7\u00e3o de \u00e1reas de risco<\/li>\n<\/ul>\n\n\n\n<p>Essas iniciativas renderam \u00e0 cidade <strong>reconhecimento nacional e internacional<\/strong> em premia\u00e7\u00f5es de inova\u00e7\u00e3o e urbanismo sustent\u00e1vel.<\/p>\n\n\n\n<h2 class=\"wp-block-heading\">Curiosidades sobre S\u00e3o Jos\u00e9 dos Campos<\/h2>\n\n\n\n<ul class=\"wp-block-list\">\n<li>Sedia o <strong>maior centro de pesquisa aeroespacial da Am\u00e9rica Latina<\/strong>, o Instituto Nacional de Pesquisas Espaciais (INPE)<\/li>\n\n\n\n<li>Foi eleita uma das <strong>cidades mais inteligentes do Brasil<\/strong>, segundo o ranking Connected Smart Cities<\/li>\n\n\n\n<li>Possui <strong>um dos maiores \u00edndices de \u00e1rea verde por habitante no pa\u00eds<\/strong><\/li>\n\n\n\n<li>Desenvolve <strong>tecnologia de energia limpa e inova\u00e7\u00e3o ambiental em parceria com universidades<\/strong><\/li>\n\n\n\n<li>Tem um dos <strong>melhores \u00edndices de longevidade da popula\u00e7\u00e3o<\/strong> entre as cidades brasileiras<\/li>\n<\/ul>\n","protected":false},"excerpt":{"rendered":"<p>S\u00e3o Jos\u00e9 dos Campos \u00e9 refer\u00eancia em bem-estar e sustentabilidade no interior de S\u00e3o Paulo. Descubra por que essa cidade \u00e9 exemplo para o Brasil.<\/p>\n","protected":false},"author":3,"featured_media":26402,"comment_status":"open","ping_status":"open","sticky":false,"template":"","format":"standard","meta":{"jnews-multi-image_gallery":[],"jnews_single_post":{"format":"standard"},"jnews_primary_category":[],"jnews_social_meta":[],"jnews_override_counter":[],"footnotes":""},"categories":[108],"post_tag":[109,278],"class_list":["post-26401","post","type-post","status-publish","format-standard","has-post-thumbnail","hentry","category-cidades","tag-cidades","tag-sao-paulo"],"yoast_head":"<!-- This site is optimized with the Yoast SEO plugin v24.6 - https:\/\/yoast.com\/wordpress\/plugins\/seo\/ -->\n<title>Cidade no interior de S\u00e3o Paulo \u00e9 refer\u00eancia em bem-estar e sustentabilidade<\/title>\n<meta name=\"description\" content=\"S\u00e3o Jos\u00e9 dos Campos \u00e9 refer\u00eancia em bem-estar e sustentabilidade no interior de S\u00e3o Paulo. Descubra por que essa cidade \u00e9 exemplo para o Brasil.\" \/>\n<meta name=\"robots\" content=\"index, follow, max-snippet:-1, max-image-preview:large, max-video-preview:-1\" \/>\n<link rel=\"canonical\" href=\"https:\/\/www.correiobraziliense.com.br\/cbradar\/cidade-no-interior-de-sao-paulo-e-referencia-em-bem-estar-e-sustentabilidade\/\" \/>\n<meta property=\"og:locale\" content=\"pt_BR\" \/>\n<meta property=\"og:type\" content=\"article\" \/>\n<meta property=\"og:title\" content=\"Cidade no interior de S\u00e3o Paulo \u00e9 refer\u00eancia em bem-estar e sustentabilidade\" \/>\n<meta property=\"og:description\" content=\"S\u00e3o Jos\u00e9 dos Campos \u00e9 refer\u00eancia em bem-estar e sustentabilidade no interior de S\u00e3o Paulo. Descubra por que essa cidade \u00e9 exemplo para o Brasil.\" \/>\n<meta property=\"og:url\" content=\"https:\/\/www.correiobraziliense.com.br\/cbradar\/cidade-no-interior-de-sao-paulo-e-referencia-em-bem-estar-e-sustentabilidade\/\" \/>\n<meta property=\"og:site_name\" content=\"Correio Braziliense - Radar\" \/>\n<meta property=\"article:published_time\" content=\"2025-04-22T12:30:00+00:00\" \/>\n<meta property=\"og:image\" content=\"https:\/\/www.correiobraziliense.com.br\/cbradar\/wp-content\/uploads\/2025\/04\/Sao-Jose-dos-Campos.png\" \/>\n\t<meta property=\"og:image:width\" content=\"1280\" \/>\n\t<meta property=\"og:image:height\" content=\"720\" \/>\n\t<meta property=\"og:image:type\" content=\"image\/png\" \/>\n<meta name=\"author\" content=\"Larissa Carvalho\" \/>\n<meta name=\"twitter:card\" content=\"summary_large_image\" \/>\n<meta name=\"twitter:label1\" content=\"Escrito por\" \/>\n\t<meta name=\"twitter:data1\" content=\"Larissa Carvalho\" \/>\n\t<meta name=\"twitter:label2\" content=\"Est. tempo de leitura\" \/>\n\t<meta name=\"twitter:data2\" content=\"3 minutos\" \/>\n<!-- \/ Yoast SEO plugin. -->","yoast_head_json":{"title":"Cidade no interior de S\u00e3o Paulo \u00e9 refer\u00eancia em bem-estar e sustentabilidade","description":"S\u00e3o Jos\u00e9 dos Campos \u00e9 refer\u00eancia em bem-estar e sustentabilidade no interior de S\u00e3o Paulo. Descubra por que essa cidade \u00e9 exemplo para o Brasil.","robots":{"index":"index","follow":"follow","max-snippet":"max-snippet:-1","max-image-preview":"max-image-preview:large","max-video-preview":"max-video-preview:-1"},"canonical":"https:\/\/www.correiobraziliense.com.br\/cbradar\/cidade-no-interior-de-sao-paulo-e-referencia-em-bem-estar-e-sustentabilidade\/","og_locale":"pt_BR","og_type":"article","og_title":"Cidade no interior de S\u00e3o Paulo \u00e9 refer\u00eancia em bem-estar e sustentabilidade","og_description":"S\u00e3o Jos\u00e9 dos Campos \u00e9 refer\u00eancia em bem-estar e sustentabilidade no interior de S\u00e3o Paulo. Descubra por que essa cidade \u00e9 exemplo para o Brasil.","og_url":"https:\/\/www.correiobraziliense.com.br\/cbradar\/cidade-no-interior-de-sao-paulo-e-referencia-em-bem-estar-e-sustentabilidade\/","og_site_name":"Correio Braziliense - Radar","article_published_time":"2025-04-22T12:30:00+00:00","og_image":[{"width":1280,"height":720,"url":"https:\/\/www.correiobraziliense.com.br\/cbradar\/wp-content\/uploads\/2025\/04\/Sao-Jose-dos-Campos.png","type":"image\/png"}],"author":"Larissa Carvalho","twitter_card":"summary_large_image","twitter_misc":{"Escrito por":"Larissa Carvalho","Est. tempo de leitura":"3 minutos"},"schema":{"@context":"https:\/\/schema.org","@graph":[{"@type":"WebPage","@id":"https:\/\/www.correiobraziliense.com.br\/cbradar\/cidade-no-interior-de-sao-paulo-e-referencia-em-bem-estar-e-sustentabilidade\/","url":"https:\/\/www.correiobraziliense.com.br\/cbradar\/cidade-no-interior-de-sao-paulo-e-referencia-em-bem-estar-e-sustentabilidade\/","name":"Cidade no interior de S\u00e3o Paulo \u00e9 refer\u00eancia em bem-estar e sustentabilidade","isPartOf":{"@id":"https:\/\/www.correiobraziliense.com.br\/cbradar\/#website"},"primaryImageOfPage":{"@id":"https:\/\/www.correiobraziliense.com.br\/cbradar\/cidade-no-interior-de-sao-paulo-e-referencia-em-bem-estar-e-sustentabilidade\/#primaryimage"},"image":{"@id":"https:\/\/www.correiobraziliense.com.br\/cbradar\/cidade-no-interior-de-sao-paulo-e-referencia-em-bem-estar-e-sustentabilidade\/#primaryimage"},"thumbnailUrl":"https:\/\/www.correiobraziliense.com.br\/cbradar\/wp-content\/uploads\/2025\/04\/Sao-Jose-dos-Campos.png","datePublished":"2025-04-22T12:30:00+00:00","author":{"@id":"https:\/\/www.correiobraziliense.com.br\/cbradar\/#\/schema\/person\/58422787644df994b53a19d3e56c1513"},"description":"S\u00e3o Jos\u00e9 dos Campos \u00e9 refer\u00eancia em bem-estar e sustentabilidade no interior de S\u00e3o Paulo. Descubra por que essa cidade \u00e9 exemplo para o Brasil.","breadcrumb":{"@id":"https:\/\/www.correiobraziliense.com.br\/cbradar\/cidade-no-interior-de-sao-paulo-e-referencia-em-bem-estar-e-sustentabilidade\/#breadcrumb"},"inLanguage":"pt-BR","potentialAction":[{"@type":"ReadAction","target":["https:\/\/www.correiobraziliense.com.br\/cbradar\/cidade-no-interior-de-sao-paulo-e-referencia-em-bem-estar-e-sustentabilidade\/"]}]},{"@type":"ImageObject","inLanguage":"pt-BR","@id":"https:\/\/www.correiobraziliense.com.br\/cbradar\/cidade-no-interior-de-sao-paulo-e-referencia-em-bem-estar-e-sustentabilidade\/#primaryimage","url":"https:\/\/www.correiobraziliense.com.br\/cbradar\/wp-content\/uploads\/2025\/04\/Sao-Jose-dos-Campos.png","contentUrl":"https:\/\/www.correiobraziliense.com.br\/cbradar\/wp-content\/uploads\/2025\/04\/Sao-Jose-dos-Campos.png","width":1280,"height":720,"caption":"S\u00e3o Jos\u00e9 dos Campos. Fonte: wtrilhas, CC BY-SA 2.0, via Wikimedia Commons"},{"@type":"BreadcrumbList","@id":"https:\/\/www.correiobraziliense.com.br\/cbradar\/cidade-no-interior-de-sao-paulo-e-referencia-em-bem-estar-e-sustentabilidade\/#breadcrumb","itemListElement":[{"@type":"ListItem","position":1,"name":"In\u00edcio","item":"https:\/\/www.correiobraziliense.com.br\/cbradar\/"},{"@type":"ListItem","position":2,"name":"Cidade no interior de S\u00e3o Paulo \u00e9 refer\u00eancia em bem-estar e sustentabilidade"}]},{"@type":"WebSite","@id":"https:\/\/www.correiobraziliense.com.br\/cbradar\/#website","url":"https:\/\/www.correiobraziliense.com.br\/cbradar\/","name":"Correio Braziliense - Radar","description":"Acompanhe as \u00faltimas not\u00edcias e fique bem informado sobre tudo o que acontece no Brasil e no mundo.","potentialAction":[{"@type":"SearchAction","target":{"@type":"EntryPoint","urlTemplate":"https:\/\/www.correiobraziliense.com.br\/cbradar\/?s={search_term_string}"},"query-input":{"@type":"PropertyValueSpecification","valueRequired":true,"valueName":"search_term_string"}}],"inLanguage":"pt-BR"},{"@type":"Person","@id":"https:\/\/www.correiobraziliense.com.br\/cbradar\/#\/schema\/person\/58422787644df994b53a19d3e56c1513","name":"Larissa Carvalho","image":{"@type":"ImageObject","inLanguage":"pt-BR","@id":"https:\/\/www.correiobraziliense.com.br\/cbradar\/#\/schema\/person\/image\/","url":"https:\/\/secure.gravatar.com\/avatar\/fe4f91a0de32b52a838d0d612abdc1aa?s=96&d=mm&r=g","contentUrl":"https:\/\/secure.gravatar.com\/avatar\/fe4f91a0de32b52a838d0d612abdc1aa?s=96&d=mm&r=g","caption":"Larissa Carvalho"},"url":"https:\/\/www.correiobraziliense.com.br\/cbradar\/author\/larissamyth\/"}]}},"_links":{"self":[{"href":"https:\/\/www.correiobraziliense.com.br\/cbradar\/wp-json\/wp\/v2\/posts\/26401","targetHints":{"allow":["GET"]}}],"collection":[{"href":"https:\/\/www.correiobraziliense.com.br\/cbradar\/wp-json\/wp\/v2\/posts"}],"about":[{"href":"https:\/\/www.correiobraziliense.com.br\/cbradar\/wp-json\/wp\/v2\/types\/post"}],"author":[{"embeddable":true,"href":"https:\/\/www.correiobraziliense.com.br\/cbradar\/wp-json\/wp\/v2\/users\/3"}],"replies":[{"embeddable":true,"href":"https:\/\/www.correiobraziliense.com.br\/cbradar\/wp-json\/wp\/v2\/comments?post=26401"}],"version-history":[{"count":1,"href":"https:\/\/www.correiobraziliense.com.br\/cbradar\/wp-json\/wp\/v2\/posts\/26401\/revisions"}],"predecessor-version":[{"id":26404,"href":"https:\/\/www.correiobraziliense.com.br\/cbradar\/wp-json\/wp\/v2\/posts\/26401\/revisions\/26404"}],"wp:featuredmedia":[{"embeddable":true,"href":"https:\/\/www.correiobraziliense.com.br\/cbradar\/wp-json\/wp\/v2\/media\/26402"}],"wp:attachment":[{"href":"https:\/\/www.correiobraziliense.com.br\/cbradar\/wp-json\/wp\/v2\/media?parent=26401"}],"wp:term":[{"taxonomy":"category","embeddable":true,"href":"https:\/\/www.correiobraziliense.com.br\/cbradar\/wp-json\/wp\/v2\/categories?post=26401"},{"taxonomy":"post_tag","embeddable":true,"href":"https:\/\/www.correiobraziliense.com.br\/cbradar\/wp-json\/wp\/v2\/post_tag?post=26401"}],"curies":[{"name":"wp","href":"https:\/\/api.w.org\/{rel}","templated":true}]}}