{"id":26421,"date":"2025-04-22T13:30:00","date_gmt":"2025-04-22T16:30:00","guid":{"rendered":"https:\/\/www.correiobraziliense.com.br\/cbradar\/?p=26421"},"modified":"2025-04-21T11:44:18","modified_gmt":"2025-04-21T14:44:18","slug":"como-plantar-manjericao-e-ter-folhas-frescas-sempre-a-mao","status":"publish","type":"post","link":"https:\/\/www.correiobraziliense.com.br\/cbradar\/como-plantar-manjericao-e-ter-folhas-frescas-sempre-a-mao\/","title":{"rendered":"Como plantar manjeric\u00e3o e ter folhas frescas sempre \u00e0 m\u00e3o"},"content":{"rendered":"\n<p>O <strong>manjeric\u00e3o<\/strong> \u00e9 uma erva arom\u00e1tica indispens\u00e1vel na culin\u00e1ria, especialmente em pratos italianos, molhos, saladas e ch\u00e1s. F\u00e1cil de cuidar e com crescimento r\u00e1pido, \u00e9 perfeito para o cultivo em casa \u2014 seja em vasos, jardineiras ou pequenos canteiros. Aprender <strong>como plantar manjeric\u00e3o e ter folhas frescas sempre \u00e0 m\u00e3o<\/strong> \u00e9 uma forma simples de garantir sabor, aroma e praticidade no dia a dia.<\/p>\n\n\n\n<p>Com poucos cuidados, \u00e9 poss\u00edvel manter o manjeric\u00e3o bonito, saud\u00e1vel e produtivo o ano inteiro, mesmo em espa\u00e7os pequenos como janelas ou varandas.<\/p>\n\n\n\n<h2 class=\"wp-block-heading\">Quais os benef\u00edcios de plantar manjeric\u00e3o em casa?<\/h2>\n\n\n\n<p>Plantar manjeric\u00e3o em casa \u00e9 vantajoso em muitos aspectos:<\/p>\n\n\n\n<ul class=\"wp-block-list\">\n<li><strong>Temperos frescos sempre dispon\u00edveis<\/strong><\/li>\n\n\n\n<li><strong>Economia na cozinha<\/strong><\/li>\n\n\n\n<li><strong>Controle total sobre o cultivo (sem agrot\u00f3xicos)<\/strong><\/li>\n\n\n\n<li><strong>Aroma natural no ambiente<\/strong><\/li>\n\n\n\n<li><strong>Propriedades medicinais (anti-inflamat\u00f3rio e digestivo)<\/strong><\/li>\n<\/ul>\n\n\n\n<p>Al\u00e9m disso, o manjeric\u00e3o tamb\u00e9m ajuda a repelir insetos naturalmente e atrai polinizadores quando em flor.<\/p>\n\n\n\n<figure class=\"wp-block-image size-large\"><img decoding=\"async\" width=\"1024\" height=\"576\" src=\"https:\/\/www.correiobraziliense.com.br\/cbradar\/wp-content\/uploads\/2025\/04\/manjericao_1745235489938-1024x576.jpg\" alt=\"Como plantar manjeric\u00e3o e ter folhas frescas sempre \u00e0 m\u00e3o\" class=\"wp-image-26423\" srcset=\"https:\/\/www.correiobraziliense.com.br\/cbradar\/wp-content\/uploads\/2025\/04\/manjericao_1745235489938-1024x576.jpg 1024w, https:\/\/www.correiobraziliense.com.br\/cbradar\/wp-content\/uploads\/2025\/04\/manjericao_1745235489938-300x169.jpg 300w, https:\/\/www.correiobraziliense.com.br\/cbradar\/wp-content\/uploads\/2025\/04\/manjericao_1745235489938-768x432.jpg 768w, https:\/\/www.correiobraziliense.com.br\/cbradar\/wp-content\/uploads\/2025\/04\/manjericao_1745235489938-750x422.jpg 750w, https:\/\/www.correiobraziliense.com.br\/cbradar\/wp-content\/uploads\/2025\/04\/manjericao_1745235489938-1140x641.jpg 1140w, https:\/\/www.correiobraziliense.com.br\/cbradar\/wp-content\/uploads\/2025\/04\/manjericao_1745235489938.jpg 1280w\" sizes=\"(max-width: 1024px) 100vw, 1024px\" \/><figcaption class=\"wp-element-caption\">manjeric\u00e3o. Cr\u00e9ditos: depositphotos.com \/ duskbabe<\/figcaption><\/figure>\n\n\n\n<h2 class=\"wp-block-heading\">O que voc\u00ea precisa para plantar manjeric\u00e3o?<\/h2>\n\n\n\n<p>Voc\u00ea pode come\u00e7ar o cultivo com sementes, mudas ou estacas (ramos). Veja os materiais necess\u00e1rios:<\/p>\n\n\n\n<ul class=\"wp-block-list\">\n<li>Sementes ou muda de <strong>manjeric\u00e3o<\/strong> (de prefer\u00eancia org\u00e2nico)<\/li>\n\n\n\n<li>Vaso com pelo menos <strong>20 cm de profundidade<\/strong> e furos no fundo<\/li>\n\n\n\n<li>Substrato leve e f\u00e9rtil (terra vegetal + areia + h\u00famus de minhoca)<\/li>\n\n\n\n<li>Pedrinhas ou argila expandida para drenagem<\/li>\n\n\n\n<li>\u00c1gua para rega<\/li>\n\n\n\n<li>Pazinha de jardinagem<\/li>\n<\/ul>\n\n\n\n<p>Se optar por sementes, escolha variedades como <strong>manjeric\u00e3o-genov\u00eas<\/strong>, <strong>manjeric\u00e3o-roxo<\/strong> ou <strong>manjeric\u00e3o-lim\u00e3o<\/strong> conforme seu uso preferido.<\/p>\n\n\n\n<h2 class=\"wp-block-heading\">Como preparar o vaso para plantar manjeric\u00e3o?<\/h2>\n\n\n\n<ol class=\"wp-block-list\">\n<li>Escolha um vaso com boa profundidade e drenagem.<\/li>\n\n\n\n<li>Coloque uma camada de <strong>argila expandida ou pedras<\/strong> no fundo.<\/li>\n\n\n\n<li>Complete com substrato f\u00e9rtil, leve e bem drenado.<\/li>\n\n\n\n<li>Umede\u00e7a o solo antes do plantio.<\/li>\n<\/ol>\n\n\n\n<p>O manjeric\u00e3o se adapta bem tanto ao cultivo <strong>em vasos individuais quanto em jardineiras<\/strong>, desde que haja espa\u00e7o suficiente para as ra\u00edzes crescerem.<\/p>\n\n\n\n<h2 class=\"wp-block-heading\">Como plantar manjeric\u00e3o com sementes ou mudas?<\/h2>\n\n\n\n<h3 class=\"wp-block-heading\">Com sementes:<\/h3>\n\n\n\n<ol class=\"wp-block-list\">\n<li>Fa\u00e7a pequenos sulcos no substrato com 1 cm de profundidade.<\/li>\n\n\n\n<li>Coloque 2 a 3 sementes por buraco.<\/li>\n\n\n\n<li>Cubra levemente com terra e regue suavemente.<\/li>\n\n\n\n<li>Mantenha o vaso em local iluminado, mas sem sol direto at\u00e9 germinar.<\/li>\n\n\n\n<li>A germina\u00e7\u00e3o leva entre <strong>5 e 10 dias<\/strong>.<\/li>\n<\/ol>\n\n\n\n<p>Ap\u00f3s 15 dias, quando as mudas tiverem cerca de 10 cm, fa\u00e7a o desbaste: deixe apenas a muda mais forte em cada espa\u00e7o.<\/p>\n\n\n\n<h3 class=\"wp-block-heading\">Com mudas:<\/h3>\n\n\n\n<ol class=\"wp-block-list\">\n<li>Fa\u00e7a um buraco no substrato e plante a muda, cobrindo at\u00e9 a base do caule.<\/li>\n\n\n\n<li>Pressione a terra ao redor e regue com cuidado.<\/li>\n\n\n\n<li>Mantenha o vaso em local com <strong>boa ilumina\u00e7\u00e3o natural<\/strong>.<\/li>\n<\/ol>\n\n\n\n<h2 class=\"wp-block-heading\">O manjeric\u00e3o precisa de sol ou sombra?<\/h2>\n\n\n\n<p>O manjeric\u00e3o <strong>precisa de sol direto por 4 a 6 horas por dia<\/strong> para se desenvolver com folhas arom\u00e1ticas e saud\u00e1veis.<\/p>\n\n\n\n<p>Locais ideais:<\/p>\n\n\n\n<ul class=\"wp-block-list\">\n<li>Janelas bem iluminadas<\/li>\n\n\n\n<li>Varandas voltadas para o norte (no hemisf\u00e9rio sul)<\/li>\n\n\n\n<li>Jardins com meia sombra clara<\/li>\n<\/ul>\n\n\n\n<p>Evite deix\u00e1-lo em locais com vento forte ou sombra constante.<\/p>\n\n\n\n<h2 class=\"wp-block-heading\">Como cuidar do manjeric\u00e3o para manter sempre fresco?<\/h2>\n\n\n\n<h3 class=\"wp-block-heading\">Rega:<\/h3>\n\n\n\n<ul class=\"wp-block-list\">\n<li>Regue quando o solo estiver seco ao toque (normalmente <strong>dia sim, dia n\u00e3o<\/strong>).<\/li>\n\n\n\n<li>Evite encharcar o substrato.<\/li>\n\n\n\n<li>Regue pela base, sem molhar as folhas.<\/li>\n<\/ul>\n\n\n\n<h3 class=\"wp-block-heading\">Poda:<\/h3>\n\n\n\n<ul class=\"wp-block-list\">\n<li>Pode regularmente para <strong>estimular novos brotos<\/strong>.<\/li>\n\n\n\n<li>Retire as pontas quando a planta estiver com mais de 15 cm.<\/li>\n\n\n\n<li>Remova flores assim que surgirem para prolongar a produ\u00e7\u00e3o de folhas.<\/li>\n<\/ul>\n\n\n\n<h3 class=\"wp-block-heading\">Aduba\u00e7\u00e3o:<\/h3>\n\n\n\n<ul class=\"wp-block-list\">\n<li>Adube a cada 20 a 30 dias com h\u00famus, farinha de ossos ou compostos org\u00e2nicos.<\/li>\n\n\n\n<li>Evite adubos ricos em nitrog\u00eanio em excesso, que podem tirar o sabor da erva.<\/li>\n<\/ul>\n\n\n\n<h2 class=\"wp-block-heading\">Quanto tempo leva para colher o manjeric\u00e3o?<\/h2>\n\n\n\n<p>O manjeric\u00e3o pode come\u00e7ar a ser colhido entre <strong>30 e 40 dias<\/strong> ap\u00f3s o plantio das sementes. Ap\u00f3s esse per\u00edodo, a planta segue produzindo folhas por v\u00e1rios meses, se for bem cuidada.<\/p>\n\n\n\n<h3 class=\"wp-block-heading\">Como colher:<\/h3>\n\n\n\n<ul class=\"wp-block-list\">\n<li>Use tesoura ou corte com os dedos logo acima de um par de folhas.<\/li>\n\n\n\n<li>Evite retirar todas as folhas de uma vez \u2014 colha aos poucos para a planta continuar se desenvolvendo.<\/li>\n<\/ul>\n\n\n\n<h2 class=\"wp-block-heading\">Posso replantar o manjeric\u00e3o indefinidamente?<\/h2>\n\n\n\n<p>Sim! Voc\u00ea pode <strong>fazer novas mudas a partir de estacas<\/strong>:<\/p>\n\n\n\n<ol class=\"wp-block-list\">\n<li>Corte um ramo de cerca de 10 cm.<\/li>\n\n\n\n<li>Retire as folhas da base e coloque em um copo com \u00e1gua.<\/li>\n\n\n\n<li>Em 7 a 10 dias, surgem ra\u00edzes.<\/li>\n\n\n\n<li>Plante em novo vaso e siga os cuidados regulares.<\/li>\n<\/ol>\n\n\n\n<p>Assim, voc\u00ea mant\u00e9m sua produ\u00e7\u00e3o de manjeric\u00e3o por tempo indeterminado.<\/p>\n\n\n\n<h2 class=\"wp-block-heading\">Pragas comuns e como evitar<\/h2>\n\n\n\n<p>As principais pragas que podem afetar o manjeric\u00e3o s\u00e3o:<\/p>\n\n\n\n<ul class=\"wp-block-list\">\n<li><strong>Pulg\u00f5es<\/strong><\/li>\n\n\n\n<li><strong>Mosca-branca<\/strong><\/li>\n\n\n\n<li><strong>Lagartas<\/strong><\/li>\n\n\n\n<li><strong>O\u00eddio (fungo)<\/strong><\/li>\n<\/ul>\n\n\n\n<h3 class=\"wp-block-heading\">Dicas de preven\u00e7\u00e3o:<\/h3>\n\n\n\n<ul class=\"wp-block-list\">\n<li>Evite rega excessiva<\/li>\n\n\n\n<li>Mantenha a planta arejada<\/li>\n\n\n\n<li>Use <strong>calda de sab\u00e3o de coco com alho ou \u00f3leo de neem<\/strong> semanalmente<\/li>\n\n\n\n<li>Fa\u00e7a podas frequentes para eliminar folhas velhas ou atacadas<\/li>\n<\/ul>\n\n\n\n<h2 class=\"wp-block-heading\">FAQ \u2013 Perguntas Frequentes<\/h2>\n\n\n\n<p><strong>1. Manjeric\u00e3o cresce bem em vasos?<\/strong><br>Sim, ele se adapta muito bem a vasos com boa drenagem e exposi\u00e7\u00e3o solar.<\/p>\n\n\n\n<p><strong>2. Posso cultivar manjeric\u00e3o dentro de casa?<\/strong><br>Sim, desde que o local receba luz solar direta por pelo menos 4 horas por dia.<\/p>\n\n\n\n<p><strong>3. Quanto tempo leva para crescer?<\/strong><br>Cerca de 30 a 40 dias para a primeira colheita.<\/p>\n\n\n\n<p><strong>4. O manjeric\u00e3o precisa de muito sol?<\/strong><br>Sim, de 4 a 6 horas por dia para manter as folhas arom\u00e1ticas e saud\u00e1veis.<\/p>\n\n\n\n<p><strong>5. D\u00e1 para plantar manjeric\u00e3o o ano todo?<\/strong><br>Sim! Em climas quentes ou ambientes controlados, \u00e9 poss\u00edvel cultivar o ano inteiro.<\/p>\n","protected":false},"excerpt":{"rendered":"<p>Aprenda como plantar manjeric\u00e3o e ter folhas frescas sempre \u00e0 m\u00e3o. Veja como cultivar, podar e manter sua erva arom\u00e1tica saud\u00e1vel em casa.<\/p>\n","protected":false},"author":3,"featured_media":26422,"comment_status":"open","ping_status":"open","sticky":false,"template":"","format":"standard","meta":{"_yoast_wpseo_focuskw":"plantar manjeric\u00e3o","_yoast_wpseo_title":"%%title%%","_yoast_wpseo_metadesc":"Aprenda como plantar manjeric\u00e3o e ter folhas frescas sempre \u00e0 m\u00e3o. Veja como cultivar, podar e manter sua erva arom\u00e1tica saud\u00e1vel em casa.","jnews-multi-image_gallery":[],"jnews_single_post":{"format":"standard"},"jnews_primary_category":[],"jnews_social_meta":[],"jnews_override_counter":[],"footnotes":""},"categories":[136],"post_tag":[137,2080],"class_list":["post-26421","post","type-post","status-publish","format-standard","has-post-thumbnail","hentry","category-jardinagem","tag-como-plantar","tag-manjericao"],"yoast_head":"<!-- This site is optimized with the Yoast SEO plugin v24.6 - https:\/\/yoast.com\/wordpress\/plugins\/seo\/ -->\n<title>Como plantar manjeric\u00e3o e ter folhas frescas sempre \u00e0 m\u00e3o<\/title>\n<meta name=\"description\" content=\"Aprenda como plantar manjeric\u00e3o e ter folhas frescas sempre \u00e0 m\u00e3o. Veja como cultivar, podar e manter sua erva arom\u00e1tica saud\u00e1vel em casa.\" \/>\n<meta name=\"robots\" content=\"index, follow, max-snippet:-1, max-image-preview:large, max-video-preview:-1\" \/>\n<link rel=\"canonical\" href=\"https:\/\/www.correiobraziliense.com.br\/cbradar\/como-plantar-manjericao-e-ter-folhas-frescas-sempre-a-mao\/\" \/>\n<meta property=\"og:locale\" content=\"pt_BR\" \/>\n<meta property=\"og:type\" content=\"article\" \/>\n<meta property=\"og:title\" content=\"Como plantar manjeric\u00e3o e ter folhas frescas sempre \u00e0 m\u00e3o\" \/>\n<meta property=\"og:description\" content=\"Aprenda como plantar manjeric\u00e3o e ter folhas frescas sempre \u00e0 m\u00e3o. Veja como cultivar, podar e manter sua erva arom\u00e1tica saud\u00e1vel em casa.\" \/>\n<meta property=\"og:url\" content=\"https:\/\/www.correiobraziliense.com.br\/cbradar\/como-plantar-manjericao-e-ter-folhas-frescas-sempre-a-mao\/\" \/>\n<meta property=\"og:site_name\" content=\"Correio Braziliense - Radar\" \/>\n<meta property=\"article:published_time\" content=\"2025-04-22T16:30:00+00:00\" \/>\n<meta property=\"og:image\" content=\"https:\/\/www.correiobraziliense.com.br\/cbradar\/wp-content\/uploads\/2025\/04\/manjericao_1745235232993.jpg\" \/>\n\t<meta property=\"og:image:width\" content=\"1280\" \/>\n\t<meta property=\"og:image:height\" content=\"720\" \/>\n\t<meta property=\"og:image:type\" content=\"image\/jpeg\" \/>\n<meta name=\"author\" content=\"Larissa Carvalho\" \/>\n<meta name=\"twitter:card\" content=\"summary_large_image\" \/>\n<meta name=\"twitter:label1\" content=\"Escrito por\" \/>\n\t<meta name=\"twitter:data1\" content=\"Larissa Carvalho\" \/>\n\t<meta name=\"twitter:label2\" content=\"Est. tempo de leitura\" \/>\n\t<meta name=\"twitter:data2\" content=\"6 minutos\" \/>\n<!-- \/ Yoast SEO plugin. -->","yoast_head_json":{"title":"Como plantar manjeric\u00e3o e ter folhas frescas sempre \u00e0 m\u00e3o","description":"Aprenda como plantar manjeric\u00e3o e ter folhas frescas sempre \u00e0 m\u00e3o. Veja como cultivar, podar e manter sua erva arom\u00e1tica saud\u00e1vel em casa.","robots":{"index":"index","follow":"follow","max-snippet":"max-snippet:-1","max-image-preview":"max-image-preview:large","max-video-preview":"max-video-preview:-1"},"canonical":"https:\/\/www.correiobraziliense.com.br\/cbradar\/como-plantar-manjericao-e-ter-folhas-frescas-sempre-a-mao\/","og_locale":"pt_BR","og_type":"article","og_title":"Como plantar manjeric\u00e3o e ter folhas frescas sempre \u00e0 m\u00e3o","og_description":"Aprenda como plantar manjeric\u00e3o e ter folhas frescas sempre \u00e0 m\u00e3o. Veja como cultivar, podar e manter sua erva arom\u00e1tica saud\u00e1vel em casa.","og_url":"https:\/\/www.correiobraziliense.com.br\/cbradar\/como-plantar-manjericao-e-ter-folhas-frescas-sempre-a-mao\/","og_site_name":"Correio Braziliense - Radar","article_published_time":"2025-04-22T16:30:00+00:00","og_image":[{"width":1280,"height":720,"url":"https:\/\/www.correiobraziliense.com.br\/cbradar\/wp-content\/uploads\/2025\/04\/manjericao_1745235232993.jpg","type":"image\/jpeg"}],"author":"Larissa Carvalho","twitter_card":"summary_large_image","twitter_misc":{"Escrito por":"Larissa Carvalho","Est. tempo de leitura":"6 minutos"},"schema":{"@context":"https:\/\/schema.org","@graph":[{"@type":"WebPage","@id":"https:\/\/www.correiobraziliense.com.br\/cbradar\/como-plantar-manjericao-e-ter-folhas-frescas-sempre-a-mao\/","url":"https:\/\/www.correiobraziliense.com.br\/cbradar\/como-plantar-manjericao-e-ter-folhas-frescas-sempre-a-mao\/","name":"Como plantar manjeric\u00e3o e ter folhas frescas sempre \u00e0 m\u00e3o","isPartOf":{"@id":"https:\/\/www.correiobraziliense.com.br\/cbradar\/#website"},"primaryImageOfPage":{"@id":"https:\/\/www.correiobraziliense.com.br\/cbradar\/como-plantar-manjericao-e-ter-folhas-frescas-sempre-a-mao\/#primaryimage"},"image":{"@id":"https:\/\/www.correiobraziliense.com.br\/cbradar\/como-plantar-manjericao-e-ter-folhas-frescas-sempre-a-mao\/#primaryimage"},"thumbnailUrl":"https:\/\/www.correiobraziliense.com.br\/cbradar\/wp-content\/uploads\/2025\/04\/manjericao_1745235232993.jpg","datePublished":"2025-04-22T16:30:00+00:00","author":{"@id":"https:\/\/www.correiobraziliense.com.br\/cbradar\/#\/schema\/person\/58422787644df994b53a19d3e56c1513"},"description":"Aprenda como plantar manjeric\u00e3o e ter folhas frescas sempre \u00e0 m\u00e3o. Veja como cultivar, podar e manter sua erva arom\u00e1tica saud\u00e1vel em casa.","breadcrumb":{"@id":"https:\/\/www.correiobraziliense.com.br\/cbradar\/como-plantar-manjericao-e-ter-folhas-frescas-sempre-a-mao\/#breadcrumb"},"inLanguage":"pt-BR","potentialAction":[{"@type":"ReadAction","target":["https:\/\/www.correiobraziliense.com.br\/cbradar\/como-plantar-manjericao-e-ter-folhas-frescas-sempre-a-mao\/"]}]},{"@type":"ImageObject","inLanguage":"pt-BR","@id":"https:\/\/www.correiobraziliense.com.br\/cbradar\/como-plantar-manjericao-e-ter-folhas-frescas-sempre-a-mao\/#primaryimage","url":"https:\/\/www.correiobraziliense.com.br\/cbradar\/wp-content\/uploads\/2025\/04\/manjericao_1745235232993.jpg","contentUrl":"https:\/\/www.correiobraziliense.com.br\/cbradar\/wp-content\/uploads\/2025\/04\/manjericao_1745235232993.jpg","width":1280,"height":720,"caption":"manjeric\u00e3o. Cr\u00e9ditos: depositphotos.com \/ AntonMatyukha"},{"@type":"BreadcrumbList","@id":"https:\/\/www.correiobraziliense.com.br\/cbradar\/como-plantar-manjericao-e-ter-folhas-frescas-sempre-a-mao\/#breadcrumb","itemListElement":[{"@type":"ListItem","position":1,"name":"In\u00edcio","item":"https:\/\/www.correiobraziliense.com.br\/cbradar\/"},{"@type":"ListItem","position":2,"name":"Como plantar manjeric\u00e3o e ter folhas frescas sempre \u00e0 m\u00e3o"}]},{"@type":"WebSite","@id":"https:\/\/www.correiobraziliense.com.br\/cbradar\/#website","url":"https:\/\/www.correiobraziliense.com.br\/cbradar\/","name":"Correio Braziliense - Radar","description":"Acompanhe as \u00faltimas not\u00edcias e fique bem informado sobre tudo o que acontece no Brasil e no mundo.","potentialAction":[{"@type":"SearchAction","target":{"@type":"EntryPoint","urlTemplate":"https:\/\/www.correiobraziliense.com.br\/cbradar\/?s={search_term_string}"},"query-input":{"@type":"PropertyValueSpecification","valueRequired":true,"valueName":"search_term_string"}}],"inLanguage":"pt-BR"},{"@type":"Person","@id":"https:\/\/www.correiobraziliense.com.br\/cbradar\/#\/schema\/person\/58422787644df994b53a19d3e56c1513","name":"Larissa Carvalho","image":{"@type":"ImageObject","inLanguage":"pt-BR","@id":"https:\/\/www.correiobraziliense.com.br\/cbradar\/#\/schema\/person\/image\/","url":"https:\/\/secure.gravatar.com\/avatar\/fe4f91a0de32b52a838d0d612abdc1aa?s=96&d=mm&r=g","contentUrl":"https:\/\/secure.gravatar.com\/avatar\/fe4f91a0de32b52a838d0d612abdc1aa?s=96&d=mm&r=g","caption":"Larissa Carvalho"},"url":"https:\/\/www.correiobraziliense.com.br\/cbradar\/author\/larissamyth\/"}]}},"_links":{"self":[{"href":"https:\/\/www.correiobraziliense.com.br\/cbradar\/wp-json\/wp\/v2\/posts\/26421","targetHints":{"allow":["GET"]}}],"collection":[{"href":"https:\/\/www.correiobraziliense.com.br\/cbradar\/wp-json\/wp\/v2\/posts"}],"about":[{"href":"https:\/\/www.correiobraziliense.com.br\/cbradar\/wp-json\/wp\/v2\/types\/post"}],"author":[{"embeddable":true,"href":"https:\/\/www.correiobraziliense.com.br\/cbradar\/wp-json\/wp\/v2\/users\/3"}],"replies":[{"embeddable":true,"href":"https:\/\/www.correiobraziliense.com.br\/cbradar\/wp-json\/wp\/v2\/comments?post=26421"}],"version-history":[{"count":1,"href":"https:\/\/www.correiobraziliense.com.br\/cbradar\/wp-json\/wp\/v2\/posts\/26421\/revisions"}],"predecessor-version":[{"id":26424,"href":"https:\/\/www.correiobraziliense.com.br\/cbradar\/wp-json\/wp\/v2\/posts\/26421\/revisions\/26424"}],"wp:featuredmedia":[{"embeddable":true,"href":"https:\/\/www.correiobraziliense.com.br\/cbradar\/wp-json\/wp\/v2\/media\/26422"}],"wp:attachment":[{"href":"https:\/\/www.correiobraziliense.com.br\/cbradar\/wp-json\/wp\/v2\/media?parent=26421"}],"wp:term":[{"taxonomy":"category","embeddable":true,"href":"https:\/\/www.correiobraziliense.com.br\/cbradar\/wp-json\/wp\/v2\/categories?post=26421"},{"taxonomy":"post_tag","embeddable":true,"href":"https:\/\/www.correiobraziliense.com.br\/cbradar\/wp-json\/wp\/v2\/post_tag?post=26421"}],"curies":[{"name":"wp","href":"https:\/\/api.w.org\/{rel}","templated":true}]}}