{"id":26425,"date":"2025-04-22T20:30:00","date_gmt":"2025-04-22T23:30:00","guid":{"rendered":"https:\/\/www.correiobraziliense.com.br\/cbradar\/?p=26425"},"modified":"2025-04-21T11:42:23","modified_gmt":"2025-04-21T14:42:23","slug":"como-plantar-abobrinha-em-casa-mesmo-com-pouco-espaco","status":"publish","type":"post","link":"https:\/\/www.correiobraziliense.com.br\/cbradar\/como-plantar-abobrinha-em-casa-mesmo-com-pouco-espaco\/","title":{"rendered":"Como plantar abobrinha em casa mesmo com pouco espa\u00e7o"},"content":{"rendered":"\n<p>A <strong>abobrinha<\/strong> \u00e9 uma hortali\u00e7a deliciosa, vers\u00e1til na cozinha e muito f\u00e1cil de cultivar \u2014 mesmo em ambientes com espa\u00e7o reduzido. Com os cuidados corretos, \u00e9 poss\u00edvel plantar abobrinha em vasos, jardineiras ou at\u00e9 em sacos de cultivo, garantindo uma colheita saud\u00e1vel e livre de agrot\u00f3xicos direto da sua casa. Seja na varanda, quintal ou at\u00e9 no corredor, o cultivo dom\u00e9stico da abobrinha pode ser muito produtivo.<\/p>\n\n\n\n<p>A seguir, voc\u00ea aprende como plantar abobrinha em casa mesmo com pouco espa\u00e7o, com dicas de plantio, manejo, rega, colheita e muito mais.<\/p>\n\n\n\n<h2 class=\"wp-block-heading\">Quais os benef\u00edcios de plantar abobrinha em casa?<\/h2>\n\n\n\n<p>Plantar <strong>abobrinha<\/strong> no seu pr\u00f3prio lar \u00e9 uma forma de garantir um alimento saud\u00e1vel e econ\u00f4mico, al\u00e9m de trazer mais verde para o ambiente. Veja os principais benef\u00edcios:<\/p>\n\n\n\n<ul class=\"wp-block-list\">\n<li>Crescimento r\u00e1pido e alta produtividade<\/li>\n\n\n\n<li>Pode ser cultivada em vasos ou pequenos espa\u00e7os<\/li>\n\n\n\n<li>Livre de agrot\u00f3xicos e mais saborosa<\/li>\n\n\n\n<li>Fruto vers\u00e1til para v\u00e1rias receitas<\/li>\n\n\n\n<li>Flores tamb\u00e9m comest\u00edveis e nutritivas<\/li>\n\n\n\n<li>Estimula a alimenta\u00e7\u00e3o saud\u00e1vel da fam\u00edlia<\/li>\n<\/ul>\n\n\n\n<p>Com o manejo adequado, uma \u00fanica planta pode produzir v\u00e1rias abobrinhas por ciclo.<\/p>\n\n\n\n<figure class=\"wp-block-image size-large\"><img decoding=\"async\" width=\"1024\" height=\"576\" src=\"https:\/\/www.correiobraziliense.com.br\/cbradar\/wp-content\/uploads\/2025\/04\/abobrinha_1745235930067-1024x576.jpg\" alt=\"Como plantar abobrinha em casa mesmo com pouco espa\u00e7o\" class=\"wp-image-26427\" srcset=\"https:\/\/www.correiobraziliense.com.br\/cbradar\/wp-content\/uploads\/2025\/04\/abobrinha_1745235930067-1024x576.jpg 1024w, https:\/\/www.correiobraziliense.com.br\/cbradar\/wp-content\/uploads\/2025\/04\/abobrinha_1745235930067-300x169.jpg 300w, https:\/\/www.correiobraziliense.com.br\/cbradar\/wp-content\/uploads\/2025\/04\/abobrinha_1745235930067-768x432.jpg 768w, https:\/\/www.correiobraziliense.com.br\/cbradar\/wp-content\/uploads\/2025\/04\/abobrinha_1745235930067-750x422.jpg 750w, https:\/\/www.correiobraziliense.com.br\/cbradar\/wp-content\/uploads\/2025\/04\/abobrinha_1745235930067-1140x641.jpg 1140w, https:\/\/www.correiobraziliense.com.br\/cbradar\/wp-content\/uploads\/2025\/04\/abobrinha_1745235930067.jpg 1280w\" sizes=\"(max-width: 1024px) 100vw, 1024px\" \/><figcaption class=\"wp-element-caption\">abobrinha. Cr\u00e9ditos: depositphotos.com \/ VikaKhalabuzar<\/figcaption><\/figure>\n\n\n\n<h2 class=\"wp-block-heading\">O que voc\u00ea precisa para plantar abobrinha em casa?<\/h2>\n\n\n\n<p>Re\u00fana os seguintes materiais antes de come\u00e7ar:<\/p>\n\n\n\n<ul class=\"wp-block-list\">\n<li>Vaso grande (m\u00ednimo de <strong>30 a 40 cm de profundidade<\/strong>)<\/li>\n\n\n\n<li>Sementes ou mudas de <strong>abobrinha<\/strong> (variedades como abobrinha italiana ou brasileira)<\/li>\n\n\n\n<li>Substrato f\u00e9rtil (terra vegetal + composto org\u00e2nico + areia)<\/li>\n\n\n\n<li>Argila expandida ou pedrinhas para drenagem<\/li>\n\n\n\n<li>Estaca ou tutor para apoio (opcional)<\/li>\n\n\n\n<li>\u00c1gua para rega<\/li>\n\n\n\n<li>Pazinha de jardinagem<\/li>\n<\/ul>\n\n\n\n<p>Se voc\u00ea tiver um balde ou recipiente recicl\u00e1vel grande, tamb\u00e9m pode us\u00e1-lo como vaso.<\/p>\n\n\n\n<h2 class=\"wp-block-heading\">Como preparar o vaso ou recipiente para o cultivo?<\/h2>\n\n\n\n<ol class=\"wp-block-list\">\n<li>Escolha um recipiente com furos no fundo para drenagem.<\/li>\n\n\n\n<li>Coloque uma camada de <strong>pedrinhas ou argila expandida<\/strong>.<\/li>\n\n\n\n<li>Preencha com o substrato, deixando cerca de 2 a 3 cm livres at\u00e9 a borda.<\/li>\n\n\n\n<li>Umede\u00e7a o solo antes do plantio.<\/li>\n<\/ol>\n\n\n\n<p>A <strong>abobrinha precisa de espa\u00e7o para as ra\u00edzes<\/strong> e se beneficia de um substrato leve, solto e bem drenado.<\/p>\n\n\n\n<h2 class=\"wp-block-heading\">Como plantar as sementes ou mudas de abobrinha?<\/h2>\n\n\n\n<h3 class=\"wp-block-heading\">Se for usar sementes:<\/h3>\n\n\n\n<ol class=\"wp-block-list\">\n<li>Plante de 2 a 3 sementes a cerca de <strong>2 cm de profundidade<\/strong>.<\/li>\n\n\n\n<li>Mantenha o solo \u00famido at\u00e9 a germina\u00e7\u00e3o (de 5 a 10 dias).<\/li>\n\n\n\n<li>Quando as mudas tiverem 10 cm de altura, selecione a mais forte e retire as outras.<\/li>\n<\/ol>\n\n\n\n<h3 class=\"wp-block-heading\">Se for usar mudas:<\/h3>\n\n\n\n<ol class=\"wp-block-list\">\n<li>Fa\u00e7a um buraco do tamanho do torr\u00e3o da muda no substrato.<\/li>\n\n\n\n<li>Plante com cuidado, pressionando levemente a terra ao redor.<\/li>\n\n\n\n<li>Regue suavemente ap\u00f3s o plantio.<\/li>\n<\/ol>\n\n\n\n<p>Coloque o vaso em local ensolarado, pois a planta precisa de bastante luz.<\/p>\n\n\n\n<h2 class=\"wp-block-heading\">A abobrinha precisa de sol ou sombra?<\/h2>\n\n\n\n<p>A <strong>abobrinha precisa de sol pleno<\/strong>, ou seja, <strong>pelo menos 6 horas de luz solar direta por dia<\/strong>. Ela cresce melhor em locais quentes, bem iluminados e com boa ventila\u00e7\u00e3o.<\/p>\n\n\n\n<p>Evite \u00e1reas sombreadas ou que recebam pouco sol, pois isso prejudica o florescimento e a forma\u00e7\u00e3o dos frutos.<\/p>\n\n\n\n<h2 class=\"wp-block-heading\">Como cuidar da abobrinha durante o cultivo?<\/h2>\n\n\n\n<h3 class=\"wp-block-heading\">Rega:<\/h3>\n\n\n\n<ul class=\"wp-block-list\">\n<li>Regue <strong>regularmente<\/strong>, mantendo o solo \u00famido, mas nunca encharcado.<\/li>\n\n\n\n<li>Em dias quentes, pode ser necess\u00e1rio regar <strong>diariamente<\/strong>.<\/li>\n\n\n\n<li>Evite molhar as folhas para prevenir fungos.<\/li>\n<\/ul>\n\n\n\n<h3 class=\"wp-block-heading\">Aduba\u00e7\u00e3o:<\/h3>\n\n\n\n<ul class=\"wp-block-list\">\n<li>Adube a cada 15 dias com compostos org\u00e2nicos ou h\u00famus de minhoca.<\/li>\n\n\n\n<li>Quando a planta come\u00e7ar a florescer, use adubo rico em <strong>pot\u00e1ssio e f\u00f3sforo<\/strong> para estimular a frutifica\u00e7\u00e3o.<\/li>\n<\/ul>\n\n\n\n<h3 class=\"wp-block-heading\">Poda e tutoramento:<\/h3>\n\n\n\n<ul class=\"wp-block-list\">\n<li>Pode as folhas velhas ou danificadas para aumentar a ventila\u00e7\u00e3o.<\/li>\n\n\n\n<li>Use um tutor ou estaca se os ramos ficarem pesados.<\/li>\n\n\n\n<li>Tamb\u00e9m \u00e9 poss\u00edvel guiar os ramos para crescerem para cima ou para os lados, dependendo do espa\u00e7o.<\/li>\n<\/ul>\n\n\n\n<h3 class=\"wp-block-heading\">Poliniza\u00e7\u00e3o:<\/h3>\n\n\n\n<ul class=\"wp-block-list\">\n<li>A abobrinha tem <strong>flores masculinas e femininas separadas<\/strong>.<\/li>\n\n\n\n<li>Em ambiente fechado, pode ser necess\u00e1rio fazer <strong>poliniza\u00e7\u00e3o manual<\/strong>: use um pincel para transferir o p\u00f3len da flor masculina para o centro da flor feminina.<\/li>\n<\/ul>\n\n\n\n<h2 class=\"wp-block-heading\">Quanto tempo leva para colher a abobrinha?<\/h2>\n\n\n\n<p>A <strong>abobrinha pode ser colhida entre 45 e 60 dias<\/strong> ap\u00f3s o plantio, dependendo da variedade e das condi\u00e7\u00f5es de cultivo.<\/p>\n\n\n\n<h3 class=\"wp-block-heading\">Como saber que est\u00e1 no ponto?<\/h3>\n\n\n\n<ul class=\"wp-block-list\">\n<li>O fruto deve estar com <strong>15 a 20 cm de comprimento<\/strong>, firme e com casca brilhante.<\/li>\n\n\n\n<li>Colha com tesoura ou faca, cortando o cabinho com cuidado para n\u00e3o danificar a planta.<\/li>\n<\/ul>\n\n\n\n<p>Quanto mais voc\u00ea colher, mais a planta tende a produzir novos frutos.<\/p>\n\n\n\n<h2 class=\"wp-block-heading\">Posso plantar mais de uma abobrinha no mesmo vaso?<\/h2>\n\n\n\n<p>O ideal \u00e9 <strong>1 planta por vaso grande<\/strong>, pois a abobrinha \u00e9 uma hortali\u00e7a que ocupa bastante espa\u00e7o e consome muitos nutrientes. Se quiser plantar mais de uma, opte por jardineiras maiores ou canteiros.<\/p>\n\n\n\n<p>Voc\u00ea tamb\u00e9m pode usar vasos suspensos ou jardineiras laterais para cultivar outras hortali\u00e7as junto (como r\u00facula, alface, cebolinha).<\/p>\n\n\n\n<h2 class=\"wp-block-heading\">Pragas e doen\u00e7as comuns na abobrinha<\/h2>\n\n\n\n<p>A abobrinha pode ser atacada por:<\/p>\n\n\n\n<ul class=\"wp-block-list\">\n<li><strong>Pulg\u00f5es<\/strong><\/li>\n\n\n\n<li><strong>Mosca-da-abobrinha<\/strong><\/li>\n\n\n\n<li><strong>O\u00eddio (fungo branco nas folhas)<\/strong><\/li>\n\n\n\n<li><strong>\u00c1caros e lagartas<\/strong><\/li>\n<\/ul>\n\n\n\n<h3 class=\"wp-block-heading\">Como evitar:<\/h3>\n\n\n\n<ul class=\"wp-block-list\">\n<li>Mantenha boa ventila\u00e7\u00e3o ao redor da planta<\/li>\n\n\n\n<li>Evite molhar as folhas<\/li>\n\n\n\n<li>Use calda de sab\u00e3o de coco com alho ou \u00f3leo de neem<\/li>\n\n\n\n<li>Retire folhas doentes ou muito velhas<\/li>\n<\/ul>\n\n\n\n<h2 class=\"wp-block-heading\">FAQ \u2013 Perguntas Frequentes<\/h2>\n\n\n\n<p><strong>1. Posso plantar abobrinha em vaso pequeno?<\/strong><br>N\u00e3o. A planta precisa de vasos grandes, com no m\u00ednimo <strong>30 cm de profundidade<\/strong>.<\/p>\n\n\n\n<p><strong>2. Precisa de poliniza\u00e7\u00e3o manual?<\/strong><br>Em ambientes fechados, sim. Em \u00e1reas abertas, abelhas fazem a poliniza\u00e7\u00e3o naturalmente.<\/p>\n\n\n\n<p><strong>3. Quanto tempo leva para colher?<\/strong><br>De 45 a 60 dias ap\u00f3s o plantio, em condi\u00e7\u00f5es ideais.<\/p>\n\n\n\n<p><strong>4. A abobrinha precisa de muito sol?<\/strong><br>Sim, no m\u00ednimo 6 horas por dia de luz solar direta.<\/p>\n\n\n\n<p><strong>5. Posso plantar abobrinha o ano inteiro?<\/strong><br>Sim, especialmente em regi\u00f5es de clima quente ou com prote\u00e7\u00e3o contra geadas.<\/p>\n","protected":false},"excerpt":{"rendered":"<p>Aprenda como plantar abobrinha em casa mesmo com pouco espa\u00e7o. Veja como cultivar em vasos, cuidar corretamente e colher em at\u00e9 60 dias.<\/p>\n","protected":false},"author":3,"featured_media":26426,"comment_status":"open","ping_status":"open","sticky":false,"template":"","format":"standard","meta":{"_yoast_wpseo_focuskw":"plantar abobrinha","_yoast_wpseo_title":"%%title%%","_yoast_wpseo_metadesc":"Aprenda como plantar abobrinha em casa mesmo com pouco espa\u00e7o. Veja como cultivar em vasos, cuidar corretamente e colher em at\u00e9 60 dias.","jnews-multi-image_gallery":[],"jnews_single_post":{"format":"standard"},"jnews_primary_category":[],"jnews_social_meta":[],"jnews_override_counter":[],"footnotes":""},"categories":[136],"post_tag":[2505,137],"class_list":["post-26425","post","type-post","status-publish","format-standard","has-post-thumbnail","hentry","category-jardinagem","tag-abobrinha","tag-como-plantar"],"yoast_head":"<!-- This site is optimized with the Yoast SEO plugin v24.6 - https:\/\/yoast.com\/wordpress\/plugins\/seo\/ -->\n<title>Como plantar abobrinha em casa mesmo com pouco espa\u00e7o<\/title>\n<meta name=\"description\" content=\"Aprenda como plantar abobrinha em casa mesmo com pouco espa\u00e7o. Veja como cultivar em vasos, cuidar corretamente e colher em at\u00e9 60 dias.\" \/>\n<meta name=\"robots\" content=\"index, follow, max-snippet:-1, max-image-preview:large, max-video-preview:-1\" \/>\n<link rel=\"canonical\" href=\"https:\/\/www.correiobraziliense.com.br\/cbradar\/como-plantar-abobrinha-em-casa-mesmo-com-pouco-espaco\/\" \/>\n<meta property=\"og:locale\" content=\"pt_BR\" \/>\n<meta property=\"og:type\" content=\"article\" \/>\n<meta property=\"og:title\" content=\"Como plantar abobrinha em casa mesmo com pouco espa\u00e7o\" \/>\n<meta property=\"og:description\" content=\"Aprenda como plantar abobrinha em casa mesmo com pouco espa\u00e7o. Veja como cultivar em vasos, cuidar corretamente e colher em at\u00e9 60 dias.\" \/>\n<meta property=\"og:url\" content=\"https:\/\/www.correiobraziliense.com.br\/cbradar\/como-plantar-abobrinha-em-casa-mesmo-com-pouco-espaco\/\" \/>\n<meta property=\"og:site_name\" content=\"Correio Braziliense - Radar\" \/>\n<meta property=\"article:published_time\" content=\"2025-04-22T23:30:00+00:00\" \/>\n<meta property=\"og:image\" content=\"https:\/\/www.correiobraziliense.com.br\/cbradar\/wp-content\/uploads\/2025\/04\/abobrinha_1745235899706.jpg\" \/>\n\t<meta property=\"og:image:width\" content=\"1280\" \/>\n\t<meta property=\"og:image:height\" content=\"720\" \/>\n\t<meta property=\"og:image:type\" content=\"image\/jpeg\" \/>\n<meta name=\"author\" content=\"Larissa Carvalho\" \/>\n<meta name=\"twitter:card\" content=\"summary_large_image\" \/>\n<meta name=\"twitter:label1\" content=\"Escrito por\" \/>\n\t<meta name=\"twitter:data1\" content=\"Larissa Carvalho\" \/>\n\t<meta name=\"twitter:label2\" content=\"Est. tempo de leitura\" \/>\n\t<meta name=\"twitter:data2\" content=\"6 minutos\" \/>\n<!-- \/ Yoast SEO plugin. -->","yoast_head_json":{"title":"Como plantar abobrinha em casa mesmo com pouco espa\u00e7o","description":"Aprenda como plantar abobrinha em casa mesmo com pouco espa\u00e7o. Veja como cultivar em vasos, cuidar corretamente e colher em at\u00e9 60 dias.","robots":{"index":"index","follow":"follow","max-snippet":"max-snippet:-1","max-image-preview":"max-image-preview:large","max-video-preview":"max-video-preview:-1"},"canonical":"https:\/\/www.correiobraziliense.com.br\/cbradar\/como-plantar-abobrinha-em-casa-mesmo-com-pouco-espaco\/","og_locale":"pt_BR","og_type":"article","og_title":"Como plantar abobrinha em casa mesmo com pouco espa\u00e7o","og_description":"Aprenda como plantar abobrinha em casa mesmo com pouco espa\u00e7o. Veja como cultivar em vasos, cuidar corretamente e colher em at\u00e9 60 dias.","og_url":"https:\/\/www.correiobraziliense.com.br\/cbradar\/como-plantar-abobrinha-em-casa-mesmo-com-pouco-espaco\/","og_site_name":"Correio Braziliense - Radar","article_published_time":"2025-04-22T23:30:00+00:00","og_image":[{"width":1280,"height":720,"url":"https:\/\/www.correiobraziliense.com.br\/cbradar\/wp-content\/uploads\/2025\/04\/abobrinha_1745235899706.jpg","type":"image\/jpeg"}],"author":"Larissa Carvalho","twitter_card":"summary_large_image","twitter_misc":{"Escrito por":"Larissa Carvalho","Est. tempo de leitura":"6 minutos"},"schema":{"@context":"https:\/\/schema.org","@graph":[{"@type":"WebPage","@id":"https:\/\/www.correiobraziliense.com.br\/cbradar\/como-plantar-abobrinha-em-casa-mesmo-com-pouco-espaco\/","url":"https:\/\/www.correiobraziliense.com.br\/cbradar\/como-plantar-abobrinha-em-casa-mesmo-com-pouco-espaco\/","name":"Como plantar abobrinha em casa mesmo com pouco espa\u00e7o","isPartOf":{"@id":"https:\/\/www.correiobraziliense.com.br\/cbradar\/#website"},"primaryImageOfPage":{"@id":"https:\/\/www.correiobraziliense.com.br\/cbradar\/como-plantar-abobrinha-em-casa-mesmo-com-pouco-espaco\/#primaryimage"},"image":{"@id":"https:\/\/www.correiobraziliense.com.br\/cbradar\/como-plantar-abobrinha-em-casa-mesmo-com-pouco-espaco\/#primaryimage"},"thumbnailUrl":"https:\/\/www.correiobraziliense.com.br\/cbradar\/wp-content\/uploads\/2025\/04\/abobrinha_1745235899706.jpg","datePublished":"2025-04-22T23:30:00+00:00","author":{"@id":"https:\/\/www.correiobraziliense.com.br\/cbradar\/#\/schema\/person\/58422787644df994b53a19d3e56c1513"},"description":"Aprenda como plantar abobrinha em casa mesmo com pouco espa\u00e7o. Veja como cultivar em vasos, cuidar corretamente e colher em at\u00e9 60 dias.","breadcrumb":{"@id":"https:\/\/www.correiobraziliense.com.br\/cbradar\/como-plantar-abobrinha-em-casa-mesmo-com-pouco-espaco\/#breadcrumb"},"inLanguage":"pt-BR","potentialAction":[{"@type":"ReadAction","target":["https:\/\/www.correiobraziliense.com.br\/cbradar\/como-plantar-abobrinha-em-casa-mesmo-com-pouco-espaco\/"]}]},{"@type":"ImageObject","inLanguage":"pt-BR","@id":"https:\/\/www.correiobraziliense.com.br\/cbradar\/como-plantar-abobrinha-em-casa-mesmo-com-pouco-espaco\/#primaryimage","url":"https:\/\/www.correiobraziliense.com.br\/cbradar\/wp-content\/uploads\/2025\/04\/abobrinha_1745235899706.jpg","contentUrl":"https:\/\/www.correiobraziliense.com.br\/cbradar\/wp-content\/uploads\/2025\/04\/abobrinha_1745235899706.jpg","width":1280,"height":720,"caption":"abobrinha. Cr\u00e9ditos: depositphotos.com \/ casadaphoto"},{"@type":"BreadcrumbList","@id":"https:\/\/www.correiobraziliense.com.br\/cbradar\/como-plantar-abobrinha-em-casa-mesmo-com-pouco-espaco\/#breadcrumb","itemListElement":[{"@type":"ListItem","position":1,"name":"In\u00edcio","item":"https:\/\/www.correiobraziliense.com.br\/cbradar\/"},{"@type":"ListItem","position":2,"name":"Como plantar abobrinha em casa mesmo com pouco espa\u00e7o"}]},{"@type":"WebSite","@id":"https:\/\/www.correiobraziliense.com.br\/cbradar\/#website","url":"https:\/\/www.correiobraziliense.com.br\/cbradar\/","name":"Correio Braziliense - Radar","description":"Acompanhe as \u00faltimas not\u00edcias e fique bem informado sobre tudo o que acontece no Brasil e no mundo.","potentialAction":[{"@type":"SearchAction","target":{"@type":"EntryPoint","urlTemplate":"https:\/\/www.correiobraziliense.com.br\/cbradar\/?s={search_term_string}"},"query-input":{"@type":"PropertyValueSpecification","valueRequired":true,"valueName":"search_term_string"}}],"inLanguage":"pt-BR"},{"@type":"Person","@id":"https:\/\/www.correiobraziliense.com.br\/cbradar\/#\/schema\/person\/58422787644df994b53a19d3e56c1513","name":"Larissa Carvalho","image":{"@type":"ImageObject","inLanguage":"pt-BR","@id":"https:\/\/www.correiobraziliense.com.br\/cbradar\/#\/schema\/person\/image\/","url":"https:\/\/secure.gravatar.com\/avatar\/fe4f91a0de32b52a838d0d612abdc1aa?s=96&d=mm&r=g","contentUrl":"https:\/\/secure.gravatar.com\/avatar\/fe4f91a0de32b52a838d0d612abdc1aa?s=96&d=mm&r=g","caption":"Larissa Carvalho"},"url":"https:\/\/www.correiobraziliense.com.br\/cbradar\/author\/larissamyth\/"}]}},"_links":{"self":[{"href":"https:\/\/www.correiobraziliense.com.br\/cbradar\/wp-json\/wp\/v2\/posts\/26425","targetHints":{"allow":["GET"]}}],"collection":[{"href":"https:\/\/www.correiobraziliense.com.br\/cbradar\/wp-json\/wp\/v2\/posts"}],"about":[{"href":"https:\/\/www.correiobraziliense.com.br\/cbradar\/wp-json\/wp\/v2\/types\/post"}],"author":[{"embeddable":true,"href":"https:\/\/www.correiobraziliense.com.br\/cbradar\/wp-json\/wp\/v2\/users\/3"}],"replies":[{"embeddable":true,"href":"https:\/\/www.correiobraziliense.com.br\/cbradar\/wp-json\/wp\/v2\/comments?post=26425"}],"version-history":[{"count":1,"href":"https:\/\/www.correiobraziliense.com.br\/cbradar\/wp-json\/wp\/v2\/posts\/26425\/revisions"}],"predecessor-version":[{"id":26428,"href":"https:\/\/www.correiobraziliense.com.br\/cbradar\/wp-json\/wp\/v2\/posts\/26425\/revisions\/26428"}],"wp:featuredmedia":[{"embeddable":true,"href":"https:\/\/www.correiobraziliense.com.br\/cbradar\/wp-json\/wp\/v2\/media\/26426"}],"wp:attachment":[{"href":"https:\/\/www.correiobraziliense.com.br\/cbradar\/wp-json\/wp\/v2\/media?parent=26425"}],"wp:term":[{"taxonomy":"category","embeddable":true,"href":"https:\/\/www.correiobraziliense.com.br\/cbradar\/wp-json\/wp\/v2\/categories?post=26425"},{"taxonomy":"post_tag","embeddable":true,"href":"https:\/\/www.correiobraziliense.com.br\/cbradar\/wp-json\/wp\/v2\/post_tag?post=26425"}],"curies":[{"name":"wp","href":"https:\/\/api.w.org\/{rel}","templated":true}]}}