{"id":26445,"date":"2025-04-21T09:40:00","date_gmt":"2025-04-21T12:40:00","guid":{"rendered":"https:\/\/www.correiobraziliense.com.br\/cbradar\/?p=26445"},"modified":"2025-04-21T09:26:23","modified_gmt":"2025-04-21T12:26:23","slug":"nova-lei-para-quem-mora-de-aluguel-entra-em-vigor-no-brasil-veja-mudancas","status":"publish","type":"post","link":"https:\/\/www.correiobraziliense.com.br\/cbradar\/nova-lei-para-quem-mora-de-aluguel-entra-em-vigor-no-brasil-veja-mudancas\/","title":{"rendered":"Nova lei para quem mora de aluguel entra em vigor no Brasil, veja mudan\u00e7as"},"content":{"rendered":"\n<p>As condi\u00e7\u00f5es econ\u00f4micas t\u00eam um papel crucial nas negocia\u00e7\u00f5es de aluguel. Durante per\u00edodos de instabilidade financeira, como recess\u00f5es ou alta infla\u00e7\u00e3o, os locat\u00e1rios podem ter mais espa\u00e7o para negociar valores mais baixos. Isso ocorre porque os propriet\u00e1rios, preocupados com a possibilidade de seus im\u00f3veis ficarem vazios, podem ser mais flex\u00edveis nos pre\u00e7os para garantir que seus im\u00f3veis permane\u00e7am ocupados.<\/p>\n\n\n\n<p>Em contrapartida, em locais onde a demanda por im\u00f3veis \u00e9 elevada e a oferta \u00e9 limitada, os propriet\u00e1rios podem manter os pre\u00e7os altos. Nessas regi\u00f5es, a competi\u00e7\u00e3o entre inquilinos \u00e9 acirrada, o que reduz a capacidade de negocia\u00e7\u00e3o dos locat\u00e1rios, mesmo em tempos de dificuldades econ\u00f4micas.<\/p>\n\n\n\n<h2 class=\"wp-block-heading\">Por que a localiza\u00e7\u00e3o \u00e9 um fator determinante no aluguel?<\/h2>\n\n\n\n<p>A localiza\u00e7\u00e3o de um im\u00f3vel \u00e9 um dos principais fatores que influenciam seu valor de aluguel. Im\u00f3veis localizados em \u00e1reas com boa infraestrutura, f\u00e1cil acesso a transporte p\u00fablico e proximidade de servi\u00e7os essenciais tendem a ser mais valorizados. Esses atributos tornam o im\u00f3vel mais atraente para potenciais inquilinos, resultando em alugu\u00e9is mais altos.<\/p>\n\n\n\n<p>Por outro lado, im\u00f3veis situados em \u00e1reas menos desenvolvidas ou com infraestrutura deficiente geralmente t\u00eam valores de aluguel mais baixos. Nessas situa\u00e7\u00f5es, os locat\u00e1rios podem encontrar mais oportunidades para negociar pre\u00e7os mais acess\u00edveis. Portanto, a localiza\u00e7\u00e3o \u00e9 um elemento essencial na determina\u00e7\u00e3o do valor de mercado de um im\u00f3vel.<\/p>\n\n\n\n<figure class=\"wp-block-image size-large\"><img decoding=\"async\" width=\"1024\" height=\"576\" src=\"https:\/\/www.correiobraziliense.com.br\/cbradar\/wp-content\/uploads\/2025\/04\/aluguel_1745238357291-1024x576.jpg\" alt=\"Nova lei do aluguel entra em vigor no Brasil e traz mudan\u00e7as significativas para inquilinos\" class=\"wp-image-26448\" srcset=\"https:\/\/www.correiobraziliense.com.br\/cbradar\/wp-content\/uploads\/2025\/04\/aluguel_1745238357291-1024x576.jpg 1024w, https:\/\/www.correiobraziliense.com.br\/cbradar\/wp-content\/uploads\/2025\/04\/aluguel_1745238357291-300x169.jpg 300w, https:\/\/www.correiobraziliense.com.br\/cbradar\/wp-content\/uploads\/2025\/04\/aluguel_1745238357291-768x432.jpg 768w, https:\/\/www.correiobraziliense.com.br\/cbradar\/wp-content\/uploads\/2025\/04\/aluguel_1745238357291-750x422.jpg 750w, https:\/\/www.correiobraziliense.com.br\/cbradar\/wp-content\/uploads\/2025\/04\/aluguel_1745238357291-1140x641.jpg 1140w, https:\/\/www.correiobraziliense.com.br\/cbradar\/wp-content\/uploads\/2025\/04\/aluguel_1745238357291.jpg 1280w\" sizes=\"(max-width: 1024px) 100vw, 1024px\" \/><figcaption class=\"wp-element-caption\">aluguel. Cr\u00e9ditos: depositphotos.com \/ AllaSerebrina<\/figcaption><\/figure>\n\n\n\n<h2 class=\"wp-block-heading\">O que estabelece a Lei do Inquilinato?<\/h2>\n\n\n\n<p>No Brasil, a&nbsp;<strong>Lei do Inquilinato<\/strong>&nbsp;(Lei n\u00ba 8.245\/1991) regula as rela\u00e7\u00f5es de aluguel de im\u00f3veis urbanos, definindo direitos e deveres para locadores e locat\u00e1rios. Essa legisla\u00e7\u00e3o abrange alugu\u00e9is residenciais, comerciais e por temporada, mas exclui algumas categorias espec\u00edficas, como im\u00f3veis rurais.<\/p>\n\n\n\n<p>\u00c9 fundamental que o contrato de loca\u00e7\u00e3o seja formalizado por escrito, detalhando aspectos como valor do aluguel, prazo de loca\u00e7\u00e3o, \u00edndice de reajuste e responsabilidades sobre taxas e impostos. Essa formaliza\u00e7\u00e3o ajuda a prevenir desentendimentos e garante que ambas as partes compreendam suas obriga\u00e7\u00f5es.<\/p>\n\n\n\n<h2 class=\"wp-block-heading\">Quais estrat\u00e9gias podem facilitar a negocia\u00e7\u00e3o de aluguel?<\/h2>\n\n\n\n<p>Para negociar um aluguel de maneira eficaz, \u00e9 essencial que os locat\u00e1rios se preparem adequadamente. Conhecer o mercado local e as condi\u00e7\u00f5es econ\u00f4micas pode fornecer uma base s\u00f3lida para negocia\u00e7\u00f5es. Algumas estrat\u00e9gias \u00fateis incluem:<\/p>\n\n\n\n<ul class=\"wp-block-list\">\n<li><strong>Pesquisa de Mercado:<\/strong>&nbsp;Analisar os pre\u00e7os de im\u00f3veis similares na regi\u00e3o pode ajudar a argumentar por um pre\u00e7o justo.<\/li>\n\n\n\n<li><strong>Flexibilidade:<\/strong>&nbsp;Estar disposto a compromissos, como contratos de longo prazo, pode ser vantajoso.<\/li>\n\n\n\n<li><strong>Uso de Dados Econ\u00f4micos:<\/strong>&nbsp;Apresentar dados como \u00edndices de infla\u00e7\u00e3o pode justificar a necessidade de ajustes no aluguel.<\/li>\n<\/ul>\n\n\n\n<h2 class=\"wp-block-heading\">Qual \u00e9 o papel dos contratos e aditamentos nas negocia\u00e7\u00f5es?<\/h2>\n\n\n\n<p>Os contratos de aluguel s\u00e3o fundamentais para definir as expectativas de ambas as partes. Durante a vig\u00eancia do contrato, \u00e9 poss\u00edvel ajustar termos mediante aditamento, desde que haja concord\u00e2ncia m\u00fatua. Se as partes n\u00e3o chegarem a um acordo, pode-se recorrer a uma a\u00e7\u00e3o de revis\u00e3o de aluguel, especialmente se o contrato j\u00e1 tiver tr\u00eas anos de vig\u00eancia.<\/p>\n\n\n\n<p>Compreender os direitos e deveres contratuais \u00e9 crucial para evitar conflitos. A transpar\u00eancia e a clareza nos acordos ajudam a manter uma rela\u00e7\u00e3o harmoniosa entre locadores e locat\u00e1rios, prevenindo disputas futuras.<\/p>\n","protected":false},"excerpt":{"rendered":"<p>Entenda o impacto das condi\u00e7\u00f5es econ\u00f4micas em negocia\u00e7\u00f5es de aluguel e explore dicas e estrat\u00e9gias para locat\u00e1rios e propriet\u00e1rios.<\/p>\n","protected":false},"author":3,"featured_media":26447,"comment_status":"open","ping_status":"open","sticky":false,"template":"","format":"standard","meta":{"_yoast_wpseo_focuskw":"nova lei aluguel","_yoast_wpseo_title":"%%title%%","_yoast_wpseo_metadesc":"Entenda o impacto das condi\u00e7\u00f5es econ\u00f4micas em negocia\u00e7\u00f5es de aluguel e explore dicas e estrat\u00e9gias para locat\u00e1rios e propriet\u00e1rios.","jnews-multi-image_gallery":[],"jnews_single_post":{"format":"standard"},"jnews_primary_category":[],"jnews_social_meta":[],"jnews_override_counter":[],"footnotes":""},"categories":[128],"tags":[2685],"class_list":["post-26445","post","type-post","status-publish","format-standard","has-post-thumbnail","hentry","category-economia","tag-aluguel"],"yoast_head":"<!-- This site is optimized with the Yoast SEO plugin v24.6 - https:\/\/yoast.com\/wordpress\/plugins\/seo\/ -->\n<title>Nova lei para quem mora de aluguel entra em vigor no Brasil, veja mudan\u00e7as<\/title>\n<meta name=\"description\" content=\"Entenda o impacto das condi\u00e7\u00f5es econ\u00f4micas em negocia\u00e7\u00f5es de aluguel e explore dicas e estrat\u00e9gias para locat\u00e1rios e propriet\u00e1rios.\" \/>\n<meta name=\"robots\" content=\"index, follow, max-snippet:-1, max-image-preview:large, max-video-preview:-1\" \/>\n<link rel=\"canonical\" href=\"https:\/\/www.correiobraziliense.com.br\/cbradar\/nova-lei-para-quem-mora-de-aluguel-entra-em-vigor-no-brasil-veja-mudancas\/\" \/>\n<meta property=\"og:locale\" content=\"pt_BR\" \/>\n<meta property=\"og:type\" content=\"article\" \/>\n<meta property=\"og:title\" content=\"Nova lei para quem mora de aluguel entra em vigor no Brasil, veja mudan\u00e7as\" \/>\n<meta property=\"og:description\" content=\"Entenda o impacto das condi\u00e7\u00f5es econ\u00f4micas em negocia\u00e7\u00f5es de aluguel e explore dicas e estrat\u00e9gias para locat\u00e1rios e propriet\u00e1rios.\" \/>\n<meta property=\"og:url\" content=\"https:\/\/www.correiobraziliense.com.br\/cbradar\/nova-lei-para-quem-mora-de-aluguel-entra-em-vigor-no-brasil-veja-mudancas\/\" \/>\n<meta property=\"og:site_name\" content=\"Correio Braziliense - Radar\" \/>\n<meta property=\"article:published_time\" content=\"2025-04-21T12:40:00+00:00\" \/>\n<meta property=\"og:image\" content=\"https:\/\/www.correiobraziliense.com.br\/cbradar\/wp-content\/uploads\/2025\/04\/aluguel_1745238318142.jpg\" \/>\n\t<meta property=\"og:image:width\" content=\"1280\" \/>\n\t<meta property=\"og:image:height\" content=\"720\" \/>\n\t<meta property=\"og:image:type\" content=\"image\/jpeg\" \/>\n<meta name=\"author\" content=\"Larissa Carvalho\" \/>\n<meta name=\"twitter:card\" content=\"summary_large_image\" \/>\n<meta name=\"twitter:label1\" content=\"Escrito por\" \/>\n\t<meta name=\"twitter:data1\" content=\"Larissa Carvalho\" \/>\n\t<meta name=\"twitter:label2\" content=\"Est. tempo de leitura\" \/>\n\t<meta name=\"twitter:data2\" content=\"4 minutos\" \/>\n<!-- \/ Yoast SEO plugin. -->","yoast_head_json":{"title":"Nova lei para quem mora de aluguel entra em vigor no Brasil, veja mudan\u00e7as","description":"Entenda o impacto das condi\u00e7\u00f5es econ\u00f4micas em negocia\u00e7\u00f5es de aluguel e explore dicas e estrat\u00e9gias para locat\u00e1rios e propriet\u00e1rios.","robots":{"index":"index","follow":"follow","max-snippet":"max-snippet:-1","max-image-preview":"max-image-preview:large","max-video-preview":"max-video-preview:-1"},"canonical":"https:\/\/www.correiobraziliense.com.br\/cbradar\/nova-lei-para-quem-mora-de-aluguel-entra-em-vigor-no-brasil-veja-mudancas\/","og_locale":"pt_BR","og_type":"article","og_title":"Nova lei para quem mora de aluguel entra em vigor no Brasil, veja mudan\u00e7as","og_description":"Entenda o impacto das condi\u00e7\u00f5es econ\u00f4micas em negocia\u00e7\u00f5es de aluguel e explore dicas e estrat\u00e9gias para locat\u00e1rios e propriet\u00e1rios.","og_url":"https:\/\/www.correiobraziliense.com.br\/cbradar\/nova-lei-para-quem-mora-de-aluguel-entra-em-vigor-no-brasil-veja-mudancas\/","og_site_name":"Correio Braziliense - Radar","article_published_time":"2025-04-21T12:40:00+00:00","og_image":[{"width":1280,"height":720,"url":"https:\/\/www.correiobraziliense.com.br\/cbradar\/wp-content\/uploads\/2025\/04\/aluguel_1745238318142.jpg","type":"image\/jpeg"}],"author":"Larissa Carvalho","twitter_card":"summary_large_image","twitter_misc":{"Escrito por":"Larissa Carvalho","Est. tempo de leitura":"4 minutos"},"schema":{"@context":"https:\/\/schema.org","@graph":[{"@type":"WebPage","@id":"https:\/\/www.correiobraziliense.com.br\/cbradar\/nova-lei-para-quem-mora-de-aluguel-entra-em-vigor-no-brasil-veja-mudancas\/","url":"https:\/\/www.correiobraziliense.com.br\/cbradar\/nova-lei-para-quem-mora-de-aluguel-entra-em-vigor-no-brasil-veja-mudancas\/","name":"Nova lei para quem mora de aluguel entra em vigor no Brasil, veja mudan\u00e7as","isPartOf":{"@id":"https:\/\/www.correiobraziliense.com.br\/cbradar\/#website"},"primaryImageOfPage":{"@id":"https:\/\/www.correiobraziliense.com.br\/cbradar\/nova-lei-para-quem-mora-de-aluguel-entra-em-vigor-no-brasil-veja-mudancas\/#primaryimage"},"image":{"@id":"https:\/\/www.correiobraziliense.com.br\/cbradar\/nova-lei-para-quem-mora-de-aluguel-entra-em-vigor-no-brasil-veja-mudancas\/#primaryimage"},"thumbnailUrl":"https:\/\/www.correiobraziliense.com.br\/cbradar\/wp-content\/uploads\/2025\/04\/aluguel_1745238318142.jpg","datePublished":"2025-04-21T12:40:00+00:00","author":{"@id":"https:\/\/www.correiobraziliense.com.br\/cbradar\/#\/schema\/person\/58422787644df994b53a19d3e56c1513"},"description":"Entenda o impacto das condi\u00e7\u00f5es econ\u00f4micas em negocia\u00e7\u00f5es de aluguel e explore dicas e estrat\u00e9gias para locat\u00e1rios e propriet\u00e1rios.","breadcrumb":{"@id":"https:\/\/www.correiobraziliense.com.br\/cbradar\/nova-lei-para-quem-mora-de-aluguel-entra-em-vigor-no-brasil-veja-mudancas\/#breadcrumb"},"inLanguage":"pt-BR","potentialAction":[{"@type":"ReadAction","target":["https:\/\/www.correiobraziliense.com.br\/cbradar\/nova-lei-para-quem-mora-de-aluguel-entra-em-vigor-no-brasil-veja-mudancas\/"]}]},{"@type":"ImageObject","inLanguage":"pt-BR","@id":"https:\/\/www.correiobraziliense.com.br\/cbradar\/nova-lei-para-quem-mora-de-aluguel-entra-em-vigor-no-brasil-veja-mudancas\/#primaryimage","url":"https:\/\/www.correiobraziliense.com.br\/cbradar\/wp-content\/uploads\/2025\/04\/aluguel_1745238318142.jpg","contentUrl":"https:\/\/www.correiobraziliense.com.br\/cbradar\/wp-content\/uploads\/2025\/04\/aluguel_1745238318142.jpg","width":1280,"height":720,"caption":"aluguel. Cr\u00e9ditos: depositphotos.com \/ HayDmitriy"},{"@type":"BreadcrumbList","@id":"https:\/\/www.correiobraziliense.com.br\/cbradar\/nova-lei-para-quem-mora-de-aluguel-entra-em-vigor-no-brasil-veja-mudancas\/#breadcrumb","itemListElement":[{"@type":"ListItem","position":1,"name":"In\u00edcio","item":"https:\/\/www.correiobraziliense.com.br\/cbradar\/"},{"@type":"ListItem","position":2,"name":"Nova lei para quem mora de aluguel entra em vigor no Brasil, veja mudan\u00e7as"}]},{"@type":"WebSite","@id":"https:\/\/www.correiobraziliense.com.br\/cbradar\/#website","url":"https:\/\/www.correiobraziliense.com.br\/cbradar\/","name":"Correio Braziliense - Radar","description":"Acompanhe as \u00faltimas not\u00edcias e fique bem informado sobre tudo o que acontece no Brasil e no mundo.","potentialAction":[{"@type":"SearchAction","target":{"@type":"EntryPoint","urlTemplate":"https:\/\/www.correiobraziliense.com.br\/cbradar\/?s={search_term_string}"},"query-input":{"@type":"PropertyValueSpecification","valueRequired":true,"valueName":"search_term_string"}}],"inLanguage":"pt-BR"},{"@type":"Person","@id":"https:\/\/www.correiobraziliense.com.br\/cbradar\/#\/schema\/person\/58422787644df994b53a19d3e56c1513","name":"Larissa Carvalho","image":{"@type":"ImageObject","inLanguage":"pt-BR","@id":"https:\/\/www.correiobraziliense.com.br\/cbradar\/#\/schema\/person\/image\/","url":"https:\/\/secure.gravatar.com\/avatar\/fe4f91a0de32b52a838d0d612abdc1aa?s=96&d=mm&r=g","contentUrl":"https:\/\/secure.gravatar.com\/avatar\/fe4f91a0de32b52a838d0d612abdc1aa?s=96&d=mm&r=g","caption":"Larissa Carvalho"},"url":"https:\/\/www.correiobraziliense.com.br\/cbradar\/author\/larissamyth\/"}]}},"_links":{"self":[{"href":"https:\/\/www.correiobraziliense.com.br\/cbradar\/wp-json\/wp\/v2\/posts\/26445","targetHints":{"allow":["GET"]}}],"collection":[{"href":"https:\/\/www.correiobraziliense.com.br\/cbradar\/wp-json\/wp\/v2\/posts"}],"about":[{"href":"https:\/\/www.correiobraziliense.com.br\/cbradar\/wp-json\/wp\/v2\/types\/post"}],"author":[{"embeddable":true,"href":"https:\/\/www.correiobraziliense.com.br\/cbradar\/wp-json\/wp\/v2\/users\/3"}],"replies":[{"embeddable":true,"href":"https:\/\/www.correiobraziliense.com.br\/cbradar\/wp-json\/wp\/v2\/comments?post=26445"}],"version-history":[{"count":2,"href":"https:\/\/www.correiobraziliense.com.br\/cbradar\/wp-json\/wp\/v2\/posts\/26445\/revisions"}],"predecessor-version":[{"id":26449,"href":"https:\/\/www.correiobraziliense.com.br\/cbradar\/wp-json\/wp\/v2\/posts\/26445\/revisions\/26449"}],"wp:featuredmedia":[{"embeddable":true,"href":"https:\/\/www.correiobraziliense.com.br\/cbradar\/wp-json\/wp\/v2\/media\/26447"}],"wp:attachment":[{"href":"https:\/\/www.correiobraziliense.com.br\/cbradar\/wp-json\/wp\/v2\/media?parent=26445"}],"wp:term":[{"taxonomy":"category","embeddable":true,"href":"https:\/\/www.correiobraziliense.com.br\/cbradar\/wp-json\/wp\/v2\/categories?post=26445"},{"taxonomy":"post_tag","embeddable":true,"href":"https:\/\/www.correiobraziliense.com.br\/cbradar\/wp-json\/wp\/v2\/tags?post=26445"}],"curies":[{"name":"wp","href":"https:\/\/api.w.org\/{rel}","templated":true}]}}