{"id":26526,"date":"2025-04-21T16:00:00","date_gmt":"2025-04-21T19:00:00","guid":{"rendered":"https:\/\/www.correiobraziliense.com.br\/cbradar\/?p=26526"},"modified":"2025-04-23T06:16:38","modified_gmt":"2025-04-23T09:16:38","slug":"nasa-alerta-que-o-brasil-ficara-inabitavel-em-50-anos-veja-regioes","status":"publish","type":"post","link":"https:\/\/www.correiobraziliense.com.br\/cbradar\/nasa-alerta-que-o-brasil-ficara-inabitavel-em-50-anos-veja-regioes\/","title":{"rendered":"NASA alerta que o Brasil ficar\u00e1 inabit\u00e1vel em 50 anos, veja regi\u00f5es"},"content":{"rendered":"\n<p>Um estudo recente da <strong>Ag\u00eancia Espacial Americana (NASA) <\/strong>revelou que v\u00e1rias regi\u00f5es do Brasil podem enfrentar condi\u00e7\u00f5es inabit\u00e1veis nos pr\u00f3ximos 50 anos devido ao calor extremo. Este fen\u00f4meno \u00e9 uma consequ\u00eancia direta da crise clim\u00e1tica global, que tem se intensificado ao longo das \u00faltimas d\u00e9cadas. A pesquisa destaca que \u00e1reas do <strong>Centro-Oeste, Nordeste, Norte e Sudeste <\/strong>do pa\u00eds est\u00e3o particularmente vulner\u00e1veis.<\/p>\n\n\n\n<p>Os cientistas da NASA utilizaram uma abordagem que vai al\u00e9m da simples medi\u00e7\u00e3o da temperatura do ar. Eles consideraram a combina\u00e7\u00e3o entre a sensa\u00e7\u00e3o t\u00e9rmica e a umidade, fatores que podem amplificar os efeitos do calor sobre a sa\u00fade humana. Esta metodologia \u00e9 crucial para entender como o aquecimento global pode tornar certas regi\u00f5es do planeta inabit\u00e1veis.<\/p>\n\n\n\n<p>Os estudos foram publicados em revistas como a <strong><a href=\"https:\/\/www.science.org\/doi\/10.1126\/sciadv.aaw1838\" target=\"_blank\" rel=\"noreferrer noopener\">Science Advances<\/a><\/strong> e o pr\u00f3prio site da <a href=\"https:\/\/science.nasa.gov\/earth\/climate-change\/too-hot-to-handle-how-climate-change-may-make-some-places-too-hot-to-live\/\" target=\"_blank\" rel=\"noreferrer noopener\">NASA<\/a>. Al\u00e9m disso, os resultados do estudo da revista <strong><a href=\"https:\/\/www.nature.com\/articles\/s41467-024-45469-8\" target=\"_blank\" rel=\"noreferrer noopener\">Nature Commucations<\/a><\/strong> tamb\u00e9m exp\u00f5e o problema no Cerrado brasileiro.<\/p>\n\n\n\n<h2 class=\"wp-block-heading\">Como o calor extremo afeta a sa\u00fade humana?<\/h2>\n\n\n\n<p>O calor extremo representa um risco significativo para a sa\u00fade, mesmo para indiv\u00edduos saud\u00e1veis. Temperaturas que alcan\u00e7am ou excedem 37\u00b0C, combinadas com uma umidade relativa do ar superior a 70%, s\u00e3o potencialmente perigosas. Quando a temperatura interna do corpo ultrapassa os 42\u00b0C, h\u00e1 risco de danos cerebrais e fal\u00eancia de \u00f3rg\u00e3os.<\/p>\n\n\n\n<p>Al\u00e9m disso, n\u00e3o \u00e9 necess\u00e1rio estar exposto diretamente ao sol para sofrer um colapso t\u00e9rmico. Estudos indicam que existem pelo menos 27 dist\u00farbios relacionados ao calor que podem ser letais. Doen\u00e7as respirat\u00f3rias e cardiovasculares s\u00e3o as principais condi\u00e7\u00f5es que podem ser agravadas em situa\u00e7\u00f5es de calor extremo.<\/p>\n\n\n\n<figure class=\"wp-block-image size-large\"><img decoding=\"async\" width=\"1024\" height=\"576\" src=\"https:\/\/www.correiobraziliense.com.br\/cbradar\/wp-content\/uploads\/2025\/04\/NASA_1745257317183-1024x576.jpg\" alt=\"NASA alerta que o Brasil ficar\u00e1 inabit\u00e1vel em 50 anos, veja regi\u00f5es\" class=\"wp-image-26530\" srcset=\"https:\/\/www.correiobraziliense.com.br\/cbradar\/wp-content\/uploads\/2025\/04\/NASA_1745257317183-1024x576.jpg 1024w, https:\/\/www.correiobraziliense.com.br\/cbradar\/wp-content\/uploads\/2025\/04\/NASA_1745257317183-300x169.jpg 300w, https:\/\/www.correiobraziliense.com.br\/cbradar\/wp-content\/uploads\/2025\/04\/NASA_1745257317183-768x432.jpg 768w, https:\/\/www.correiobraziliense.com.br\/cbradar\/wp-content\/uploads\/2025\/04\/NASA_1745257317183-750x422.jpg 750w, https:\/\/www.correiobraziliense.com.br\/cbradar\/wp-content\/uploads\/2025\/04\/NASA_1745257317183-1140x641.jpg 1140w, https:\/\/www.correiobraziliense.com.br\/cbradar\/wp-content\/uploads\/2025\/04\/NASA_1745257317183.jpg 1280w\" sizes=\"(max-width: 1024px) 100vw, 1024px\" \/><figcaption class=\"wp-element-caption\">NASA. Cr\u00e9ditos: depositphotos.com \/ sergey.miami2you.com<\/figcaption><\/figure>\n\n\n\n<h2 class=\"wp-block-heading\">Quais regi\u00f5es do mundo est\u00e3o em risco?<\/h2>\n\n\n\n<p>Al\u00e9m do Brasil, o estudo da NASA aponta que outras regi\u00f5es do mundo tamb\u00e9m podem se tornar inabit\u00e1veis devido ao calor. \u00c1reas como o sul da \u00c1sia, o Golfo P\u00e9rsico, partes da China e do Sudeste Asi\u00e1tico est\u00e3o sob amea\u00e7a semelhante. A pesquisa utilizou imagens de sat\u00e9lite e proje\u00e7\u00f5es de temperatura de bulbo \u00famido para prever essas mudan\u00e7as.<\/p>\n\n\n\n<p>Segundo a Organiza\u00e7\u00e3o Mundial da Sa\u00fade (OMS) e a Organiza\u00e7\u00e3o Mundial de Meteorologia (OMM), entre 2000 e 2019, o calor foi respons\u00e1vel por cerca de 489 mil mortes anuais em todo o mundo. No entanto, devido \u00e0 subnotifica\u00e7\u00e3o, estima-se que o n\u00famero real de \u00f3bitos seja significativamente maior.<\/p>\n\n\n\n<h2 class=\"wp-block-heading\">Quais medidas podem ser tomadas para mitigar os efeitos do calor?<\/h2>\n\n\n\n<p>Para enfrentar os desafios impostos pelo calor extremo, \u00e9 essencial adotar medidas de mitiga\u00e7\u00e3o e adapta\u00e7\u00e3o. A redu\u00e7\u00e3o das emiss\u00f5es de gases de efeito estufa \u00e9 fundamental para conter o aquecimento global. Al\u00e9m disso, pol\u00edticas de conserva\u00e7\u00e3o ambiental, como o combate ao desmatamento e \u00e0s queimadas, s\u00e3o cruciais para proteger os ecossistemas e as popula\u00e7\u00f5es humanas.<\/p>\n\n\n\n<p>O consumo respons\u00e1vel de recursos naturais e a promo\u00e7\u00e3o de pr\u00e1ticas sustent\u00e1veis tamb\u00e9m s\u00e3o estrat\u00e9gias importantes. A conscientiza\u00e7\u00e3o da popula\u00e7\u00e3o sobre os riscos do calor extremo e a implementa\u00e7\u00e3o de sistemas de alerta precoce podem ajudar a prevenir trag\u00e9dias e salvar vidas.<\/p>\n\n\n\n<p>Em suma, o estudo da NASA serve como um alerta para a urg\u00eancia de a\u00e7\u00f5es globais coordenadas. O calor extremo n\u00e3o \u00e9 apenas uma quest\u00e3o ambiental, mas um desafio de sa\u00fade p\u00fablica que requer aten\u00e7\u00e3o imediata e esfor\u00e7os conjuntos para garantir um futuro habit\u00e1vel para todos.<\/p>\n","protected":false},"excerpt":{"rendered":"<p>Um estudo da NASA alerta que regi\u00f5es do Brasil podem se tornar inabit\u00e1veis devido ao calor extremo.<\/p>\n","protected":false},"author":3,"featured_media":26529,"comment_status":"open","ping_status":"open","sticky":false,"template":"","format":"standard","meta":{"jnews-multi-image_gallery":[],"jnews_single_post":{"format":"standard"},"jnews_primary_category":[],"jnews_social_meta":[],"jnews_override_counter":[],"footnotes":""},"categories":[112],"post_tag":[225,235,478],"class_list":["post-26526","post","type-post","status-publish","format-standard","has-post-thumbnail","hentry","category-curiosidades","tag-brasil","tag-calor","tag-nasa"],"yoast_head":"<!-- This site is optimized with the Yoast SEO plugin v24.6 - https:\/\/yoast.com\/wordpress\/plugins\/seo\/ -->\n<title>NASA alerta que o Brasil ficar\u00e1 inabit\u00e1vel em 50 anos, veja regi\u00f5es<\/title>\n<meta name=\"description\" content=\"Um estudo da NASA alerta que regi\u00f5es do Brasil podem se tornar inabit\u00e1veis devido ao calor extremo.\" \/>\n<meta name=\"robots\" content=\"index, follow, max-snippet:-1, max-image-preview:large, max-video-preview:-1\" \/>\n<link rel=\"canonical\" href=\"https:\/\/www.correiobraziliense.com.br\/cbradar\/nasa-alerta-que-o-brasil-ficara-inabitavel-em-50-anos-veja-regioes\/\" \/>\n<meta property=\"og:locale\" content=\"pt_BR\" \/>\n<meta property=\"og:type\" content=\"article\" \/>\n<meta property=\"og:title\" content=\"NASA alerta que o Brasil ficar\u00e1 inabit\u00e1vel em 50 anos, veja regi\u00f5es\" \/>\n<meta property=\"og:description\" content=\"Um estudo da NASA alerta que regi\u00f5es do Brasil podem se tornar inabit\u00e1veis devido ao calor extremo.\" \/>\n<meta property=\"og:url\" content=\"https:\/\/www.correiobraziliense.com.br\/cbradar\/nasa-alerta-que-o-brasil-ficara-inabitavel-em-50-anos-veja-regioes\/\" \/>\n<meta property=\"og:site_name\" content=\"Correio Braziliense - Radar\" \/>\n<meta property=\"article:published_time\" content=\"2025-04-21T19:00:00+00:00\" \/>\n<meta property=\"article:modified_time\" content=\"2025-04-23T09:16:38+00:00\" \/>\n<meta property=\"og:image\" content=\"https:\/\/www.correiobraziliense.com.br\/cbradar\/wp-content\/uploads\/2025\/04\/NASA_1745257289044.jpg\" \/>\n\t<meta property=\"og:image:width\" content=\"1279\" \/>\n\t<meta property=\"og:image:height\" content=\"720\" \/>\n\t<meta property=\"og:image:type\" content=\"image\/jpeg\" \/>\n<meta name=\"author\" content=\"Larissa Carvalho\" \/>\n<meta name=\"twitter:card\" content=\"summary_large_image\" \/>\n<meta name=\"twitter:label1\" content=\"Escrito por\" \/>\n\t<meta name=\"twitter:data1\" content=\"Larissa Carvalho\" \/>\n\t<meta name=\"twitter:label2\" content=\"Est. tempo de leitura\" \/>\n\t<meta name=\"twitter:data2\" content=\"4 minutos\" \/>\n<!-- \/ Yoast SEO plugin. -->","yoast_head_json":{"title":"NASA alerta que o Brasil ficar\u00e1 inabit\u00e1vel em 50 anos, veja regi\u00f5es","description":"Um estudo da NASA alerta que regi\u00f5es do Brasil podem se tornar inabit\u00e1veis devido ao calor extremo.","robots":{"index":"index","follow":"follow","max-snippet":"max-snippet:-1","max-image-preview":"max-image-preview:large","max-video-preview":"max-video-preview:-1"},"canonical":"https:\/\/www.correiobraziliense.com.br\/cbradar\/nasa-alerta-que-o-brasil-ficara-inabitavel-em-50-anos-veja-regioes\/","og_locale":"pt_BR","og_type":"article","og_title":"NASA alerta que o Brasil ficar\u00e1 inabit\u00e1vel em 50 anos, veja regi\u00f5es","og_description":"Um estudo da NASA alerta que regi\u00f5es do Brasil podem se tornar inabit\u00e1veis devido ao calor extremo.","og_url":"https:\/\/www.correiobraziliense.com.br\/cbradar\/nasa-alerta-que-o-brasil-ficara-inabitavel-em-50-anos-veja-regioes\/","og_site_name":"Correio Braziliense - Radar","article_published_time":"2025-04-21T19:00:00+00:00","article_modified_time":"2025-04-23T09:16:38+00:00","og_image":[{"width":1279,"height":720,"url":"https:\/\/www.correiobraziliense.com.br\/cbradar\/wp-content\/uploads\/2025\/04\/NASA_1745257289044.jpg","type":"image\/jpeg"}],"author":"Larissa Carvalho","twitter_card":"summary_large_image","twitter_misc":{"Escrito por":"Larissa Carvalho","Est. tempo de leitura":"4 minutos"},"schema":{"@context":"https:\/\/schema.org","@graph":[{"@type":"WebPage","@id":"https:\/\/www.correiobraziliense.com.br\/cbradar\/nasa-alerta-que-o-brasil-ficara-inabitavel-em-50-anos-veja-regioes\/","url":"https:\/\/www.correiobraziliense.com.br\/cbradar\/nasa-alerta-que-o-brasil-ficara-inabitavel-em-50-anos-veja-regioes\/","name":"NASA alerta que o Brasil ficar\u00e1 inabit\u00e1vel em 50 anos, veja regi\u00f5es","isPartOf":{"@id":"https:\/\/www.correiobraziliense.com.br\/cbradar\/#website"},"primaryImageOfPage":{"@id":"https:\/\/www.correiobraziliense.com.br\/cbradar\/nasa-alerta-que-o-brasil-ficara-inabitavel-em-50-anos-veja-regioes\/#primaryimage"},"image":{"@id":"https:\/\/www.correiobraziliense.com.br\/cbradar\/nasa-alerta-que-o-brasil-ficara-inabitavel-em-50-anos-veja-regioes\/#primaryimage"},"thumbnailUrl":"https:\/\/www.correiobraziliense.com.br\/cbradar\/wp-content\/uploads\/2025\/04\/NASA_1745257289044.jpg","datePublished":"2025-04-21T19:00:00+00:00","dateModified":"2025-04-23T09:16:38+00:00","author":{"@id":"https:\/\/www.correiobraziliense.com.br\/cbradar\/#\/schema\/person\/58422787644df994b53a19d3e56c1513"},"description":"Um estudo da NASA alerta que regi\u00f5es do Brasil podem se tornar inabit\u00e1veis devido ao calor extremo.","breadcrumb":{"@id":"https:\/\/www.correiobraziliense.com.br\/cbradar\/nasa-alerta-que-o-brasil-ficara-inabitavel-em-50-anos-veja-regioes\/#breadcrumb"},"inLanguage":"pt-BR","potentialAction":[{"@type":"ReadAction","target":["https:\/\/www.correiobraziliense.com.br\/cbradar\/nasa-alerta-que-o-brasil-ficara-inabitavel-em-50-anos-veja-regioes\/"]}]},{"@type":"ImageObject","inLanguage":"pt-BR","@id":"https:\/\/www.correiobraziliense.com.br\/cbradar\/nasa-alerta-que-o-brasil-ficara-inabitavel-em-50-anos-veja-regioes\/#primaryimage","url":"https:\/\/www.correiobraziliense.com.br\/cbradar\/wp-content\/uploads\/2025\/04\/NASA_1745257289044.jpg","contentUrl":"https:\/\/www.correiobraziliense.com.br\/cbradar\/wp-content\/uploads\/2025\/04\/NASA_1745257289044.jpg","width":1279,"height":720,"caption":"NASA. Cr\u00e9ditos: depositphotos.com \/ 3DSculptor"},{"@type":"BreadcrumbList","@id":"https:\/\/www.correiobraziliense.com.br\/cbradar\/nasa-alerta-que-o-brasil-ficara-inabitavel-em-50-anos-veja-regioes\/#breadcrumb","itemListElement":[{"@type":"ListItem","position":1,"name":"In\u00edcio","item":"https:\/\/www.correiobraziliense.com.br\/cbradar\/"},{"@type":"ListItem","position":2,"name":"NASA alerta que o Brasil ficar\u00e1 inabit\u00e1vel em 50 anos, veja regi\u00f5es"}]},{"@type":"WebSite","@id":"https:\/\/www.correiobraziliense.com.br\/cbradar\/#website","url":"https:\/\/www.correiobraziliense.com.br\/cbradar\/","name":"Correio Braziliense - Radar","description":"Acompanhe as \u00faltimas not\u00edcias e fique bem informado sobre tudo o que acontece no Brasil e no mundo.","potentialAction":[{"@type":"SearchAction","target":{"@type":"EntryPoint","urlTemplate":"https:\/\/www.correiobraziliense.com.br\/cbradar\/?s={search_term_string}"},"query-input":{"@type":"PropertyValueSpecification","valueRequired":true,"valueName":"search_term_string"}}],"inLanguage":"pt-BR"},{"@type":"Person","@id":"https:\/\/www.correiobraziliense.com.br\/cbradar\/#\/schema\/person\/58422787644df994b53a19d3e56c1513","name":"Larissa Carvalho","image":{"@type":"ImageObject","inLanguage":"pt-BR","@id":"https:\/\/www.correiobraziliense.com.br\/cbradar\/#\/schema\/person\/image\/","url":"https:\/\/secure.gravatar.com\/avatar\/fe4f91a0de32b52a838d0d612abdc1aa?s=96&d=mm&r=g","contentUrl":"https:\/\/secure.gravatar.com\/avatar\/fe4f91a0de32b52a838d0d612abdc1aa?s=96&d=mm&r=g","caption":"Larissa Carvalho"},"url":"https:\/\/www.correiobraziliense.com.br\/cbradar\/author\/larissamyth\/"}]}},"_links":{"self":[{"href":"https:\/\/www.correiobraziliense.com.br\/cbradar\/wp-json\/wp\/v2\/posts\/26526","targetHints":{"allow":["GET"]}}],"collection":[{"href":"https:\/\/www.correiobraziliense.com.br\/cbradar\/wp-json\/wp\/v2\/posts"}],"about":[{"href":"https:\/\/www.correiobraziliense.com.br\/cbradar\/wp-json\/wp\/v2\/types\/post"}],"author":[{"embeddable":true,"href":"https:\/\/www.correiobraziliense.com.br\/cbradar\/wp-json\/wp\/v2\/users\/3"}],"replies":[{"embeddable":true,"href":"https:\/\/www.correiobraziliense.com.br\/cbradar\/wp-json\/wp\/v2\/comments?post=26526"}],"version-history":[{"count":3,"href":"https:\/\/www.correiobraziliense.com.br\/cbradar\/wp-json\/wp\/v2\/posts\/26526\/revisions"}],"predecessor-version":[{"id":27145,"href":"https:\/\/www.correiobraziliense.com.br\/cbradar\/wp-json\/wp\/v2\/posts\/26526\/revisions\/27145"}],"wp:featuredmedia":[{"embeddable":true,"href":"https:\/\/www.correiobraziliense.com.br\/cbradar\/wp-json\/wp\/v2\/media\/26529"}],"wp:attachment":[{"href":"https:\/\/www.correiobraziliense.com.br\/cbradar\/wp-json\/wp\/v2\/media?parent=26526"}],"wp:term":[{"taxonomy":"category","embeddable":true,"href":"https:\/\/www.correiobraziliense.com.br\/cbradar\/wp-json\/wp\/v2\/categories?post=26526"},{"taxonomy":"post_tag","embeddable":true,"href":"https:\/\/www.correiobraziliense.com.br\/cbradar\/wp-json\/wp\/v2\/post_tag?post=26526"}],"curies":[{"name":"wp","href":"https:\/\/api.w.org\/{rel}","templated":true}]}}