{"id":26558,"date":"2025-04-23T07:10:36","date_gmt":"2025-04-23T10:10:36","guid":{"rendered":"https:\/\/www.correiobraziliense.com.br\/cbradar\/?p=26558"},"modified":"2025-04-21T15:30:51","modified_gmt":"2025-04-21T18:30:51","slug":"aprenda-criar-uma-horta-de-bucha-vegetal-no-seu-quintal","status":"publish","type":"post","link":"https:\/\/www.correiobraziliense.com.br\/cbradar\/aprenda-criar-uma-horta-de-bucha-vegetal-no-seu-quintal\/","title":{"rendered":"Aprenda criar uma horta de bucha vegetal no seu quintal"},"content":{"rendered":"\n<p>A <strong>bucha vegetal<\/strong>, tamb\u00e9m conhecida como <strong>esponja vegetal<\/strong> ou <strong>bucha-de-banho<\/strong>, \u00e9 o fruto seco de uma <a href=\"https:\/\/www.correiobraziliense.com.br\/cbradar\/como-cultivar-lirios-aprenda-sobre-seus-principais-tipos\/\" target=\"_blank\" rel=\"noreferrer noopener\">planta <\/a>trepadeira chamada <strong>Luffa cylindrica<\/strong>, pertencente \u00e0 mesma fam\u00edlia da ab\u00f3bora e do pepino. Essa planta produz frutos que, quando maduros e secos, revelam uma estrutura fibrosa usada como esponja natural para banho, limpeza de lou\u00e7as ou at\u00e9 como esfoliante corporal.<\/p>\n\n\n\n<p>Al\u00e9m de ser uma alternativa ecol\u00f3gica \u00e0s esponjas sint\u00e9ticas, a bucha vegetal \u00e9 f\u00e1cil de cultivar, tem boa produtividade e pode ser uma fonte de renda. Seu cultivo pode ser feito em hortas, quintais ou at\u00e9 mesmo em vasos com suporte para trepadeiras.<\/p>\n\n\n\n<h2 class=\"wp-block-heading\">Qual o clima ideal para o cultivo da bucha vegetal?<\/h2>\n\n\n\n<p>A <strong>bucha vegetal<\/strong> se desenvolve melhor em <strong>climas quentes e tropicais<\/strong>, com temperaturas entre <strong>20\u00b0C e 30\u00b0C<\/strong>. Ela exige <strong>bastante luz solar direta<\/strong> (m\u00ednimo de 6 horas por dia) e n\u00e3o tolera geadas nem temperaturas muito baixas.<\/p>\n\n\n\n<p>\u00c9 poss\u00edvel cultiv\u00e1-la em v\u00e1rias regi\u00f5es do Brasil, especialmente durante os meses de <strong>primavera e ver\u00e3o<\/strong>, quando as condi\u00e7\u00f5es s\u00e3o mais favor\u00e1veis ao crescimento e \u00e0 frutifica\u00e7\u00e3o da planta.<\/p>\n\n\n\n<h2 class=\"wp-block-heading\">Como deve ser o solo para plantar bucha vegetal?<\/h2>\n\n\n\n<p>O solo ideal deve ser:<\/p>\n\n\n\n<ul class=\"wp-block-list\">\n<li><strong>Leve e bem drenado<\/strong><\/li>\n\n\n\n<li>Rico em <strong>mat\u00e9ria org\u00e2nica<\/strong><\/li>\n\n\n\n<li>Com pH entre <strong>6,0 e 6,8<\/strong><\/li>\n\n\n\n<li>Livre de encharcamentos<\/li>\n<\/ul>\n\n\n\n<p>Antes do plantio, recomenda-se fazer uma boa <strong>aduba\u00e7\u00e3o org\u00e2nica<\/strong>, incorporando <strong>esterco curtido, h\u00famus de minhoca ou compostagem caseira<\/strong> ao solo. Em regi\u00f5es com solo muito argiloso ou compacto, \u00e9 interessante misturar <strong>areia grossa<\/strong> para melhorar a drenagem.<\/p>\n\n\n\n<h2 class=\"wp-block-heading\">Como plantar bucha vegetal passo a passo?<\/h2>\n\n\n\n<ol class=\"wp-block-list\">\n<li><strong>Escolha o local<\/strong>: D\u00ea prefer\u00eancia a \u00e1reas ensolaradas e com espa\u00e7o para que a planta possa se espalhar. Voc\u00ea pode usar cercas, treli\u00e7as ou p\u00e9rgolas para servir de suporte.<\/li>\n\n\n\n<li><strong>Preparo da semente<\/strong>:\n<ul class=\"wp-block-list\">\n<li>Retire as sementes de uma bucha madura e seca.<\/li>\n\n\n\n<li>Deixe-as de molho por <strong>24 horas<\/strong> em \u00e1gua para acelerar a germina\u00e7\u00e3o.<\/li>\n<\/ul>\n<\/li>\n\n\n\n<li><strong>Plantio<\/strong>:\n<ul class=\"wp-block-list\">\n<li>Fa\u00e7a covas de cerca de <strong>30 cm de profundidade<\/strong>.<\/li>\n\n\n\n<li>Plante 2 a 3 sementes por cova, com <strong>espa\u00e7amento de 1 metro<\/strong> entre plantas.<\/li>\n\n\n\n<li>Cubra com uma leve camada de terra e regue.<\/li>\n<\/ul>\n<\/li>\n\n\n\n<li><strong>Germina\u00e7\u00e3o<\/strong>:\n<ul class=\"wp-block-list\">\n<li>Ocorre entre <strong>7 a 15 dias<\/strong>, dependendo da temperatura e umidade.<\/li>\n<\/ul>\n<\/li>\n\n\n\n<li><strong>Tutoramento<\/strong>:\n<ul class=\"wp-block-list\">\n<li>Quando as mudas atingirem cerca de <strong>20 cm<\/strong>, conduza os ramos para subirem em suportes verticais ou horizontais.<\/li>\n<\/ul>\n<\/li>\n<\/ol>\n\n\n<div class=\"wp-block-image\">\n<figure class=\"aligncenter size-large\"><img decoding=\"async\" width=\"1024\" height=\"576\" src=\"https:\/\/www.correiobraziliense.com.br\/cbradar\/wp-content\/uploads\/2025\/04\/bucha-vegetal_1745259927831-1024x576.jpg\" alt=\"\" class=\"wp-image-26561\" srcset=\"https:\/\/www.correiobraziliense.com.br\/cbradar\/wp-content\/uploads\/2025\/04\/bucha-vegetal_1745259927831-1024x576.jpg 1024w, https:\/\/www.correiobraziliense.com.br\/cbradar\/wp-content\/uploads\/2025\/04\/bucha-vegetal_1745259927831-300x169.jpg 300w, https:\/\/www.correiobraziliense.com.br\/cbradar\/wp-content\/uploads\/2025\/04\/bucha-vegetal_1745259927831-768x432.jpg 768w, https:\/\/www.correiobraziliense.com.br\/cbradar\/wp-content\/uploads\/2025\/04\/bucha-vegetal_1745259927831-750x422.jpg 750w, https:\/\/www.correiobraziliense.com.br\/cbradar\/wp-content\/uploads\/2025\/04\/bucha-vegetal_1745259927831-1140x642.jpg 1140w, https:\/\/www.correiobraziliense.com.br\/cbradar\/wp-content\/uploads\/2025\/04\/bucha-vegetal_1745259927831.jpg 1279w\" sizes=\"(max-width: 1024px) 100vw, 1024px\" \/><figcaption class=\"wp-element-caption\">Bucha &#8211; Cr\u00e9ditos: depositphotos.com \/ thaikrit<\/figcaption><\/figure><\/div>\n\n\n<h2 class=\"wp-block-heading\">Quais s\u00e3o os cuidados necess\u00e1rios ap\u00f3s o plantio?<\/h2>\n\n\n\n<ul class=\"wp-block-list\">\n<li><strong>Rega<\/strong>: A bucha vegetal precisa de solo levemente \u00famido. Regue <strong>de 2 a 3 vezes por semana<\/strong>, aumentando a frequ\u00eancia em per\u00edodos muito secos.<\/li>\n\n\n\n<li><strong>Aduba\u00e7\u00e3o<\/strong>: A cada <strong>30 dias<\/strong>, aplique adubo org\u00e2nico ou NPK 10-10-10 para manter a planta vigorosa.<\/li>\n\n\n\n<li><strong>Controle de pragas<\/strong>: As pragas mais comuns s\u00e3o <strong>pulg\u00f5es, brocas e \u00e1caros<\/strong>. O uso de <strong>\u00f3leo de neem<\/strong> e pulveriza\u00e7\u00f5es com <strong>ch\u00e1 de alho e pimenta<\/strong> ajuda no controle natural.<\/li>\n\n\n\n<li><strong>Poda de condu\u00e7\u00e3o<\/strong>: Retire ramos secos ou em excesso para melhorar a ventila\u00e7\u00e3o e a exposi\u00e7\u00e3o ao sol.<\/li>\n<\/ul>\n\n\n\n<h2 class=\"wp-block-heading\">Quando e como fazer a colheita da bucha vegetal?<\/h2>\n\n\n\n<p>A <strong>bucha vegetal leva cerca de 120 a 150 dias<\/strong> para se desenvolver completamente ap\u00f3s a germina\u00e7\u00e3o. O momento ideal da colheita \u00e9 quando:<\/p>\n\n\n\n<ul class=\"wp-block-list\">\n<li>O fruto est\u00e1 <strong>amarelado ou marrom<\/strong>.<\/li>\n\n\n\n<li>A casca fica mais <strong>r\u00edgida e seca<\/strong> ao toque.<\/li>\n\n\n\n<li>O fruto come\u00e7a a se destacar do caule naturalmente.<\/li>\n<\/ul>\n\n\n\n<p><strong>Como colher<\/strong>:<\/p>\n\n\n\n<ol class=\"wp-block-list\">\n<li>Corte o fruto com tesoura ou faca, deixando um pequeno peda\u00e7o do talo.<\/li>\n\n\n\n<li>Bata o fruto no ch\u00e3o ou use uma faca para remover a casca.<\/li>\n\n\n\n<li>Retire as sementes (guarde para pr\u00f3ximos cultivos).<\/li>\n\n\n\n<li>Lave a estrutura fibrosa para remover a polpa interna e deixe secar ao sol por <strong>2 a 3 dias<\/strong>.<\/li>\n<\/ol>\n\n\n\n<h2 class=\"wp-block-heading\">A bucha vegetal pode ser cultivada em vasos?<\/h2>\n\n\n\n<p>Sim, \u00e9 poss\u00edvel plantar bucha vegetal em <strong>vasos grandes<\/strong> (m\u00ednimo de 40 litros), desde que se ofere\u00e7a:<\/p>\n\n\n\n<ul class=\"wp-block-list\">\n<li>Substrato f\u00e9rtil e bem drenado.<\/li>\n\n\n\n<li>Suporte vertical firme (como varas de bambu, treli\u00e7as ou telas).<\/li>\n\n\n\n<li>Regas frequentes e boa aduba\u00e7\u00e3o.<\/li>\n<\/ul>\n\n\n\n<p>O cultivo em vaso \u00e9 ideal para espa\u00e7os pequenos e pode gerar boas colheitas, desde que haja luz solar suficiente e espa\u00e7o para os ramos se desenvolverem.<\/p>\n\n\n\n<h2 class=\"wp-block-heading\">\u00c9 poss\u00edvel vender bucha vegetal como fonte de renda?<\/h2>\n\n\n\n<p>Sim! A bucha vegetal tem <strong>alto valor comercial<\/strong>, especialmente entre consumidores que buscam alternativas <strong>sustent\u00e1veis e biodegrad\u00e1veis<\/strong> para uso pessoal e dom\u00e9stico. Voc\u00ea pode vender:<\/p>\n\n\n\n<ul class=\"wp-block-list\">\n<li>A bucha inteira e seca<\/li>\n\n\n\n<li>Cortada e higienizada para banho<\/li>\n\n\n\n<li>Em formatos decorativos<\/li>\n\n\n\n<li>Com embalagens artesanais<\/li>\n<\/ul>\n\n\n\n<p>H\u00e1 tamb\u00e9m demanda de <strong>artesanato, cosm\u00e9ticos e produtos ecol\u00f3gicos<\/strong>, o que amplia as possibilidades de lucro.<\/p>\n\n\n\n<h2 class=\"wp-block-heading\">FAQ<\/h2>\n\n\n\n<p><strong>1. Quanto tempo leva para colher bucha vegetal ap\u00f3s o plantio?<\/strong><br>Leva em m\u00e9dia <strong>4 a 5 meses<\/strong> para colher os primeiros frutos maduros e secos.<\/p>\n\n\n\n<p><strong>2. A bucha vegetal precisa de muito espa\u00e7o?<\/strong><br>Sim, como planta trepadeira, ela precisa de <strong>espa\u00e7o vertical ou horizontal<\/strong> para crescer, com suportes firmes para se desenvolver bem.<\/p>\n\n\n\n<p><strong>3. Posso usar qualquer tipo de bucha para extrair sementes?<\/strong><br>Prefira frutos <strong>bem secos e maduros<\/strong>, de colora\u00e7\u00e3o amarelada ou marrom, pois garantem sementes mais vi\u00e1veis para germina\u00e7\u00e3o.<\/p>\n\n\n\n<p><strong>4. A bucha vegetal pode ser cultivada o ano todo?<\/strong><br>Pode, mas o <strong>per\u00edodo ideal \u00e9 na primavera ou ver\u00e3o<\/strong>, quando o calor e a luz favorecem o crescimento da planta.<\/p>\n\n\n\n<p><strong>5. Como armazenar a bucha vegetal depois da colheita?<\/strong><br>Ap\u00f3s limpa e seca, armazene em local seco e arejado. Se quiser usar para banho ou venda, pode higienizar com \u00e1gua e vinagre antes de secar ao sol.<\/p>\n","protected":false},"excerpt":{"rendered":"<p>A bucha vegetal, tamb\u00e9m conhecida como esponja vegetal ou bucha-de-banho, \u00e9 o fruto seco de uma planta trepadeira chamada Luffa cylindrica, pertencente \u00e0 mesma fam\u00edlia da ab\u00f3bora e do pepino. Essa planta produz frutos que, quando maduros e secos, revelam uma estrutura fibrosa usada como esponja natural para banho, limpeza de lou\u00e7as ou at\u00e9 como [&hellip;]<\/p>\n","protected":false},"author":9,"featured_media":26560,"comment_status":"open","ping_status":"open","sticky":false,"template":"","format":"standard","meta":{"_yoast_wpseo_focuskw":"bucha vegetal","_yoast_wpseo_title":"%%title%% %%page%%","_yoast_wpseo_metadesc":"Aprenda a cultivar bucha vegetal em casa, com dicas sobre plantio, cuidados e colheita para um produto ecol\u00f3gico e rent\u00e1vel.","jnews-multi-image_gallery":[],"jnews_single_post":{"format":"standard"},"jnews_primary_category":[],"jnews_social_meta":[],"jnews_override_counter":[],"footnotes":""},"categories":[136],"post_tag":[3654,3656,2972,3655],"class_list":["post-26558","post","type-post","status-publish","format-standard","has-post-thumbnail","hentry","category-jardinagem","tag-bucha-vegetal","tag-como-plantar-bucha","tag-cultivo-sustentavel","tag-esponja-natural"],"yoast_head":"<!-- This site is optimized with the Yoast SEO plugin v24.6 - https:\/\/yoast.com\/wordpress\/plugins\/seo\/ -->\n<title>Aprenda criar uma horta de bucha vegetal no seu quintal<\/title>\n<meta name=\"description\" content=\"Aprenda a cultivar bucha vegetal em casa, com dicas sobre plantio, cuidados e colheita para um produto ecol\u00f3gico e rent\u00e1vel.\" \/>\n<meta name=\"robots\" content=\"index, follow, max-snippet:-1, max-image-preview:large, max-video-preview:-1\" \/>\n<link rel=\"canonical\" href=\"https:\/\/www.correiobraziliense.com.br\/cbradar\/aprenda-criar-uma-horta-de-bucha-vegetal-no-seu-quintal\/\" \/>\n<meta property=\"og:locale\" content=\"pt_BR\" \/>\n<meta property=\"og:type\" content=\"article\" \/>\n<meta property=\"og:title\" content=\"Aprenda criar uma horta de bucha vegetal no seu quintal\" \/>\n<meta property=\"og:description\" content=\"Aprenda a cultivar bucha vegetal em casa, com dicas sobre plantio, cuidados e colheita para um produto ecol\u00f3gico e rent\u00e1vel.\" \/>\n<meta property=\"og:url\" content=\"https:\/\/www.correiobraziliense.com.br\/cbradar\/aprenda-criar-uma-horta-de-bucha-vegetal-no-seu-quintal\/\" \/>\n<meta property=\"og:site_name\" content=\"Correio Braziliense - Radar\" \/>\n<meta property=\"article:published_time\" content=\"2025-04-23T10:10:36+00:00\" \/>\n<meta property=\"og:image\" content=\"https:\/\/www.correiobraziliense.com.br\/cbradar\/wp-content\/uploads\/2025\/04\/bucha-vegetal_1745259882539.jpg\" \/>\n\t<meta property=\"og:image:width\" content=\"1280\" \/>\n\t<meta property=\"og:image:height\" content=\"720\" \/>\n\t<meta property=\"og:image:type\" content=\"image\/jpeg\" \/>\n<meta name=\"author\" content=\"Daniely Cardoso\" \/>\n<meta name=\"twitter:card\" content=\"summary_large_image\" \/>\n<meta name=\"twitter:label1\" content=\"Escrito por\" \/>\n\t<meta name=\"twitter:data1\" content=\"Daniely Cardoso\" \/>\n\t<meta name=\"twitter:label2\" content=\"Est. tempo de leitura\" \/>\n\t<meta name=\"twitter:data2\" content=\"6 minutos\" \/>\n<!-- \/ Yoast SEO plugin. -->","yoast_head_json":{"title":"Aprenda criar uma horta de bucha vegetal no seu quintal","description":"Aprenda a cultivar bucha vegetal em casa, com dicas sobre plantio, cuidados e colheita para um produto ecol\u00f3gico e rent\u00e1vel.","robots":{"index":"index","follow":"follow","max-snippet":"max-snippet:-1","max-image-preview":"max-image-preview:large","max-video-preview":"max-video-preview:-1"},"canonical":"https:\/\/www.correiobraziliense.com.br\/cbradar\/aprenda-criar-uma-horta-de-bucha-vegetal-no-seu-quintal\/","og_locale":"pt_BR","og_type":"article","og_title":"Aprenda criar uma horta de bucha vegetal no seu quintal","og_description":"Aprenda a cultivar bucha vegetal em casa, com dicas sobre plantio, cuidados e colheita para um produto ecol\u00f3gico e rent\u00e1vel.","og_url":"https:\/\/www.correiobraziliense.com.br\/cbradar\/aprenda-criar-uma-horta-de-bucha-vegetal-no-seu-quintal\/","og_site_name":"Correio Braziliense - Radar","article_published_time":"2025-04-23T10:10:36+00:00","og_image":[{"width":1280,"height":720,"url":"https:\/\/www.correiobraziliense.com.br\/cbradar\/wp-content\/uploads\/2025\/04\/bucha-vegetal_1745259882539.jpg","type":"image\/jpeg"}],"author":"Daniely Cardoso","twitter_card":"summary_large_image","twitter_misc":{"Escrito por":"Daniely Cardoso","Est. tempo de leitura":"6 minutos"},"schema":{"@context":"https:\/\/schema.org","@graph":[{"@type":"WebPage","@id":"https:\/\/www.correiobraziliense.com.br\/cbradar\/aprenda-criar-uma-horta-de-bucha-vegetal-no-seu-quintal\/","url":"https:\/\/www.correiobraziliense.com.br\/cbradar\/aprenda-criar-uma-horta-de-bucha-vegetal-no-seu-quintal\/","name":"Aprenda criar uma horta de bucha vegetal no seu quintal","isPartOf":{"@id":"https:\/\/www.correiobraziliense.com.br\/cbradar\/#website"},"primaryImageOfPage":{"@id":"https:\/\/www.correiobraziliense.com.br\/cbradar\/aprenda-criar-uma-horta-de-bucha-vegetal-no-seu-quintal\/#primaryimage"},"image":{"@id":"https:\/\/www.correiobraziliense.com.br\/cbradar\/aprenda-criar-uma-horta-de-bucha-vegetal-no-seu-quintal\/#primaryimage"},"thumbnailUrl":"https:\/\/www.correiobraziliense.com.br\/cbradar\/wp-content\/uploads\/2025\/04\/bucha-vegetal_1745259882539.jpg","datePublished":"2025-04-23T10:10:36+00:00","author":{"@id":"https:\/\/www.correiobraziliense.com.br\/cbradar\/#\/schema\/person\/7356666e12ec0ee53f348ee5db227032"},"description":"Aprenda a cultivar bucha vegetal em casa, com dicas sobre plantio, cuidados e colheita para um produto ecol\u00f3gico e rent\u00e1vel.","breadcrumb":{"@id":"https:\/\/www.correiobraziliense.com.br\/cbradar\/aprenda-criar-uma-horta-de-bucha-vegetal-no-seu-quintal\/#breadcrumb"},"inLanguage":"pt-BR","potentialAction":[{"@type":"ReadAction","target":["https:\/\/www.correiobraziliense.com.br\/cbradar\/aprenda-criar-uma-horta-de-bucha-vegetal-no-seu-quintal\/"]}]},{"@type":"ImageObject","inLanguage":"pt-BR","@id":"https:\/\/www.correiobraziliense.com.br\/cbradar\/aprenda-criar-uma-horta-de-bucha-vegetal-no-seu-quintal\/#primaryimage","url":"https:\/\/www.correiobraziliense.com.br\/cbradar\/wp-content\/uploads\/2025\/04\/bucha-vegetal_1745259882539.jpg","contentUrl":"https:\/\/www.correiobraziliense.com.br\/cbradar\/wp-content\/uploads\/2025\/04\/bucha-vegetal_1745259882539.jpg","width":1280,"height":720,"caption":"Bucha vegetal - Cr\u00e9ditos: depositphotos.com \/ cbenjasuwan"},{"@type":"BreadcrumbList","@id":"https:\/\/www.correiobraziliense.com.br\/cbradar\/aprenda-criar-uma-horta-de-bucha-vegetal-no-seu-quintal\/#breadcrumb","itemListElement":[{"@type":"ListItem","position":1,"name":"In\u00edcio","item":"https:\/\/www.correiobraziliense.com.br\/cbradar\/"},{"@type":"ListItem","position":2,"name":"Aprenda criar uma horta de bucha vegetal no seu quintal"}]},{"@type":"WebSite","@id":"https:\/\/www.correiobraziliense.com.br\/cbradar\/#website","url":"https:\/\/www.correiobraziliense.com.br\/cbradar\/","name":"Correio Braziliense - Radar","description":"Acompanhe as \u00faltimas not\u00edcias e fique bem informado sobre tudo o que acontece no Brasil e no mundo.","potentialAction":[{"@type":"SearchAction","target":{"@type":"EntryPoint","urlTemplate":"https:\/\/www.correiobraziliense.com.br\/cbradar\/?s={search_term_string}"},"query-input":{"@type":"PropertyValueSpecification","valueRequired":true,"valueName":"search_term_string"}}],"inLanguage":"pt-BR"},{"@type":"Person","@id":"https:\/\/www.correiobraziliense.com.br\/cbradar\/#\/schema\/person\/7356666e12ec0ee53f348ee5db227032","name":"Daniely Cardoso","image":{"@type":"ImageObject","inLanguage":"pt-BR","@id":"https:\/\/www.correiobraziliense.com.br\/cbradar\/#\/schema\/person\/image\/","url":"https:\/\/secure.gravatar.com\/avatar\/4b80ddbd124d1f071b626d52d62e5dff?s=96&d=mm&r=g","contentUrl":"https:\/\/secure.gravatar.com\/avatar\/4b80ddbd124d1f071b626d52d62e5dff?s=96&d=mm&r=g","caption":"Daniely Cardoso"},"description":"Redatora nos portais CB Radar e EM Foco, formada pela Universidade Federal de Goi\u00e1s, em Goi\u00e2nia. Apaixonada por comunica\u00e7\u00e3o, arte, decora\u00e7\u00e3o e tend\u00eancias, atuo na produ\u00e7\u00e3o de conte\u00fados envolventes sobre curiosidades, moda, beleza e paisagismo, sempre com um olhar atento \u00e0s novidades do momento.","sameAs":["https:\/\/www.correiobraziliense.com.br\/cbradar"],"url":"https:\/\/www.correiobraziliense.com.br\/cbradar\/author\/danielymyth\/"}]}},"_links":{"self":[{"href":"https:\/\/www.correiobraziliense.com.br\/cbradar\/wp-json\/wp\/v2\/posts\/26558","targetHints":{"allow":["GET"]}}],"collection":[{"href":"https:\/\/www.correiobraziliense.com.br\/cbradar\/wp-json\/wp\/v2\/posts"}],"about":[{"href":"https:\/\/www.correiobraziliense.com.br\/cbradar\/wp-json\/wp\/v2\/types\/post"}],"author":[{"embeddable":true,"href":"https:\/\/www.correiobraziliense.com.br\/cbradar\/wp-json\/wp\/v2\/users\/9"}],"replies":[{"embeddable":true,"href":"https:\/\/www.correiobraziliense.com.br\/cbradar\/wp-json\/wp\/v2\/comments?post=26558"}],"version-history":[{"count":3,"href":"https:\/\/www.correiobraziliense.com.br\/cbradar\/wp-json\/wp\/v2\/posts\/26558\/revisions"}],"predecessor-version":[{"id":26563,"href":"https:\/\/www.correiobraziliense.com.br\/cbradar\/wp-json\/wp\/v2\/posts\/26558\/revisions\/26563"}],"wp:featuredmedia":[{"embeddable":true,"href":"https:\/\/www.correiobraziliense.com.br\/cbradar\/wp-json\/wp\/v2\/media\/26560"}],"wp:attachment":[{"href":"https:\/\/www.correiobraziliense.com.br\/cbradar\/wp-json\/wp\/v2\/media?parent=26558"}],"wp:term":[{"taxonomy":"category","embeddable":true,"href":"https:\/\/www.correiobraziliense.com.br\/cbradar\/wp-json\/wp\/v2\/categories?post=26558"},{"taxonomy":"post_tag","embeddable":true,"href":"https:\/\/www.correiobraziliense.com.br\/cbradar\/wp-json\/wp\/v2\/post_tag?post=26558"}],"curies":[{"name":"wp","href":"https:\/\/api.w.org\/{rel}","templated":true}]}}