{"id":2658,"date":"2025-02-17T21:30:00","date_gmt":"2025-02-18T00:30:00","guid":{"rendered":"https:\/\/www.correiobraziliense.com.br\/cbradar\/?p=2658"},"modified":"2025-02-14T06:36:19","modified_gmt":"2025-02-14T09:36:19","slug":"voce-sabe-onde-fica-o-melhor-carnaval-do-brasil","status":"publish","type":"post","link":"https:\/\/www.correiobraziliense.com.br\/cbradar\/voce-sabe-onde-fica-o-melhor-carnaval-do-brasil\/","title":{"rendered":"Voc\u00ea sabe onde fica o melhor carnaval do Brasil?"},"content":{"rendered":"\n<p><strong><a href=\"https:\/\/pt.wikipedia.org\/wiki\/Recife\" target=\"_blank\" rel=\"noreferrer noopener\">Recife<\/a><\/strong>, a capital de <strong>Pernambuco<\/strong>, \u00e9 uma cidade rica em hist\u00f3ria, cultura e belezas naturais. Conhecida como a <strong>&#8220;Veneza Brasileira&#8221;<\/strong> devido aos seus in\u00fameros rios e pontes, a cidade oferece uma experi\u00eancia \u00fanica para os visitantes. Com uma mistura vibrante de tradi\u00e7\u00f5es antigas e modernidade, Recife se destaca como um destino tur\u00edstico fascinante no<strong> <a href=\"https:\/\/www.correiobraziliense.com.br\/cbradar\/descubra-o-paraiso-tropical-de-dunas-e-praias-incriveis-no-brasil\/\" target=\"_blank\" rel=\"noreferrer noopener\">Brasil<\/a><\/strong>.<\/p>\n\n\n\n<p>Este artigo explora os aspectos mais intrigantes de Recife, desde sua hist\u00f3ria at\u00e9 suas atra\u00e7\u00f5es tur\u00edsticas. Al\u00e9m disso, oferece dicas pr\u00e1ticas para quem planeja visitar a cidade, garantindo uma viagem segura e inesquec\u00edvel. Continue lendo para descobrir tudo o que Recife tem a oferecer.<\/p>\n\n\n\n<h2 class=\"wp-block-heading\"><strong>Qual \u00e9 a hist\u00f3ria de Recife?<\/strong><\/h2>\n\n\n\n<p>Recife foi fundada em<strong> 1537<\/strong>, tornando-se uma das cidades mais antigas do<strong> Brasil<\/strong>. Inicialmente, serviu como um porto para a vila de<strong> Olinda<\/strong>, mas rapidamente cresceu em import\u00e2ncia devido ao com\u00e9rcio de a\u00e7\u00facar. Durante o s\u00e9culo<strong> XVII<\/strong>, a cidade foi ocupada pelos holandeses, que deixaram uma marca significativa em sua arquitetura e cultura.<\/p>\n\n\n\n<p>Ap\u00f3s a expuls\u00e3o dos holandeses, a cidade continuou a prosperar, tornando-se um centro econ\u00f4mico e cultural do <strong>Nordeste<\/strong>. A cidade foi palco de importantes eventos hist\u00f3ricos, como a <strong>Revolu\u00e7\u00e3o Pernambucana de 1817<\/strong>. Hoje, suas ruas e monumentos refletem essa rica hist\u00f3ria, atraindo turistas de todo o mundo.<\/p>\n\n\n<div class=\"wp-block-image\">\n<figure class=\"aligncenter size-large\"><img decoding=\"async\" width=\"1024\" height=\"576\" src=\"https:\/\/www.correiobraziliense.com.br\/cbradar\/wp-content\/uploads\/2025\/02\/Recife_1739518076263-1024x576.jpg\" alt=\"Voc\u00ea sabe onde fica o melhor carnaval do Brasil?\" class=\"wp-image-2717\" srcset=\"https:\/\/www.correiobraziliense.com.br\/cbradar\/wp-content\/uploads\/2025\/02\/Recife_1739518076263-1024x576.jpg 1024w, https:\/\/www.correiobraziliense.com.br\/cbradar\/wp-content\/uploads\/2025\/02\/Recife_1739518076263-300x169.jpg 300w, https:\/\/www.correiobraziliense.com.br\/cbradar\/wp-content\/uploads\/2025\/02\/Recife_1739518076263-768x432.jpg 768w, https:\/\/www.correiobraziliense.com.br\/cbradar\/wp-content\/uploads\/2025\/02\/Recife_1739518076263-750x422.jpg 750w, https:\/\/www.correiobraziliense.com.br\/cbradar\/wp-content\/uploads\/2025\/02\/Recife_1739518076263-1140x641.jpg 1140w, https:\/\/www.correiobraziliense.com.br\/cbradar\/wp-content\/uploads\/2025\/02\/Recife_1739518076263.jpg 1280w\" sizes=\"(max-width: 1024px) 100vw, 1024px\" \/><figcaption class=\"wp-element-caption\">Recife \/\/ Cr\u00e9ditos: depositphotos.com \/ mrmello63@gmail.com<\/figcaption><\/figure><\/div>\n\n\n<h2 class=\"wp-block-heading\"><strong>Quais s\u00e3o as curiosidades mais interessantes sobre a cidade<\/strong><\/h2>\n\n\n\n<p>Recife \u00e9 famosa por seu carnaval, um dos mais animados do Brasil, que atrai milhares de foli\u00f5es todos os anos. Al\u00e9m disso, a cidade abriga o <strong>Galo da Madrugada<\/strong>, considerado o maior bloco de carnaval do mundo. Outra curiosidade \u00e9 a influ\u00eancia holandesa, vis\u00edvel em bairros como o<strong> Recife Antigo<\/strong>, onde a arquitetura colonial ainda predomina.<\/p>\n\n\n\n<p>A cidade tamb\u00e9m \u00e9 conhecida por suas lendas e mitos, como a hist\u00f3ria do <strong>&#8220;Papa-Figo&#8221;,<\/strong> uma figura folcl\u00f3rica que assombra as crian\u00e7as locais. Esses elementos culturais contribuem para a identidade \u00fanica de Recife, tornando-a um destino fascinante para quem busca experi\u00eancias aut\u00eanticas.<\/p>\n\n\n\n<h2 class=\"wp-block-heading\"><strong>Quais s\u00e3o os principais pontos tur\u00edsticos de Recife?<\/strong><\/h2>\n\n\n\n<p>Entre os locais mais visitados de Recife est\u00e3o o <strong>Marco Zero<\/strong>, ponto de partida para explorar o <strong>Recife Antigo<\/strong>, e a <strong>Praia de Boa Viagem<\/strong>, famosa por suas \u00e1guas cristalinas e recifes naturais. O <strong>Instituto Ricardo Brennand<\/strong>, com seu impressionante acervo de arte e armas, \u00e9 outra atra\u00e7\u00e3o imperd\u00edvel.<\/p>\n\n\n\n<p>Para aproveitar ao m\u00e1ximo essas atra\u00e7\u00f5es, recomenda-se visitar durante a baixa temporada, quando a cidade est\u00e1 menos movimentada. Al\u00e9m disso, explorar os arredores, como a cidade hist\u00f3rica de Olinda, pode enriquecer ainda mais a experi\u00eancia tur\u00edstica em Recife.<\/p>\n\n\n\n<h2 class=\"wp-block-heading\"><strong>Como \u00e9 o clima local e qual a melhor \u00e9poca para visitar?<\/strong><\/h2>\n\n\n\n<p>Recife possui um clima tropical, com temperaturas m\u00e9dias que variam entre 24\u202f\u00b0C e 30\u202f\u00b0C ao longo do ano. A esta\u00e7\u00e3o chuvosa ocorre entre abril e julho, enquanto os meses de setembro a mar\u00e7o s\u00e3o mais secos e ensolarados. \u00c9 importante planejar a visita de acordo com essas varia\u00e7\u00f5es clim\u00e1ticas.<\/p>\n\n\n\n<p>Visitar este destino durante a esta\u00e7\u00e3o seca oferece a vantagem de aproveitar as praias e atividades ao ar livre sem interrup\u00e7\u00f5es. No entanto, o carnaval, que ocorre em fevereiro, \u00e9 uma experi\u00eancia \u00fanica, apesar das poss\u00edveis chuvas. Roupas leves e protetor solar s\u00e3o essenciais para aproveitar a cidade em qualquer \u00e9poca do ano.<\/p>\n\n\n\n<h2 class=\"wp-block-heading\"><strong>O que fazer em Recife al\u00e9m dos pontos tur\u00edsticos?<\/strong><\/h2>\n\n\n\n<p>Para uma experi\u00eancia aut\u00eantica, visitar mercados locais como o <strong>Mercado de S\u00e3o Jos\u00e9 <\/strong>\u00e9 uma \u00f3tima op\u00e7\u00e3o. Al\u00e9m disso, explorar bairros hist\u00f3ricos e provar a culin\u00e1ria local, como o famoso bolo de rolo, s\u00e3o atividades recomendadas. Restaurantes tradicionais oferecem pratos t\u00edpicos que refletem a rica heran\u00e7a cultural da cidade.<\/p>\n\n\n\n<p>Em termos de hospedagem, Recife oferece uma variedade de op\u00e7\u00f5es, desde hot\u00e9is de luxo at\u00e9 pousadas aconchegantes. O transporte p\u00fablico \u00e9 eficiente, mas aplicativos de transporte e aluguel de bicicletas s\u00e3o alternativas pr\u00e1ticas para se locomover pela cidade.<\/p>\n\n\n\n<h2 class=\"wp-block-heading\"><strong>Dicas essenciais <\/strong><\/h2>\n\n\n\n<p>Ao visitar Recife, \u00e9 importante estar atento \u00e0 seguran\u00e7a, especialmente em \u00e1reas movimentadas. Manter pertences pessoais seguros e evitar exibir objetos de valor pode ajudar a prevenir incidentes. O transporte p\u00fablico \u00e9 acess\u00edvel, mas \u00e9 sempre bom verificar as rotas e hor\u00e1rios com anteced\u00eancia.<\/p>\n\n\n\n<p>Para economizar, considere visitar durante a baixa temporada e aproveitar cupons de desconto em atra\u00e7\u00f5es locais. Fique atento a poss\u00edveis &#8220;pegadinhas&#8221; tur\u00edsticas, como pre\u00e7os inflacionados em \u00e1reas populares, e sempre busque informa\u00e7\u00f5es atualizadas sobre a cidade.<\/p>\n\n\n\n<h2 class=\"wp-block-heading\"><strong>Perguntas Frequentes (FAQ)<\/strong><\/h2>\n\n\n\n<ul class=\"wp-block-list\">\n<li><strong>Qual \u00e9 a melhor \u00e9poca do ano para visitar Recife?<\/strong><\/li>\n\n\n\n<li>Geralmente, depende do clima e dos eventos locais, como festivais ou feriados.<\/li>\n\n\n\n<li><strong>Quais pratos t\u00edpicos devem ser experimentados?<\/strong><\/li>\n\n\n\n<li>Busque restaurantes tradicionais para provar a culin\u00e1ria local de Recife.<\/li>\n\n\n\n<li><strong>Quais s\u00e3o as melhores op\u00e7\u00f5es de transporte na cidade?<\/strong><\/li>\n\n\n\n<li>Use \u00f4nibus, t\u00e1xis, aplicativos ou aluguel de bicicletas, dependendo da infraestrutura de Recife.<\/li>\n\n\n\n<li><strong>Recife \u00e9 segura para turistas?<\/strong><\/li>\n\n\n\n<li>Em geral, sim, mas \u00e9 importante manter os cuidados de praxe em qualquer grande centro urbano.<\/li>\n\n\n\n<li><strong>Que eventos e festivais ocorrem anualmente em Recife?<\/strong><\/li>\n\n\n\n<li>H\u00e1 celebra\u00e7\u00f5es religiosas, gastron\u00f4micas ou art\u00edsticas ao longo do ano; consulte calend\u00e1rios oficiais para se programar.<\/li>\n<\/ul>\n\n\n\n<p>Explorar Recife \u00e9 uma oportunidade de mergulhar em uma cultura rica e diversificada. Com suas dicas pr\u00e1ticas e informa\u00e7\u00f5es \u00fateis, este artigo busca facilitar o planejamento de sua viagem, incentivando a descoberta de tudo o que a cidade tem a oferecer. N\u00e3o perca a chance de vivenciar essa experi\u00eancia \u00fanica e compartilhar suas aventuras com amigos e familiares.<\/p>\n","protected":false},"excerpt":{"rendered":"<p>Recife, a capital de Pernambuco, \u00e9 uma cidade rica em hist\u00f3ria, cultura e belezas naturais. Conhecida como a &#8220;Veneza Brasileira&#8221; devido aos seus in\u00fameros rios e pontes, a cidade oferece uma experi\u00eancia \u00fanica para os visitantes. Com uma mistura vibrante de tradi\u00e7\u00f5es antigas e modernidade, Recife se destaca como um destino tur\u00edstico fascinante no Brasil. [&hellip;]<\/p>\n","protected":false},"author":8,"featured_media":2719,"comment_status":"open","ping_status":"open","sticky":false,"template":"","format":"standard","meta":{"_yoast_wpseo_focuskw":"Recife","_yoast_wpseo_title":"","_yoast_wpseo_metadesc":"Um destino vibrante, onde hist\u00f3ria, cultura e belas praias se encontram, com um dos carnavais mais animados do Brasil.","jnews-multi-image_gallery":[],"jnews_single_post":{"format":"standard"},"jnews_primary_category":[],"jnews_social_meta":[],"jnews_override_counter":[],"footnotes":""},"categories":[108,169,111],"post_tag":[199,109,701],"class_list":["post-2658","post","type-post","status-publish","format-standard","has-post-thumbnail","hentry","category-cidades","category-noticias","category-turismo","tag-carnaval","tag-cidades","tag-recife"],"yoast_head":"<!-- This site is optimized with the Yoast SEO plugin v24.6 - https:\/\/yoast.com\/wordpress\/plugins\/seo\/ -->\n<title>Voc\u00ea sabe onde fica o melhor carnaval do Brasil? - Correio Braziliense - Radar<\/title>\n<meta name=\"description\" content=\"Um destino vibrante, onde hist\u00f3ria, cultura e belas praias se encontram, com um dos carnavais mais animados do Brasil.\" \/>\n<meta name=\"robots\" content=\"index, follow, max-snippet:-1, max-image-preview:large, max-video-preview:-1\" \/>\n<link rel=\"canonical\" href=\"https:\/\/www.correiobraziliense.com.br\/cbradar\/voce-sabe-onde-fica-o-melhor-carnaval-do-brasil\/\" \/>\n<meta property=\"og:locale\" content=\"pt_BR\" \/>\n<meta property=\"og:type\" content=\"article\" \/>\n<meta property=\"og:title\" content=\"Voc\u00ea sabe onde fica o melhor carnaval do Brasil? - Correio Braziliense - Radar\" \/>\n<meta property=\"og:description\" content=\"Um destino vibrante, onde hist\u00f3ria, cultura e belas praias se encontram, com um dos carnavais mais animados do Brasil.\" \/>\n<meta property=\"og:url\" content=\"https:\/\/www.correiobraziliense.com.br\/cbradar\/voce-sabe-onde-fica-o-melhor-carnaval-do-brasil\/\" \/>\n<meta property=\"og:site_name\" content=\"Correio Braziliense - Radar\" \/>\n<meta property=\"article:published_time\" content=\"2025-02-18T00:30:00+00:00\" \/>\n<meta property=\"og:image\" content=\"https:\/\/www.correiobraziliense.com.br\/cbradar\/wp-content\/uploads\/2025\/02\/Recife_1739518126378.jpg\" \/>\n\t<meta property=\"og:image:width\" content=\"1279\" \/>\n\t<meta property=\"og:image:height\" content=\"720\" \/>\n\t<meta property=\"og:image:type\" content=\"image\/jpeg\" \/>\n<meta name=\"author\" content=\"Maura Pereira\" \/>\n<meta name=\"twitter:card\" content=\"summary_large_image\" \/>\n<meta name=\"twitter:label1\" content=\"Escrito por\" \/>\n\t<meta name=\"twitter:data1\" content=\"Maura Pereira\" \/>\n\t<meta name=\"twitter:label2\" content=\"Est. tempo de leitura\" \/>\n\t<meta name=\"twitter:data2\" content=\"6 minutos\" \/>\n<!-- \/ Yoast SEO plugin. -->","yoast_head_json":{"title":"Voc\u00ea sabe onde fica o melhor carnaval do Brasil? - Correio Braziliense - Radar","description":"Um destino vibrante, onde hist\u00f3ria, cultura e belas praias se encontram, com um dos carnavais mais animados do Brasil.","robots":{"index":"index","follow":"follow","max-snippet":"max-snippet:-1","max-image-preview":"max-image-preview:large","max-video-preview":"max-video-preview:-1"},"canonical":"https:\/\/www.correiobraziliense.com.br\/cbradar\/voce-sabe-onde-fica-o-melhor-carnaval-do-brasil\/","og_locale":"pt_BR","og_type":"article","og_title":"Voc\u00ea sabe onde fica o melhor carnaval do Brasil? - Correio Braziliense - Radar","og_description":"Um destino vibrante, onde hist\u00f3ria, cultura e belas praias se encontram, com um dos carnavais mais animados do Brasil.","og_url":"https:\/\/www.correiobraziliense.com.br\/cbradar\/voce-sabe-onde-fica-o-melhor-carnaval-do-brasil\/","og_site_name":"Correio Braziliense - Radar","article_published_time":"2025-02-18T00:30:00+00:00","og_image":[{"width":1279,"height":720,"url":"https:\/\/www.correiobraziliense.com.br\/cbradar\/wp-content\/uploads\/2025\/02\/Recife_1739518126378.jpg","type":"image\/jpeg"}],"author":"Maura Pereira","twitter_card":"summary_large_image","twitter_misc":{"Escrito por":"Maura Pereira","Est. tempo de leitura":"6 minutos"},"schema":{"@context":"https:\/\/schema.org","@graph":[{"@type":"WebPage","@id":"https:\/\/www.correiobraziliense.com.br\/cbradar\/voce-sabe-onde-fica-o-melhor-carnaval-do-brasil\/","url":"https:\/\/www.correiobraziliense.com.br\/cbradar\/voce-sabe-onde-fica-o-melhor-carnaval-do-brasil\/","name":"Voc\u00ea sabe onde fica o melhor carnaval do Brasil? - Correio Braziliense - Radar","isPartOf":{"@id":"https:\/\/www.correiobraziliense.com.br\/cbradar\/#website"},"primaryImageOfPage":{"@id":"https:\/\/www.correiobraziliense.com.br\/cbradar\/voce-sabe-onde-fica-o-melhor-carnaval-do-brasil\/#primaryimage"},"image":{"@id":"https:\/\/www.correiobraziliense.com.br\/cbradar\/voce-sabe-onde-fica-o-melhor-carnaval-do-brasil\/#primaryimage"},"thumbnailUrl":"https:\/\/www.correiobraziliense.com.br\/cbradar\/wp-content\/uploads\/2025\/02\/Recife_1739518126378.jpg","datePublished":"2025-02-18T00:30:00+00:00","author":{"@id":"https:\/\/www.correiobraziliense.com.br\/cbradar\/#\/schema\/person\/4053c651a9bfc785afc6f4cbc9032fd3"},"description":"Um destino vibrante, onde hist\u00f3ria, cultura e belas praias se encontram, com um dos carnavais mais animados do Brasil.","breadcrumb":{"@id":"https:\/\/www.correiobraziliense.com.br\/cbradar\/voce-sabe-onde-fica-o-melhor-carnaval-do-brasil\/#breadcrumb"},"inLanguage":"pt-BR","potentialAction":[{"@type":"ReadAction","target":["https:\/\/www.correiobraziliense.com.br\/cbradar\/voce-sabe-onde-fica-o-melhor-carnaval-do-brasil\/"]}]},{"@type":"ImageObject","inLanguage":"pt-BR","@id":"https:\/\/www.correiobraziliense.com.br\/cbradar\/voce-sabe-onde-fica-o-melhor-carnaval-do-brasil\/#primaryimage","url":"https:\/\/www.correiobraziliense.com.br\/cbradar\/wp-content\/uploads\/2025\/02\/Recife_1739518126378.jpg","contentUrl":"https:\/\/www.correiobraziliense.com.br\/cbradar\/wp-content\/uploads\/2025\/02\/Recife_1739518126378.jpg","width":1279,"height":720,"caption":"Recife combina praias, hist\u00f3ria e inova\u00e7\u00e3o, sendo um dos polos tecnol\u00f3gicos do Nordeste. \/\/ Cr\u00e9ditos: depositphotos.com \/ gustavofrazao"},{"@type":"BreadcrumbList","@id":"https:\/\/www.correiobraziliense.com.br\/cbradar\/voce-sabe-onde-fica-o-melhor-carnaval-do-brasil\/#breadcrumb","itemListElement":[{"@type":"ListItem","position":1,"name":"In\u00edcio","item":"https:\/\/www.correiobraziliense.com.br\/cbradar\/"},{"@type":"ListItem","position":2,"name":"Voc\u00ea sabe onde fica o melhor carnaval do Brasil?"}]},{"@type":"WebSite","@id":"https:\/\/www.correiobraziliense.com.br\/cbradar\/#website","url":"https:\/\/www.correiobraziliense.com.br\/cbradar\/","name":"Correio Braziliense - Radar","description":"Acompanhe as \u00faltimas not\u00edcias e fique bem informado sobre tudo o que acontece no Brasil e no mundo.","potentialAction":[{"@type":"SearchAction","target":{"@type":"EntryPoint","urlTemplate":"https:\/\/www.correiobraziliense.com.br\/cbradar\/?s={search_term_string}"},"query-input":{"@type":"PropertyValueSpecification","valueRequired":true,"valueName":"search_term_string"}}],"inLanguage":"pt-BR"},{"@type":"Person","@id":"https:\/\/www.correiobraziliense.com.br\/cbradar\/#\/schema\/person\/4053c651a9bfc785afc6f4cbc9032fd3","name":"Maura Pereira","image":{"@type":"ImageObject","inLanguage":"pt-BR","@id":"https:\/\/www.correiobraziliense.com.br\/cbradar\/#\/schema\/person\/image\/","url":"https:\/\/secure.gravatar.com\/avatar\/3effd6bdadfa447f15089c7f7144eaa6?s=96&d=mm&r=g","contentUrl":"https:\/\/secure.gravatar.com\/avatar\/3effd6bdadfa447f15089c7f7144eaa6?s=96&d=mm&r=g","caption":"Maura Pereira"},"sameAs":["https:\/\/www.correiobraziliense.com.br\/"],"url":"https:\/\/www.correiobraziliense.com.br\/cbradar\/author\/mauramyth\/"}]}},"_links":{"self":[{"href":"https:\/\/www.correiobraziliense.com.br\/cbradar\/wp-json\/wp\/v2\/posts\/2658","targetHints":{"allow":["GET"]}}],"collection":[{"href":"https:\/\/www.correiobraziliense.com.br\/cbradar\/wp-json\/wp\/v2\/posts"}],"about":[{"href":"https:\/\/www.correiobraziliense.com.br\/cbradar\/wp-json\/wp\/v2\/types\/post"}],"author":[{"embeddable":true,"href":"https:\/\/www.correiobraziliense.com.br\/cbradar\/wp-json\/wp\/v2\/users\/8"}],"replies":[{"embeddable":true,"href":"https:\/\/www.correiobraziliense.com.br\/cbradar\/wp-json\/wp\/v2\/comments?post=2658"}],"version-history":[{"count":4,"href":"https:\/\/www.correiobraziliense.com.br\/cbradar\/wp-json\/wp\/v2\/posts\/2658\/revisions"}],"predecessor-version":[{"id":2723,"href":"https:\/\/www.correiobraziliense.com.br\/cbradar\/wp-json\/wp\/v2\/posts\/2658\/revisions\/2723"}],"wp:featuredmedia":[{"embeddable":true,"href":"https:\/\/www.correiobraziliense.com.br\/cbradar\/wp-json\/wp\/v2\/media\/2719"}],"wp:attachment":[{"href":"https:\/\/www.correiobraziliense.com.br\/cbradar\/wp-json\/wp\/v2\/media?parent=2658"}],"wp:term":[{"taxonomy":"category","embeddable":true,"href":"https:\/\/www.correiobraziliense.com.br\/cbradar\/wp-json\/wp\/v2\/categories?post=2658"},{"taxonomy":"post_tag","embeddable":true,"href":"https:\/\/www.correiobraziliense.com.br\/cbradar\/wp-json\/wp\/v2\/post_tag?post=2658"}],"curies":[{"name":"wp","href":"https:\/\/api.w.org\/{rel}","templated":true}]}}