{"id":2659,"date":"2025-02-17T18:30:00","date_gmt":"2025-02-17T21:30:00","guid":{"rendered":"https:\/\/www.correiobraziliense.com.br\/cbradar\/?p=2659"},"modified":"2025-02-15T03:03:19","modified_gmt":"2025-02-15T06:03:19","slug":"voce-deve-ir-visitar-a-dubai-brasileira-que-todos-falam","status":"publish","type":"post","link":"https:\/\/www.correiobraziliense.com.br\/cbradar\/voce-deve-ir-visitar-a-dubai-brasileira-que-todos-falam\/","title":{"rendered":"Voc\u00ea deveria ir visitar a &#8220;Dubai Brasileira&#8221; que todos falam"},"content":{"rendered":"\n<p><strong><a href=\"https:\/\/www.bc.sc.gov.br\/\" target=\"_blank\" rel=\"noreferrer noopener\">Balne\u00e1rio Cambori\u00fa<\/a><\/strong>, localizada no estado de <strong>Santa Catarina<\/strong>, \u00e9 um dos destinos tur\u00edsticos mais populares do<strong> <a href=\"https:\/\/www.correiobraziliense.com.br\/cbradar\/descubra-o-paraiso-tropical-de-dunas-e-praias-incriveis-no-brasil\/\" target=\"_blank\" rel=\"noreferrer noopener\">Brasil<\/a><\/strong>. Conhecida por suas praias deslumbrantes e vida noturna vibrante, a cidade atrai visitantes de todo o mundo. Este artigo oferece um guia completo sobre Balne\u00e1rio Cambori\u00fa, abordando desde sua hist\u00f3ria at\u00e9 dicas essenciais para aproveitar ao m\u00e1ximo sua visita.<\/p>\n\n\n\n<p>Com uma rica hist\u00f3ria e uma cultura vibrante, a cidade oferece uma variedade de atra\u00e7\u00f5es para todos os gostos. Seja explorando suas praias ic\u00f4nicas ou mergulhando em sua cena gastron\u00f4mica, h\u00e1 sempre algo novo para descobrir. Continue lendo para saber mais sobre o que torna esta cidade um destino imperd\u00edvel.<\/p>\n\n\n\n<h2 class=\"wp-block-heading\"><strong>Qual \u00e9 a hist\u00f3ria de Balne\u00e1rio Cambori\u00fa?<\/strong><\/h2>\n\n\n\n<p>A hist\u00f3ria de Balne\u00e1rio Cambori\u00fa remonta ao s\u00e9culo <strong>XIX<\/strong>, quando os primeiros colonos europeus chegaram \u00e0 regi\u00e3o. Originalmente habitada por ind\u00edgenas, a \u00e1rea come\u00e7ou a se desenvolver com a chegada de imigrantes a\u00e7orianos. Em <strong>1964<\/strong>, Balne\u00e1rio Cambori\u00fa foi oficialmente emancipada de Itaja\u00ed, marcando o in\u00edcio de seu crescimento como um destino tur\u00edstico.<\/p>\n\n\n\n<p>Ao longo das d\u00e9cadas, a cidade passou por diversas transforma\u00e7\u00f5es, especialmente com a constru\u00e7\u00e3o de arranha-c\u00e9us e a moderniza\u00e7\u00e3o de sua infraestrutura. Esses desenvolvimentos ajudaram a moldar a cidade como um dos principais polos tur\u00edsticos do Brasil, refletindo sua hist\u00f3ria nas ruas e na arquitetura moderna que hoje caracteriza a cidade.<\/p>\n\n\n<div class=\"wp-block-image\">\n<figure class=\"aligncenter size-large\"><img decoding=\"async\" width=\"1024\" height=\"576\" src=\"https:\/\/www.correiobraziliense.com.br\/cbradar\/wp-content\/uploads\/2025\/02\/Balneario-Camboriu_1739517826101-1024x576.jpg\" alt=\"Essa \u00e9 a &quot;Dubai Brasileira&quot; que todos falam\" class=\"wp-image-2710\" srcset=\"https:\/\/www.correiobraziliense.com.br\/cbradar\/wp-content\/uploads\/2025\/02\/Balneario-Camboriu_1739517826101-1024x576.jpg 1024w, https:\/\/www.correiobraziliense.com.br\/cbradar\/wp-content\/uploads\/2025\/02\/Balneario-Camboriu_1739517826101-300x169.jpg 300w, https:\/\/www.correiobraziliense.com.br\/cbradar\/wp-content\/uploads\/2025\/02\/Balneario-Camboriu_1739517826101-768x432.jpg 768w, https:\/\/www.correiobraziliense.com.br\/cbradar\/wp-content\/uploads\/2025\/02\/Balneario-Camboriu_1739517826101-750x422.jpg 750w, https:\/\/www.correiobraziliense.com.br\/cbradar\/wp-content\/uploads\/2025\/02\/Balneario-Camboriu_1739517826101-1140x641.jpg 1140w, https:\/\/www.correiobraziliense.com.br\/cbradar\/wp-content\/uploads\/2025\/02\/Balneario-Camboriu_1739517826101.jpg 1280w\" sizes=\"(max-width: 1024px) 100vw, 1024px\" \/><figcaption class=\"wp-element-caption\">Balne\u00e1rio Cambori\u00fa \/\/ Cr\u00e9ditos: depositphotos.com \/ diegograndi<\/figcaption><\/figure><\/div>\n\n\n<h2 class=\"wp-block-heading\"><strong>Quais s\u00e3o as curiosidades mais interessantes sobre BC?<\/strong><\/h2>\n\n\n\n<p>Balne\u00e1rio Cambori\u00fa \u00e9 frequentemente comparada ao <strong>Rio de Janeiro<\/strong> devido \u00e0 sua famosa est\u00e1tua do <strong>Cristo Luz<\/strong>, que se assemelha ao<strong> Cristo Redentor<\/strong>. Esta est\u00e1tua \u00e9 um dos s\u00edmbolos mais ic\u00f4nicos da cidade e oferece uma vista panor\u00e2mica espetacular. Al\u00e9m disso, a cidade \u00e9 conhecida por ter uma das maiores densidades de edif\u00edcios altos do Brasil, o que lhe confere um horizonte impressionante.<\/p>\n\n\n\n<p>Outro fato curioso \u00e9 que \u00e9 um dos poucos lugares no Brasil onde se pode encontrar praias urbanas de alta qualidade. A cidade tamb\u00e9m \u00e9 famosa por seus festivais culturais e eventos esportivos, que atraem visitantes durante todo o ano, contribuindo para sua identidade \u00fanica e vibrante.<\/p>\n\n\n\n<h2 class=\"wp-block-heading\"><strong>Quais s\u00e3o os principais pontos tur\u00edsticos de Balne\u00e1rio Cambori\u00fa?<\/strong><\/h2>\n\n\n\n<p>Entre os principais pontos tur\u00edsticos de Balne\u00e1rio Cambori\u00fa, destaca-se a <strong>Praia Central<\/strong>, conhecida por sua extensa faixa de areia e \u00e1guas cristalinas. O <strong>Parque Unipraias<\/strong> \u00e9 outra atra\u00e7\u00e3o imperd\u00edvel, oferecendo um passeio de telef\u00e9rico com vistas deslumbrantes da cidade e da<strong> Mata Atl\u00e2ntica<\/strong>. Para os amantes da natureza, a <strong>Praia das Laranjeiras<\/strong> \u00e9 um ref\u00fagio tranquilo, ideal para relaxar e desfrutar do sol.<\/p>\n\n\n\n<p>A melhor \u00e9poca para visitar essas atra\u00e7\u00f5es \u00e9 durante a primavera e o ver\u00e3o, quando o clima \u00e9 mais favor\u00e1vel para atividades ao ar livre. Durante esses meses, a cidade tamb\u00e9m oferece uma variedade de eventos culturais e festivais, proporcionando uma experi\u00eancia tur\u00edstica ainda mais rica e diversificada.<\/p>\n\n\n\n<h2 class=\"wp-block-heading\"><strong>Como \u00e9 o clima local e qual a melhor \u00e9poca para visitar?<\/strong><\/h2>\n\n\n\n<p>Balne\u00e1rio Cambori\u00fa possui um clima subtropical, com ver\u00f5es quentes e invernos amenos. As temperaturas m\u00e9dias variam entre 16\u202f\u00b0C no inverno e 30\u202f\u00b0C no ver\u00e3o. A cidade recebe chuvas ao longo do ano, mas os meses de ver\u00e3o tendem a ser mais secos, tornando-os ideais para atividades ao ar livre.<\/p>\n\n\n\n<p>Para aproveitar ao m\u00e1ximo sua visita, \u00e9 recomend\u00e1vel planejar a viagem entre dezembro e mar\u00e7o, quando o clima \u00e9 mais est\u00e1vel e as praias est\u00e3o em sua melhor forma. Durante essa \u00e9poca, \u00e9 importante levar roupas leves e protetor solar para garantir conforto e seguran\u00e7a sob o sol.<\/p>\n\n\n\n<h2 class=\"wp-block-heading\"><strong>O que fazer em Balne\u00e1rio Cambori\u00fa al\u00e9m dos pontos tur\u00edsticos?<\/strong><\/h2>\n\n\n\n<p>Al\u00e9m dos pontos tur\u00edsticos tradicionais, Balne\u00e1rio Cambori\u00fa oferece uma variedade de experi\u00eancias locais aut\u00eanticas. Visitar o <strong>Mercado P\u00fablico<\/strong> \u00e9 uma excelente maneira de conhecer a culin\u00e1ria local e interagir com os moradores. Experimente pratos t\u00edpicos como o camar\u00e3o na moranga e o pir\u00e3o de peixe, que s\u00e3o especialidades da regi\u00e3o.<\/p>\n\n\n\n<p>Para hospedagem, a cidade oferece op\u00e7\u00f5es para todos os or\u00e7amentos, desde hot\u00e9is de luxo at\u00e9 hostels e pousadas aconchegantes. O transporte p\u00fablico \u00e9 eficiente, mas alugar uma bicicleta pode ser uma maneira divertida e pr\u00e1tica de explorar a cidade e suas belas paisagens.<\/p>\n\n\n\n<h2 class=\"wp-block-heading\"><strong>Dicas essenciais<\/strong><\/h2>\n\n\n\n<p>Ao visitar Balne\u00e1rio Cambori\u00fa, \u00e9 importante estar atento \u00e0 seguran\u00e7a, especialmente em \u00e1reas movimentadas. Mantenha seus pertences pessoais seguros e evite exibi-los em p\u00fablico. O transporte p\u00fablico \u00e9 uma op\u00e7\u00e3o conveniente e econ\u00f4mica para se locomover pela cidade.<\/p>\n\n\n\n<p>Para economizar, considere visitar a cidade fora da alta temporada, quando os pre\u00e7os de hospedagem e passagens a\u00e9reas s\u00e3o mais baixos. Fique atento a poss\u00edveis &#8220;pegadinhas&#8221; tur\u00edsticas, como pre\u00e7os inflacionados em \u00e1reas muito tur\u00edsticas, e sempre pesquise antes de fazer compras ou reservas.<\/p>\n\n\n\n<h2 class=\"wp-block-heading\">Perguntas Frequentes (FAQ)<\/h2>\n\n\n\n<p><strong>Qual \u00e9 a melhor \u00e9poca do ano para visitar Balne\u00e1rio Cambori\u00fa?<\/strong> Geralmente, depende do clima e dos eventos locais, como festivais ou feriados.<\/p>\n\n\n\n<p><strong>Quais pratos t\u00edpicos devem ser experimentados?<\/strong> Busque restaurantes tradicionais para provar a culin\u00e1ria local.<\/p>\n\n\n\n<p><strong>Quais s\u00e3o as melhores op\u00e7\u00f5es de transporte na cidade?<\/strong> Use \u00f4nibus, t\u00e1xis, aplicativos ou aluguel de bicicletas, dependendo da infraestrutura de Balne\u00e1rio Cambori\u00fa.<\/p>\n\n\n\n<p><strong>Balne\u00e1rio Cambori\u00fa \u00e9 segura para turistas?<\/strong> Em geral, sim, mas \u00e9 importante manter os cuidados de praxe em qualquer grande centro urbano.<\/p>\n\n\n\n<p><strong>Que eventos e festivais ocorrem anualmente em Balne\u00e1rio Cambori\u00fa?<\/strong> H\u00e1 celebra\u00e7\u00f5es religiosas, gastron\u00f4micas ou art\u00edsticas ao longo do ano; consulte calend\u00e1rios oficiais para se programar.<\/p>\n\n\n\n<p>Explorar Balne\u00e1rio Cambori\u00fa \u00e9 uma experi\u00eancia enriquecedora, cheia de descobertas e aventuras. Com suas praias deslumbrantes, rica hist\u00f3ria e cultura vibrante, a cidade oferece algo para todos os gostos. Planeje sua visita e descubra tudo o que Balne\u00e1rio Cambori\u00fa tem a oferecer, compartilhando suas experi\u00eancias com amigos e familiares.<\/p>\n","protected":false},"excerpt":{"rendered":"<p>Balne\u00e1rio Cambori\u00fa, localizada no estado de Santa Catarina, \u00e9 um dos destinos tur\u00edsticos mais populares do Brasil. Conhecida por suas praias deslumbrantes e vida noturna vibrante, a cidade atrai visitantes de todo o mundo. Este artigo oferece um guia completo sobre Balne\u00e1rio Cambori\u00fa, abordando desde sua hist\u00f3ria at\u00e9 dicas essenciais para aproveitar ao m\u00e1ximo sua [&hellip;]<\/p>\n","protected":false},"author":8,"featured_media":2709,"comment_status":"open","ping_status":"open","sticky":false,"template":"","format":"standard","meta":{"_yoast_wpseo_focuskw":"Balne\u00e1rio Cambori\u00fa","_yoast_wpseo_title":"","_yoast_wpseo_metadesc":"Um destino badalado, com arranha-c\u00e9us \u00e0 beira-mar, praias deslumbrantes e uma vida noturna agitada que atrai turistas o ano todo.","jnews-multi-image_gallery":[],"jnews_single_post":{"format":"standard"},"jnews_primary_category":[],"jnews_social_meta":[],"jnews_override_counter":[],"footnotes":""},"categories":[108,169,111],"tags":[700,109,315],"class_list":["post-2659","post","type-post","status-publish","format-standard","has-post-thumbnail","hentry","category-cidades","category-noticias","category-turismo","tag-balneario-camboriu","tag-cidades","tag-turismo"],"yoast_head":"<!-- This site is optimized with the Yoast SEO plugin v24.6 - https:\/\/yoast.com\/wordpress\/plugins\/seo\/ -->\n<title>Voc\u00ea deveria ir visitar a &quot;Dubai Brasileira&quot; que todos falam - Correio Braziliense - Radar<\/title>\n<meta name=\"description\" content=\"Um destino badalado, com arranha-c\u00e9us \u00e0 beira-mar, praias deslumbrantes e uma vida noturna agitada que atrai turistas o ano todo.\" \/>\n<meta name=\"robots\" content=\"index, follow, max-snippet:-1, max-image-preview:large, max-video-preview:-1\" \/>\n<link rel=\"canonical\" href=\"https:\/\/www.correiobraziliense.com.br\/cbradar\/voce-deve-ir-visitar-a-dubai-brasileira-que-todos-falam\/\" \/>\n<meta property=\"og:locale\" content=\"pt_BR\" \/>\n<meta property=\"og:type\" content=\"article\" \/>\n<meta property=\"og:title\" content=\"Voc\u00ea deveria ir visitar a &quot;Dubai Brasileira&quot; que todos falam - Correio Braziliense - Radar\" \/>\n<meta property=\"og:description\" content=\"Um destino badalado, com arranha-c\u00e9us \u00e0 beira-mar, praias deslumbrantes e uma vida noturna agitada que atrai turistas o ano todo.\" \/>\n<meta property=\"og:url\" content=\"https:\/\/www.correiobraziliense.com.br\/cbradar\/voce-deve-ir-visitar-a-dubai-brasileira-que-todos-falam\/\" \/>\n<meta property=\"og:site_name\" content=\"Correio Braziliense - Radar\" \/>\n<meta property=\"article:published_time\" content=\"2025-02-17T21:30:00+00:00\" \/>\n<meta property=\"og:image\" content=\"https:\/\/www.correiobraziliense.com.br\/cbradar\/wp-content\/uploads\/2025\/02\/Balneario-Camboriu_1739517788752.jpg\" \/>\n\t<meta property=\"og:image:width\" content=\"1280\" \/>\n\t<meta property=\"og:image:height\" content=\"720\" \/>\n\t<meta property=\"og:image:type\" content=\"image\/jpeg\" \/>\n<meta name=\"author\" content=\"Maura Pereira\" \/>\n<meta name=\"twitter:card\" content=\"summary_large_image\" \/>\n<meta name=\"twitter:label1\" content=\"Escrito por\" \/>\n\t<meta name=\"twitter:data1\" content=\"Maura Pereira\" \/>\n\t<meta name=\"twitter:label2\" content=\"Est. tempo de leitura\" \/>\n\t<meta name=\"twitter:data2\" content=\"6 minutos\" \/>\n<!-- \/ Yoast SEO plugin. -->","yoast_head_json":{"title":"Voc\u00ea deveria ir visitar a \"Dubai Brasileira\" que todos falam - Correio Braziliense - Radar","description":"Um destino badalado, com arranha-c\u00e9us \u00e0 beira-mar, praias deslumbrantes e uma vida noturna agitada que atrai turistas o ano todo.","robots":{"index":"index","follow":"follow","max-snippet":"max-snippet:-1","max-image-preview":"max-image-preview:large","max-video-preview":"max-video-preview:-1"},"canonical":"https:\/\/www.correiobraziliense.com.br\/cbradar\/voce-deve-ir-visitar-a-dubai-brasileira-que-todos-falam\/","og_locale":"pt_BR","og_type":"article","og_title":"Voc\u00ea deveria ir visitar a \"Dubai Brasileira\" que todos falam - Correio Braziliense - Radar","og_description":"Um destino badalado, com arranha-c\u00e9us \u00e0 beira-mar, praias deslumbrantes e uma vida noturna agitada que atrai turistas o ano todo.","og_url":"https:\/\/www.correiobraziliense.com.br\/cbradar\/voce-deve-ir-visitar-a-dubai-brasileira-que-todos-falam\/","og_site_name":"Correio Braziliense - Radar","article_published_time":"2025-02-17T21:30:00+00:00","og_image":[{"width":1280,"height":720,"url":"https:\/\/www.correiobraziliense.com.br\/cbradar\/wp-content\/uploads\/2025\/02\/Balneario-Camboriu_1739517788752.jpg","type":"image\/jpeg"}],"author":"Maura Pereira","twitter_card":"summary_large_image","twitter_misc":{"Escrito por":"Maura Pereira","Est. tempo de leitura":"6 minutos"},"schema":{"@context":"https:\/\/schema.org","@graph":[{"@type":"WebPage","@id":"https:\/\/www.correiobraziliense.com.br\/cbradar\/voce-deve-ir-visitar-a-dubai-brasileira-que-todos-falam\/","url":"https:\/\/www.correiobraziliense.com.br\/cbradar\/voce-deve-ir-visitar-a-dubai-brasileira-que-todos-falam\/","name":"Voc\u00ea deveria ir visitar a \"Dubai Brasileira\" que todos falam - Correio Braziliense - Radar","isPartOf":{"@id":"https:\/\/www.correiobraziliense.com.br\/cbradar\/#website"},"primaryImageOfPage":{"@id":"https:\/\/www.correiobraziliense.com.br\/cbradar\/voce-deve-ir-visitar-a-dubai-brasileira-que-todos-falam\/#primaryimage"},"image":{"@id":"https:\/\/www.correiobraziliense.com.br\/cbradar\/voce-deve-ir-visitar-a-dubai-brasileira-que-todos-falam\/#primaryimage"},"thumbnailUrl":"https:\/\/www.correiobraziliense.com.br\/cbradar\/wp-content\/uploads\/2025\/02\/Balneario-Camboriu_1739517788752.jpg","datePublished":"2025-02-17T21:30:00+00:00","author":{"@id":"https:\/\/www.correiobraziliense.com.br\/cbradar\/#\/schema\/person\/4053c651a9bfc785afc6f4cbc9032fd3"},"description":"Um destino badalado, com arranha-c\u00e9us \u00e0 beira-mar, praias deslumbrantes e uma vida noturna agitada que atrai turistas o ano todo.","breadcrumb":{"@id":"https:\/\/www.correiobraziliense.com.br\/cbradar\/voce-deve-ir-visitar-a-dubai-brasileira-que-todos-falam\/#breadcrumb"},"inLanguage":"pt-BR","potentialAction":[{"@type":"ReadAction","target":["https:\/\/www.correiobraziliense.com.br\/cbradar\/voce-deve-ir-visitar-a-dubai-brasileira-que-todos-falam\/"]}]},{"@type":"ImageObject","inLanguage":"pt-BR","@id":"https:\/\/www.correiobraziliense.com.br\/cbradar\/voce-deve-ir-visitar-a-dubai-brasileira-que-todos-falam\/#primaryimage","url":"https:\/\/www.correiobraziliense.com.br\/cbradar\/wp-content\/uploads\/2025\/02\/Balneario-Camboriu_1739517788752.jpg","contentUrl":"https:\/\/www.correiobraziliense.com.br\/cbradar\/wp-content\/uploads\/2025\/02\/Balneario-Camboriu_1739517788752.jpg","width":1280,"height":720,"caption":"Com mar azul e energia vibrante, Balne\u00e1rio Cambori\u00fa inspira quem busca viver com qualidade e estilo. \/\/ Cr\u00e9ditos: depositphotos.com \/ diegograndi"},{"@type":"BreadcrumbList","@id":"https:\/\/www.correiobraziliense.com.br\/cbradar\/voce-deve-ir-visitar-a-dubai-brasileira-que-todos-falam\/#breadcrumb","itemListElement":[{"@type":"ListItem","position":1,"name":"In\u00edcio","item":"https:\/\/www.correiobraziliense.com.br\/cbradar\/"},{"@type":"ListItem","position":2,"name":"Voc\u00ea deveria ir visitar a &#8220;Dubai Brasileira&#8221; que todos falam"}]},{"@type":"WebSite","@id":"https:\/\/www.correiobraziliense.com.br\/cbradar\/#website","url":"https:\/\/www.correiobraziliense.com.br\/cbradar\/","name":"Correio Braziliense - Radar","description":"Acompanhe as \u00faltimas not\u00edcias e fique bem informado sobre tudo o que acontece no Brasil e no mundo.","potentialAction":[{"@type":"SearchAction","target":{"@type":"EntryPoint","urlTemplate":"https:\/\/www.correiobraziliense.com.br\/cbradar\/?s={search_term_string}"},"query-input":{"@type":"PropertyValueSpecification","valueRequired":true,"valueName":"search_term_string"}}],"inLanguage":"pt-BR"},{"@type":"Person","@id":"https:\/\/www.correiobraziliense.com.br\/cbradar\/#\/schema\/person\/4053c651a9bfc785afc6f4cbc9032fd3","name":"Maura Pereira","image":{"@type":"ImageObject","inLanguage":"pt-BR","@id":"https:\/\/www.correiobraziliense.com.br\/cbradar\/#\/schema\/person\/image\/","url":"https:\/\/secure.gravatar.com\/avatar\/3effd6bdadfa447f15089c7f7144eaa6?s=96&d=mm&r=g","contentUrl":"https:\/\/secure.gravatar.com\/avatar\/3effd6bdadfa447f15089c7f7144eaa6?s=96&d=mm&r=g","caption":"Maura Pereira"},"sameAs":["https:\/\/www.correiobraziliense.com.br\/"],"url":"https:\/\/www.correiobraziliense.com.br\/cbradar\/author\/mauramyth\/"}]}},"_links":{"self":[{"href":"https:\/\/www.correiobraziliense.com.br\/cbradar\/wp-json\/wp\/v2\/posts\/2659","targetHints":{"allow":["GET"]}}],"collection":[{"href":"https:\/\/www.correiobraziliense.com.br\/cbradar\/wp-json\/wp\/v2\/posts"}],"about":[{"href":"https:\/\/www.correiobraziliense.com.br\/cbradar\/wp-json\/wp\/v2\/types\/post"}],"author":[{"embeddable":true,"href":"https:\/\/www.correiobraziliense.com.br\/cbradar\/wp-json\/wp\/v2\/users\/8"}],"replies":[{"embeddable":true,"href":"https:\/\/www.correiobraziliense.com.br\/cbradar\/wp-json\/wp\/v2\/comments?post=2659"}],"version-history":[{"count":17,"href":"https:\/\/www.correiobraziliense.com.br\/cbradar\/wp-json\/wp\/v2\/posts\/2659\/revisions"}],"predecessor-version":[{"id":3312,"href":"https:\/\/www.correiobraziliense.com.br\/cbradar\/wp-json\/wp\/v2\/posts\/2659\/revisions\/3312"}],"wp:featuredmedia":[{"embeddable":true,"href":"https:\/\/www.correiobraziliense.com.br\/cbradar\/wp-json\/wp\/v2\/media\/2709"}],"wp:attachment":[{"href":"https:\/\/www.correiobraziliense.com.br\/cbradar\/wp-json\/wp\/v2\/media?parent=2659"}],"wp:term":[{"taxonomy":"category","embeddable":true,"href":"https:\/\/www.correiobraziliense.com.br\/cbradar\/wp-json\/wp\/v2\/categories?post=2659"},{"taxonomy":"post_tag","embeddable":true,"href":"https:\/\/www.correiobraziliense.com.br\/cbradar\/wp-json\/wp\/v2\/tags?post=2659"}],"curies":[{"name":"wp","href":"https:\/\/api.w.org\/{rel}","templated":true}]}}