{"id":2660,"date":"2025-02-17T17:50:00","date_gmt":"2025-02-17T20:50:00","guid":{"rendered":"https:\/\/www.correiobraziliense.com.br\/cbradar\/?p=2660"},"modified":"2025-02-14T06:35:23","modified_gmt":"2025-02-14T09:35:23","slug":"conheca-os-segredos-do-verdadeiro-caribe-brasileiro","status":"publish","type":"post","link":"https:\/\/www.correiobraziliense.com.br\/cbradar\/conheca-os-segredos-do-verdadeiro-caribe-brasileiro\/","title":{"rendered":"Conhe\u00e7a os segredos do verdadeiro caribe brasileiro"},"content":{"rendered":"\n<p><strong><a href=\"https:\/\/www.noronha.pe.gov.br\/\" target=\"_blank\" rel=\"noreferrer noopener\">Fernando de Noronha<\/a><\/strong> \u00e9 um destino que desperta fasc\u00ednio em viajantes do <strong><a href=\"https:\/\/www.correiobraziliense.com.br\/cbradar\/descubra-o-paraiso-tropical-de-dunas-e-praias-incriveis-no-brasil\/\" target=\"_blank\" rel=\"noreferrer noopener\">Brasil<\/a><\/strong> e mundo todo. Com suas praias paradis\u00edacas e rica biodiversidade, o arquip\u00e9lago \u00e9 um verdadeiro tesouro brasileiro. Este artigo visa esclarecer d\u00favidas comuns sobre o local, abordando desde aspectos hist\u00f3ricos at\u00e9 dicas pr\u00e1ticas para quem planeja visitar. Continue lendo para descobrir tudo o que<strong> <\/strong>Fernando de Noronha<strong> <\/strong>tem a oferecer.<\/p>\n\n\n\n<h2 class=\"wp-block-heading\"><strong>Qual \u00e9 a hist\u00f3ria de Fernando de Noronha?<\/strong><\/h2>\n\n\n\n<p>A hist\u00f3ria de Fernando de Noronha remonta ao s\u00e9culo<strong> XVI<\/strong>, quando o arquip\u00e9lago foi descoberto por navegadores europeus. Em <strong>1503<\/strong>, a expedi\u00e7\u00e3o comandada por <strong>Am\u00e9rico Vesp\u00facio<\/strong> chegou \u00e0 ilha, que foi nomeada em homenagem ao financiador da viagem,<strong> Fern\u00e3o de Loronha<\/strong>. Ao longo dos anos, o arquip\u00e9lago passou por diversas ocupa\u00e7\u00f5es, incluindo holandeses e franceses, at\u00e9 ser definitivamente incorporado ao territ\u00f3rio brasileiro.<\/p>\n\n\n\n<p>Momentos cruciais da hist\u00f3ria de Fernando de Noronha incluem sua utiliza\u00e7\u00e3o como pres\u00eddio e base militar durante a <strong>Segunda Guerra Mundial<\/strong>. Hoje, a influ\u00eancia desses per\u00edodos \u00e9 vis\u00edvel nas ru\u00ednas e estruturas hist\u00f3ricas espalhadas pela ilha. A preserva\u00e7\u00e3o desse patrim\u00f4nio \u00e9 fundamental para entender a evolu\u00e7\u00e3o do arquip\u00e9lago e sua import\u00e2ncia estrat\u00e9gica ao longo dos s\u00e9culos.<\/p>\n\n\n<div class=\"wp-block-image\">\n<figure class=\"aligncenter size-large\"><img decoding=\"async\" width=\"1024\" height=\"576\" src=\"https:\/\/www.correiobraziliense.com.br\/cbradar\/wp-content\/uploads\/2025\/02\/Fernando-de-Noronha_1739517635155-1024x576.jpg\" alt=\"Conhe\u00e7a os segredos do verdadeiro caribe brasileiro\" class=\"wp-image-2707\" srcset=\"https:\/\/www.correiobraziliense.com.br\/cbradar\/wp-content\/uploads\/2025\/02\/Fernando-de-Noronha_1739517635155-1024x576.jpg 1024w, https:\/\/www.correiobraziliense.com.br\/cbradar\/wp-content\/uploads\/2025\/02\/Fernando-de-Noronha_1739517635155-300x169.jpg 300w, https:\/\/www.correiobraziliense.com.br\/cbradar\/wp-content\/uploads\/2025\/02\/Fernando-de-Noronha_1739517635155-768x432.jpg 768w, https:\/\/www.correiobraziliense.com.br\/cbradar\/wp-content\/uploads\/2025\/02\/Fernando-de-Noronha_1739517635155-750x422.jpg 750w, https:\/\/www.correiobraziliense.com.br\/cbradar\/wp-content\/uploads\/2025\/02\/Fernando-de-Noronha_1739517635155-1140x641.jpg 1140w, https:\/\/www.correiobraziliense.com.br\/cbradar\/wp-content\/uploads\/2025\/02\/Fernando-de-Noronha_1739517635155.jpg 1280w\" sizes=\"(max-width: 1024px) 100vw, 1024px\" \/><figcaption class=\"wp-element-caption\">Fernando de Noronha \/\/ Cr\u00e9ditos: depositphotos.com \/ nachosuch<\/figcaption><\/figure><\/div>\n\n\n<h2 class=\"wp-block-heading\"><strong>Quais s\u00e3o as curiosidades mais interessantes sobre a cidade?<\/strong><\/h2>\n\n\n\n<p>Fernando de Noronha \u00e9 repleto de curiosidades que encantam seus visitantes. Uma delas \u00e9 a presen\u00e7a de golfinhos-rotadores, que podem ser avistados em grande n\u00famero na<strong> Ba\u00eda dos Golfinhos<\/strong>. A ilha tamb\u00e9m \u00e9 famosa por suas lendas, como a do <strong>&#8220;Fantasma do Forte&#8221;<\/strong>, que teria sido avistado por antigos moradores. Essas hist\u00f3rias contribuem para o misticismo e a aura especial do local.<\/p>\n\n\n\n<p>O arquip\u00e9lago possui s\u00edmbolos oficiais, como sua bandeira e bras\u00e3o, que refletem a identidade \u00fanica de Fernando de Noronha. A bandeira, por exemplo, destaca elementos naturais e hist\u00f3ricos, refor\u00e7ando o orgulho dos habitantes por sua rica heran\u00e7a cultural. Esses s\u00edmbolos s\u00e3o uma parte importante da identidade local e ajudam a preservar a mem\u00f3ria e as tradi\u00e7\u00f5es da ilha.<\/p>\n\n\n\n<h2 class=\"wp-block-heading\"><strong>Quais s\u00e3o os principais pontos tur\u00edsticos de Fernando de Noronha?<\/strong><\/h2>\n\n\n\n<p>Entre os principais pontos tur\u00edsticos de Fernando de Noronha, destacam-se a <strong>Praia do Sancho<\/strong>, frequentemente eleita uma das mais belas do mundo, e a<strong> Ba\u00eda dos Porcos<\/strong>, com suas piscinas naturais de \u00e1guas cristalinas. O<strong> Forte dos Rem\u00e9dios<\/strong> \u00e9 outro local imperd\u00edvel, oferecendo uma vista panor\u00e2mica deslumbrante do arquip\u00e9lago. \u00c9 importante verificar os hor\u00e1rios de visita\u00e7\u00e3o e poss\u00edveis taxas de entrada para aproveitar ao m\u00e1ximo cada atra\u00e7\u00e3o.<\/p>\n\n\n\n<p>A melhor \u00e9poca para visitar esses locais \u00e9 durante a esta\u00e7\u00e3o seca, que vai de agosto a fevereiro, quando as condi\u00e7\u00f5es clim\u00e1ticas s\u00e3o ideais para atividades ao ar livre. Durante esse per\u00edodo, \u00e9 poss\u00edvel explorar trilhas e realizar mergulhos com maior tranquilidade. Al\u00e9m disso, eventos especiais, como festivais culturais, podem enriquecer ainda mais a experi\u00eancia tur\u00edstica na ilha.<\/p>\n\n\n\n<h2 class=\"wp-block-heading\"><strong>Como \u00e9 o clima local e qual a melhor \u00e9poca para visitar?<\/strong><\/h2>\n\n\n\n<p>Fernando de Noronha possui um clima tropical, com duas esta\u00e7\u00f5es bem definidas: a seca, de agosto a fevereiro, e a chuvosa, de mar\u00e7o a julho. As temperaturas m\u00e9dias variam entre 25\u202f\u00b0C e 30\u202f\u00b0C ao longo do ano, tornando o arquip\u00e9lago um destino agrad\u00e1vel em qualquer \u00e9poca. No entanto, \u00e9 importante estar ciente de que as chuvas podem ser intensas durante a esta\u00e7\u00e3o \u00famida.<\/p>\n\n\n\n<p>Visitar Fernando de Noronha na esta\u00e7\u00e3o seca oferece vantagens como menor probabilidade de chuvas e \u00e1guas mais claras para mergulho. Durante essa \u00e9poca, \u00e9 recomend\u00e1vel levar roupas leves, protetor solar e equipamentos de mergulho para aproveitar ao m\u00e1ximo as atividades ao ar livre. J\u00e1 na esta\u00e7\u00e3o chuvosa, \u00e9 importante estar preparado para mudan\u00e7as clim\u00e1ticas repentinas e aproveitar as atra\u00e7\u00f5es internas da ilha.<\/p>\n\n\n\n<h2 class=\"wp-block-heading\"><strong>O que fazer em Fernando de Noronha al\u00e9m dos pontos tur\u00edsticos?<\/strong><\/h2>\n\n\n\n<p>Al\u00e9m dos pontos tur\u00edsticos tradicionais, Fernando de Noronha oferece experi\u00eancias aut\u00eanticas, como visitar feiras locais e explorar bairros hist\u00f3ricos. A gastronomia da ilha \u00e9 outro destaque, com pratos t\u00edpicos que incluem peixes frescos e frutos-do-mar. Restaurantes locais oferecem uma oportunidade \u00fanica de saborear a culin\u00e1ria regional e vivenciar a cultura noronhense.<\/p>\n\n\n\n<p>Para hospedagem, h\u00e1 op\u00e7\u00f5es que v\u00e3o desde pousadas aconchegantes at\u00e9 hot\u00e9is de luxo, atendendo a diferentes perfis de viajantes. O transporte na ilha pode ser feito por meio de \u00f4nibus, t\u00e1xis ou aluguel de bicicletas, permitindo explorar Fernando de Noronha de forma pr\u00e1tica e econ\u00f4mica. Essas op\u00e7\u00f5es garantem que os visitantes possam desfrutar de tudo o que a ilha tem a oferecer com conforto e conveni\u00eancia.<\/p>\n\n\n\n<h2 class=\"wp-block-heading\"><strong>Dicas essenciais <\/strong><\/h2>\n\n\n\n<p>Ao visitar Fernando de Noronha, \u00e9 importante seguir algumas orienta\u00e7\u00f5es de seguran\u00e7a, como manter pertences pessoais sempre \u00e0 vista e respeitar as normas de preserva\u00e7\u00e3o ambiental. O transporte p\u00fablico \u00e9 eficiente e oferece uma maneira econ\u00f4mica de se locomover pela ilha, com tarifas acess\u00edveis e hor\u00e1rios regulares.<\/p>\n\n\n\n<p>Para economizar durante a viagem, considere visitar a ilha fora da alta temporada e buscar cupons de desconto em atra\u00e7\u00f5es locais. Esteja atento a poss\u00edveis &#8220;pegadinhas&#8221; tur\u00edsticas, como pre\u00e7os inflacionados em \u00e1reas muito movimentadas, e planeje suas atividades com anteced\u00eancia para evitar surpresas desagrad\u00e1veis.<\/p>\n\n\n\n<h2 class=\"wp-block-heading\"><strong>Perguntas Frequentes (FAQ)<\/strong><\/h2>\n\n\n\n<p><strong>Qual \u00e9 a melhor \u00e9poca do ano para visitar Fernando de Noronha?<\/strong> Geralmente, a melhor \u00e9poca \u00e9 durante a esta\u00e7\u00e3o seca, de agosto a fevereiro, quando o clima \u00e9 mais favor\u00e1vel.<\/p>\n\n\n\n<p><strong>Quais pratos t\u00edpicos devem ser experimentados?<\/strong> Busque restaurantes tradicionais para provar a culin\u00e1ria local, como peixes frescos e frutos do mar.<\/p>\n\n\n\n<p><strong>Quais s\u00e3o as melhores op\u00e7\u00f5es de transporte na cidade?<\/strong> Use \u00f4nibus, t\u00e1xis, aplicativos ou aluguel de bicicletas, dependendo da infraestrutura da ilha.<\/p>\n\n\n\n<p><strong>Fernando de Noronha \u00e9 segura para turistas?<\/strong> Em geral, sim, mas \u00e9 importante manter os cuidados de praxe em qualquer grande centro urbano.<\/p>\n\n\n\n<p><strong>Que eventos e festivais ocorrem anualmente em Fernando de Noronha?<\/strong> H\u00e1 celebra\u00e7\u00f5es religiosas, gastron\u00f4micas ou art\u00edsticas ao longo do ano; consulte calend\u00e1rios oficiais para se programar.<\/p>\n\n\n\n<p>Fernando de Noronha \u00e9 um destino que oferece uma combina\u00e7\u00e3o \u00fanica de beleza natural, hist\u00f3ria rica e cultura vibrante. Com as dicas e informa\u00e7\u00f5es apresentadas neste artigo, os visitantes podem planejar uma viagem inesquec\u00edvel e aproveitar ao m\u00e1ximo tudo o que o arquip\u00e9lago tem a oferecer. N\u00e3o perca a oportunidade de explorar este para\u00edso brasileiro e compartilhar suas experi\u00eancias com amigos e familiares.<\/p>\n","protected":false},"excerpt":{"rendered":"<p>Fernando de Noronha \u00e9 um destino que desperta fasc\u00ednio em viajantes do Brasil e mundo todo. Com suas praias paradis\u00edacas e rica biodiversidade, o arquip\u00e9lago \u00e9 um verdadeiro tesouro brasileiro. Este artigo visa esclarecer d\u00favidas comuns sobre o local, abordando desde aspectos hist\u00f3ricos at\u00e9 dicas pr\u00e1ticas para quem planeja visitar. Continue lendo para descobrir tudo [&hellip;]<\/p>\n","protected":false},"author":8,"featured_media":2706,"comment_status":"open","ping_status":"open","sticky":false,"template":"","format":"standard","meta":{"_yoast_wpseo_focuskw":"Fernando de Noronha","_yoast_wpseo_title":"","_yoast_wpseo_metadesc":"Um para\u00edso isolado no Atl\u00e2ntico, com praias intocadas, \u00e1guas cristalinas e uma biodiversidade \u00fanica, perfeito para aventura e tranquilidade.","jnews-multi-image_gallery":[],"jnews_single_post":{"format":"standard"},"jnews_primary_category":[],"jnews_social_meta":[],"jnews_override_counter":[],"footnotes":""},"categories":[108,169,111],"tags":[109,699,315],"class_list":["post-2660","post","type-post","status-publish","format-standard","has-post-thumbnail","hentry","category-cidades","category-noticias","category-turismo","tag-cidades","tag-fernando-de-noronha","tag-turismo"],"yoast_head":"<!-- This site is optimized with the Yoast SEO plugin v24.6 - https:\/\/yoast.com\/wordpress\/plugins\/seo\/ -->\n<title>Conhe\u00e7a os segredos do verdadeiro caribe brasileiro - Correio Braziliense - Radar<\/title>\n<meta name=\"description\" content=\"Um para\u00edso isolado no Atl\u00e2ntico, com praias intocadas, \u00e1guas cristalinas e uma biodiversidade \u00fanica, perfeito para aventura e tranquilidade.\" \/>\n<meta name=\"robots\" content=\"index, follow, max-snippet:-1, max-image-preview:large, max-video-preview:-1\" \/>\n<link rel=\"canonical\" href=\"https:\/\/www.correiobraziliense.com.br\/cbradar\/conheca-os-segredos-do-verdadeiro-caribe-brasileiro\/\" \/>\n<meta property=\"og:locale\" content=\"pt_BR\" \/>\n<meta property=\"og:type\" content=\"article\" \/>\n<meta property=\"og:title\" content=\"Conhe\u00e7a os segredos do verdadeiro caribe brasileiro - Correio Braziliense - Radar\" \/>\n<meta property=\"og:description\" content=\"Um para\u00edso isolado no Atl\u00e2ntico, com praias intocadas, \u00e1guas cristalinas e uma biodiversidade \u00fanica, perfeito para aventura e tranquilidade.\" \/>\n<meta property=\"og:url\" content=\"https:\/\/www.correiobraziliense.com.br\/cbradar\/conheca-os-segredos-do-verdadeiro-caribe-brasileiro\/\" \/>\n<meta property=\"og:site_name\" content=\"Correio Braziliense - Radar\" \/>\n<meta property=\"article:published_time\" content=\"2025-02-17T20:50:00+00:00\" \/>\n<meta property=\"og:image\" content=\"https:\/\/www.correiobraziliense.com.br\/cbradar\/wp-content\/uploads\/2025\/02\/Fernando-de-Noronha_1739517599057.jpg\" \/>\n\t<meta property=\"og:image:width\" content=\"1280\" \/>\n\t<meta property=\"og:image:height\" content=\"720\" \/>\n\t<meta property=\"og:image:type\" content=\"image\/jpeg\" \/>\n<meta name=\"author\" content=\"Maura Pereira\" \/>\n<meta name=\"twitter:card\" content=\"summary_large_image\" \/>\n<meta name=\"twitter:label1\" content=\"Escrito por\" \/>\n\t<meta name=\"twitter:data1\" content=\"Maura Pereira\" \/>\n\t<meta name=\"twitter:label2\" content=\"Est. tempo de leitura\" \/>\n\t<meta name=\"twitter:data2\" content=\"6 minutos\" \/>\n<!-- \/ Yoast SEO plugin. -->","yoast_head_json":{"title":"Conhe\u00e7a os segredos do verdadeiro caribe brasileiro - Correio Braziliense - Radar","description":"Um para\u00edso isolado no Atl\u00e2ntico, com praias intocadas, \u00e1guas cristalinas e uma biodiversidade \u00fanica, perfeito para aventura e tranquilidade.","robots":{"index":"index","follow":"follow","max-snippet":"max-snippet:-1","max-image-preview":"max-image-preview:large","max-video-preview":"max-video-preview:-1"},"canonical":"https:\/\/www.correiobraziliense.com.br\/cbradar\/conheca-os-segredos-do-verdadeiro-caribe-brasileiro\/","og_locale":"pt_BR","og_type":"article","og_title":"Conhe\u00e7a os segredos do verdadeiro caribe brasileiro - Correio Braziliense - Radar","og_description":"Um para\u00edso isolado no Atl\u00e2ntico, com praias intocadas, \u00e1guas cristalinas e uma biodiversidade \u00fanica, perfeito para aventura e tranquilidade.","og_url":"https:\/\/www.correiobraziliense.com.br\/cbradar\/conheca-os-segredos-do-verdadeiro-caribe-brasileiro\/","og_site_name":"Correio Braziliense - Radar","article_published_time":"2025-02-17T20:50:00+00:00","og_image":[{"width":1280,"height":720,"url":"https:\/\/www.correiobraziliense.com.br\/cbradar\/wp-content\/uploads\/2025\/02\/Fernando-de-Noronha_1739517599057.jpg","type":"image\/jpeg"}],"author":"Maura Pereira","twitter_card":"summary_large_image","twitter_misc":{"Escrito por":"Maura Pereira","Est. tempo de leitura":"6 minutos"},"schema":{"@context":"https:\/\/schema.org","@graph":[{"@type":"WebPage","@id":"https:\/\/www.correiobraziliense.com.br\/cbradar\/conheca-os-segredos-do-verdadeiro-caribe-brasileiro\/","url":"https:\/\/www.correiobraziliense.com.br\/cbradar\/conheca-os-segredos-do-verdadeiro-caribe-brasileiro\/","name":"Conhe\u00e7a os segredos do verdadeiro caribe brasileiro - Correio Braziliense - Radar","isPartOf":{"@id":"https:\/\/www.correiobraziliense.com.br\/cbradar\/#website"},"primaryImageOfPage":{"@id":"https:\/\/www.correiobraziliense.com.br\/cbradar\/conheca-os-segredos-do-verdadeiro-caribe-brasileiro\/#primaryimage"},"image":{"@id":"https:\/\/www.correiobraziliense.com.br\/cbradar\/conheca-os-segredos-do-verdadeiro-caribe-brasileiro\/#primaryimage"},"thumbnailUrl":"https:\/\/www.correiobraziliense.com.br\/cbradar\/wp-content\/uploads\/2025\/02\/Fernando-de-Noronha_1739517599057.jpg","datePublished":"2025-02-17T20:50:00+00:00","author":{"@id":"https:\/\/www.correiobraziliense.com.br\/cbradar\/#\/schema\/person\/4053c651a9bfc785afc6f4cbc9032fd3"},"description":"Um para\u00edso isolado no Atl\u00e2ntico, com praias intocadas, \u00e1guas cristalinas e uma biodiversidade \u00fanica, perfeito para aventura e tranquilidade.","breadcrumb":{"@id":"https:\/\/www.correiobraziliense.com.br\/cbradar\/conheca-os-segredos-do-verdadeiro-caribe-brasileiro\/#breadcrumb"},"inLanguage":"pt-BR","potentialAction":[{"@type":"ReadAction","target":["https:\/\/www.correiobraziliense.com.br\/cbradar\/conheca-os-segredos-do-verdadeiro-caribe-brasileiro\/"]}]},{"@type":"ImageObject","inLanguage":"pt-BR","@id":"https:\/\/www.correiobraziliense.com.br\/cbradar\/conheca-os-segredos-do-verdadeiro-caribe-brasileiro\/#primaryimage","url":"https:\/\/www.correiobraziliense.com.br\/cbradar\/wp-content\/uploads\/2025\/02\/Fernando-de-Noronha_1739517599057.jpg","contentUrl":"https:\/\/www.correiobraziliense.com.br\/cbradar\/wp-content\/uploads\/2025\/02\/Fernando-de-Noronha_1739517599057.jpg","width":1280,"height":720,"caption":"Conhe\u00e7a Fernando de Noronha, para\u00edso brasileiro com praias exuberantes e natureza preservada. \/\/ Cr\u00e9ditos: depositphotos.com \/ KcrisRamos"},{"@type":"BreadcrumbList","@id":"https:\/\/www.correiobraziliense.com.br\/cbradar\/conheca-os-segredos-do-verdadeiro-caribe-brasileiro\/#breadcrumb","itemListElement":[{"@type":"ListItem","position":1,"name":"In\u00edcio","item":"https:\/\/www.correiobraziliense.com.br\/cbradar\/"},{"@type":"ListItem","position":2,"name":"Conhe\u00e7a os segredos do verdadeiro caribe brasileiro"}]},{"@type":"WebSite","@id":"https:\/\/www.correiobraziliense.com.br\/cbradar\/#website","url":"https:\/\/www.correiobraziliense.com.br\/cbradar\/","name":"Correio Braziliense - Radar","description":"Acompanhe as \u00faltimas not\u00edcias e fique bem informado sobre tudo o que acontece no Brasil e no mundo.","potentialAction":[{"@type":"SearchAction","target":{"@type":"EntryPoint","urlTemplate":"https:\/\/www.correiobraziliense.com.br\/cbradar\/?s={search_term_string}"},"query-input":{"@type":"PropertyValueSpecification","valueRequired":true,"valueName":"search_term_string"}}],"inLanguage":"pt-BR"},{"@type":"Person","@id":"https:\/\/www.correiobraziliense.com.br\/cbradar\/#\/schema\/person\/4053c651a9bfc785afc6f4cbc9032fd3","name":"Maura Pereira","image":{"@type":"ImageObject","inLanguage":"pt-BR","@id":"https:\/\/www.correiobraziliense.com.br\/cbradar\/#\/schema\/person\/image\/","url":"https:\/\/secure.gravatar.com\/avatar\/3effd6bdadfa447f15089c7f7144eaa6?s=96&d=mm&r=g","contentUrl":"https:\/\/secure.gravatar.com\/avatar\/3effd6bdadfa447f15089c7f7144eaa6?s=96&d=mm&r=g","caption":"Maura Pereira"},"sameAs":["https:\/\/www.correiobraziliense.com.br\/"],"url":"https:\/\/www.correiobraziliense.com.br\/cbradar\/author\/mauramyth\/"}]}},"_links":{"self":[{"href":"https:\/\/www.correiobraziliense.com.br\/cbradar\/wp-json\/wp\/v2\/posts\/2660","targetHints":{"allow":["GET"]}}],"collection":[{"href":"https:\/\/www.correiobraziliense.com.br\/cbradar\/wp-json\/wp\/v2\/posts"}],"about":[{"href":"https:\/\/www.correiobraziliense.com.br\/cbradar\/wp-json\/wp\/v2\/types\/post"}],"author":[{"embeddable":true,"href":"https:\/\/www.correiobraziliense.com.br\/cbradar\/wp-json\/wp\/v2\/users\/8"}],"replies":[{"embeddable":true,"href":"https:\/\/www.correiobraziliense.com.br\/cbradar\/wp-json\/wp\/v2\/comments?post=2660"}],"version-history":[{"count":10,"href":"https:\/\/www.correiobraziliense.com.br\/cbradar\/wp-json\/wp\/v2\/posts\/2660\/revisions"}],"predecessor-version":[{"id":2708,"href":"https:\/\/www.correiobraziliense.com.br\/cbradar\/wp-json\/wp\/v2\/posts\/2660\/revisions\/2708"}],"wp:featuredmedia":[{"embeddable":true,"href":"https:\/\/www.correiobraziliense.com.br\/cbradar\/wp-json\/wp\/v2\/media\/2706"}],"wp:attachment":[{"href":"https:\/\/www.correiobraziliense.com.br\/cbradar\/wp-json\/wp\/v2\/media?parent=2660"}],"wp:term":[{"taxonomy":"category","embeddable":true,"href":"https:\/\/www.correiobraziliense.com.br\/cbradar\/wp-json\/wp\/v2\/categories?post=2660"},{"taxonomy":"post_tag","embeddable":true,"href":"https:\/\/www.correiobraziliense.com.br\/cbradar\/wp-json\/wp\/v2\/tags?post=2660"}],"curies":[{"name":"wp","href":"https:\/\/api.w.org\/{rel}","templated":true}]}}