{"id":26612,"date":"2025-04-22T06:50:00","date_gmt":"2025-04-22T09:50:00","guid":{"rendered":"https:\/\/www.correiobraziliense.com.br\/cbradar\/?p=26612"},"modified":"2025-04-24T00:05:52","modified_gmt":"2025-04-24T03:05:52","slug":"veja-mudancas-no-vaticano-igreja-catolica-e-eleicao-de-novo-papa","status":"publish","type":"post","link":"https:\/\/www.correiobraziliense.com.br\/cbradar\/veja-mudancas-no-vaticano-igreja-catolica-e-eleicao-de-novo-papa\/","title":{"rendered":"Vaticano revela mudan\u00e7as na igreja cat\u00f3lica e novo Papa; confira!"},"content":{"rendered":"\n<p>Lan\u00e7ado em <strong>2024<\/strong>, o filme &#8220;<strong><a href=\"https:\/\/www.imdb.com\/title\/tt20215234\/\" target=\"_blank\" rel=\"noreferrer noopener\">Conclave<\/a><\/strong>&#8221; \u00e9 uma obra que mistura drama pol\u00edtico e religioso, transportando o p\u00fablico para o cora\u00e7\u00e3o do <strong>Vaticano<\/strong>. Baseado no livro de<strong> Robert Harris<\/strong>, a narrativa se concentra na elei\u00e7\u00e3o de um novo papa ap\u00f3s a morte do pont\u00edfice anterior. Este evento crucial re\u00fane cardeais de todo o mundo, que se encontram para decidir o futuro da<strong> Igreja Cat\u00f3lica<\/strong>.<\/p>\n\n\n\n<p>O filme se desenrola em um ambiente de tens\u00e3o e segredo, onde as tradi\u00e7\u00f5es antigas se chocam com as demandas contempor\u00e2neas por mudan\u00e7a. Dentro dos muros do <strong>Vaticano<\/strong>, os cardeais enfrentam dilemas pessoais e coletivos, refletindo sobre quest\u00f5es de f\u00e9, poder e as escolhas que definem a hist\u00f3ria da Igreja.<\/p>\n\n\n\n<h2 class=\"wp-block-heading\">Como acontece a escolha de um novo papa?<\/h2>\n\n\n\n<p>A elei\u00e7\u00e3o papal \u00e9 um processo envolto em mist\u00e9rio, algo que &#8220;<strong>Conclave<\/strong>&#8221; retrata com profundidade. Durante o conclave, os cardeais s\u00e3o isolados para discutir e votar em segredo. Este procedimento \u00e9 caracterizado por complexas negocia\u00e7\u00f5es e alian\u00e7as, enquanto cada cardeal traz suas pr\u00f3prias vis\u00f5es e interesses para a mesa.<\/p>\n\n\n\n<p>O filme oferece uma vis\u00e3o detalhada desse processo, destacando as regras r\u00edgidas e o ambiente de suspense que permeia a escolha do novo l\u00edder da Igreja. A narrativa revela como as decis\u00f5es tomadas dentro do conclave podem ter implica\u00e7\u00f5es profundas para o futuro da institui\u00e7\u00e3o religiosa.<\/p>\n\n\n\n<figure class=\"wp-block-embed aligncenter is-type-video is-provider-youtube wp-block-embed-youtube wp-embed-aspect-16-9 wp-has-aspect-ratio\"><div class=\"wp-block-embed__wrapper\">\n<div class=\"jeg_video_container jeg_video_content\"><iframe loading=\"lazy\" title=\"CONCLAVE | Trailer Legendado\" width=\"500\" height=\"281\" src=\"https:\/\/www.youtube.com\/embed\/Gf3LRWkhzrQ?feature=oembed\" frameborder=\"0\" allow=\"accelerometer; autoplay; clipboard-write; encrypted-media; gyroscope; picture-in-picture; web-share\" referrerpolicy=\"strict-origin-when-cross-origin\" allowfullscreen><\/iframe><\/div>\n<\/div><\/figure>\n\n\n\n<h2 class=\"wp-block-heading\">Qual \u00e9 o papel do cardeal Lomeli na trama?<\/h2>\n\n\n\n<p>Um dos personagens centrais de &#8220;<strong>Conclave<\/strong>&#8221; \u00e9 o <strong>Cardeal Lomeli<\/strong>, que desempenha um papel crucial na condu\u00e7\u00e3o da elei\u00e7\u00e3o. Ele \u00e9 respons\u00e1vel por mediar os conflitos internos e garantir que o processo seja justo e transparente. Ao longo do filme, <strong>Lomeli<\/strong> enfrenta desafios que testam sua f\u00e9 e sua habilidade de lideran\u00e7a.<\/p>\n\n\n\n<p>A jornada de <strong>Lomeli <\/strong>\u00e9 marcada por descobertas e dilemas morais, que adicionam uma camada de suspense \u00e0 narrativa. Sua busca por respostas dentro do Vaticano revela a complexidade das for\u00e7as em jogo e a dualidade entre suas responsabilidades religiosas e pol\u00edticas.<\/p>\n\n\n\n<h2 class=\"wp-block-heading\">Qual \u00e9 o impacto de &#8220;Conclave&#8221; nos assuntos sobre a igreja?<\/h2>\n\n\n\n<p>&#8220;<strong>Conclave<\/strong>&#8221; aborda as mudan\u00e7as que a <strong>Igreja Cat\u00f3lica<\/strong> enfrenta, explorando o conflito entre tradi\u00e7\u00e3o e modernidade. O filme destaca as tens\u00f5es entre vis\u00f5es conservadoras e progressistas, bem como a influ\u00eancia da pol\u00edtica global no processo de sele\u00e7\u00e3o do papa.<\/p>\n\n\n\n<p>Essa abordagem torna o filme relevante em um contexto de transforma\u00e7\u00f5es sociais e culturais. &#8220;<strong>Conclave<\/strong>&#8221; convida o p\u00fablico a refletir sobre o papel da religi\u00e3o na sociedade e as complexas din\u00e2micas de poder que moldam institui\u00e7\u00f5es antigas como o Vaticano.<\/p>\n\n\n\n<h2 class=\"wp-block-heading\">\u00c9 verdade que conclave ganhou o Oscar 2025?<\/h2>\n\n\n\n<p>Sim, o filme <em><strong>Conclave<\/strong><\/em> venceu o <strong><a href=\"https:\/\/www.correiobraziliense.com.br\/cbradar\/filme-com-tres-indicacoes-ao-oscar-chega-ao-streaming\/\" target=\"_blank\" rel=\"noreferrer noopener\">Oscar <\/a><\/strong>de <strong>Melhor Roteiro<\/strong> <strong>Adaptado <\/strong>na cerim\u00f4nia de <strong>2025<\/strong>, realizada em <strong>2 de mar\u00e7o<\/strong>. O roteiro foi escrito por <strong>Peter Straughan<\/strong>, baseado no romance hom\u00f4nimo de <strong>Robert Harris<\/strong>.<\/p>\n\n\n\n<p>Embora tenha sido indicado a oito categorias, incluindo <strong>Melhor Filme<\/strong> e <strong>Melhor Ator <\/strong>para<strong> Ralph Fiennes<\/strong>, <em><strong>Conclave<\/strong><\/em> conquistou apenas essa estatueta . O grande vencedor da noite foi <em><strong>Anora<\/strong><\/em>, que levou cinco pr\u00eamios, incluindo <strong>Melhor Filme<\/strong> e <strong>Melhor Dire\u00e7\u00e3o<\/strong>.<\/p>\n\n\n\n<p>Atualmente, <strong><em>Conclave<\/em> <\/strong>est\u00e1 dispon\u00edvel para aluguel ou compra em plataformas digitais como <strong>Amazon Prime Video<\/strong>, <strong>YouTube<\/strong>,<strong> Apple TV<\/strong> e <strong>Google Play<\/strong>.<\/p>\n\n\n\n<h2 class=\"wp-block-heading\">Qual \u00e9 a cr\u00edtica social em &#8220;Conclave&#8221;?<\/h2>\n\n\n\n<p>Al\u00e9m de ser um thriller envolvente, &#8220;<strong>Conclave<\/strong>&#8221; oferece uma cr\u00edtica social perspicaz sobre as din\u00e2micas de poder em grandes institui\u00e7\u00f5es. O filme levanta quest\u00f5es sobre transpar\u00eancia e integridade, explorando o eterno conflito entre f\u00e9 e poder.<\/p>\n\n\n\n<p>Com personagens bem desenvolvidos e um enredo intrigante, &#8220;<strong>Conclave<\/strong>&#8221; equilibra suspense e cr\u00edtica social de maneira eficaz. A obra convida o p\u00fablico a considerar os interesses ocultos por tr\u00e1s de decis\u00f5es cruciais, destacando a complexidade das for\u00e7as que moldam o Vaticano e suas tradi\u00e7\u00f5es seculares.<\/p>\n","protected":false},"excerpt":{"rendered":"<p>Lan\u00e7ado em 2024, o filme &#8220;Conclave&#8221; \u00e9 uma obra que mistura drama pol\u00edtico e religioso, transportando o p\u00fablico para o cora\u00e7\u00e3o do Vaticano. Baseado no livro de Robert Harris, a narrativa se concentra na elei\u00e7\u00e3o de um novo papa ap\u00f3s a morte do pont\u00edfice anterior. Este evento crucial re\u00fane cardeais de todo o mundo, que [&hellip;]<\/p>\n","protected":false},"author":8,"featured_media":2154,"comment_status":"open","ping_status":"open","sticky":false,"template":"","format":"standard","meta":{"_yoast_wpseo_focuskw":"Papa","_yoast_wpseo_title":"","_yoast_wpseo_metadesc":"A elei\u00e7\u00e3o de um novo Papa est\u00e1 cercada por mudan\u00e7as hist\u00f3ricas no Vaticano. O que vem a\u00ed pode te surpreender.","jnews-multi-image_gallery":[],"jnews_single_post":{"format":"standard"},"jnews_primary_category":[],"jnews_social_meta":[],"jnews_override_counter":[],"footnotes":""},"categories":[140],"post_tag":[3665,1070,568,2943],"class_list":["post-26612","post","type-post","status-publish","format-standard","has-post-thumbnail","hentry","category-entretenimento","tag-igreja-catolica","tag-papa","tag-series-e-filmes","tag-vaticano"],"yoast_head":"<!-- This site is optimized with the Yoast SEO plugin v24.6 - https:\/\/yoast.com\/wordpress\/plugins\/seo\/ -->\n<title>Vaticano revela mudan\u00e7as na igreja cat\u00f3lica e novo Papa; confira! - Correio Braziliense - Radar<\/title>\n<meta name=\"description\" content=\"A elei\u00e7\u00e3o de um novo Papa est\u00e1 cercada por mudan\u00e7as hist\u00f3ricas no Vaticano. O que vem a\u00ed pode te surpreender.\" \/>\n<meta name=\"robots\" content=\"index, follow, max-snippet:-1, max-image-preview:large, max-video-preview:-1\" \/>\n<link rel=\"canonical\" href=\"https:\/\/www.correiobraziliense.com.br\/cbradar\/veja-mudancas-no-vaticano-igreja-catolica-e-eleicao-de-novo-papa\/\" \/>\n<meta property=\"og:locale\" content=\"pt_BR\" \/>\n<meta property=\"og:type\" content=\"article\" \/>\n<meta property=\"og:title\" content=\"Vaticano revela mudan\u00e7as na igreja cat\u00f3lica e novo Papa; confira! - Correio Braziliense - Radar\" \/>\n<meta property=\"og:description\" content=\"A elei\u00e7\u00e3o de um novo Papa est\u00e1 cercada por mudan\u00e7as hist\u00f3ricas no Vaticano. O que vem a\u00ed pode te surpreender.\" \/>\n<meta property=\"og:url\" content=\"https:\/\/www.correiobraziliense.com.br\/cbradar\/veja-mudancas-no-vaticano-igreja-catolica-e-eleicao-de-novo-papa\/\" \/>\n<meta property=\"og:site_name\" content=\"Correio Braziliense - Radar\" \/>\n<meta property=\"article:published_time\" content=\"2025-04-22T09:50:00+00:00\" \/>\n<meta property=\"article:modified_time\" content=\"2025-04-24T03:05:52+00:00\" \/>\n<meta property=\"og:image\" content=\"https:\/\/www.correiobraziliense.com.br\/cbradar\/wp-content\/uploads\/2025\/02\/Design-sem-nome-8.png\" \/>\n\t<meta property=\"og:image:width\" content=\"1280\" \/>\n\t<meta property=\"og:image:height\" content=\"720\" \/>\n\t<meta property=\"og:image:type\" content=\"image\/png\" \/>\n<meta name=\"author\" content=\"Maura Pereira\" \/>\n<meta name=\"twitter:card\" content=\"summary_large_image\" \/>\n<meta name=\"twitter:label1\" content=\"Escrito por\" \/>\n\t<meta name=\"twitter:data1\" content=\"Maura Pereira\" \/>\n\t<meta name=\"twitter:label2\" content=\"Est. tempo de leitura\" \/>\n\t<meta name=\"twitter:data2\" content=\"4 minutos\" \/>\n<!-- \/ Yoast SEO plugin. -->","yoast_head_json":{"title":"Vaticano revela mudan\u00e7as na igreja cat\u00f3lica e novo Papa; confira! - Correio Braziliense - Radar","description":"A elei\u00e7\u00e3o de um novo Papa est\u00e1 cercada por mudan\u00e7as hist\u00f3ricas no Vaticano. O que vem a\u00ed pode te surpreender.","robots":{"index":"index","follow":"follow","max-snippet":"max-snippet:-1","max-image-preview":"max-image-preview:large","max-video-preview":"max-video-preview:-1"},"canonical":"https:\/\/www.correiobraziliense.com.br\/cbradar\/veja-mudancas-no-vaticano-igreja-catolica-e-eleicao-de-novo-papa\/","og_locale":"pt_BR","og_type":"article","og_title":"Vaticano revela mudan\u00e7as na igreja cat\u00f3lica e novo Papa; confira! - Correio Braziliense - Radar","og_description":"A elei\u00e7\u00e3o de um novo Papa est\u00e1 cercada por mudan\u00e7as hist\u00f3ricas no Vaticano. O que vem a\u00ed pode te surpreender.","og_url":"https:\/\/www.correiobraziliense.com.br\/cbradar\/veja-mudancas-no-vaticano-igreja-catolica-e-eleicao-de-novo-papa\/","og_site_name":"Correio Braziliense - Radar","article_published_time":"2025-04-22T09:50:00+00:00","article_modified_time":"2025-04-24T03:05:52+00:00","og_image":[{"width":1280,"height":720,"url":"https:\/\/www.correiobraziliense.com.br\/cbradar\/wp-content\/uploads\/2025\/02\/Design-sem-nome-8.png","type":"image\/png"}],"author":"Maura Pereira","twitter_card":"summary_large_image","twitter_misc":{"Escrito por":"Maura Pereira","Est. tempo de leitura":"4 minutos"},"schema":{"@context":"https:\/\/schema.org","@graph":[{"@type":"WebPage","@id":"https:\/\/www.correiobraziliense.com.br\/cbradar\/veja-mudancas-no-vaticano-igreja-catolica-e-eleicao-de-novo-papa\/","url":"https:\/\/www.correiobraziliense.com.br\/cbradar\/veja-mudancas-no-vaticano-igreja-catolica-e-eleicao-de-novo-papa\/","name":"Vaticano revela mudan\u00e7as na igreja cat\u00f3lica e novo Papa; confira! - Correio Braziliense - Radar","isPartOf":{"@id":"https:\/\/www.correiobraziliense.com.br\/cbradar\/#website"},"primaryImageOfPage":{"@id":"https:\/\/www.correiobraziliense.com.br\/cbradar\/veja-mudancas-no-vaticano-igreja-catolica-e-eleicao-de-novo-papa\/#primaryimage"},"image":{"@id":"https:\/\/www.correiobraziliense.com.br\/cbradar\/veja-mudancas-no-vaticano-igreja-catolica-e-eleicao-de-novo-papa\/#primaryimage"},"thumbnailUrl":"https:\/\/www.correiobraziliense.com.br\/cbradar\/wp-content\/uploads\/2025\/02\/Design-sem-nome-8.png","datePublished":"2025-04-22T09:50:00+00:00","dateModified":"2025-04-24T03:05:52+00:00","author":{"@id":"https:\/\/www.correiobraziliense.com.br\/cbradar\/#\/schema\/person\/4053c651a9bfc785afc6f4cbc9032fd3"},"description":"A elei\u00e7\u00e3o de um novo Papa est\u00e1 cercada por mudan\u00e7as hist\u00f3ricas no Vaticano. O que vem a\u00ed pode te surpreender.","breadcrumb":{"@id":"https:\/\/www.correiobraziliense.com.br\/cbradar\/veja-mudancas-no-vaticano-igreja-catolica-e-eleicao-de-novo-papa\/#breadcrumb"},"inLanguage":"pt-BR","potentialAction":[{"@type":"ReadAction","target":["https:\/\/www.correiobraziliense.com.br\/cbradar\/veja-mudancas-no-vaticano-igreja-catolica-e-eleicao-de-novo-papa\/"]}]},{"@type":"ImageObject","inLanguage":"pt-BR","@id":"https:\/\/www.correiobraziliense.com.br\/cbradar\/veja-mudancas-no-vaticano-igreja-catolica-e-eleicao-de-novo-papa\/#primaryimage","url":"https:\/\/www.correiobraziliense.com.br\/cbradar\/wp-content\/uploads\/2025\/02\/Design-sem-nome-8.png","contentUrl":"https:\/\/www.correiobraziliense.com.br\/cbradar\/wp-content\/uploads\/2025\/02\/Design-sem-nome-8.png","width":1280,"height":720,"caption":"Conclave (2024), O filme \/\/ Reprodu\u00e7\u00e3o: Trailler Oficial"},{"@type":"BreadcrumbList","@id":"https:\/\/www.correiobraziliense.com.br\/cbradar\/veja-mudancas-no-vaticano-igreja-catolica-e-eleicao-de-novo-papa\/#breadcrumb","itemListElement":[{"@type":"ListItem","position":1,"name":"In\u00edcio","item":"https:\/\/www.correiobraziliense.com.br\/cbradar\/"},{"@type":"ListItem","position":2,"name":"Vaticano revela mudan\u00e7as na igreja cat\u00f3lica e novo Papa; confira!"}]},{"@type":"WebSite","@id":"https:\/\/www.correiobraziliense.com.br\/cbradar\/#website","url":"https:\/\/www.correiobraziliense.com.br\/cbradar\/","name":"Correio Braziliense - Radar","description":"Acompanhe as \u00faltimas not\u00edcias e fique bem informado sobre tudo o que acontece no Brasil e no mundo.","potentialAction":[{"@type":"SearchAction","target":{"@type":"EntryPoint","urlTemplate":"https:\/\/www.correiobraziliense.com.br\/cbradar\/?s={search_term_string}"},"query-input":{"@type":"PropertyValueSpecification","valueRequired":true,"valueName":"search_term_string"}}],"inLanguage":"pt-BR"},{"@type":"Person","@id":"https:\/\/www.correiobraziliense.com.br\/cbradar\/#\/schema\/person\/4053c651a9bfc785afc6f4cbc9032fd3","name":"Maura Pereira","image":{"@type":"ImageObject","inLanguage":"pt-BR","@id":"https:\/\/www.correiobraziliense.com.br\/cbradar\/#\/schema\/person\/image\/","url":"https:\/\/secure.gravatar.com\/avatar\/3effd6bdadfa447f15089c7f7144eaa6?s=96&d=mm&r=g","contentUrl":"https:\/\/secure.gravatar.com\/avatar\/3effd6bdadfa447f15089c7f7144eaa6?s=96&d=mm&r=g","caption":"Maura Pereira"},"sameAs":["https:\/\/www.correiobraziliense.com.br\/"],"url":"https:\/\/www.correiobraziliense.com.br\/cbradar\/author\/mauramyth\/"}]}},"_links":{"self":[{"href":"https:\/\/www.correiobraziliense.com.br\/cbradar\/wp-json\/wp\/v2\/posts\/26612","targetHints":{"allow":["GET"]}}],"collection":[{"href":"https:\/\/www.correiobraziliense.com.br\/cbradar\/wp-json\/wp\/v2\/posts"}],"about":[{"href":"https:\/\/www.correiobraziliense.com.br\/cbradar\/wp-json\/wp\/v2\/types\/post"}],"author":[{"embeddable":true,"href":"https:\/\/www.correiobraziliense.com.br\/cbradar\/wp-json\/wp\/v2\/users\/8"}],"replies":[{"embeddable":true,"href":"https:\/\/www.correiobraziliense.com.br\/cbradar\/wp-json\/wp\/v2\/comments?post=26612"}],"version-history":[{"count":11,"href":"https:\/\/www.correiobraziliense.com.br\/cbradar\/wp-json\/wp\/v2\/posts\/26612\/revisions"}],"predecessor-version":[{"id":27429,"href":"https:\/\/www.correiobraziliense.com.br\/cbradar\/wp-json\/wp\/v2\/posts\/26612\/revisions\/27429"}],"wp:featuredmedia":[{"embeddable":true,"href":"https:\/\/www.correiobraziliense.com.br\/cbradar\/wp-json\/wp\/v2\/media\/2154"}],"wp:attachment":[{"href":"https:\/\/www.correiobraziliense.com.br\/cbradar\/wp-json\/wp\/v2\/media?parent=26612"}],"wp:term":[{"taxonomy":"category","embeddable":true,"href":"https:\/\/www.correiobraziliense.com.br\/cbradar\/wp-json\/wp\/v2\/categories?post=26612"},{"taxonomy":"post_tag","embeddable":true,"href":"https:\/\/www.correiobraziliense.com.br\/cbradar\/wp-json\/wp\/v2\/post_tag?post=26612"}],"curies":[{"name":"wp","href":"https:\/\/api.w.org\/{rel}","templated":true}]}}