{"id":26683,"date":"2025-04-22T17:50:00","date_gmt":"2025-04-22T20:50:00","guid":{"rendered":"https:\/\/www.correiobraziliense.com.br\/cbradar\/?p=26683"},"modified":"2025-04-21T21:12:16","modified_gmt":"2025-04-22T00:12:16","slug":"o-paraiso-em-alagoas-que-esta-surpreendendo-o-brasil","status":"publish","type":"post","link":"https:\/\/www.correiobraziliense.com.br\/cbradar\/o-paraiso-em-alagoas-que-esta-surpreendendo-o-brasil\/","title":{"rendered":"O para\u00edso em Alagoas que est\u00e1 surpreendendo o Brasil"},"content":{"rendered":"\n<p><strong><a href=\"https:\/\/maragogi.al.gov.br\/\" target=\"_blank\" rel=\"noreferrer noopener\">Maragogi<\/a><\/strong>, localizada no litoral norte de <strong>Alagoas<\/strong>, \u00e9 conhecida por suas praias paradis\u00edacas, piscinas naturais de \u00e1guas cristalinas e clima tropical. No entanto, al\u00e9m de ser um dos principais destinos tur\u00edsticos do <strong><a href=\"https:\/\/www.correiobraziliense.com.br\/cbradar\/nasa-alerta-que-o-brasil-ficara-inabitavel-em-50-anos-veja-regioes\/\" target=\"_blank\" rel=\"noreferrer noopener\">Brasil<\/a><\/strong>, a cidade tamb\u00e9m oferece uma boa qualidade de vida e avan\u00e7os not\u00e1veis em educa\u00e7\u00e3o e infraestrutura, tornando-se uma op\u00e7\u00e3o atrativa tanto para visitar quanto para morar.<\/p>\n\n\n\n<h2 class=\"wp-block-heading\">Qualidade de vida e contato com a natureza<\/h2>\n\n\n\n<p>Viver em <strong>Maragogi<\/strong> \u00e9 sin\u00f4nimo de tranquilidade. A cidade oferece um estilo de vida mais calmo e conectado \u00e0 natureza, o que atrai tanto moradores quanto visitantes que buscam fugir da agita\u00e7\u00e3o dos grandes centros urbanos. Com ruas limpas, pouco tr\u00e2nsito e uma comunidade acolhedora, o munic\u00edpio proporciona bem-estar f\u00edsico e mental.<\/p>\n\n\n\n<p>Al\u00e9m disso, o clima agrad\u00e1vel durante todo o ano e a proximidade com o mar favorecem a pr\u00e1tica de atividades ao ar livre, como caminhadas, mergulho e passeios de bicicleta.<\/p>\n\n\n<div class=\"wp-block-image\">\n<figure class=\"aligncenter size-large\"><img decoding=\"async\" width=\"1024\" height=\"576\" src=\"https:\/\/www.correiobraziliense.com.br\/cbradar\/wp-content\/uploads\/2025\/02\/Maragogi_1739488750421-1024x576.jpg\" alt=\"O para\u00edso em Alagoas que est\u00e1 surpreendendo o Brasil\" class=\"wp-image-2380\" srcset=\"https:\/\/www.correiobraziliense.com.br\/cbradar\/wp-content\/uploads\/2025\/02\/Maragogi_1739488750421-1024x576.jpg 1024w, https:\/\/www.correiobraziliense.com.br\/cbradar\/wp-content\/uploads\/2025\/02\/Maragogi_1739488750421-300x169.jpg 300w, https:\/\/www.correiobraziliense.com.br\/cbradar\/wp-content\/uploads\/2025\/02\/Maragogi_1739488750421-768x432.jpg 768w, https:\/\/www.correiobraziliense.com.br\/cbradar\/wp-content\/uploads\/2025\/02\/Maragogi_1739488750421-750x422.jpg 750w, https:\/\/www.correiobraziliense.com.br\/cbradar\/wp-content\/uploads\/2025\/02\/Maragogi_1739488750421-1140x641.jpg 1140w, https:\/\/www.correiobraziliense.com.br\/cbradar\/wp-content\/uploads\/2025\/02\/Maragogi_1739488750421.jpg 1280w\" sizes=\"(max-width: 1024px) 100vw, 1024px\" \/><figcaption class=\"wp-element-caption\">Maragogi \/\/ Cr\u00e9ditos: depositphotos.com \/ Cristian_Lourenco<\/figcaption><\/figure><\/div>\n\n\n<h2 class=\"wp-block-heading\">Educa\u00e7\u00e3o inclusiva e acessibilidade para \u00e1reas rurais<\/h2>\n\n\n\n<p>Nos \u00faltimos anos, <strong>Maragogi<\/strong> tem se destacado por melhorias na \u00e1rea da educa\u00e7\u00e3o. A prefeitura tem investido na reestrutura\u00e7\u00e3o de escolas p\u00fablicas, qualifica\u00e7\u00e3o de professores e inclus\u00e3o de tecnologias no ensino. Projetos de incentivo \u00e0 leitura, como bibliotecas comunit\u00e1rias e feiras liter\u00e1rias, tamb\u00e9m t\u00eam sido implementados com sucesso.<\/p>\n\n\n\n<p>O acesso \u00e0 educa\u00e7\u00e3o infantil e fundamental \u00e9 garantido em praticamente todas as comunidades, inclusive nas \u00e1reas rurais, e a cidade conta com polos de educa\u00e7\u00e3o profissionalizante e parcerias com institui\u00e7\u00f5es do ensino superior da regi\u00e3o.<\/p>\n\n\n\n<h2 class=\"wp-block-heading\">Como \u00e9 a economia local?<\/h2>\n\n\n\n<p>Gra\u00e7as ao turismo, o com\u00e9rcio local tem se expandido significativamente. Pequenos empreendedores, artes\u00e3os e pescadores t\u00eam encontrado novas oportunidades de renda. A agricultura familiar tamb\u00e9m \u00e9 incentivada e abastece boa parte dos mercados locais e estabelecimentos gastron\u00f4micos.<\/p>\n\n\n\n<p>O equil\u00edbrio entre desenvolvimento econ\u00f4mico e preserva\u00e7\u00e3o ambiental tem sido um dos principais desafios \u2014 e conquistas \u2014 de <strong>Maragogi<\/strong> nos \u00faltimos anos.<\/p>\n\n\n\n<h2 class=\"wp-block-heading\">Avan\u00e7o nos servi\u00e7os de sa\u00fade e acesso<\/h2>\n\n\n\n<p>Embora ainda tenha desafios t\u00edpicos de cidades pequenas, <strong>Maragogi<\/strong> tem avan\u00e7ado na amplia\u00e7\u00e3o de servi\u00e7os de sa\u00fade, com unidades b\u00e1sicas reformadas, maior cobertura do programa de sa\u00fade da fam\u00edlia e acesso a exames e atendimentos especializados por meio de conv\u00eanios regionais.<\/p>\n\n\n\n<p>Na infraestrutura urbana, a pavimenta\u00e7\u00e3o de vias, melhoria do saneamento e abastecimento de \u00e1gua tamb\u00e9m v\u00eam recebendo aten\u00e7\u00e3o especial, sobretudo nas \u00e1reas com maior fluxo tur\u00edstico.<\/p>\n\n\n\n<h2 class=\"wp-block-heading\">Quais s\u00e3o os principais pontos tur\u00edsticos para visitar?<\/h2>\n\n\n\n<ul class=\"wp-block-list\">\n<li><strong>Gal\u00e9s de Maragogi<\/strong>: piscinas naturais formadas por recifes de corais, ideais para mergulho com snorkel.<\/li>\n\n\n\n<li><strong>Praia de Antunes<\/strong>: famosa pela \u00e1gua azul-turquesa e tranquilidade.<\/li>\n\n\n\n<li><strong>Praia de Barra Grande<\/strong>: conhecida pelo caminho de areia que surge na mar\u00e9 baixa, chamado de Caminho de Mois\u00e9s.<\/li>\n\n\n\n<li><strong>Praia de Xar\u00e9u<\/strong>: uma das mais preservadas, ideal para quem busca sossego.<\/li>\n\n\n\n<li><strong>Centro de Artesanato de Maragogi<\/strong>: perfeito para conhecer e adquirir pe\u00e7as locais feitas por artes\u00e3os da regi\u00e3o.<\/li>\n<\/ul>\n\n\n\n<h2 class=\"wp-block-heading\">Vale a pena morar?<\/h2>\n\n\n\n<p>Sim, principalmente para quem busca um estilo de vida mais tranquilo e conectado \u00e0 natureza. A cidade oferece boa qualidade de vida, seguran\u00e7a, custo de vida acess\u00edvel e infraestrutura em expans\u00e3o. \u00c9 ideal para fam\u00edlias, aposentados ou pessoas que trabalham remotamente.<\/p>\n\n\n\n<h2 class=\"wp-block-heading\">Vale a pena visitar?<\/h2>\n\n\n\n<p>Com certeza! <strong>Maragogi<\/strong> \u00e9 um destino imperd\u00edvel para quem ama praias paradis\u00edacas, natureza preservada e cultura local vibrante. Seja em uma viagem r\u00e1pida ou em uma estadia mais longa, a cidade surpreende pela beleza, hospitalidade e estrutura tur\u00edstica.<\/p>\n","protected":false},"excerpt":{"rendered":"<p>Maragogi, localizada no litoral norte de Alagoas, \u00e9 conhecida por suas praias paradis\u00edacas, piscinas naturais de \u00e1guas cristalinas e clima tropical. No entanto, al\u00e9m de ser um dos principais destinos tur\u00edsticos do Brasil, a cidade tamb\u00e9m oferece uma boa qualidade de vida e avan\u00e7os not\u00e1veis em educa\u00e7\u00e3o e infraestrutura, tornando-se uma op\u00e7\u00e3o atrativa tanto para [&hellip;]<\/p>\n","protected":false},"author":8,"featured_media":18782,"comment_status":"open","ping_status":"open","sticky":false,"template":"","format":"standard","meta":{"jnews-multi-image_gallery":[],"jnews_single_post":{"format":"standard"},"jnews_primary_category":[],"jnews_social_meta":[],"jnews_override_counter":[],"footnotes":""},"categories":[108],"post_tag":[2815,225,389],"class_list":["post-26683","post","type-post","status-publish","format-standard","has-post-thumbnail","hentry","category-cidades","tag-alagoas","tag-brasil","tag-maragogi"],"yoast_head":"<!-- This site is optimized with the Yoast SEO plugin v24.6 - https:\/\/yoast.com\/wordpress\/plugins\/seo\/ -->\n<title>O para\u00edso em Alagoas que est\u00e1 surpreendendo o Brasil - Correio Braziliense - Radar<\/title>\n<meta name=\"description\" content=\"Um lugar em Alagoas est\u00e1 se destacando como ref\u00fagio ideal para viver bem. Veja por que ele est\u00e1 encantando tanta gente.\" \/>\n<meta name=\"robots\" content=\"index, follow, max-snippet:-1, max-image-preview:large, max-video-preview:-1\" \/>\n<link rel=\"canonical\" href=\"https:\/\/www.correiobraziliense.com.br\/cbradar\/o-paraiso-em-alagoas-que-esta-surpreendendo-o-brasil\/\" \/>\n<meta property=\"og:locale\" content=\"pt_BR\" \/>\n<meta property=\"og:type\" content=\"article\" \/>\n<meta property=\"og:title\" content=\"O para\u00edso em Alagoas que est\u00e1 surpreendendo o Brasil - Correio Braziliense - Radar\" \/>\n<meta property=\"og:description\" content=\"Um lugar em Alagoas est\u00e1 se destacando como ref\u00fagio ideal para viver bem. Veja por que ele est\u00e1 encantando tanta gente.\" \/>\n<meta property=\"og:url\" content=\"https:\/\/www.correiobraziliense.com.br\/cbradar\/o-paraiso-em-alagoas-que-esta-surpreendendo-o-brasil\/\" \/>\n<meta property=\"og:site_name\" content=\"Correio Braziliense - Radar\" \/>\n<meta property=\"article:published_time\" content=\"2025-04-22T20:50:00+00:00\" \/>\n<meta property=\"og:image\" content=\"https:\/\/www.correiobraziliense.com.br\/cbradar\/wp-content\/uploads\/2025\/04\/Maragogi_1743652852178.jpg\" \/>\n\t<meta property=\"og:image:width\" content=\"1280\" \/>\n\t<meta property=\"og:image:height\" content=\"720\" \/>\n\t<meta property=\"og:image:type\" content=\"image\/jpeg\" \/>\n<meta name=\"author\" content=\"Maura Pereira\" \/>\n<meta name=\"twitter:card\" content=\"summary_large_image\" \/>\n<meta name=\"twitter:label1\" content=\"Escrito por\" \/>\n\t<meta name=\"twitter:data1\" content=\"Maura Pereira\" \/>\n\t<meta name=\"twitter:label2\" content=\"Est. tempo de leitura\" \/>\n\t<meta name=\"twitter:data2\" content=\"4 minutos\" \/>\n<!-- \/ Yoast SEO plugin. -->","yoast_head_json":{"title":"O para\u00edso em Alagoas que est\u00e1 surpreendendo o Brasil - Correio Braziliense - Radar","description":"Um lugar em Alagoas est\u00e1 se destacando como ref\u00fagio ideal para viver bem. Veja por que ele est\u00e1 encantando tanta gente.","robots":{"index":"index","follow":"follow","max-snippet":"max-snippet:-1","max-image-preview":"max-image-preview:large","max-video-preview":"max-video-preview:-1"},"canonical":"https:\/\/www.correiobraziliense.com.br\/cbradar\/o-paraiso-em-alagoas-que-esta-surpreendendo-o-brasil\/","og_locale":"pt_BR","og_type":"article","og_title":"O para\u00edso em Alagoas que est\u00e1 surpreendendo o Brasil - Correio Braziliense - Radar","og_description":"Um lugar em Alagoas est\u00e1 se destacando como ref\u00fagio ideal para viver bem. Veja por que ele est\u00e1 encantando tanta gente.","og_url":"https:\/\/www.correiobraziliense.com.br\/cbradar\/o-paraiso-em-alagoas-que-esta-surpreendendo-o-brasil\/","og_site_name":"Correio Braziliense - Radar","article_published_time":"2025-04-22T20:50:00+00:00","og_image":[{"width":1280,"height":720,"url":"https:\/\/www.correiobraziliense.com.br\/cbradar\/wp-content\/uploads\/2025\/04\/Maragogi_1743652852178.jpg","type":"image\/jpeg"}],"author":"Maura Pereira","twitter_card":"summary_large_image","twitter_misc":{"Escrito por":"Maura Pereira","Est. tempo de leitura":"4 minutos"},"schema":{"@context":"https:\/\/schema.org","@graph":[{"@type":"WebPage","@id":"https:\/\/www.correiobraziliense.com.br\/cbradar\/o-paraiso-em-alagoas-que-esta-surpreendendo-o-brasil\/","url":"https:\/\/www.correiobraziliense.com.br\/cbradar\/o-paraiso-em-alagoas-que-esta-surpreendendo-o-brasil\/","name":"O para\u00edso em Alagoas que est\u00e1 surpreendendo o Brasil - Correio Braziliense - Radar","isPartOf":{"@id":"https:\/\/www.correiobraziliense.com.br\/cbradar\/#website"},"primaryImageOfPage":{"@id":"https:\/\/www.correiobraziliense.com.br\/cbradar\/o-paraiso-em-alagoas-que-esta-surpreendendo-o-brasil\/#primaryimage"},"image":{"@id":"https:\/\/www.correiobraziliense.com.br\/cbradar\/o-paraiso-em-alagoas-que-esta-surpreendendo-o-brasil\/#primaryimage"},"thumbnailUrl":"https:\/\/www.correiobraziliense.com.br\/cbradar\/wp-content\/uploads\/2025\/04\/Maragogi_1743652852178.jpg","datePublished":"2025-04-22T20:50:00+00:00","author":{"@id":"https:\/\/www.correiobraziliense.com.br\/cbradar\/#\/schema\/person\/4053c651a9bfc785afc6f4cbc9032fd3"},"description":"Um lugar em Alagoas est\u00e1 se destacando como ref\u00fagio ideal para viver bem. Veja por que ele est\u00e1 encantando tanta gente.","breadcrumb":{"@id":"https:\/\/www.correiobraziliense.com.br\/cbradar\/o-paraiso-em-alagoas-que-esta-surpreendendo-o-brasil\/#breadcrumb"},"inLanguage":"pt-BR","potentialAction":[{"@type":"ReadAction","target":["https:\/\/www.correiobraziliense.com.br\/cbradar\/o-paraiso-em-alagoas-que-esta-surpreendendo-o-brasil\/"]}]},{"@type":"ImageObject","inLanguage":"pt-BR","@id":"https:\/\/www.correiobraziliense.com.br\/cbradar\/o-paraiso-em-alagoas-que-esta-surpreendendo-o-brasil\/#primaryimage","url":"https:\/\/www.correiobraziliense.com.br\/cbradar\/wp-content\/uploads\/2025\/04\/Maragogi_1743652852178.jpg","contentUrl":"https:\/\/www.correiobraziliense.com.br\/cbradar\/wp-content\/uploads\/2025\/04\/Maragogi_1743652852178.jpg","width":1280,"height":720,"caption":"Local ideal para mergulho e ecoturismo, com rica vida marinha e forma\u00e7\u00f5es de corais. \/\/ Cr\u00e9ditos: depositphotos.com \/ Cristian_Lourenco"},{"@type":"BreadcrumbList","@id":"https:\/\/www.correiobraziliense.com.br\/cbradar\/o-paraiso-em-alagoas-que-esta-surpreendendo-o-brasil\/#breadcrumb","itemListElement":[{"@type":"ListItem","position":1,"name":"In\u00edcio","item":"https:\/\/www.correiobraziliense.com.br\/cbradar\/"},{"@type":"ListItem","position":2,"name":"O para\u00edso em Alagoas que est\u00e1 surpreendendo o Brasil"}]},{"@type":"WebSite","@id":"https:\/\/www.correiobraziliense.com.br\/cbradar\/#website","url":"https:\/\/www.correiobraziliense.com.br\/cbradar\/","name":"Correio Braziliense - Radar","description":"Acompanhe as \u00faltimas not\u00edcias e fique bem informado sobre tudo o que acontece no Brasil e no mundo.","potentialAction":[{"@type":"SearchAction","target":{"@type":"EntryPoint","urlTemplate":"https:\/\/www.correiobraziliense.com.br\/cbradar\/?s={search_term_string}"},"query-input":{"@type":"PropertyValueSpecification","valueRequired":true,"valueName":"search_term_string"}}],"inLanguage":"pt-BR"},{"@type":"Person","@id":"https:\/\/www.correiobraziliense.com.br\/cbradar\/#\/schema\/person\/4053c651a9bfc785afc6f4cbc9032fd3","name":"Maura Pereira","image":{"@type":"ImageObject","inLanguage":"pt-BR","@id":"https:\/\/www.correiobraziliense.com.br\/cbradar\/#\/schema\/person\/image\/","url":"https:\/\/secure.gravatar.com\/avatar\/3effd6bdadfa447f15089c7f7144eaa6?s=96&d=mm&r=g","contentUrl":"https:\/\/secure.gravatar.com\/avatar\/3effd6bdadfa447f15089c7f7144eaa6?s=96&d=mm&r=g","caption":"Maura Pereira"},"sameAs":["https:\/\/www.correiobraziliense.com.br\/"],"url":"https:\/\/www.correiobraziliense.com.br\/cbradar\/author\/mauramyth\/"}]}},"_links":{"self":[{"href":"https:\/\/www.correiobraziliense.com.br\/cbradar\/wp-json\/wp\/v2\/posts\/26683","targetHints":{"allow":["GET"]}}],"collection":[{"href":"https:\/\/www.correiobraziliense.com.br\/cbradar\/wp-json\/wp\/v2\/posts"}],"about":[{"href":"https:\/\/www.correiobraziliense.com.br\/cbradar\/wp-json\/wp\/v2\/types\/post"}],"author":[{"embeddable":true,"href":"https:\/\/www.correiobraziliense.com.br\/cbradar\/wp-json\/wp\/v2\/users\/8"}],"replies":[{"embeddable":true,"href":"https:\/\/www.correiobraziliense.com.br\/cbradar\/wp-json\/wp\/v2\/comments?post=26683"}],"version-history":[{"count":7,"href":"https:\/\/www.correiobraziliense.com.br\/cbradar\/wp-json\/wp\/v2\/posts\/26683\/revisions"}],"predecessor-version":[{"id":26698,"href":"https:\/\/www.correiobraziliense.com.br\/cbradar\/wp-json\/wp\/v2\/posts\/26683\/revisions\/26698"}],"wp:featuredmedia":[{"embeddable":true,"href":"https:\/\/www.correiobraziliense.com.br\/cbradar\/wp-json\/wp\/v2\/media\/18782"}],"wp:attachment":[{"href":"https:\/\/www.correiobraziliense.com.br\/cbradar\/wp-json\/wp\/v2\/media?parent=26683"}],"wp:term":[{"taxonomy":"category","embeddable":true,"href":"https:\/\/www.correiobraziliense.com.br\/cbradar\/wp-json\/wp\/v2\/categories?post=26683"},{"taxonomy":"post_tag","embeddable":true,"href":"https:\/\/www.correiobraziliense.com.br\/cbradar\/wp-json\/wp\/v2\/post_tag?post=26683"}],"curies":[{"name":"wp","href":"https:\/\/api.w.org\/{rel}","templated":true}]}}