{"id":26721,"date":"2025-04-22T10:50:00","date_gmt":"2025-04-22T13:50:00","guid":{"rendered":"https:\/\/www.correiobraziliense.com.br\/cbradar\/?p=26721"},"modified":"2025-04-21T22:45:29","modified_gmt":"2025-04-22T01:45:29","slug":"o-imperio-do-ator-de-psicopata-americano-e-face-do-meme-sigma","status":"publish","type":"post","link":"https:\/\/www.correiobraziliense.com.br\/cbradar\/o-imperio-do-ator-de-psicopata-americano-e-face-do-meme-sigma\/","title":{"rendered":"O imp\u00e9rio do ator de Psicopata Americano e face do meme &#8220;sigma&#8221;"},"content":{"rendered":"\n<p><strong><a href=\"https:\/\/pt.wikipedia.org\/wiki\/Christian_Bale\" target=\"_blank\" rel=\"noreferrer noopener\">Christian Bale<\/a><\/strong> \u00e9 um dos atores mais respeitados e vers\u00e1teis de <strong><a href=\"https:\/\/www.correiobraziliense.com.br\/cbradar\/astros-de-hollywood-brilham-em-novo-filme-de-stephen-king\/\" target=\"_blank\" rel=\"noreferrer noopener\">Hollywood<\/a><\/strong>, conhecido por sua entrega intensa e transforma\u00e7\u00f5es f\u00edsicas em cada personagem. Ao longo de uma carreira brilhante, que atravessa d\u00e9cadas, o ator acumulou n\u00e3o apenas pr\u00eamios de prest\u00edgio, mas tamb\u00e9m uma fortuna consider\u00e1vel. Este artigo explora a trajet\u00f3ria de <strong>Christian Bale<\/strong>, seus maiores sucessos, conquistas e curiosidades, revelando quanto ele acumulou em patrim\u00f4nio ao longo dos anos.<\/p>\n\n\n\n<p>Com um estilo de atua\u00e7\u00e3o que atrai tanto a cr\u00edtica quanto o p\u00fablico, <strong>Christian Bale<\/strong> se destaca em produ\u00e7\u00f5es de grande or\u00e7amento e dramas independentes. A seguir, mergulharemos em sua hist\u00f3ria, desde os primeiros passos na atua\u00e7\u00e3o at\u00e9 sua consagra\u00e7\u00e3o como um dos atores mais bem pagos do cinema mundial.<\/p>\n\n\n\n<h2 class=\"wp-block-heading\">Qual a hist\u00f3ria de Christian Bale?<\/h2>\n\n\n\n<p>Nascido em <strong>30 de janeiro de 1974<\/strong>, na cidade de <strong>Haverfordwest<\/strong>, no <strong>Pa\u00eds de Gales<\/strong>, <strong>Christian Charles Philip Bale<\/strong> cresceu em uma fam\u00edlia com liga\u00e7\u00f5es com o meio art\u00edstico. Desde cedo, demonstrou interesse pelas artes c\u00eanicas, e com apenas <strong>13 anos<\/strong>, conquistou seu primeiro papel de destaque em um filme dirigido por ningu\u00e9m menos que <strong>Steven Spielberg<\/strong>.<\/p>\n\n\n\n<p>Durante sua juventude, <strong>Christian Bale<\/strong> mudou-se frequentemente com a fam\u00edlia, vivendo em diferentes pa\u00edses, o que contribuiu para sua adaptabilidade e compreens\u00e3o de diversas culturas. Esse hist\u00f3rico multicultural pode ter influenciado diretamente na profundidade com que aborda seus personagens, tornando-se uma marca registrada de sua atua\u00e7\u00e3o.<\/p>\n\n\n<div class=\"wp-block-image\">\n<figure class=\"aligncenter size-large\"><img decoding=\"async\" width=\"1024\" height=\"576\" src=\"https:\/\/www.correiobraziliense.com.br\/cbradar\/wp-content\/uploads\/2025\/04\/christian-bale_1745285298756-1024x576.jpg\" alt=\"O imp\u00e9rio do ator de Psicopata Americano e face do meme &quot;sigma&quot;\" class=\"wp-image-26725\" srcset=\"https:\/\/www.correiobraziliense.com.br\/cbradar\/wp-content\/uploads\/2025\/04\/christian-bale_1745285298756-1024x576.jpg 1024w, https:\/\/www.correiobraziliense.com.br\/cbradar\/wp-content\/uploads\/2025\/04\/christian-bale_1745285298756-300x169.jpg 300w, https:\/\/www.correiobraziliense.com.br\/cbradar\/wp-content\/uploads\/2025\/04\/christian-bale_1745285298756-768x432.jpg 768w, https:\/\/www.correiobraziliense.com.br\/cbradar\/wp-content\/uploads\/2025\/04\/christian-bale_1745285298756-750x422.jpg 750w, https:\/\/www.correiobraziliense.com.br\/cbradar\/wp-content\/uploads\/2025\/04\/christian-bale_1745285298756-1140x641.jpg 1140w, https:\/\/www.correiobraziliense.com.br\/cbradar\/wp-content\/uploads\/2025\/04\/christian-bale_1745285298756.jpg 1280w\" sizes=\"(max-width: 1024px) 100vw, 1024px\" \/><figcaption class=\"wp-element-caption\">Cristian Bale \/\/ Cr\u00e9ditos: depositphotos.com \/ tanka_v<\/figcaption><\/figure><\/div>\n\n\n<h2 class=\"wp-block-heading\">Como foi o in\u00edcio da carreira de Christian Bale?<\/h2>\n\n\n\n<p>O in\u00edcio da carreira de <strong>Christian Bale<\/strong> se deu ainda na inf\u00e2ncia, com participa\u00e7\u00f5es em comerciais e pe\u00e7as teatrais. No entanto, foi em <strong>1987<\/strong>, com o papel principal em <strong>&#8220;Imp\u00e9rio do Sol&#8221;<\/strong>, dirigido por <strong>Steven Spielberg<\/strong>, que ele se destacou mundialmente, chamando a aten\u00e7\u00e3o da cr\u00edtica pelo seu talento precoce.<\/p>\n\n\n\n<p>Mesmo com o sucesso inicial, <strong>Christian Bale<\/strong> enfrentou dificuldades para se consolidar como ator adulto. Durante os anos <strong>90<\/strong>, participou de filmes variados e construiu sua reputa\u00e7\u00e3o gradualmente. Sua insist\u00eancia e comprometimento com a arte o mantiveram relevante, at\u00e9 alcan\u00e7ar o estrelato definitivo nos anos seguintes.<\/p>\n\n\n\n<h2 class=\"wp-block-heading\">Quais os maiores sucessos da carreira do Christian Bale?<\/h2>\n\n\n\n<p>Entre os maiores sucessos da carreira de <strong>Christian Bale<\/strong>, destaca-se sua atua\u00e7\u00e3o como <strong>Bruce Wayne<\/strong> na trilogia <strong>&#8220;Batman: O Cavaleiro das Trevas&#8221;<\/strong>, dirigida por <strong>Christopher Nolan<\/strong>. A franquia, al\u00e9m de alcan\u00e7ar bilh\u00f5es em bilheteria, redefiniu o g\u00eanero de filmes de super-her\u00f3i, colocando <strong>Bale<\/strong> como um dos atores mais bem pagos de <strong>Hollywood<\/strong>.<\/p>\n\n\n\n<p>Outros pap\u00e9is marcantes incluem sua performance em <strong>&#8220;O Oper\u00e1rio&#8221;<\/strong>, onde perdeu mais de <strong>28 kg<\/strong>, e em <strong>&#8220;Trapa\u00e7a&#8221;<\/strong>, al\u00e9m de sua elogiada interpreta\u00e7\u00e3o em <strong>&#8220;Vice&#8221;<\/strong>, que lhe rendeu v\u00e1rias indica\u00e7\u00f5es a pr\u00eamios. Seu comprometimento com personagens exigentes fisicamente e emocionalmente fez de <strong>Christian Bale<\/strong> uma refer\u00eancia no cinema contempor\u00e2neo.<\/p>\n\n\n<div class=\"wp-block-image\">\n<figure class=\"aligncenter size-large\"><img decoding=\"async\" width=\"1024\" height=\"576\" src=\"https:\/\/www.correiobraziliense.com.br\/cbradar\/wp-content\/uploads\/2025\/04\/Edicoes-56-1-1024x576.png\" alt=\"O imp\u00e9rio do ator de Psicopata Americano e face do meme &quot;sigma&quot;\" class=\"wp-image-24533\" srcset=\"https:\/\/www.correiobraziliense.com.br\/cbradar\/wp-content\/uploads\/2025\/04\/Edicoes-56-1-1024x576.png 1024w, https:\/\/www.correiobraziliense.com.br\/cbradar\/wp-content\/uploads\/2025\/04\/Edicoes-56-1-300x169.png 300w, https:\/\/www.correiobraziliense.com.br\/cbradar\/wp-content\/uploads\/2025\/04\/Edicoes-56-1-768x432.png 768w, https:\/\/www.correiobraziliense.com.br\/cbradar\/wp-content\/uploads\/2025\/04\/Edicoes-56-1-750x422.png 750w, https:\/\/www.correiobraziliense.com.br\/cbradar\/wp-content\/uploads\/2025\/04\/Edicoes-56-1-1140x641.png 1140w, https:\/\/www.correiobraziliense.com.br\/cbradar\/wp-content\/uploads\/2025\/04\/Edicoes-56-1.png 1280w\" sizes=\"(max-width: 1024px) 100vw, 1024px\" \/><figcaption class=\"wp-element-caption\">Psicopata Americano \/\/ Reprodu\u00e7\u00e3o: IMDb (Foto\/Divulga\u00e7\u00e3o)<\/figcaption><\/figure><\/div>\n\n\n<h2 class=\"wp-block-heading\">Quais seus maiores pr\u00eamios e conquistas da carreira?<\/h2>\n\n\n\n<p><strong>Christian Bale<\/strong> conquistou in\u00fameros pr\u00eamios ao longo de sua carreira. Em <strong>2011<\/strong>, recebeu o <strong>Oscar de Melhor Ator Coadjuvante<\/strong> por sua atua\u00e7\u00e3o em <strong>&#8220;O Vencedor&#8221;<\/strong>, al\u00e9m de ganhar o <strong>Globo de Ouro<\/strong> e o <strong>Screen Actors Guild Award<\/strong> pelo mesmo papel. Essas premia\u00e7\u00f5es marcaram o reconhecimento oficial de seu talento pela ind\u00fastria cinematogr\u00e1fica.<\/p>\n\n\n\n<p>Al\u00e9m do <strong>Oscar<\/strong>, <strong>Bale<\/strong> recebeu outras indica\u00e7\u00f5es importantes, incluindo ao <strong>BAFTA<\/strong>, <strong>Critics\u2019 Choice Awards<\/strong> e novas nomea\u00e7\u00f5es ao <strong>Globo de Ouro<\/strong> por pap\u00e9is em <strong>&#8220;Trapa\u00e7a&#8221;<\/strong> e <strong>&#8220;Vice&#8221;<\/strong>. Sua capacidade de se transformar para cada papel tem sido consistentemente celebrada por cr\u00edticos e cineastas.<\/p>\n\n\n\n<h2 class=\"wp-block-heading\">Christian Bale j\u00e1 se envolveu em pol\u00eamicas?<\/h2>\n\n\n\n<p>Apesar de manter um perfil relativamente reservado, <strong>Christian Bale<\/strong> j\u00e1 esteve envolvido em algumas pol\u00eamicas. Uma das mais not\u00f3rias aconteceu em <strong>2008<\/strong>, quando foi acusado de agress\u00e3o por membros da fam\u00edlia pouco antes da estreia de <strong>&#8220;Batman: O Cavaleiro das Trevas&#8221;<\/strong>. O caso acabou sendo arquivado por falta de provas.<\/p>\n\n\n\n<p>Outra situa\u00e7\u00e3o pol\u00eamica envolveu uma grava\u00e7\u00e3o vazada nos bastidores do filme <strong>&#8220;O Exterminador do Futuro: A Salva\u00e7\u00e3o&#8221;<\/strong>, em que <strong>Bale<\/strong> aparece gritando com um membro da equipe t\u00e9cnica. Posteriormente, ele se desculpou publicamente pelo comportamento, atribuindo o epis\u00f3dio \u00e0 intensidade do momento durante as filmagens.<\/p>\n\n\n\n<h2 class=\"wp-block-heading\">Quais s\u00e3o as curiosidades sobre Christian Bale?<\/h2>\n\n\n\n<ol class=\"wp-block-list\">\n<li><strong>Christian Bale<\/strong> \u00e9 conhecido por suas transforma\u00e7\u00f5es f\u00edsicas extremas para pap\u00e9is.<\/li>\n\n\n\n<li>Aprendeu artes marciais para interpretar <strong>Batman<\/strong> com autenticidade.<\/li>\n\n\n\n<li>\u00c9 fluente em <strong>ingl\u00eas brit\u00e2nico<\/strong> e adota sotaques variados nos filmes.<\/li>\n\n\n\n<li>Recusou pap\u00e9is importantes, como <strong>James Bond<\/strong>, por n\u00e3o querer ficar estigmatizado.<\/li>\n\n\n\n<li>Trabalha frequentemente com o diretor <strong>Christopher Nolan<\/strong>.<\/li>\n\n\n\n<li>\u00c9 vegetariano desde a inf\u00e2ncia.<\/li>\n\n\n\n<li>Come\u00e7ou a atuar aos <strong>8 anos<\/strong> de idade.<\/li>\n\n\n\n<li>J\u00e1 interpretou personagens hist\u00f3ricos como <strong>Dick Cheney<\/strong> e <strong>Patrick Bateman<\/strong>.<\/li>\n\n\n\n<li>Mant\u00e9m sua vida pessoal fora dos holofotes, longe das redes sociais.<\/li>\n\n\n\n<li>\u00c9 casado com <strong>Sibi Blazic<\/strong>, com quem tem dois filhos.<\/li>\n<\/ol>\n\n\n\n<h2 class=\"wp-block-heading\">Qual o valor estimado da fortuna e fontes de renda do Christian Bale?<\/h2>\n\n\n\n<p>O valor estimado da fortuna de <strong>Christian Bale<\/strong> gira em torno de <strong>US$ 120 milh\u00f5es<\/strong>, segundo especialistas em finan\u00e7as de celebridades. Essa quantia \u00e9 resultado de uma carreira s\u00f3lida em grandes produ\u00e7\u00f5es cinematogr\u00e1ficas e contratos milion\u00e1rios, especialmente pela trilogia <strong>&#8220;Batman&#8221;<\/strong>, que lhe rendeu sal\u00e1rios acima de <strong>US$ 15 milh\u00f5es<\/strong> por filme.<\/p>\n\n\n\n<p>Al\u00e9m dos sal\u00e1rios em filmes, <strong>Bale<\/strong> acumula rendimentos com campanhas publicit\u00e1rias, direitos de imagem e contratos de exclusividade. Embora n\u00e3o invista tanto em outras \u00e1reas de entretenimento, seu foco na qualidade de seus pap\u00e9is garantiu estabilidade financeira e prest\u00edgio profissional. Sua dedica\u00e7\u00e3o ao of\u00edcio e escolhas seletivas explicam seu sucesso duradouro.<\/p>\n","protected":false},"excerpt":{"rendered":"<p>Christian Bale \u00e9 um dos atores mais respeitados e vers\u00e1teis de Hollywood, conhecido por sua entrega intensa e transforma\u00e7\u00f5es f\u00edsicas em cada personagem. Ao longo de uma carreira brilhante, que atravessa d\u00e9cadas, o ator acumulou n\u00e3o apenas pr\u00eamios de prest\u00edgio, mas tamb\u00e9m uma fortuna consider\u00e1vel. Este artigo explora a trajet\u00f3ria de Christian Bale, seus maiores [&hellip;]<\/p>\n","protected":false},"author":8,"featured_media":24567,"comment_status":"open","ping_status":"open","sticky":false,"template":"","format":"standard","meta":{"_yoast_wpseo_focuskw":"Psicopata","_yoast_wpseo_title":"","_yoast_wpseo_metadesc":"O ator de Psicopata Americano virou s\u00edmbolo do meme sigma e construiu um imp\u00e9rio surpreendente. Descubra como ele chegou l\u00e1.","jnews-multi-image_gallery":[],"jnews_single_post":{"format":"standard"},"jnews_primary_category":[],"jnews_social_meta":[],"jnews_override_counter":[],"footnotes":""},"categories":[128,169],"post_tag":[3600,3672,3450,3671],"class_list":["post-26721","post","type-post","status-publish","format-standard","has-post-thumbnail","hentry","category-economia","category-noticias","tag-christian-bale","tag-patrick-bateman","tag-psicopata-americano","tag-sigma-face"],"yoast_head":"<!-- This site is optimized with the Yoast SEO plugin v24.6 - https:\/\/yoast.com\/wordpress\/plugins\/seo\/ -->\n<title>O imp\u00e9rio do ator de Psicopata Americano e face do meme &quot;sigma&quot; - Correio Braziliense - Radar<\/title>\n<meta name=\"description\" content=\"O ator de Psicopata Americano virou s\u00edmbolo do meme sigma e construiu um imp\u00e9rio surpreendente. Descubra como ele chegou l\u00e1.\" \/>\n<meta name=\"robots\" content=\"index, follow, max-snippet:-1, max-image-preview:large, max-video-preview:-1\" \/>\n<link rel=\"canonical\" href=\"https:\/\/www.correiobraziliense.com.br\/cbradar\/o-imperio-do-ator-de-psicopata-americano-e-face-do-meme-sigma\/\" \/>\n<meta property=\"og:locale\" content=\"pt_BR\" \/>\n<meta property=\"og:type\" content=\"article\" \/>\n<meta property=\"og:title\" content=\"O imp\u00e9rio do ator de Psicopata Americano e face do meme &quot;sigma&quot; - Correio Braziliense - Radar\" \/>\n<meta property=\"og:description\" content=\"O ator de Psicopata Americano virou s\u00edmbolo do meme sigma e construiu um imp\u00e9rio surpreendente. Descubra como ele chegou l\u00e1.\" \/>\n<meta property=\"og:url\" content=\"https:\/\/www.correiobraziliense.com.br\/cbradar\/o-imperio-do-ator-de-psicopata-americano-e-face-do-meme-sigma\/\" \/>\n<meta property=\"og:site_name\" content=\"Correio Braziliense - Radar\" \/>\n<meta property=\"article:published_time\" content=\"2025-04-22T13:50:00+00:00\" \/>\n<meta property=\"og:image\" content=\"https:\/\/www.correiobraziliense.com.br\/cbradar\/wp-content\/uploads\/2025\/04\/Edicoes-60.png\" \/>\n\t<meta property=\"og:image:width\" content=\"1280\" \/>\n\t<meta property=\"og:image:height\" content=\"720\" \/>\n\t<meta property=\"og:image:type\" content=\"image\/png\" \/>\n<meta name=\"author\" content=\"Maura Pereira\" \/>\n<meta name=\"twitter:card\" content=\"summary_large_image\" \/>\n<meta name=\"twitter:label1\" content=\"Escrito por\" \/>\n\t<meta name=\"twitter:data1\" content=\"Maura Pereira\" \/>\n\t<meta name=\"twitter:label2\" content=\"Est. tempo de leitura\" \/>\n\t<meta name=\"twitter:data2\" content=\"6 minutos\" \/>\n<!-- \/ Yoast SEO plugin. -->","yoast_head_json":{"title":"O imp\u00e9rio do ator de Psicopata Americano e face do meme \"sigma\" - Correio Braziliense - Radar","description":"O ator de Psicopata Americano virou s\u00edmbolo do meme sigma e construiu um imp\u00e9rio surpreendente. Descubra como ele chegou l\u00e1.","robots":{"index":"index","follow":"follow","max-snippet":"max-snippet:-1","max-image-preview":"max-image-preview:large","max-video-preview":"max-video-preview:-1"},"canonical":"https:\/\/www.correiobraziliense.com.br\/cbradar\/o-imperio-do-ator-de-psicopata-americano-e-face-do-meme-sigma\/","og_locale":"pt_BR","og_type":"article","og_title":"O imp\u00e9rio do ator de Psicopata Americano e face do meme \"sigma\" - Correio Braziliense - Radar","og_description":"O ator de Psicopata Americano virou s\u00edmbolo do meme sigma e construiu um imp\u00e9rio surpreendente. Descubra como ele chegou l\u00e1.","og_url":"https:\/\/www.correiobraziliense.com.br\/cbradar\/o-imperio-do-ator-de-psicopata-americano-e-face-do-meme-sigma\/","og_site_name":"Correio Braziliense - Radar","article_published_time":"2025-04-22T13:50:00+00:00","og_image":[{"width":1280,"height":720,"url":"https:\/\/www.correiobraziliense.com.br\/cbradar\/wp-content\/uploads\/2025\/04\/Edicoes-60.png","type":"image\/png"}],"author":"Maura Pereira","twitter_card":"summary_large_image","twitter_misc":{"Escrito por":"Maura Pereira","Est. tempo de leitura":"6 minutos"},"schema":{"@context":"https:\/\/schema.org","@graph":[{"@type":"WebPage","@id":"https:\/\/www.correiobraziliense.com.br\/cbradar\/o-imperio-do-ator-de-psicopata-americano-e-face-do-meme-sigma\/","url":"https:\/\/www.correiobraziliense.com.br\/cbradar\/o-imperio-do-ator-de-psicopata-americano-e-face-do-meme-sigma\/","name":"O imp\u00e9rio do ator de Psicopata Americano e face do meme \"sigma\" - Correio Braziliense - Radar","isPartOf":{"@id":"https:\/\/www.correiobraziliense.com.br\/cbradar\/#website"},"primaryImageOfPage":{"@id":"https:\/\/www.correiobraziliense.com.br\/cbradar\/o-imperio-do-ator-de-psicopata-americano-e-face-do-meme-sigma\/#primaryimage"},"image":{"@id":"https:\/\/www.correiobraziliense.com.br\/cbradar\/o-imperio-do-ator-de-psicopata-americano-e-face-do-meme-sigma\/#primaryimage"},"thumbnailUrl":"https:\/\/www.correiobraziliense.com.br\/cbradar\/wp-content\/uploads\/2025\/04\/Edicoes-60.png","datePublished":"2025-04-22T13:50:00+00:00","author":{"@id":"https:\/\/www.correiobraziliense.com.br\/cbradar\/#\/schema\/person\/4053c651a9bfc785afc6f4cbc9032fd3"},"description":"O ator de Psicopata Americano virou s\u00edmbolo do meme sigma e construiu um imp\u00e9rio surpreendente. Descubra como ele chegou l\u00e1.","breadcrumb":{"@id":"https:\/\/www.correiobraziliense.com.br\/cbradar\/o-imperio-do-ator-de-psicopata-americano-e-face-do-meme-sigma\/#breadcrumb"},"inLanguage":"pt-BR","potentialAction":[{"@type":"ReadAction","target":["https:\/\/www.correiobraziliense.com.br\/cbradar\/o-imperio-do-ator-de-psicopata-americano-e-face-do-meme-sigma\/"]}]},{"@type":"ImageObject","inLanguage":"pt-BR","@id":"https:\/\/www.correiobraziliense.com.br\/cbradar\/o-imperio-do-ator-de-psicopata-americano-e-face-do-meme-sigma\/#primaryimage","url":"https:\/\/www.correiobraziliense.com.br\/cbradar\/wp-content\/uploads\/2025\/04\/Edicoes-60.png","contentUrl":"https:\/\/www.correiobraziliense.com.br\/cbradar\/wp-content\/uploads\/2025\/04\/Edicoes-60.png","width":1280,"height":720,"caption":"Psicopata Americano \/\/ Reprodu\u00e7\u00e3o: IMDb (Foto\/Divulga\u00e7\u00e3o)"},{"@type":"BreadcrumbList","@id":"https:\/\/www.correiobraziliense.com.br\/cbradar\/o-imperio-do-ator-de-psicopata-americano-e-face-do-meme-sigma\/#breadcrumb","itemListElement":[{"@type":"ListItem","position":1,"name":"In\u00edcio","item":"https:\/\/www.correiobraziliense.com.br\/cbradar\/"},{"@type":"ListItem","position":2,"name":"O imp\u00e9rio do ator de Psicopata Americano e face do meme &#8220;sigma&#8221;"}]},{"@type":"WebSite","@id":"https:\/\/www.correiobraziliense.com.br\/cbradar\/#website","url":"https:\/\/www.correiobraziliense.com.br\/cbradar\/","name":"Correio Braziliense - Radar","description":"Acompanhe as \u00faltimas not\u00edcias e fique bem informado sobre tudo o que acontece no Brasil e no mundo.","potentialAction":[{"@type":"SearchAction","target":{"@type":"EntryPoint","urlTemplate":"https:\/\/www.correiobraziliense.com.br\/cbradar\/?s={search_term_string}"},"query-input":{"@type":"PropertyValueSpecification","valueRequired":true,"valueName":"search_term_string"}}],"inLanguage":"pt-BR"},{"@type":"Person","@id":"https:\/\/www.correiobraziliense.com.br\/cbradar\/#\/schema\/person\/4053c651a9bfc785afc6f4cbc9032fd3","name":"Maura Pereira","image":{"@type":"ImageObject","inLanguage":"pt-BR","@id":"https:\/\/www.correiobraziliense.com.br\/cbradar\/#\/schema\/person\/image\/","url":"https:\/\/secure.gravatar.com\/avatar\/3effd6bdadfa447f15089c7f7144eaa6?s=96&d=mm&r=g","contentUrl":"https:\/\/secure.gravatar.com\/avatar\/3effd6bdadfa447f15089c7f7144eaa6?s=96&d=mm&r=g","caption":"Maura Pereira"},"sameAs":["https:\/\/www.correiobraziliense.com.br\/"],"url":"https:\/\/www.correiobraziliense.com.br\/cbradar\/author\/mauramyth\/"}]}},"_links":{"self":[{"href":"https:\/\/www.correiobraziliense.com.br\/cbradar\/wp-json\/wp\/v2\/posts\/26721","targetHints":{"allow":["GET"]}}],"collection":[{"href":"https:\/\/www.correiobraziliense.com.br\/cbradar\/wp-json\/wp\/v2\/posts"}],"about":[{"href":"https:\/\/www.correiobraziliense.com.br\/cbradar\/wp-json\/wp\/v2\/types\/post"}],"author":[{"embeddable":true,"href":"https:\/\/www.correiobraziliense.com.br\/cbradar\/wp-json\/wp\/v2\/users\/8"}],"replies":[{"embeddable":true,"href":"https:\/\/www.correiobraziliense.com.br\/cbradar\/wp-json\/wp\/v2\/comments?post=26721"}],"version-history":[{"count":6,"href":"https:\/\/www.correiobraziliense.com.br\/cbradar\/wp-json\/wp\/v2\/posts\/26721\/revisions"}],"predecessor-version":[{"id":26729,"href":"https:\/\/www.correiobraziliense.com.br\/cbradar\/wp-json\/wp\/v2\/posts\/26721\/revisions\/26729"}],"wp:featuredmedia":[{"embeddable":true,"href":"https:\/\/www.correiobraziliense.com.br\/cbradar\/wp-json\/wp\/v2\/media\/24567"}],"wp:attachment":[{"href":"https:\/\/www.correiobraziliense.com.br\/cbradar\/wp-json\/wp\/v2\/media?parent=26721"}],"wp:term":[{"taxonomy":"category","embeddable":true,"href":"https:\/\/www.correiobraziliense.com.br\/cbradar\/wp-json\/wp\/v2\/categories?post=26721"},{"taxonomy":"post_tag","embeddable":true,"href":"https:\/\/www.correiobraziliense.com.br\/cbradar\/wp-json\/wp\/v2\/post_tag?post=26721"}],"curies":[{"name":"wp","href":"https:\/\/api.w.org\/{rel}","templated":true}]}}