{"id":26774,"date":"2025-04-23T20:30:00","date_gmt":"2025-04-23T23:30:00","guid":{"rendered":"https:\/\/www.correiobraziliense.com.br\/cbradar\/?p=26774"},"modified":"2025-04-22T09:49:34","modified_gmt":"2025-04-22T12:49:34","slug":"como-plantar-cebolinha-e-colher-direto-da-sua-varanda","status":"publish","type":"post","link":"https:\/\/www.correiobraziliense.com.br\/cbradar\/como-plantar-cebolinha-e-colher-direto-da-sua-varanda\/","title":{"rendered":"Como plantar cebolinha e colher direto da sua varanda"},"content":{"rendered":"\n<p>A <strong>cebolinha<\/strong> \u00e9 um tempero essencial na culin\u00e1ria brasileira, presente em molhos, sopas, refogados e saladas. F\u00e1cil de plantar, resistente e de crescimento r\u00e1pido, ela \u00e9 perfeita para quem deseja come\u00e7ar uma horta caseira com pouco espa\u00e7o. Aprender <strong>como plantar cebolinha e colher direto da sua varanda<\/strong> \u00e9 uma maneira pr\u00e1tica de ter um tempero fresco sempre \u00e0 m\u00e3o, sem depender do supermercado e sem ocupar muito espa\u00e7o.<\/p>\n\n\n\n<p>A seguir, veja o passo a passo completo para cultivar cebolinha com sucesso, mesmo em apartamentos ou varandas pequenas.<\/p>\n\n\n\n<h2 class=\"wp-block-heading\">Por que plantar cebolinha em casa?<\/h2>\n\n\n\n<p>Cultivar <strong>cebolinha<\/strong> em casa traz in\u00fameros benef\u00edcios:<\/p>\n\n\n\n<ul class=\"wp-block-list\">\n<li>Folhas frescas e arom\u00e1ticas o ano inteiro<\/li>\n\n\n\n<li>Economia na compra de temperos<\/li>\n\n\n\n<li>Possibilidade de colher direto do vaso<\/li>\n\n\n\n<li>Adapta\u00e7\u00e3o a vasos, jardineiras e pequenos espa\u00e7os<\/li>\n\n\n\n<li>Cultivo f\u00e1cil, ideal para iniciantes<\/li>\n\n\n\n<li>Rebrota cont\u00ednua ap\u00f3s a colheita<\/li>\n<\/ul>\n\n\n\n<p>Al\u00e9m disso, a cebolinha possui propriedades <strong>antioxidantes e digestivas<\/strong>, sendo uma \u00f3tima adi\u00e7\u00e3o \u00e0 alimenta\u00e7\u00e3o saud\u00e1vel.<\/p>\n\n\n\n<h2 class=\"wp-block-heading\">O que voc\u00ea precisa para plantar cebolinha na varanda?<\/h2>\n\n\n\n<p>Voc\u00ea pode plantar cebolinha por sementes, mudas ou replantando a base da cebolinha comprada. Veja o que \u00e9 necess\u00e1rio:<\/p>\n\n\n\n<ul class=\"wp-block-list\">\n<li>Sementes, mudas ou talos de <strong>cebolinha fresca<\/strong><\/li>\n\n\n\n<li>Vaso ou jardineira com <strong>pelo menos 20 cm de profundidade<\/strong><\/li>\n\n\n\n<li>Substrato f\u00e9rtil (terra vegetal + h\u00famus de minhoca + areia)<\/li>\n\n\n\n<li>Pedrinhas ou argila expandida para drenagem<\/li>\n\n\n\n<li>Pazinha de jardinagem<\/li>\n\n\n\n<li>\u00c1gua para rega<\/li>\n\n\n\n<li>Local com boa luminosidade na varanda<\/li>\n<\/ul>\n\n\n\n<p>A cebolinha se adapta bem a pequenos espa\u00e7os e cresce com rapidez quando bem cuidada.<\/p>\n\n\n\n<figure class=\"wp-block-image size-large\"><img decoding=\"async\" width=\"1024\" height=\"576\" src=\"https:\/\/www.correiobraziliense.com.br\/cbradar\/wp-content\/uploads\/2025\/04\/cebolinha_1745316342949-1024x576.jpg\" alt=\"Como plantar cebolinha e colher direto da sua varanda\" class=\"wp-image-26776\" srcset=\"https:\/\/www.correiobraziliense.com.br\/cbradar\/wp-content\/uploads\/2025\/04\/cebolinha_1745316342949-1024x576.jpg 1024w, https:\/\/www.correiobraziliense.com.br\/cbradar\/wp-content\/uploads\/2025\/04\/cebolinha_1745316342949-300x169.jpg 300w, https:\/\/www.correiobraziliense.com.br\/cbradar\/wp-content\/uploads\/2025\/04\/cebolinha_1745316342949-768x432.jpg 768w, https:\/\/www.correiobraziliense.com.br\/cbradar\/wp-content\/uploads\/2025\/04\/cebolinha_1745316342949-750x422.jpg 750w, https:\/\/www.correiobraziliense.com.br\/cbradar\/wp-content\/uploads\/2025\/04\/cebolinha_1745316342949-1140x641.jpg 1140w, https:\/\/www.correiobraziliense.com.br\/cbradar\/wp-content\/uploads\/2025\/04\/cebolinha_1745316342949.jpg 1280w\" sizes=\"(max-width: 1024px) 100vw, 1024px\" \/><figcaption class=\"wp-element-caption\">cebolinha. Cr\u00e9ditos: depositphotos.com \/ VadimVasenin<\/figcaption><\/figure>\n\n\n\n<h2 class=\"wp-block-heading\">Como plantar cebolinha por sementes ou mudas?<\/h2>\n\n\n\n<h3 class=\"wp-block-heading\">Plantio por sementes:<\/h3>\n\n\n\n<ol class=\"wp-block-list\">\n<li>Fa\u00e7a sulcos de 1 cm de profundidade no substrato.<\/li>\n\n\n\n<li>Distribua as sementes e cubra levemente com terra.<\/li>\n\n\n\n<li>Regue suavemente e mantenha o solo \u00famido at\u00e9 a germina\u00e7\u00e3o (de 7 a 14 dias).<\/li>\n\n\n\n<li>Quando as mudas tiverem cerca de 10 cm, fa\u00e7a o desbaste, mantendo as mais fortes.<\/li>\n<\/ol>\n\n\n\n<h3 class=\"wp-block-heading\">Plantio por mudas ou talos:<\/h3>\n\n\n\n<ol class=\"wp-block-list\">\n<li>Reaproveite a base de uma <strong>cebolinha comprada<\/strong> com pelo menos 3 cm de caule e raiz.<\/li>\n\n\n\n<li>Plante em um buraco raso no substrato, deixando a base vis\u00edvel.<\/li>\n\n\n\n<li>Regue e mantenha em local iluminado.<\/li>\n\n\n\n<li>Em poucos dias, novos brotos come\u00e7ar\u00e3o a surgir.<\/li>\n<\/ol>\n\n\n\n<p>Esse m\u00e9todo \u00e9 \u00f3timo para quem quer colher mais r\u00e1pido e reutilizar sobras da cozinha.<\/p>\n\n\n\n<h2 class=\"wp-block-heading\">Onde posicionar o vaso com cebolinha na varanda?<\/h2>\n\n\n\n<p>A cebolinha <strong>precisa de luz solar direta por pelo menos 4 a 6 horas por dia<\/strong>, portanto, posicione o vaso:<\/p>\n\n\n\n<ul class=\"wp-block-list\">\n<li>Em varandas voltadas para o norte ou leste (no hemisf\u00e9rio sul)<\/li>\n\n\n\n<li>Perto de janelas ensolaradas<\/li>\n\n\n\n<li>Em locais com boa circula\u00e7\u00e3o de ar<\/li>\n<\/ul>\n\n\n\n<p>Se sua varanda tiver pouco sol, escolha a parte mais iluminada do dia e complemente com luz artificial, se necess\u00e1rio.<\/p>\n\n\n\n<h2 class=\"wp-block-heading\">Como cuidar da cebolinha no dia a dia?<\/h2>\n\n\n\n<h3 class=\"wp-block-heading\">Rega:<\/h3>\n\n\n\n<ul class=\"wp-block-list\">\n<li>Mantenha o solo <strong>\u00famido, mas nunca encharcado<\/strong>.<\/li>\n\n\n\n<li>Regue <strong>3 a 4 vezes por semana<\/strong> ou quando a terra estiver seca ao toque.<\/li>\n<\/ul>\n\n\n\n<h3 class=\"wp-block-heading\">Aduba\u00e7\u00e3o:<\/h3>\n\n\n\n<ul class=\"wp-block-list\">\n<li>Adube a cada 15 a 20 dias com <strong>h\u00famus de minhoca<\/strong>, compostos org\u00e2nicos ou chorume dilu\u00eddo.<\/li>\n\n\n\n<li>Evite excesso de adubos qu\u00edmicos para manter o sabor natural das folhas.<\/li>\n<\/ul>\n\n\n\n<h3 class=\"wp-block-heading\">Poda e colheita:<\/h3>\n\n\n\n<ul class=\"wp-block-list\">\n<li>Colha as folhas externas com cerca de <strong>20 a 25 cm<\/strong>, cortando a <strong>2 cm da base<\/strong>.<\/li>\n\n\n\n<li>Isso estimula a rebrota e mant\u00e9m a planta sempre produtiva.<\/li>\n<\/ul>\n\n\n\n<h3 class=\"wp-block-heading\">Rebrota:<\/h3>\n\n\n\n<ul class=\"wp-block-list\">\n<li>A cebolinha <strong>brota continuamente<\/strong> ap\u00f3s o corte, permitindo v\u00e1rias colheitas ao longo do ano.<\/li>\n<\/ul>\n\n\n\n<h2 class=\"wp-block-heading\">Quanto tempo leva para colher a cebolinha?<\/h2>\n\n\n\n<p>A cebolinha pode ser colhida entre <strong>30 e 45 dias ap\u00f3s o plantio<\/strong>, dependendo da variedade e das condi\u00e7\u00f5es de cultivo. Depois da primeira colheita, voc\u00ea pode colher <strong>a cada 2 semanas<\/strong>, mantendo a planta saud\u00e1vel e produtiva.<\/p>\n\n\n\n<h2 class=\"wp-block-heading\">D\u00e1 para plantar cebolinha o ano todo?<\/h2>\n\n\n\n<p>Sim! A cebolinha pode ser cultivada <strong>durante todo o ano<\/strong>, especialmente em regi\u00f5es de clima quente ou em locais protegidos. Ela tolera bem varia\u00e7\u00f5es de temperatura e pode ser cultivada <strong>em vasos dentro de casa<\/strong>, desde que tenha luz suficiente.<\/p>\n\n\n\n<h2 class=\"wp-block-heading\">Quais pragas e doen\u00e7as podem afetar a cebolinha?<\/h2>\n\n\n\n<p>Apesar de resistente, a cebolinha pode ser afetada por:<\/p>\n\n\n\n<ul class=\"wp-block-list\">\n<li><strong>Pulg\u00f5es<\/strong><\/li>\n\n\n\n<li><strong>Mosca da cebola<\/strong><\/li>\n\n\n\n<li><strong>\u00c1caros<\/strong><\/li>\n\n\n\n<li><strong>Fungos nas folhas (manchas)<\/strong><\/li>\n<\/ul>\n\n\n\n<h3 class=\"wp-block-heading\">Como prevenir:<\/h3>\n\n\n\n<ul class=\"wp-block-list\">\n<li>Regue diretamente no solo, evitando molhar as folhas<\/li>\n\n\n\n<li>Use repelentes naturais como <strong>\u00f3leo de neem<\/strong> ou calda de alho<\/li>\n\n\n\n<li>Fa\u00e7a inspe\u00e7\u00f5es regulares nas folhas<\/li>\n\n\n\n<li>Retire folhas danificadas ou muito velhas<\/li>\n<\/ul>\n\n\n\n<h2 class=\"wp-block-heading\">FAQ \u2013 Perguntas Frequentes<\/h2>\n\n\n\n<p><strong>1. Posso plantar cebolinha em vaso pequeno?<\/strong><br>Sim, mas o ideal \u00e9 que o vaso tenha pelo menos <strong>20 cm de profundidade<\/strong> para permitir bom crescimento das ra\u00edzes.<\/p>\n\n\n\n<p><strong>2. A cebolinha precisa de muito sol?<\/strong><br>Ela cresce melhor com <strong>4 a 6 horas de sol direto por dia<\/strong>, mas tolera meia-sombra.<\/p>\n\n\n\n<p><strong>3. Posso replantar a cebolinha do mercado?<\/strong><br>Sim! Use a base com ra\u00edzes e plante em vaso \u2014 ela rebrotar\u00e1 em poucos dias.<\/p>\n\n\n\n<p><strong>4. De quanto em quanto tempo posso colher?<\/strong><br>Voc\u00ea pode colher a cada <strong>2 semanas<\/strong>, desde que deixe 2 cm de caule para a rebrota.<\/p>\n\n\n\n<p><strong>5. Preciso adubar com frequ\u00eancia?<\/strong><br>Sim, a cada <strong>15 a 20 dias<\/strong>, com adubo org\u00e2nico para manter o solo nutritivo.<\/p>\n","protected":false},"excerpt":{"rendered":"<p>Aprenda como plantar cebolinha em casa e colher direto da sua varanda. Veja como plantar, cuidar e manter folhas frescas o ano inteiro.<\/p>\n","protected":false},"author":3,"featured_media":26775,"comment_status":"open","ping_status":"open","sticky":false,"template":"","format":"standard","meta":{"_yoast_wpseo_focuskw":"plantar cebolinha","_yoast_wpseo_title":"%%title%%","_yoast_wpseo_metadesc":"Aprenda como plantar cebolinha em casa e colher direto da sua varanda. Veja como plantar, cuidar e manter folhas frescas o ano inteiro.","jnews-multi-image_gallery":[],"jnews_single_post":{"format":"standard"},"jnews_primary_category":[],"jnews_social_meta":[],"jnews_override_counter":[],"footnotes":""},"categories":[136],"post_tag":[456,137],"class_list":["post-26774","post","type-post","status-publish","format-standard","has-post-thumbnail","hentry","category-jardinagem","tag-cebolinha","tag-como-plantar"],"yoast_head":"<!-- This site is optimized with the Yoast SEO plugin v24.6 - https:\/\/yoast.com\/wordpress\/plugins\/seo\/ -->\n<title>Como plantar cebolinha e colher direto da sua varanda<\/title>\n<meta name=\"description\" content=\"Aprenda como plantar cebolinha em casa e colher direto da sua varanda. Veja como plantar, cuidar e manter folhas frescas o ano inteiro.\" \/>\n<meta name=\"robots\" content=\"index, follow, max-snippet:-1, max-image-preview:large, max-video-preview:-1\" \/>\n<link rel=\"canonical\" href=\"https:\/\/www.correiobraziliense.com.br\/cbradar\/como-plantar-cebolinha-e-colher-direto-da-sua-varanda\/\" \/>\n<meta property=\"og:locale\" content=\"pt_BR\" \/>\n<meta property=\"og:type\" content=\"article\" \/>\n<meta property=\"og:title\" content=\"Como plantar cebolinha e colher direto da sua varanda\" \/>\n<meta property=\"og:description\" content=\"Aprenda como plantar cebolinha em casa e colher direto da sua varanda. Veja como plantar, cuidar e manter folhas frescas o ano inteiro.\" \/>\n<meta property=\"og:url\" content=\"https:\/\/www.correiobraziliense.com.br\/cbradar\/como-plantar-cebolinha-e-colher-direto-da-sua-varanda\/\" \/>\n<meta property=\"og:site_name\" content=\"Correio Braziliense - Radar\" \/>\n<meta property=\"article:published_time\" content=\"2025-04-23T23:30:00+00:00\" \/>\n<meta property=\"og:image\" content=\"https:\/\/www.correiobraziliense.com.br\/cbradar\/wp-content\/uploads\/2025\/04\/cebolinha_1745316297273.jpg\" \/>\n\t<meta property=\"og:image:width\" content=\"1280\" \/>\n\t<meta property=\"og:image:height\" content=\"720\" \/>\n\t<meta property=\"og:image:type\" content=\"image\/jpeg\" \/>\n<meta name=\"author\" content=\"Larissa Carvalho\" \/>\n<meta name=\"twitter:card\" content=\"summary_large_image\" \/>\n<meta name=\"twitter:label1\" content=\"Escrito por\" \/>\n\t<meta name=\"twitter:data1\" content=\"Larissa Carvalho\" \/>\n\t<meta name=\"twitter:label2\" content=\"Est. tempo de leitura\" \/>\n\t<meta name=\"twitter:data2\" content=\"5 minutos\" \/>\n<!-- \/ Yoast SEO plugin. -->","yoast_head_json":{"title":"Como plantar cebolinha e colher direto da sua varanda","description":"Aprenda como plantar cebolinha em casa e colher direto da sua varanda. Veja como plantar, cuidar e manter folhas frescas o ano inteiro.","robots":{"index":"index","follow":"follow","max-snippet":"max-snippet:-1","max-image-preview":"max-image-preview:large","max-video-preview":"max-video-preview:-1"},"canonical":"https:\/\/www.correiobraziliense.com.br\/cbradar\/como-plantar-cebolinha-e-colher-direto-da-sua-varanda\/","og_locale":"pt_BR","og_type":"article","og_title":"Como plantar cebolinha e colher direto da sua varanda","og_description":"Aprenda como plantar cebolinha em casa e colher direto da sua varanda. Veja como plantar, cuidar e manter folhas frescas o ano inteiro.","og_url":"https:\/\/www.correiobraziliense.com.br\/cbradar\/como-plantar-cebolinha-e-colher-direto-da-sua-varanda\/","og_site_name":"Correio Braziliense - Radar","article_published_time":"2025-04-23T23:30:00+00:00","og_image":[{"width":1280,"height":720,"url":"https:\/\/www.correiobraziliense.com.br\/cbradar\/wp-content\/uploads\/2025\/04\/cebolinha_1745316297273.jpg","type":"image\/jpeg"}],"author":"Larissa Carvalho","twitter_card":"summary_large_image","twitter_misc":{"Escrito por":"Larissa Carvalho","Est. tempo de leitura":"5 minutos"},"schema":{"@context":"https:\/\/schema.org","@graph":[{"@type":"WebPage","@id":"https:\/\/www.correiobraziliense.com.br\/cbradar\/como-plantar-cebolinha-e-colher-direto-da-sua-varanda\/","url":"https:\/\/www.correiobraziliense.com.br\/cbradar\/como-plantar-cebolinha-e-colher-direto-da-sua-varanda\/","name":"Como plantar cebolinha e colher direto da sua varanda","isPartOf":{"@id":"https:\/\/www.correiobraziliense.com.br\/cbradar\/#website"},"primaryImageOfPage":{"@id":"https:\/\/www.correiobraziliense.com.br\/cbradar\/como-plantar-cebolinha-e-colher-direto-da-sua-varanda\/#primaryimage"},"image":{"@id":"https:\/\/www.correiobraziliense.com.br\/cbradar\/como-plantar-cebolinha-e-colher-direto-da-sua-varanda\/#primaryimage"},"thumbnailUrl":"https:\/\/www.correiobraziliense.com.br\/cbradar\/wp-content\/uploads\/2025\/04\/cebolinha_1745316297273.jpg","datePublished":"2025-04-23T23:30:00+00:00","author":{"@id":"https:\/\/www.correiobraziliense.com.br\/cbradar\/#\/schema\/person\/58422787644df994b53a19d3e56c1513"},"description":"Aprenda como plantar cebolinha em casa e colher direto da sua varanda. Veja como plantar, cuidar e manter folhas frescas o ano inteiro.","breadcrumb":{"@id":"https:\/\/www.correiobraziliense.com.br\/cbradar\/como-plantar-cebolinha-e-colher-direto-da-sua-varanda\/#breadcrumb"},"inLanguage":"pt-BR","potentialAction":[{"@type":"ReadAction","target":["https:\/\/www.correiobraziliense.com.br\/cbradar\/como-plantar-cebolinha-e-colher-direto-da-sua-varanda\/"]}]},{"@type":"ImageObject","inLanguage":"pt-BR","@id":"https:\/\/www.correiobraziliense.com.br\/cbradar\/como-plantar-cebolinha-e-colher-direto-da-sua-varanda\/#primaryimage","url":"https:\/\/www.correiobraziliense.com.br\/cbradar\/wp-content\/uploads\/2025\/04\/cebolinha_1745316297273.jpg","contentUrl":"https:\/\/www.correiobraziliense.com.br\/cbradar\/wp-content\/uploads\/2025\/04\/cebolinha_1745316297273.jpg","width":1280,"height":720,"caption":"cebolinha. Cr\u00e9ditos: depositphotos.com \/ VadimVasenin"},{"@type":"BreadcrumbList","@id":"https:\/\/www.correiobraziliense.com.br\/cbradar\/como-plantar-cebolinha-e-colher-direto-da-sua-varanda\/#breadcrumb","itemListElement":[{"@type":"ListItem","position":1,"name":"In\u00edcio","item":"https:\/\/www.correiobraziliense.com.br\/cbradar\/"},{"@type":"ListItem","position":2,"name":"Como plantar cebolinha e colher direto da sua varanda"}]},{"@type":"WebSite","@id":"https:\/\/www.correiobraziliense.com.br\/cbradar\/#website","url":"https:\/\/www.correiobraziliense.com.br\/cbradar\/","name":"Correio Braziliense - Radar","description":"Acompanhe as \u00faltimas not\u00edcias e fique bem informado sobre tudo o que acontece no Brasil e no mundo.","potentialAction":[{"@type":"SearchAction","target":{"@type":"EntryPoint","urlTemplate":"https:\/\/www.correiobraziliense.com.br\/cbradar\/?s={search_term_string}"},"query-input":{"@type":"PropertyValueSpecification","valueRequired":true,"valueName":"search_term_string"}}],"inLanguage":"pt-BR"},{"@type":"Person","@id":"https:\/\/www.correiobraziliense.com.br\/cbradar\/#\/schema\/person\/58422787644df994b53a19d3e56c1513","name":"Larissa Carvalho","image":{"@type":"ImageObject","inLanguage":"pt-BR","@id":"https:\/\/www.correiobraziliense.com.br\/cbradar\/#\/schema\/person\/image\/","url":"https:\/\/secure.gravatar.com\/avatar\/fe4f91a0de32b52a838d0d612abdc1aa?s=96&d=mm&r=g","contentUrl":"https:\/\/secure.gravatar.com\/avatar\/fe4f91a0de32b52a838d0d612abdc1aa?s=96&d=mm&r=g","caption":"Larissa Carvalho"},"url":"https:\/\/www.correiobraziliense.com.br\/cbradar\/author\/larissamyth\/"}]}},"_links":{"self":[{"href":"https:\/\/www.correiobraziliense.com.br\/cbradar\/wp-json\/wp\/v2\/posts\/26774","targetHints":{"allow":["GET"]}}],"collection":[{"href":"https:\/\/www.correiobraziliense.com.br\/cbradar\/wp-json\/wp\/v2\/posts"}],"about":[{"href":"https:\/\/www.correiobraziliense.com.br\/cbradar\/wp-json\/wp\/v2\/types\/post"}],"author":[{"embeddable":true,"href":"https:\/\/www.correiobraziliense.com.br\/cbradar\/wp-json\/wp\/v2\/users\/3"}],"replies":[{"embeddable":true,"href":"https:\/\/www.correiobraziliense.com.br\/cbradar\/wp-json\/wp\/v2\/comments?post=26774"}],"version-history":[{"count":1,"href":"https:\/\/www.correiobraziliense.com.br\/cbradar\/wp-json\/wp\/v2\/posts\/26774\/revisions"}],"predecessor-version":[{"id":26777,"href":"https:\/\/www.correiobraziliense.com.br\/cbradar\/wp-json\/wp\/v2\/posts\/26774\/revisions\/26777"}],"wp:featuredmedia":[{"embeddable":true,"href":"https:\/\/www.correiobraziliense.com.br\/cbradar\/wp-json\/wp\/v2\/media\/26775"}],"wp:attachment":[{"href":"https:\/\/www.correiobraziliense.com.br\/cbradar\/wp-json\/wp\/v2\/media?parent=26774"}],"wp:term":[{"taxonomy":"category","embeddable":true,"href":"https:\/\/www.correiobraziliense.com.br\/cbradar\/wp-json\/wp\/v2\/categories?post=26774"},{"taxonomy":"post_tag","embeddable":true,"href":"https:\/\/www.correiobraziliense.com.br\/cbradar\/wp-json\/wp\/v2\/post_tag?post=26774"}],"curies":[{"name":"wp","href":"https:\/\/api.w.org\/{rel}","templated":true}]}}