{"id":26805,"date":"2025-04-23T19:30:00","date_gmt":"2025-04-23T22:30:00","guid":{"rendered":"https:\/\/www.correiobraziliense.com.br\/cbradar\/?p=26805"},"modified":"2025-04-22T07:54:26","modified_gmt":"2025-04-22T10:54:26","slug":"filme-careme-ganha-teaser-com-cenas-ineditas-confira","status":"publish","type":"post","link":"https:\/\/www.correiobraziliense.com.br\/cbradar\/filme-careme-ganha-teaser-com-cenas-ineditas-confira\/","title":{"rendered":"Filme Car\u00eame ganha teaser com cenas in\u00e9ditas, confira"},"content":{"rendered":"\n<p><strong>Antonin Car\u00eame<\/strong> \u00e9 frequentemente reconhecido como o primeiro chef celebridade da hist\u00f3ria. Nascido em <strong>Paris <\/strong>no final do s\u00e9culo XVIII, Car\u00eame transformou a culin\u00e1ria em uma forma de arte, elevando a profiss\u00e3o de cozinheiro a um novo patamar. Sua jornada de um jovem humilde a um \u00edcone da gastronomia europeia \u00e9 uma hist\u00f3ria de talento, ambi\u00e7\u00e3o e inova\u00e7\u00e3o.<\/p>\n\n\n\n<p>Car\u00eame come\u00e7ou sua carreira em circunst\u00e2ncias dif\u00edceis, mas seu talento logo chamou a aten\u00e7\u00e3o de figuras influentes da \u00e9poca. Ele se destacou por sua habilidade em criar pratos elaborados e por sua capacidade de impressionar a elite com suas cria\u00e7\u00f5es culin\u00e1rias. Sua ascens\u00e3o ao estrelato n\u00e3o foi apenas resultado de suas habilidades na cozinha, mas tamb\u00e9m de sua vis\u00e3o de transformar a culin\u00e1ria em uma express\u00e3o art\u00edstica.<\/p>\n\n\n\n<h2 class=\"wp-block-heading\">Qual foi o impacto de Car\u00eame na culin\u00e1ria moderna?<\/h2>\n\n\n\n<p>Antonin Car\u00eame \u00e9 amplamente considerado o pai da alta gastronomia. Ele introduziu conceitos que ainda hoje s\u00e3o fundamentais na culin\u00e1ria, como a import\u00e2ncia da apresenta\u00e7\u00e3o dos pratos e a elabora\u00e7\u00e3o de menus sofisticados. Car\u00eame foi um dos primeiros a sistematizar a cozinha francesa, criando receitas que se tornaram cl\u00e1ssicos.<\/p>\n\n\n\n<p>Al\u00e9m disso, Car\u00eame foi pioneiro na utiliza\u00e7\u00e3o de ingredientes frescos e de qualidade, enfatizando a import\u00e2ncia de cada componente em um prato. Sua abordagem meticulosa e criativa influenciou gera\u00e7\u00f5es de chefs e ajudou a definir a culin\u00e1ria francesa como uma das mais respeitadas do mundo.<\/p>\n\n\n\n<figure class=\"wp-block-image size-large\"><img decoding=\"async\" width=\"1024\" height=\"576\" src=\"https:\/\/www.correiobraziliense.com.br\/cbradar\/wp-content\/uploads\/2025\/04\/Careme-1024x576.png\" alt=\"Filme Car\u00eame ganha teaser com cenas in\u00e9ditas, confira\" class=\"wp-image-26808\" srcset=\"https:\/\/www.correiobraziliense.com.br\/cbradar\/wp-content\/uploads\/2025\/04\/Careme-1024x576.png 1024w, https:\/\/www.correiobraziliense.com.br\/cbradar\/wp-content\/uploads\/2025\/04\/Careme-300x169.png 300w, https:\/\/www.correiobraziliense.com.br\/cbradar\/wp-content\/uploads\/2025\/04\/Careme-768x432.png 768w, https:\/\/www.correiobraziliense.com.br\/cbradar\/wp-content\/uploads\/2025\/04\/Careme-750x422.png 750w, https:\/\/www.correiobraziliense.com.br\/cbradar\/wp-content\/uploads\/2025\/04\/Careme-1140x641.png 1140w, https:\/\/www.correiobraziliense.com.br\/cbradar\/wp-content\/uploads\/2025\/04\/Careme.png 1280w\" sizes=\"(max-width: 1024px) 100vw, 1024px\" \/><figcaption class=\"wp-element-caption\">Car\u00eame. Fonte: divulga\u00e7\u00e3o \/ Apple TV+<\/figcaption><\/figure>\n\n\n\n<h2 class=\"wp-block-heading\">Car\u00eame e a pol\u00edtica: como a culin\u00e1ria se tornou uma ferramenta diplom\u00e1tica?<\/h2>\n\n\n\n<p>Durante sua carreira, Car\u00eame n\u00e3o apenas cozinhou para a elite, mas tamb\u00e9m desempenhou um papel importante na pol\u00edtica europeia. Ele foi convidado a trabalhar para figuras poderosas, como o czar Alexandre I da R\u00fassia e o pr\u00edncipe regente da Inglaterra. Nesses c\u00edrculos, a culin\u00e1ria de Car\u00eame tornou-se uma ferramenta diplom\u00e1tica, ajudando a fortalecer rela\u00e7\u00f5es entre na\u00e7\u00f5es.<\/p>\n\n\n\n<p>O uso da culin\u00e1ria como uma forma de influ\u00eancia pol\u00edtica n\u00e3o era incomum na \u00e9poca, mas Car\u00eame elevou essa pr\u00e1tica a um novo n\u00edvel. Suas cria\u00e7\u00f5es n\u00e3o apenas encantavam os paladares, mas tamb\u00e9m serviam como s\u00edmbolo de prest\u00edgio e poder, refor\u00e7ando a posi\u00e7\u00e3o de seus patronos na sociedade.<\/p>\n\n\n\n<iframe loading=\"lazy\" width=\"560\" height=\"315\" src=\"https:\/\/www.youtube.com\/embed\/g9LOTX_A-ps?si=pMHBv1FcmrRgGcza\" title=\"YouTube video player\" frameborder=\"0\" allow=\"accelerometer; autoplay; clipboard-write; encrypted-media; gyroscope; picture-in-picture; web-share\" referrerpolicy=\"strict-origin-when-cross-origin\" allowfullscreen><\/iframe>\n\n\n\n<h2 class=\"wp-block-heading\">Quais s\u00e3o os legados duradouros de Antonin Car\u00eame?<\/h2>\n\n\n\n<p>O legado de Antonin Car\u00eame na culin\u00e1ria \u00e9 vasto e duradouro. Ele n\u00e3o apenas transformou a cozinha francesa, mas tamb\u00e9m estabeleceu padr\u00f5es que continuam a influenciar chefs em todo o mundo. Suas t\u00e9cnicas e receitas s\u00e3o estudadas e replicadas, e sua abordagem \u00e0 culin\u00e1ria como uma forma de arte continua a inspirar.<\/p>\n\n\n\n<p>Al\u00e9m disso, Car\u00eame deixou um legado liter\u00e1rio significativo, com livros que documentam suas receitas e filosofias culin\u00e1rias. Esses textos s\u00e3o considerados obras-primas da literatura gastron\u00f4mica e continuam a ser refer\u00eancia para profissionais e entusiastas da culin\u00e1ria.<\/p>\n\n\n\n<h2 class=\"wp-block-heading\">O que podemos aprender com a hist\u00f3ria de Car\u00eame?<\/h2>\n\n\n\n<p>A hist\u00f3ria de Antonin Car\u00eame \u00e9 um testemunho do poder da determina\u00e7\u00e3o e da inova\u00e7\u00e3o. Ele mostrou que a culin\u00e1ria pode ser mais do que uma simples profiss\u00e3o; pode ser uma forma de express\u00e3o e uma ferramenta de mudan\u00e7a. Sua vida e obra ensinam que, com talento e perseveran\u00e7a, \u00e9 poss\u00edvel transcender as circunst\u00e2ncias e deixar um impacto duradouro no mundo.<\/p>\n\n\n\n<p>Car\u00eame n\u00e3o apenas moldou a culin\u00e1ria moderna, mas tamb\u00e9m abriu caminho para que futuros chefs explorassem novas possibilidades e elevassem a gastronomia a novos patamares. Sua hist\u00f3ria continua a inspirar aqueles que buscam transformar suas paix\u00f5es em legados duradouros.<\/p>\n","protected":false},"excerpt":{"rendered":"<p>Descubra a hist\u00f3ria de Antonin Car\u00eame, o pioneiro da alta gastronomia. Do talento emergente \u00e0 influ\u00eancia na culin\u00e1ria moderna.<\/p>\n","protected":false},"author":3,"featured_media":26807,"comment_status":"open","ping_status":"open","sticky":false,"template":"","format":"standard","meta":{"_yoast_wpseo_focuskw":"Car\u00eame filme","_yoast_wpseo_title":"%%title%%","_yoast_wpseo_metadesc":"Descubra a hist\u00f3ria de Antonin Car\u00eame, o pioneiro da alta gastronomia. Do talento emergente \u00e0 influ\u00eancia na culin\u00e1ria moderna.","jnews-multi-image_gallery":[],"jnews_single_post":{"format":"standard"},"jnews_primary_category":[],"jnews_social_meta":[],"jnews_override_counter":[],"footnotes":""},"categories":[140],"post_tag":[3677,568],"class_list":["post-26805","post","type-post","status-publish","format-standard","has-post-thumbnail","hentry","category-entretenimento","tag-careme","tag-series-e-filmes"],"yoast_head":"<!-- This site is optimized with the Yoast SEO plugin v24.6 - https:\/\/yoast.com\/wordpress\/plugins\/seo\/ -->\n<title>Filme Car\u00eame ganha teaser com cenas in\u00e9ditas, confira<\/title>\n<meta name=\"description\" content=\"Descubra a hist\u00f3ria de Antonin Car\u00eame, o pioneiro da alta gastronomia. Do talento emergente \u00e0 influ\u00eancia na culin\u00e1ria moderna.\" \/>\n<meta name=\"robots\" content=\"index, follow, max-snippet:-1, max-image-preview:large, max-video-preview:-1\" \/>\n<link rel=\"canonical\" href=\"https:\/\/www.correiobraziliense.com.br\/cbradar\/filme-careme-ganha-teaser-com-cenas-ineditas-confira\/\" \/>\n<meta property=\"og:locale\" content=\"pt_BR\" \/>\n<meta property=\"og:type\" content=\"article\" \/>\n<meta property=\"og:title\" content=\"Filme Car\u00eame ganha teaser com cenas in\u00e9ditas, confira\" \/>\n<meta property=\"og:description\" content=\"Descubra a hist\u00f3ria de Antonin Car\u00eame, o pioneiro da alta gastronomia. Do talento emergente \u00e0 influ\u00eancia na culin\u00e1ria moderna.\" \/>\n<meta property=\"og:url\" content=\"https:\/\/www.correiobraziliense.com.br\/cbradar\/filme-careme-ganha-teaser-com-cenas-ineditas-confira\/\" \/>\n<meta property=\"og:site_name\" content=\"Correio Braziliense - Radar\" \/>\n<meta property=\"article:published_time\" content=\"2025-04-23T22:30:00+00:00\" \/>\n<meta property=\"og:image\" content=\"https:\/\/www.correiobraziliense.com.br\/cbradar\/wp-content\/uploads\/2025\/04\/Careme-2.png\" \/>\n\t<meta property=\"og:image:width\" content=\"1280\" \/>\n\t<meta property=\"og:image:height\" content=\"720\" \/>\n\t<meta property=\"og:image:type\" content=\"image\/png\" \/>\n<meta name=\"author\" content=\"Larissa Carvalho\" \/>\n<meta name=\"twitter:card\" content=\"summary_large_image\" \/>\n<meta name=\"twitter:label1\" content=\"Escrito por\" \/>\n\t<meta name=\"twitter:data1\" content=\"Larissa Carvalho\" \/>\n\t<meta name=\"twitter:label2\" content=\"Est. tempo de leitura\" \/>\n\t<meta name=\"twitter:data2\" content=\"4 minutos\" \/>\n<!-- \/ Yoast SEO plugin. -->","yoast_head_json":{"title":"Filme Car\u00eame ganha teaser com cenas in\u00e9ditas, confira","description":"Descubra a hist\u00f3ria de Antonin Car\u00eame, o pioneiro da alta gastronomia. Do talento emergente \u00e0 influ\u00eancia na culin\u00e1ria moderna.","robots":{"index":"index","follow":"follow","max-snippet":"max-snippet:-1","max-image-preview":"max-image-preview:large","max-video-preview":"max-video-preview:-1"},"canonical":"https:\/\/www.correiobraziliense.com.br\/cbradar\/filme-careme-ganha-teaser-com-cenas-ineditas-confira\/","og_locale":"pt_BR","og_type":"article","og_title":"Filme Car\u00eame ganha teaser com cenas in\u00e9ditas, confira","og_description":"Descubra a hist\u00f3ria de Antonin Car\u00eame, o pioneiro da alta gastronomia. Do talento emergente \u00e0 influ\u00eancia na culin\u00e1ria moderna.","og_url":"https:\/\/www.correiobraziliense.com.br\/cbradar\/filme-careme-ganha-teaser-com-cenas-ineditas-confira\/","og_site_name":"Correio Braziliense - Radar","article_published_time":"2025-04-23T22:30:00+00:00","og_image":[{"width":1280,"height":720,"url":"https:\/\/www.correiobraziliense.com.br\/cbradar\/wp-content\/uploads\/2025\/04\/Careme-2.png","type":"image\/png"}],"author":"Larissa Carvalho","twitter_card":"summary_large_image","twitter_misc":{"Escrito por":"Larissa Carvalho","Est. tempo de leitura":"4 minutos"},"schema":{"@context":"https:\/\/schema.org","@graph":[{"@type":"WebPage","@id":"https:\/\/www.correiobraziliense.com.br\/cbradar\/filme-careme-ganha-teaser-com-cenas-ineditas-confira\/","url":"https:\/\/www.correiobraziliense.com.br\/cbradar\/filme-careme-ganha-teaser-com-cenas-ineditas-confira\/","name":"Filme Car\u00eame ganha teaser com cenas in\u00e9ditas, confira","isPartOf":{"@id":"https:\/\/www.correiobraziliense.com.br\/cbradar\/#website"},"primaryImageOfPage":{"@id":"https:\/\/www.correiobraziliense.com.br\/cbradar\/filme-careme-ganha-teaser-com-cenas-ineditas-confira\/#primaryimage"},"image":{"@id":"https:\/\/www.correiobraziliense.com.br\/cbradar\/filme-careme-ganha-teaser-com-cenas-ineditas-confira\/#primaryimage"},"thumbnailUrl":"https:\/\/www.correiobraziliense.com.br\/cbradar\/wp-content\/uploads\/2025\/04\/Careme-2.png","datePublished":"2025-04-23T22:30:00+00:00","author":{"@id":"https:\/\/www.correiobraziliense.com.br\/cbradar\/#\/schema\/person\/58422787644df994b53a19d3e56c1513"},"description":"Descubra a hist\u00f3ria de Antonin Car\u00eame, o pioneiro da alta gastronomia. Do talento emergente \u00e0 influ\u00eancia na culin\u00e1ria moderna.","breadcrumb":{"@id":"https:\/\/www.correiobraziliense.com.br\/cbradar\/filme-careme-ganha-teaser-com-cenas-ineditas-confira\/#breadcrumb"},"inLanguage":"pt-BR","potentialAction":[{"@type":"ReadAction","target":["https:\/\/www.correiobraziliense.com.br\/cbradar\/filme-careme-ganha-teaser-com-cenas-ineditas-confira\/"]}]},{"@type":"ImageObject","inLanguage":"pt-BR","@id":"https:\/\/www.correiobraziliense.com.br\/cbradar\/filme-careme-ganha-teaser-com-cenas-ineditas-confira\/#primaryimage","url":"https:\/\/www.correiobraziliense.com.br\/cbradar\/wp-content\/uploads\/2025\/04\/Careme-2.png","contentUrl":"https:\/\/www.correiobraziliense.com.br\/cbradar\/wp-content\/uploads\/2025\/04\/Careme-2.png","width":1280,"height":720,"caption":"Car\u00eame. Fonte: divulga\u00e7\u00e3o \/ Apple TV+"},{"@type":"BreadcrumbList","@id":"https:\/\/www.correiobraziliense.com.br\/cbradar\/filme-careme-ganha-teaser-com-cenas-ineditas-confira\/#breadcrumb","itemListElement":[{"@type":"ListItem","position":1,"name":"In\u00edcio","item":"https:\/\/www.correiobraziliense.com.br\/cbradar\/"},{"@type":"ListItem","position":2,"name":"Filme Car\u00eame ganha teaser com cenas in\u00e9ditas, confira"}]},{"@type":"WebSite","@id":"https:\/\/www.correiobraziliense.com.br\/cbradar\/#website","url":"https:\/\/www.correiobraziliense.com.br\/cbradar\/","name":"Correio Braziliense - Radar","description":"Acompanhe as \u00faltimas not\u00edcias e fique bem informado sobre tudo o que acontece no Brasil e no mundo.","potentialAction":[{"@type":"SearchAction","target":{"@type":"EntryPoint","urlTemplate":"https:\/\/www.correiobraziliense.com.br\/cbradar\/?s={search_term_string}"},"query-input":{"@type":"PropertyValueSpecification","valueRequired":true,"valueName":"search_term_string"}}],"inLanguage":"pt-BR"},{"@type":"Person","@id":"https:\/\/www.correiobraziliense.com.br\/cbradar\/#\/schema\/person\/58422787644df994b53a19d3e56c1513","name":"Larissa Carvalho","image":{"@type":"ImageObject","inLanguage":"pt-BR","@id":"https:\/\/www.correiobraziliense.com.br\/cbradar\/#\/schema\/person\/image\/","url":"https:\/\/secure.gravatar.com\/avatar\/fe4f91a0de32b52a838d0d612abdc1aa?s=96&d=mm&r=g","contentUrl":"https:\/\/secure.gravatar.com\/avatar\/fe4f91a0de32b52a838d0d612abdc1aa?s=96&d=mm&r=g","caption":"Larissa Carvalho"},"url":"https:\/\/www.correiobraziliense.com.br\/cbradar\/author\/larissamyth\/"}]}},"_links":{"self":[{"href":"https:\/\/www.correiobraziliense.com.br\/cbradar\/wp-json\/wp\/v2\/posts\/26805","targetHints":{"allow":["GET"]}}],"collection":[{"href":"https:\/\/www.correiobraziliense.com.br\/cbradar\/wp-json\/wp\/v2\/posts"}],"about":[{"href":"https:\/\/www.correiobraziliense.com.br\/cbradar\/wp-json\/wp\/v2\/types\/post"}],"author":[{"embeddable":true,"href":"https:\/\/www.correiobraziliense.com.br\/cbradar\/wp-json\/wp\/v2\/users\/3"}],"replies":[{"embeddable":true,"href":"https:\/\/www.correiobraziliense.com.br\/cbradar\/wp-json\/wp\/v2\/comments?post=26805"}],"version-history":[{"count":2,"href":"https:\/\/www.correiobraziliense.com.br\/cbradar\/wp-json\/wp\/v2\/posts\/26805\/revisions"}],"predecessor-version":[{"id":26809,"href":"https:\/\/www.correiobraziliense.com.br\/cbradar\/wp-json\/wp\/v2\/posts\/26805\/revisions\/26809"}],"wp:featuredmedia":[{"embeddable":true,"href":"https:\/\/www.correiobraziliense.com.br\/cbradar\/wp-json\/wp\/v2\/media\/26807"}],"wp:attachment":[{"href":"https:\/\/www.correiobraziliense.com.br\/cbradar\/wp-json\/wp\/v2\/media?parent=26805"}],"wp:term":[{"taxonomy":"category","embeddable":true,"href":"https:\/\/www.correiobraziliense.com.br\/cbradar\/wp-json\/wp\/v2\/categories?post=26805"},{"taxonomy":"post_tag","embeddable":true,"href":"https:\/\/www.correiobraziliense.com.br\/cbradar\/wp-json\/wp\/v2\/post_tag?post=26805"}],"curies":[{"name":"wp","href":"https:\/\/api.w.org\/{rel}","templated":true}]}}