{"id":26971,"date":"2025-04-23T14:10:44","date_gmt":"2025-04-23T17:10:44","guid":{"rendered":"https:\/\/www.correiobraziliense.com.br\/cbradar\/?p=26971"},"modified":"2025-04-22T14:52:35","modified_gmt":"2025-04-22T17:52:35","slug":"tudo-que-voce-precisa-saber-antes-de-comecar-a-plantar-mandioca","status":"publish","type":"post","link":"https:\/\/www.correiobraziliense.com.br\/cbradar\/tudo-que-voce-precisa-saber-antes-de-comecar-a-plantar-mandioca\/","title":{"rendered":"Tudo que voc\u00ea precisa saber antes de come\u00e7ar a plantar mandioca"},"content":{"rendered":"\n<p>A <strong>mandioca<\/strong> (Manihot esculenta), tamb\u00e9m conhecida como <strong>aipim <\/strong>ou <strong>macaxeira<\/strong>, \u00e9 um alimento essencial na <strong>culin\u00e1ria brasileira<\/strong>, sendo fonte de energia, fibras e nutrientes. Al\u00e9m de vers\u00e1til, ela \u00e9 f\u00e1cil de cultivar, se adapta a diferentes tipos de solo e clima e exige poucos cuidados, tornando-se uma excelente op\u00e7\u00e3o para quem deseja iniciar uma horta produtiva em casa ou no s\u00edtio. Com o <a href=\"https:\/\/www.correiobraziliense.com.br\/cbradar\/conheca-as-melhores-ervas-para-digestao-e-como-planta-las-em-casa\/\" target=\"_blank\" rel=\"noreferrer noopener\">plantio <\/a>adequado, \u00e9 poss\u00edvel obter colheitas fartas de ra\u00edzes saborosas, ideais para preparo de diversos pratos, farinhas, tapioca e doces tradicionais.<\/p>\n\n\n\n<h2 class=\"wp-block-heading\">Quais os benef\u00edcios e por que cultiv\u00e1-la?<\/h2>\n\n\n\n<p>A <strong>mandioca<\/strong> \u00e9 rica em carboidratos complexos, vitaminas do complexo B, vitamina C, ferro, pot\u00e1ssio e magn\u00e9sio. Seus principais benef\u00edcios incluem:<\/p>\n\n\n\n<ul class=\"wp-block-list\">\n<li>Fornecimento de energia de forma duradoura<\/li>\n\n\n\n<li>Melhora do tr\u00e2nsito intestinal devido \u00e0 presen\u00e7a de fibras<\/li>\n\n\n\n<li>Fonte acess\u00edvel de nutri\u00e7\u00e3o para regi\u00f5es de menor acesso a alimentos industrializados<\/li>\n\n\n\n<li>Aux\u00edlio no fortalecimento da imunidade<\/li>\n\n\n\n<li>Redu\u00e7\u00e3o da inflama\u00e7\u00e3o<\/li>\n<\/ul>\n\n\n\n<p>Al\u00e9m de nutritiva, \u00e9 econ\u00f4mica, f\u00e1cil de plantar e tem um ciclo produtivo relativamente curto, sendo ideal tanto para produ\u00e7\u00e3o dom\u00e9stica quanto comercial.<\/p>\n\n\n\n<h2 class=\"wp-block-heading\">Qual \u00e9 o melhor local para plantar?<\/h2>\n\n\n\n<p>A <strong>mandioca<\/strong> precisa de bastante sol para se desenvolver bem. O local ideal para o plantio \u00e9 aquele que receba <strong>luz solar direta por pelo menos 6 horas di\u00e1rias<\/strong>. Tamb\u00e9m \u00e9 importante escolher um terreno:<\/p>\n\n\n\n<ul class=\"wp-block-list\">\n<li><strong>Bem drenado<\/strong>, para evitar o apodrecimento das ra\u00edzes<\/li>\n\n\n\n<li><strong>Solto e arenoso<\/strong>, facilitando o crescimento das ra\u00edzes<\/li>\n\n\n\n<li><strong>Sem pedras e tocos<\/strong>, pois isso pode deformar as ra\u00edzes<\/li>\n<\/ul>\n\n\n\n<p>Evite \u00e1reas alagadas ou com excesso de argila, que dificultam a colheita e comprometem a qualidade da planta.<\/p>\n\n\n\n<h2 class=\"wp-block-heading\">Como preparar o solo para o plantio?<\/h2>\n\n\n\n<p>O preparo adequado do solo \u00e9 fundamental para garantir o crescimento saud\u00e1vel e produtivo da <strong>mandioca<\/strong>:<\/p>\n\n\n\n<ol class=\"wp-block-list\">\n<li><strong>Limpagem<\/strong> da \u00e1rea: retire pedras, ra\u00edzes e restos de cultura anterior.<\/li>\n\n\n\n<li><strong>Ara\u00e7\u00e3o e gradagem<\/strong>: revolver o solo at\u00e9 cerca de 30 cm de profundidade para deix\u00e1-lo solto.<\/li>\n\n\n\n<li><strong>Aduba\u00e7\u00e3o de base<\/strong> (opcional, mas recomendada): utilize esterco de curral bem curtido ou composto org\u00e2nico.<\/li>\n\n\n\n<li>Corrigir o pH do solo: o ideal \u00e9 entre <strong>5,5 e 6,5<\/strong>.<\/li>\n<\/ol>\n\n\n\n<p>Canteiros ou leiras de cerca de 30 cm de altura s\u00e3o ideais em locais com tend\u00eancia ao ac\u00famulo de \u00e1gua.<\/p>\n\n\n<div class=\"wp-block-image\">\n<figure class=\"aligncenter size-large\"><img decoding=\"async\" width=\"1024\" height=\"576\" src=\"https:\/\/www.correiobraziliense.com.br\/cbradar\/wp-content\/uploads\/2025\/04\/mandioca_1743481434137-1024x576.jpg\" alt=\"Tudo que voc\u00ea precisa saber antes de come\u00e7ar a plantar mandioca\" class=\"wp-image-17681\" srcset=\"https:\/\/www.correiobraziliense.com.br\/cbradar\/wp-content\/uploads\/2025\/04\/mandioca_1743481434137-1024x576.jpg 1024w, https:\/\/www.correiobraziliense.com.br\/cbradar\/wp-content\/uploads\/2025\/04\/mandioca_1743481434137-300x169.jpg 300w, https:\/\/www.correiobraziliense.com.br\/cbradar\/wp-content\/uploads\/2025\/04\/mandioca_1743481434137-768x432.jpg 768w, https:\/\/www.correiobraziliense.com.br\/cbradar\/wp-content\/uploads\/2025\/04\/mandioca_1743481434137-750x422.jpg 750w, https:\/\/www.correiobraziliense.com.br\/cbradar\/wp-content\/uploads\/2025\/04\/mandioca_1743481434137-1140x641.jpg 1140w, https:\/\/www.correiobraziliense.com.br\/cbradar\/wp-content\/uploads\/2025\/04\/mandioca_1743481434137.jpg 1280w\" sizes=\"(max-width: 1024px) 100vw, 1024px\" \/><figcaption class=\"wp-element-caption\">Mandioca &#8211; Cr\u00e9ditos: depositphotos.com \/ CUNDO<\/figcaption><\/figure><\/div>\n\n\n<h2 class=\"wp-block-heading\">Como plantar: passo a passo<\/h2>\n\n\n\n<p>O plantio da mandioca \u00e9 feito a partir de <strong>manivas<\/strong>, que s\u00e3o peda\u00e7os do caule da planta-m\u00e3e. Veja como plantar corretamente:<\/p>\n\n\n\n<h3 class=\"wp-block-heading\">1. Escolha da maniva:<\/h3>\n\n\n\n<ul class=\"wp-block-list\">\n<li>Use <strong>galhos maduros<\/strong> (com 8 a 12 meses) de plantas saud\u00e1veis.<\/li>\n\n\n\n<li>Corte em peda\u00e7os de 15 a 20 cm, cada um com pelo menos <strong>5 gemas ou \u201colhos\u201d<\/strong>.<\/li>\n\n\n\n<li>Deixe as manivas em local sombreado e arejado por 2 dias antes de plantar.<\/li>\n<\/ul>\n\n\n\n<h3 class=\"wp-block-heading\">2. Plantio:<\/h3>\n\n\n\n<ul class=\"wp-block-list\">\n<li>Plante as manivas de forma <strong>inclinada ou horizontal<\/strong>, enterrando 2\/3 da maniva.<\/li>\n\n\n\n<li>Espa\u00e7amento recomendado:\n<ul class=\"wp-block-list\">\n<li>1 metro entre linhas<\/li>\n\n\n\n<li>0,8 a 1 metro entre plantas<\/li>\n<\/ul>\n<\/li>\n<\/ul>\n\n\n\n<p>Cobrir levemente com terra sem compactar. Regue logo ap\u00f3s o plantio se o solo estiver seco.<\/p>\n\n\n\n<h2 class=\"wp-block-heading\">Quais s\u00e3o os cuidados durante o cultivo?<\/h2>\n\n\n\n<p>A <strong>mandioca<\/strong> \u00e9 r\u00fastica e exige poucos cuidados, mas algumas a\u00e7\u00f5es aumentam a produtividade e evitam problemas:<\/p>\n\n\n\n<ul class=\"wp-block-list\">\n<li><strong>Capinas peri\u00f3dicas<\/strong>: eliminar mato nos primeiros 3 meses \u00e9 essencial, pois a mandioca cresce devagar nesse per\u00edodo.<\/li>\n\n\n\n<li><strong>Aduba\u00e7\u00e3o de cobertura<\/strong>: entre o 30\u00ba e 60\u00ba dia, pode-se aplicar mais composto org\u00e2nico.<\/li>\n\n\n\n<li><strong>Irriga\u00e7\u00e3o<\/strong>: em regi\u00f5es de muita seca, a irriga\u00e7\u00e3o ajuda no desenvolvimento das ra\u00edzes. No entanto, \u00e9 uma planta bastante resistente \u00e0 estiagem.<\/li>\n\n\n\n<li><strong>Tutoramento<\/strong>: em algumas variedades mais altas, \u00e9 poss\u00edvel usar estacas para evitar que a planta tombe.<\/li>\n\n\n\n<li><strong>Controle de pragas<\/strong>: as principais amea\u00e7as s\u00e3o cupins, formigas cortadeiras e cochonilhas. Pode-se utilizar caldas naturais como fumo e \u00f3leo de neem.<\/li>\n<\/ul>\n\n\n\n<h2 class=\"wp-block-heading\">Quanto tempo leva para colher?<\/h2>\n\n\n\n<p>O tempo de colheita varia conforme a variedade e o clima:<\/p>\n\n\n\n<ul class=\"wp-block-list\">\n<li><strong>Aipim ou macaxeira (mandioca mansa)<\/strong>: pronta entre <strong>7 e 10 meses<\/strong>. Ra\u00edzes mais macias e ideais para cozimento.<\/li>\n\n\n\n<li><strong>Mandioca brava (industrial)<\/strong>: colheita entre <strong>12 e 18 meses<\/strong>, usada para produ\u00e7\u00e3o de farinha e f\u00e9cula.<\/li>\n<\/ul>\n\n\n\n<p>A colheita \u00e9 feita arrancando a planta inteira com as m\u00e3os ou com ajuda de ferramentas. O ideal \u00e9 que a colheita seja feita em <strong>tempo seco<\/strong>, para facilitar a retirada das ra\u00edzes e evitar que elas apodre\u00e7am rapidamente.<\/p>\n\n\n\n<h2 class=\"wp-block-heading\">Como armazenar?<\/h2>\n\n\n\n<p>Ap\u00f3s a colheita, a <strong>mandioca<\/strong> deve ser consumida ou processada em at\u00e9 <strong>3 dias<\/strong>, pois come\u00e7a a se deteriorar rapidamente ap\u00f3s ser retirada do solo.<\/p>\n\n\n\n<p>Formas de aproveitamento e conserva\u00e7\u00e3o:<\/p>\n\n\n\n<ul class=\"wp-block-list\">\n<li><strong>Fresca<\/strong>: descasque e armazene na geladeira por at\u00e9 3 dias.<\/li>\n\n\n\n<li><strong>Congelada<\/strong>: pode ser cortada em peda\u00e7os e congelada crua.<\/li>\n\n\n\n<li><strong>Cozida<\/strong>: \u00f3tima para pur\u00eas, bolinhos, sopas e acompanhamentos.<\/li>\n\n\n\n<li><strong>Farinha<\/strong>: processada para virar farinha de mandioca, polvilho doce ou azedo.<\/li>\n\n\n\n<li><strong>Tapioca<\/strong>: feita a partir do amido extra\u00eddo da mandioca brava.<\/li>\n<\/ul>\n\n\n\n<p>Al\u00e9m disso, folhas jovens tamb\u00e9m s\u00e3o comest\u00edveis ap\u00f3s cozimento e muito nutritivas.<\/p>\n\n\n\n<h3 class=\"wp-block-heading\">FAQ<\/h3>\n\n\n\n<p><strong>1. \u00c9 poss\u00edvel plantar mandioca em vasos?<\/strong><br>N\u00e3o \u00e9 o mais indicado. As ra\u00edzes precisam de muito espa\u00e7o e solo profundo. Vasos grandes de 100 litros podem ser usados, mas com produ\u00e7\u00e3o limitada.<\/p>\n\n\n\n<p><strong>2. Preciso regar a mandioca com frequ\u00eancia?<\/strong><br>A mandioca \u00e9 resistente \u00e0 seca, mas regas ocasionais em per\u00edodos secos melhoram o desenvolvimento.<\/p>\n\n\n\n<p><strong>3. Como saber se a mandioca est\u00e1 no ponto de colheita?<\/strong><br>Observe o amarelecimento e queda das folhas. A espessura do caule tamb\u00e9m aumenta. Se colher cedo demais, as ra\u00edzes estar\u00e3o finas.<\/p>\n\n\n\n<p><strong>4. Toda mandioca pode ser comida crua?<\/strong><br>N\u00e3o. Apenas a <strong>mandioca mansa<\/strong> \u00e9 segura ap\u00f3s cozimento. A <strong>mandioca brava<\/strong> cont\u00e9m \u00e1cido cian\u00eddrico e deve ser processada.<\/p>\n\n\n\n<p><strong>5. Posso replantar partes da mandioca colhida?<\/strong><br>Sim! Use os galhos (manivas) das plantas colhidas para fazer novas mudas.<\/p>\n","protected":false},"excerpt":{"rendered":"<p>A mandioca (Manihot esculenta), tamb\u00e9m conhecida como aipim ou macaxeira, \u00e9 um alimento essencial na culin\u00e1ria brasileira, sendo fonte de energia, fibras e nutrientes. Al\u00e9m de vers\u00e1til, ela \u00e9 f\u00e1cil de cultivar, se adapta a diferentes tipos de solo e clima e exige poucos cuidados, tornando-se uma excelente op\u00e7\u00e3o para quem deseja iniciar uma horta [&hellip;]<\/p>\n","protected":false},"author":9,"featured_media":25431,"comment_status":"open","ping_status":"open","sticky":false,"template":"","format":"standard","meta":{"_yoast_wpseo_focuskw":"mandioca","_yoast_wpseo_title":"%%title%% %%page%%","_yoast_wpseo_metadesc":"Aprenda como plantar mandioca de forma simples, do preparo do solo \u00e0 colheita. Dicas pr\u00e1ticas para ter ra\u00edzes saud\u00e1veis e produtivas em casa.","jnews-multi-image_gallery":[],"jnews_single_post":{"format":"standard"},"jnews_primary_category":[],"jnews_social_meta":[],"jnews_override_counter":[],"footnotes":""},"categories":[136],"post_tag":[3705,3183,266,3146],"class_list":["post-26971","post","type-post","status-publish","format-standard","has-post-thumbnail","hentry","category-jardinagem","tag-agricultura-familiar","tag-cultivo-de-raizes","tag-horta-caseira","tag-mandioca"],"yoast_head":"<!-- This site is optimized with the Yoast SEO plugin v24.6 - https:\/\/yoast.com\/wordpress\/plugins\/seo\/ -->\n<title>Tudo que voc\u00ea precisa saber antes de come\u00e7ar a plantar mandioca<\/title>\n<meta name=\"description\" content=\"Aprenda como plantar mandioca de forma simples, do preparo do solo \u00e0 colheita. Dicas pr\u00e1ticas para ter ra\u00edzes saud\u00e1veis e produtivas em casa.\" \/>\n<meta name=\"robots\" content=\"index, follow, max-snippet:-1, max-image-preview:large, max-video-preview:-1\" \/>\n<link rel=\"canonical\" href=\"https:\/\/www.correiobraziliense.com.br\/cbradar\/tudo-que-voce-precisa-saber-antes-de-comecar-a-plantar-mandioca\/\" \/>\n<meta property=\"og:locale\" content=\"pt_BR\" \/>\n<meta property=\"og:type\" content=\"article\" \/>\n<meta property=\"og:title\" content=\"Tudo que voc\u00ea precisa saber antes de come\u00e7ar a plantar mandioca\" \/>\n<meta property=\"og:description\" content=\"Aprenda como plantar mandioca de forma simples, do preparo do solo \u00e0 colheita. Dicas pr\u00e1ticas para ter ra\u00edzes saud\u00e1veis e produtivas em casa.\" \/>\n<meta property=\"og:url\" content=\"https:\/\/www.correiobraziliense.com.br\/cbradar\/tudo-que-voce-precisa-saber-antes-de-comecar-a-plantar-mandioca\/\" \/>\n<meta property=\"og:site_name\" content=\"Correio Braziliense - Radar\" \/>\n<meta property=\"article:published_time\" content=\"2025-04-23T17:10:44+00:00\" \/>\n<meta property=\"og:image\" content=\"https:\/\/www.correiobraziliense.com.br\/cbradar\/wp-content\/uploads\/2025\/04\/mandioquinha-plantacao_1744999542261.jpg\" \/>\n\t<meta property=\"og:image:width\" content=\"1280\" \/>\n\t<meta property=\"og:image:height\" content=\"720\" \/>\n\t<meta property=\"og:image:type\" content=\"image\/jpeg\" \/>\n<meta name=\"author\" content=\"Daniely Cardoso\" \/>\n<meta name=\"twitter:card\" content=\"summary_large_image\" \/>\n<meta name=\"twitter:label1\" content=\"Escrito por\" \/>\n\t<meta name=\"twitter:data1\" content=\"Daniely Cardoso\" \/>\n\t<meta name=\"twitter:label2\" content=\"Est. tempo de leitura\" \/>\n\t<meta name=\"twitter:data2\" content=\"6 minutos\" \/>\n<!-- \/ Yoast SEO plugin. -->","yoast_head_json":{"title":"Tudo que voc\u00ea precisa saber antes de come\u00e7ar a plantar mandioca","description":"Aprenda como plantar mandioca de forma simples, do preparo do solo \u00e0 colheita. Dicas pr\u00e1ticas para ter ra\u00edzes saud\u00e1veis e produtivas em casa.","robots":{"index":"index","follow":"follow","max-snippet":"max-snippet:-1","max-image-preview":"max-image-preview:large","max-video-preview":"max-video-preview:-1"},"canonical":"https:\/\/www.correiobraziliense.com.br\/cbradar\/tudo-que-voce-precisa-saber-antes-de-comecar-a-plantar-mandioca\/","og_locale":"pt_BR","og_type":"article","og_title":"Tudo que voc\u00ea precisa saber antes de come\u00e7ar a plantar mandioca","og_description":"Aprenda como plantar mandioca de forma simples, do preparo do solo \u00e0 colheita. Dicas pr\u00e1ticas para ter ra\u00edzes saud\u00e1veis e produtivas em casa.","og_url":"https:\/\/www.correiobraziliense.com.br\/cbradar\/tudo-que-voce-precisa-saber-antes-de-comecar-a-plantar-mandioca\/","og_site_name":"Correio Braziliense - Radar","article_published_time":"2025-04-23T17:10:44+00:00","og_image":[{"width":1280,"height":720,"url":"https:\/\/www.correiobraziliense.com.br\/cbradar\/wp-content\/uploads\/2025\/04\/mandioquinha-plantacao_1744999542261.jpg","type":"image\/jpeg"}],"author":"Daniely Cardoso","twitter_card":"summary_large_image","twitter_misc":{"Escrito por":"Daniely Cardoso","Est. tempo de leitura":"6 minutos"},"schema":{"@context":"https:\/\/schema.org","@graph":[{"@type":"WebPage","@id":"https:\/\/www.correiobraziliense.com.br\/cbradar\/tudo-que-voce-precisa-saber-antes-de-comecar-a-plantar-mandioca\/","url":"https:\/\/www.correiobraziliense.com.br\/cbradar\/tudo-que-voce-precisa-saber-antes-de-comecar-a-plantar-mandioca\/","name":"Tudo que voc\u00ea precisa saber antes de come\u00e7ar a plantar mandioca","isPartOf":{"@id":"https:\/\/www.correiobraziliense.com.br\/cbradar\/#website"},"primaryImageOfPage":{"@id":"https:\/\/www.correiobraziliense.com.br\/cbradar\/tudo-que-voce-precisa-saber-antes-de-comecar-a-plantar-mandioca\/#primaryimage"},"image":{"@id":"https:\/\/www.correiobraziliense.com.br\/cbradar\/tudo-que-voce-precisa-saber-antes-de-comecar-a-plantar-mandioca\/#primaryimage"},"thumbnailUrl":"https:\/\/www.correiobraziliense.com.br\/cbradar\/wp-content\/uploads\/2025\/04\/mandioquinha-plantacao_1744999542261.jpg","datePublished":"2025-04-23T17:10:44+00:00","author":{"@id":"https:\/\/www.correiobraziliense.com.br\/cbradar\/#\/schema\/person\/7356666e12ec0ee53f348ee5db227032"},"description":"Aprenda como plantar mandioca de forma simples, do preparo do solo \u00e0 colheita. Dicas pr\u00e1ticas para ter ra\u00edzes saud\u00e1veis e produtivas em casa.","breadcrumb":{"@id":"https:\/\/www.correiobraziliense.com.br\/cbradar\/tudo-que-voce-precisa-saber-antes-de-comecar-a-plantar-mandioca\/#breadcrumb"},"inLanguage":"pt-BR","potentialAction":[{"@type":"ReadAction","target":["https:\/\/www.correiobraziliense.com.br\/cbradar\/tudo-que-voce-precisa-saber-antes-de-comecar-a-plantar-mandioca\/"]}]},{"@type":"ImageObject","inLanguage":"pt-BR","@id":"https:\/\/www.correiobraziliense.com.br\/cbradar\/tudo-que-voce-precisa-saber-antes-de-comecar-a-plantar-mandioca\/#primaryimage","url":"https:\/\/www.correiobraziliense.com.br\/cbradar\/wp-content\/uploads\/2025\/04\/mandioquinha-plantacao_1744999542261.jpg","contentUrl":"https:\/\/www.correiobraziliense.com.br\/cbradar\/wp-content\/uploads\/2025\/04\/mandioquinha-plantacao_1744999542261.jpg","width":1280,"height":720,"caption":"Mandioquinha - Cr\u00e9ditos: depositphotos.com \/ kateen2528"},{"@type":"BreadcrumbList","@id":"https:\/\/www.correiobraziliense.com.br\/cbradar\/tudo-que-voce-precisa-saber-antes-de-comecar-a-plantar-mandioca\/#breadcrumb","itemListElement":[{"@type":"ListItem","position":1,"name":"In\u00edcio","item":"https:\/\/www.correiobraziliense.com.br\/cbradar\/"},{"@type":"ListItem","position":2,"name":"Tudo que voc\u00ea precisa saber antes de come\u00e7ar a plantar mandioca"}]},{"@type":"WebSite","@id":"https:\/\/www.correiobraziliense.com.br\/cbradar\/#website","url":"https:\/\/www.correiobraziliense.com.br\/cbradar\/","name":"Correio Braziliense - Radar","description":"Acompanhe as \u00faltimas not\u00edcias e fique bem informado sobre tudo o que acontece no Brasil e no mundo.","potentialAction":[{"@type":"SearchAction","target":{"@type":"EntryPoint","urlTemplate":"https:\/\/www.correiobraziliense.com.br\/cbradar\/?s={search_term_string}"},"query-input":{"@type":"PropertyValueSpecification","valueRequired":true,"valueName":"search_term_string"}}],"inLanguage":"pt-BR"},{"@type":"Person","@id":"https:\/\/www.correiobraziliense.com.br\/cbradar\/#\/schema\/person\/7356666e12ec0ee53f348ee5db227032","name":"Daniely Cardoso","image":{"@type":"ImageObject","inLanguage":"pt-BR","@id":"https:\/\/www.correiobraziliense.com.br\/cbradar\/#\/schema\/person\/image\/","url":"https:\/\/secure.gravatar.com\/avatar\/4b80ddbd124d1f071b626d52d62e5dff?s=96&d=mm&r=g","contentUrl":"https:\/\/secure.gravatar.com\/avatar\/4b80ddbd124d1f071b626d52d62e5dff?s=96&d=mm&r=g","caption":"Daniely Cardoso"},"description":"Redatora nos portais CB Radar e EM Foco, formada pela Universidade Federal de Goi\u00e1s, em Goi\u00e2nia. Apaixonada por comunica\u00e7\u00e3o, arte, decora\u00e7\u00e3o e tend\u00eancias, atuo na produ\u00e7\u00e3o de conte\u00fados envolventes sobre curiosidades, moda, beleza e paisagismo, sempre com um olhar atento \u00e0s novidades do momento.","sameAs":["https:\/\/www.correiobraziliense.com.br\/cbradar"],"url":"https:\/\/www.correiobraziliense.com.br\/cbradar\/author\/danielymyth\/"}]}},"_links":{"self":[{"href":"https:\/\/www.correiobraziliense.com.br\/cbradar\/wp-json\/wp\/v2\/posts\/26971","targetHints":{"allow":["GET"]}}],"collection":[{"href":"https:\/\/www.correiobraziliense.com.br\/cbradar\/wp-json\/wp\/v2\/posts"}],"about":[{"href":"https:\/\/www.correiobraziliense.com.br\/cbradar\/wp-json\/wp\/v2\/types\/post"}],"author":[{"embeddable":true,"href":"https:\/\/www.correiobraziliense.com.br\/cbradar\/wp-json\/wp\/v2\/users\/9"}],"replies":[{"embeddable":true,"href":"https:\/\/www.correiobraziliense.com.br\/cbradar\/wp-json\/wp\/v2\/comments?post=26971"}],"version-history":[{"count":4,"href":"https:\/\/www.correiobraziliense.com.br\/cbradar\/wp-json\/wp\/v2\/posts\/26971\/revisions"}],"predecessor-version":[{"id":26983,"href":"https:\/\/www.correiobraziliense.com.br\/cbradar\/wp-json\/wp\/v2\/posts\/26971\/revisions\/26983"}],"wp:featuredmedia":[{"embeddable":true,"href":"https:\/\/www.correiobraziliense.com.br\/cbradar\/wp-json\/wp\/v2\/media\/25431"}],"wp:attachment":[{"href":"https:\/\/www.correiobraziliense.com.br\/cbradar\/wp-json\/wp\/v2\/media?parent=26971"}],"wp:term":[{"taxonomy":"category","embeddable":true,"href":"https:\/\/www.correiobraziliense.com.br\/cbradar\/wp-json\/wp\/v2\/categories?post=26971"},{"taxonomy":"post_tag","embeddable":true,"href":"https:\/\/www.correiobraziliense.com.br\/cbradar\/wp-json\/wp\/v2\/post_tag?post=26971"}],"curies":[{"name":"wp","href":"https:\/\/api.w.org\/{rel}","templated":true}]}}