{"id":27006,"date":"2025-04-22T16:00:04","date_gmt":"2025-04-22T19:00:04","guid":{"rendered":"https:\/\/www.correiobraziliense.com.br\/cbradar\/?p=27006"},"modified":"2025-05-16T17:28:38","modified_gmt":"2025-05-16T20:28:38","slug":"vaticano-revela-mudancas-na-igreja-catolica-e-novo-papa","status":"publish","type":"post","link":"https:\/\/www.correiobraziliense.com.br\/cbradar\/vaticano-revela-mudancas-na-igreja-catolica-e-novo-papa\/","title":{"rendered":"Vaticano revela mudan\u00e7as na igreja cat\u00f3lica e novo Papa"},"content":{"rendered":"\n<p>Em 2024, o filme &#8220;<strong>Conclave<\/strong>&#8221; estreou, trazendo \u00e0 tona o enigm\u00e1tico processo de elei\u00e7\u00e3o de um novo papa. Baseado no livro de Robert Harris, a hist\u00f3ria se passa no Vaticano, onde cardeais de v\u00e1rias partes do mundo se re\u00fanem para escolher o sucessor do pont\u00edfice falecido. A obra oferece uma imers\u00e3o em um ambiente de rituais antigos e complexas manobras pol\u00edticas, revelando um dos eventos mais secretos da Igreja Cat\u00f3lica.<\/p>\n\n\n\n<p>O filme destaca a tens\u00e3o e o mist\u00e9rio que cercam o conclave, com cada cardeal trazendo suas pr\u00f3prias expectativas e motiva\u00e7\u00f5es. &#8220;Conclave&#8221; n\u00e3o apenas entret\u00e9m, mas tamb\u00e9m provoca reflex\u00f5es sobre as complexas din\u00e2micas que influenciam a escolha de um novo l\u00edder espiritual. A obra aborda a intera\u00e7\u00e3o entre tradi\u00e7\u00e3o e modernidade em um contexto que ultrapassa o religioso, tocando tamb\u00e9m em quest\u00f5es sociais e pol\u00edticas.<\/p>\n\n\n\n<h2 class=\"wp-block-heading\">Como acontece a escolha de um novo papa?<\/h2>\n\n\n\n<p>A elei\u00e7\u00e3o papal \u00e9 um evento envolto em mist\u00e9rio e tradi\u00e7\u00e3o. Durante o conclave, os cardeais s\u00e3o completamente isolados do mundo exterior, participando de discuss\u00f5es e vota\u00e7\u00f5es em segredo absoluto. Este ambiente de suspense \u00e9 um dos elementos centrais do filme, onde cada voto \u00e9 crucial e as alian\u00e7as s\u00e3o formadas longe dos olhos do p\u00fablico. As regras r\u00edgidas e o sigilo criam uma atmosfera carregada de expectativa.<\/p>\n\n\n\n<p>O filme ilustra como a tradi\u00e7\u00e3o e a modernidade se encontram durante o conclave, destacando as complexidades desse processo. A elei\u00e7\u00e3o papal \u00e9 um evento que transcende o \u00e2mbito religioso, influenciando tamb\u00e9m quest\u00f5es sociais e pol\u00edticas em escala global.<\/p>\n\n\n\n<figure class=\"wp-block-image size-large\"><img decoding=\"async\" width=\"1024\" height=\"576\" src=\"https:\/\/www.correiobraziliense.com.br\/cbradar\/wp-content\/uploads\/2025\/04\/Conclave-1-1024x576.png\" alt=\"Vaticano revela mudan\u00e7as na igreja cat\u00f3lica e novo Papa\" class=\"wp-image-27012\" srcset=\"https:\/\/www.correiobraziliense.com.br\/cbradar\/wp-content\/uploads\/2025\/04\/Conclave-1-1024x576.png 1024w, https:\/\/www.correiobraziliense.com.br\/cbradar\/wp-content\/uploads\/2025\/04\/Conclave-1-300x169.png 300w, https:\/\/www.correiobraziliense.com.br\/cbradar\/wp-content\/uploads\/2025\/04\/Conclave-1-768x432.png 768w, https:\/\/www.correiobraziliense.com.br\/cbradar\/wp-content\/uploads\/2025\/04\/Conclave-1-750x422.png 750w, https:\/\/www.correiobraziliense.com.br\/cbradar\/wp-content\/uploads\/2025\/04\/Conclave-1-1140x641.png 1140w, https:\/\/www.correiobraziliense.com.br\/cbradar\/wp-content\/uploads\/2025\/04\/Conclave-1.png 1280w\" sizes=\"(max-width: 1024px) 100vw, 1024px\" \/><figcaption class=\"wp-element-caption\">Conclave. Fonte: divulga\u00e7\u00e3o \/ Diamond Films<\/figcaption><\/figure>\n\n\n\n<h2 class=\"wp-block-heading\">O papel do Cardeal Lomeli na trama<\/h2>\n\n\n\n<p>O Cardeal Lomeli \u00e9 uma figura central na trama de &#8220;Conclave&#8221;, desempenhando um papel vital na condu\u00e7\u00e3o do processo eleitoral. Ele enfrenta desafios internos e externos, buscando garantir que a elei\u00e7\u00e3o seja justa e transparente. Sua jornada \u00e9 marcada por dilemas morais e descobertas que podem ter um impacto significativo no futuro da Igreja.<\/p>\n\n\n\n<p>Lomeli atua como um mediador, navegando pelas complexas rela\u00e7\u00f5es de poder dentro do Vaticano. Sua busca por justi\u00e7a e clareza adiciona profundidade \u00e0 narrativa, refletindo as tens\u00f5es entre tradi\u00e7\u00e3o e inova\u00e7\u00e3o que a Igreja Cat\u00f3lica enfrenta no mundo moderno.<\/p>\n\n\n\n<iframe loading=\"lazy\" width=\"560\" height=\"315\" src=\"https:\/\/www.youtube.com\/embed\/Gf3LRWkhzrQ?si=KngTII-M5haN0AaK\" title=\"YouTube video player\" frameborder=\"0\" allow=\"accelerometer; autoplay; clipboard-write; encrypted-media; gyroscope; picture-in-picture; web-share\" referrerpolicy=\"strict-origin-when-cross-origin\" allowfullscreen><\/iframe>\n\n\n\n<h2 class=\"wp-block-heading\">Tradi\u00e7\u00e3o e inova\u00e7\u00e3o: um equil\u00edbrio delicado<\/h2>\n\n\n\n<p>&#8220;Conclave&#8221; n\u00e3o \u00e9 apenas um filme sobre religi\u00e3o; \u00e9 uma reflex\u00e3o sobre as mudan\u00e7as que a Igreja Cat\u00f3lica enfrenta no mundo contempor\u00e2neo. O filme aborda a tens\u00e3o entre tradi\u00e7\u00e3o e inova\u00e7\u00e3o, e como a pol\u00edtica global pode influenciar a escolha de um novo papa. Essa perspectiva torna o filme relevante, mostrando que a elei\u00e7\u00e3o papal tem implica\u00e7\u00f5es que v\u00e3o al\u00e9m do religioso.<\/p>\n\n\n\n<p>Com uma narrativa envolvente, &#8220;Conclave&#8221; oferece uma an\u00e1lise das estruturas de poder dentro de institui\u00e7\u00f5es religiosas. O filme provoca o p\u00fablico a pensar sobre a influ\u00eancia da religi\u00e3o na sociedade e os interesses que podem estar em jogo. Com personagens complexos e um enredo bem constru\u00eddo, &#8220;Conclave&#8221; equilibra suspense e cr\u00edtica social, levantando quest\u00f5es sobre a transpar\u00eancia e o eterno conflito entre f\u00e9 e poder.<\/p>\n\n\n\n<h2 class=\"wp-block-heading\">Perguntas frequentes sobre &#8220;Conclave&#8221;<\/h2>\n\n\n\n<ul class=\"wp-block-list\">\n<li><strong>O filme &#8220;Conclave&#8221; \u00e9 baseado em fatos reais?<\/strong> \u2013 Embora seja uma obra de fic\u00e7\u00e3o, o filme se inspira em processos reais da Igreja Cat\u00f3lica.<\/li>\n\n\n\n<li><strong>Quem pode se interessar por &#8220;Conclave&#8221;?<\/strong> \u2013 O filme \u00e9 ideal para aqueles que apreciam dramas pol\u00edticos e hist\u00f3rias de suspense.<\/li>\n\n\n\n<li><strong>Onde assistir &#8220;Conclave&#8221;?<\/strong> \u2013 Verifique as plataformas de streaming e cinemas locais para informa\u00e7\u00f5es sobre a disponibilidade.<\/li>\n<\/ul>\n\n\n\n<p>&#8220;Conclave&#8221; oferece uma vis\u00e3o intrigante das for\u00e7as que moldam o Vaticano e suas tradi\u00e7\u00f5es, sendo uma obra que merece ser vista. Atrav\u00e9s de sua narrativa envolvente, o filme convida o p\u00fablico a refletir sobre as complexidades do poder e da f\u00e9 no mundo contempor\u00e2neo.<\/p>\n","protected":false},"excerpt":{"rendered":"<p>Baseado no livro de Robert Harris, Conclave explora o misterioso processo de elei\u00e7\u00e3o papal no Vaticano<\/p>\n","protected":false},"author":3,"featured_media":27011,"comment_status":"open","ping_status":"open","sticky":false,"template":"","format":"standard","meta":{"_yoast_wpseo_focuskw":"conclave novo papa","_yoast_wpseo_title":"%%title%%","_yoast_wpseo_metadesc":"Baseado no livro de Robert Harris, Conclave explora o misterioso processo de elei\u00e7\u00e3o papal no Vaticano","jnews-multi-image_gallery":[],"jnews_single_post":{"format":"standard"},"jnews_primary_category":[],"jnews_social_meta":[],"jnews_override_counter":[],"footnotes":""},"categories":[140],"post_tag":[639,568],"class_list":["post-27006","post","type-post","status-publish","format-standard","has-post-thumbnail","hentry","category-entretenimento","tag-conclave","tag-series-e-filmes"],"yoast_head":"<!-- This site is optimized with the Yoast SEO plugin v24.6 - https:\/\/yoast.com\/wordpress\/plugins\/seo\/ -->\n<title>Vaticano revela mudan\u00e7as na igreja cat\u00f3lica e novo Papa<\/title>\n<meta name=\"description\" content=\"Baseado no livro de Robert Harris, Conclave explora o misterioso processo de elei\u00e7\u00e3o papal no Vaticano\" \/>\n<meta name=\"robots\" content=\"index, follow, max-snippet:-1, max-image-preview:large, max-video-preview:-1\" \/>\n<link rel=\"canonical\" href=\"https:\/\/www.correiobraziliense.com.br\/cbradar\/vaticano-revela-mudancas-na-igreja-catolica-e-novo-papa\/\" \/>\n<meta property=\"og:locale\" content=\"pt_BR\" \/>\n<meta property=\"og:type\" content=\"article\" \/>\n<meta property=\"og:title\" content=\"Vaticano revela mudan\u00e7as na igreja cat\u00f3lica e novo Papa\" \/>\n<meta property=\"og:description\" content=\"Baseado no livro de Robert Harris, Conclave explora o misterioso processo de elei\u00e7\u00e3o papal no Vaticano\" \/>\n<meta property=\"og:url\" content=\"https:\/\/www.correiobraziliense.com.br\/cbradar\/vaticano-revela-mudancas-na-igreja-catolica-e-novo-papa\/\" \/>\n<meta property=\"og:site_name\" content=\"Correio Braziliense - Radar\" \/>\n<meta property=\"article:published_time\" content=\"2025-04-22T19:00:04+00:00\" \/>\n<meta property=\"article:modified_time\" content=\"2025-05-16T20:28:38+00:00\" \/>\n<meta property=\"og:image\" content=\"https:\/\/www.correiobraziliense.com.br\/cbradar\/wp-content\/uploads\/2025\/04\/Conclave-2-1.png\" \/>\n\t<meta property=\"og:image:width\" content=\"1280\" \/>\n\t<meta property=\"og:image:height\" content=\"720\" \/>\n\t<meta property=\"og:image:type\" content=\"image\/png\" \/>\n<meta name=\"author\" content=\"Larissa Carvalho\" \/>\n<meta name=\"twitter:card\" content=\"summary_large_image\" \/>\n<meta name=\"twitter:label1\" content=\"Escrito por\" \/>\n\t<meta name=\"twitter:data1\" content=\"Larissa Carvalho\" \/>\n\t<meta name=\"twitter:label2\" content=\"Est. tempo de leitura\" \/>\n\t<meta name=\"twitter:data2\" content=\"4 minutos\" \/>\n<!-- \/ Yoast SEO plugin. -->","yoast_head_json":{"title":"Vaticano revela mudan\u00e7as na igreja cat\u00f3lica e novo Papa","description":"Baseado no livro de Robert Harris, Conclave explora o misterioso processo de elei\u00e7\u00e3o papal no Vaticano","robots":{"index":"index","follow":"follow","max-snippet":"max-snippet:-1","max-image-preview":"max-image-preview:large","max-video-preview":"max-video-preview:-1"},"canonical":"https:\/\/www.correiobraziliense.com.br\/cbradar\/vaticano-revela-mudancas-na-igreja-catolica-e-novo-papa\/","og_locale":"pt_BR","og_type":"article","og_title":"Vaticano revela mudan\u00e7as na igreja cat\u00f3lica e novo Papa","og_description":"Baseado no livro de Robert Harris, Conclave explora o misterioso processo de elei\u00e7\u00e3o papal no Vaticano","og_url":"https:\/\/www.correiobraziliense.com.br\/cbradar\/vaticano-revela-mudancas-na-igreja-catolica-e-novo-papa\/","og_site_name":"Correio Braziliense - Radar","article_published_time":"2025-04-22T19:00:04+00:00","article_modified_time":"2025-05-16T20:28:38+00:00","og_image":[{"width":1280,"height":720,"url":"https:\/\/www.correiobraziliense.com.br\/cbradar\/wp-content\/uploads\/2025\/04\/Conclave-2-1.png","type":"image\/png"}],"author":"Larissa Carvalho","twitter_card":"summary_large_image","twitter_misc":{"Escrito por":"Larissa Carvalho","Est. tempo de leitura":"4 minutos"},"schema":{"@context":"https:\/\/schema.org","@graph":[{"@type":"WebPage","@id":"https:\/\/www.correiobraziliense.com.br\/cbradar\/vaticano-revela-mudancas-na-igreja-catolica-e-novo-papa\/","url":"https:\/\/www.correiobraziliense.com.br\/cbradar\/vaticano-revela-mudancas-na-igreja-catolica-e-novo-papa\/","name":"Vaticano revela mudan\u00e7as na igreja cat\u00f3lica e novo Papa","isPartOf":{"@id":"https:\/\/www.correiobraziliense.com.br\/cbradar\/#website"},"primaryImageOfPage":{"@id":"https:\/\/www.correiobraziliense.com.br\/cbradar\/vaticano-revela-mudancas-na-igreja-catolica-e-novo-papa\/#primaryimage"},"image":{"@id":"https:\/\/www.correiobraziliense.com.br\/cbradar\/vaticano-revela-mudancas-na-igreja-catolica-e-novo-papa\/#primaryimage"},"thumbnailUrl":"https:\/\/www.correiobraziliense.com.br\/cbradar\/wp-content\/uploads\/2025\/04\/Conclave-2-1.png","datePublished":"2025-04-22T19:00:04+00:00","dateModified":"2025-05-16T20:28:38+00:00","author":{"@id":"https:\/\/www.correiobraziliense.com.br\/cbradar\/#\/schema\/person\/58422787644df994b53a19d3e56c1513"},"description":"Baseado no livro de Robert Harris, Conclave explora o misterioso processo de elei\u00e7\u00e3o papal no Vaticano","breadcrumb":{"@id":"https:\/\/www.correiobraziliense.com.br\/cbradar\/vaticano-revela-mudancas-na-igreja-catolica-e-novo-papa\/#breadcrumb"},"inLanguage":"pt-BR","potentialAction":[{"@type":"ReadAction","target":["https:\/\/www.correiobraziliense.com.br\/cbradar\/vaticano-revela-mudancas-na-igreja-catolica-e-novo-papa\/"]}]},{"@type":"ImageObject","inLanguage":"pt-BR","@id":"https:\/\/www.correiobraziliense.com.br\/cbradar\/vaticano-revela-mudancas-na-igreja-catolica-e-novo-papa\/#primaryimage","url":"https:\/\/www.correiobraziliense.com.br\/cbradar\/wp-content\/uploads\/2025\/04\/Conclave-2-1.png","contentUrl":"https:\/\/www.correiobraziliense.com.br\/cbradar\/wp-content\/uploads\/2025\/04\/Conclave-2-1.png","width":1280,"height":720,"caption":"Conclave. Fonte: divulga\u00e7\u00e3o \/ Diamond Films"},{"@type":"BreadcrumbList","@id":"https:\/\/www.correiobraziliense.com.br\/cbradar\/vaticano-revela-mudancas-na-igreja-catolica-e-novo-papa\/#breadcrumb","itemListElement":[{"@type":"ListItem","position":1,"name":"In\u00edcio","item":"https:\/\/www.correiobraziliense.com.br\/cbradar\/"},{"@type":"ListItem","position":2,"name":"Vaticano revela mudan\u00e7as na igreja cat\u00f3lica e novo Papa"}]},{"@type":"WebSite","@id":"https:\/\/www.correiobraziliense.com.br\/cbradar\/#website","url":"https:\/\/www.correiobraziliense.com.br\/cbradar\/","name":"Correio Braziliense - Radar","description":"Acompanhe as \u00faltimas not\u00edcias e fique bem informado sobre tudo o que acontece no Brasil e no mundo.","potentialAction":[{"@type":"SearchAction","target":{"@type":"EntryPoint","urlTemplate":"https:\/\/www.correiobraziliense.com.br\/cbradar\/?s={search_term_string}"},"query-input":{"@type":"PropertyValueSpecification","valueRequired":true,"valueName":"search_term_string"}}],"inLanguage":"pt-BR"},{"@type":"Person","@id":"https:\/\/www.correiobraziliense.com.br\/cbradar\/#\/schema\/person\/58422787644df994b53a19d3e56c1513","name":"Larissa Carvalho","image":{"@type":"ImageObject","inLanguage":"pt-BR","@id":"https:\/\/www.correiobraziliense.com.br\/cbradar\/#\/schema\/person\/image\/","url":"https:\/\/secure.gravatar.com\/avatar\/fe4f91a0de32b52a838d0d612abdc1aa?s=96&d=mm&r=g","contentUrl":"https:\/\/secure.gravatar.com\/avatar\/fe4f91a0de32b52a838d0d612abdc1aa?s=96&d=mm&r=g","caption":"Larissa Carvalho"},"url":"https:\/\/www.correiobraziliense.com.br\/cbradar\/author\/larissamyth\/"}]}},"_links":{"self":[{"href":"https:\/\/www.correiobraziliense.com.br\/cbradar\/wp-json\/wp\/v2\/posts\/27006","targetHints":{"allow":["GET"]}}],"collection":[{"href":"https:\/\/www.correiobraziliense.com.br\/cbradar\/wp-json\/wp\/v2\/posts"}],"about":[{"href":"https:\/\/www.correiobraziliense.com.br\/cbradar\/wp-json\/wp\/v2\/types\/post"}],"author":[{"embeddable":true,"href":"https:\/\/www.correiobraziliense.com.br\/cbradar\/wp-json\/wp\/v2\/users\/3"}],"replies":[{"embeddable":true,"href":"https:\/\/www.correiobraziliense.com.br\/cbradar\/wp-json\/wp\/v2\/comments?post=27006"}],"version-history":[{"count":2,"href":"https:\/\/www.correiobraziliense.com.br\/cbradar\/wp-json\/wp\/v2\/posts\/27006\/revisions"}],"predecessor-version":[{"id":27013,"href":"https:\/\/www.correiobraziliense.com.br\/cbradar\/wp-json\/wp\/v2\/posts\/27006\/revisions\/27013"}],"wp:featuredmedia":[{"embeddable":true,"href":"https:\/\/www.correiobraziliense.com.br\/cbradar\/wp-json\/wp\/v2\/media\/27011"}],"wp:attachment":[{"href":"https:\/\/www.correiobraziliense.com.br\/cbradar\/wp-json\/wp\/v2\/media?parent=27006"}],"wp:term":[{"taxonomy":"category","embeddable":true,"href":"https:\/\/www.correiobraziliense.com.br\/cbradar\/wp-json\/wp\/v2\/categories?post=27006"},{"taxonomy":"post_tag","embeddable":true,"href":"https:\/\/www.correiobraziliense.com.br\/cbradar\/wp-json\/wp\/v2\/post_tag?post=27006"}],"curies":[{"name":"wp","href":"https:\/\/api.w.org\/{rel}","templated":true}]}}