{"id":27010,"date":"2025-04-23T19:10:00","date_gmt":"2025-04-23T22:10:00","guid":{"rendered":"https:\/\/www.correiobraziliense.com.br\/cbradar\/?p=27010"},"modified":"2025-04-22T16:28:02","modified_gmt":"2025-04-22T19:28:02","slug":"o-patrimonio-acumulado-da-mulher-considerada-a-mais-poderosa-do-mundo","status":"publish","type":"post","link":"https:\/\/www.correiobraziliense.com.br\/cbradar\/o-patrimonio-acumulado-da-mulher-considerada-a-mais-poderosa-do-mundo\/","title":{"rendered":"O patrim\u00f4nio acumulado da mulher considerada a mais poderosa do mundo"},"content":{"rendered":"\n<p><strong>Angela Dorothea Merke<\/strong>l, nascida em 17 de julho de 1954, em <strong>Hamburgo<\/strong>, <strong>Alemanha<\/strong>, \u00e9 uma figura emblem\u00e1tica na pol\u00edtica global. Formada em F\u00edsica e doutora em <strong>Qu\u00edmica<\/strong> <strong>Qu\u00e2ntica<\/strong>, <strong>Merkel<\/strong> se destacou como chanceler da Alemanha de 2005 a 2021. Durante seu mandato, ela se tornou a chefe de estado mais longeva do pa\u00eds desde <strong>Otto<\/strong> <strong>von<\/strong> <strong>Bismarck<\/strong> e <strong>Helmut<\/strong> <strong>Kohl<\/strong>, seu mentor pol\u00edtico.<\/p>\n\n\n\n<p>Merkel foi a primeira mulher a ocupar o cargo de chanceler na <strong>Alemanha<\/strong>, liderando o pa\u00eds em momentos cr\u00edticos, como a crise financeira de 2008, a crise da <strong>Zona<\/strong> do <strong>Euro<\/strong>, a anexa\u00e7\u00e3o da Crimeia pela R\u00fassia e a crise dos refugiados na Europa. Reconhecida por sua habilidade em gerenciar crises e negociar consensos, Merkel deixou um legado significativo na pol\u00edtica europeia e mundial.<\/p>\n\n\n\n<h2 class=\"wp-block-heading\"><strong>Como Angela Merkel chegou ao poder?<\/strong><\/h2>\n\n\n\n<p>Angela Merkel iniciou sua carreira pol\u00edtica ap\u00f3s a queda do <strong>Muro<\/strong> <strong>de<\/strong> <strong>Berlim<\/strong>, em 1989. Ela se juntou ao partido Despertar Democr\u00e1tico e rapidamente ascendeu na pol\u00edtica <strong>alem\u00e3<\/strong>. Em 1990, Merkel se tornou porta-voz adjunta do governo da Alemanha Oriental e, ap\u00f3s a reunifica\u00e7\u00e3o do pa\u00eds, foi eleita para o Parlamento. Sob a lideran\u00e7a de Helmut Kohl, Merkel ocupou cargos ministeriais, incluindo o de Ministra do Meio Ambiente.<\/p>\n\n\n\n<figure class=\"wp-block-image size-large\"><img decoding=\"async\" width=\"1024\" height=\"576\" src=\"https:\/\/www.correiobraziliense.com.br\/cbradar\/wp-content\/uploads\/2025\/04\/Angela-Merkel_1745347603849-1024x576.jpg\" alt=\"Angela Merkel: Legado de uma L\u00edder Mundial\n\n\" class=\"wp-image-27015\" srcset=\"https:\/\/www.correiobraziliense.com.br\/cbradar\/wp-content\/uploads\/2025\/04\/Angela-Merkel_1745347603849-1024x576.jpg 1024w, https:\/\/www.correiobraziliense.com.br\/cbradar\/wp-content\/uploads\/2025\/04\/Angela-Merkel_1745347603849-300x169.jpg 300w, https:\/\/www.correiobraziliense.com.br\/cbradar\/wp-content\/uploads\/2025\/04\/Angela-Merkel_1745347603849-768x432.jpg 768w, https:\/\/www.correiobraziliense.com.br\/cbradar\/wp-content\/uploads\/2025\/04\/Angela-Merkel_1745347603849-750x422.jpg 750w, https:\/\/www.correiobraziliense.com.br\/cbradar\/wp-content\/uploads\/2025\/04\/Angela-Merkel_1745347603849-1140x641.jpg 1140w, https:\/\/www.correiobraziliense.com.br\/cbradar\/wp-content\/uploads\/2025\/04\/Angela-Merkel_1745347603849.jpg 1280w\" sizes=\"(max-width: 1024px) 100vw, 1024px\" \/><figcaption class=\"wp-element-caption\">Angela Merkel.Cr\u00e9ditos: depositphotos.com \/ palinchak<\/figcaption><\/figure>\n\n\n\n<p>Em 2000, Merkel foi eleita presidente da Uni\u00e3o Democrata Crist\u00e3 (CDU), tornando-se a primeira mulher e a primeira pessoa n\u00e3o cat\u00f3lica a liderar o partido. Sua ascens\u00e3o culminou em 2005, quando foi eleita chanceler da Alemanha, posi\u00e7\u00e3o que manteve por quatro mandatos consecutivos.<\/p>\n\n\n\n<h2 class=\"wp-block-heading\"><strong>Quais foram os desafios enfrentados por Merkel durante seu mandato?<\/strong><\/h2>\n\n\n\n<p>Durante seus 16 anos como chanceler, Merkel enfrentou diversos desafios. A crise financeira de 2008 e a subsequente crise da Zona do Euro testaram sua lideran\u00e7a. Merkel foi criticada por sua hesita\u00e7\u00e3o em socorrer a Gr\u00e9cia, mas eventualmente apoiou um plano para evitar o calote grego, sob r\u00edgidas condi\u00e7\u00f5es fiscais.<\/p>\n\n\n\n<p>Outro desafio significativo foi a crise dos refugiados em 2015, quando Merkel decidiu abrir as fronteiras da Alemanha para um milh\u00e3o de refugiados, em contraste com a postura de outros pa\u00edses europeus. Essa decis\u00e3o gerou controv\u00e9rsia, mas tamb\u00e9m destacou seu compromisso com os direitos humanos.<\/p>\n\n\n\n<h2 class=\"wp-block-heading\"><strong>Qual foi o impacto de Merkel na pol\u00edtica internacional?<\/strong><\/h2>\n\n\n\n<p>Angela Merkel desempenhou um papel crucial na pol\u00edtica internacional, especialmente nas rela\u00e7\u00f5es com a <strong>R\u00fassia <\/strong>e a <strong>China<\/strong>. Seu conhecimento da l\u00edngua russa e sua experi\u00eancia na Alemanha Oriental a tornaram uma interlocutora chave com o presidente russo, Vladimir Putin. No entanto, sua rela\u00e7\u00e3o com a R\u00fassia e a China foi alvo de cr\u00edticas, especialmente em rela\u00e7\u00e3o ao gasoduto Nord Stream 2 e \u00e0s rela\u00e7\u00f5es comerciais com Pequim.<\/p>\n\n\n\n<p>Merkel tamb\u00e9m foi uma defensora do multilateralismo e do fortalecimento da Uni\u00e3o Europeia. Ela apoiou a cria\u00e7\u00e3o de um instrumento financeiro para ajudar na recupera\u00e7\u00e3o econ\u00f4mica p\u00f3s-Covid-19 e no desenvolvimento sustent\u00e1vel do bloco.<\/p>\n\n\n\n<h2 class=\"wp-block-heading\"><strong>O legado de Angela Merkel<\/strong><\/h2>\n\n\n\n<p>Angela Merkel deixou um legado duradouro na pol\u00edtica alem\u00e3 e mundial. Ela foi eleita dez vezes consecutivas como a mulher mais poderosa do mundo pela revista Forbes. Conhecida por seu estilo de lideran\u00e7a pragm\u00e1tico e conciliador, Merkel foi uma figura central em momentos de crise global.<\/p>\n\n\n\n<p>Apesar de cr\u00edticas sobre sua hesita\u00e7\u00e3o em algumas decis\u00f5es, Merkel \u00e9 amplamente reconhecida por sua habilidade em navegar crises complexas e por seu compromisso com a estabilidade e a coopera\u00e7\u00e3o internacional. Sua sa\u00edda da cena pol\u00edtica marca o fim de uma era na Alemanha e na Europa.<\/p>\n","protected":false},"excerpt":{"rendered":"<p>Explora\u00e7\u00e3o da vida e carreira de Angela Merkel, a chanceler que deixou um marco na hist\u00f3ria pol\u00edtica da Alemanha e do mundo.<\/p>\n","protected":false},"author":3,"featured_media":27014,"comment_status":"open","ping_status":"open","sticky":false,"template":"","format":"standard","meta":{"jnews-multi-image_gallery":[],"jnews_single_post":{"format":"standard"},"jnews_primary_category":[],"jnews_social_meta":[],"jnews_override_counter":[],"footnotes":""},"categories":[140],"post_tag":[3711,534],"class_list":["post-27010","post","type-post","status-publish","format-standard","has-post-thumbnail","hentry","category-entretenimento","tag-angela-merkel","tag-fortunas"],"yoast_head":"<!-- This site is optimized with the Yoast SEO plugin v24.6 - https:\/\/yoast.com\/wordpress\/plugins\/seo\/ -->\n<title>O patrim\u00f4nio acumulado da mulher considerada a mais poderosa do mundo<\/title>\n<meta name=\"description\" content=\"Explora\u00e7\u00e3o da vida e carreira de Angela Merkel, a chanceler que deixou um marco na hist\u00f3ria pol\u00edtica da Alemanha e do mundo.\" \/>\n<meta name=\"robots\" content=\"index, follow, max-snippet:-1, max-image-preview:large, max-video-preview:-1\" \/>\n<link rel=\"canonical\" href=\"https:\/\/www.correiobraziliense.com.br\/cbradar\/o-patrimonio-acumulado-da-mulher-considerada-a-mais-poderosa-do-mundo\/\" \/>\n<meta property=\"og:locale\" content=\"pt_BR\" \/>\n<meta property=\"og:type\" content=\"article\" \/>\n<meta property=\"og:title\" content=\"O patrim\u00f4nio acumulado da mulher considerada a mais poderosa do mundo\" \/>\n<meta property=\"og:description\" content=\"Explora\u00e7\u00e3o da vida e carreira de Angela Merkel, a chanceler que deixou um marco na hist\u00f3ria pol\u00edtica da Alemanha e do mundo.\" \/>\n<meta property=\"og:url\" content=\"https:\/\/www.correiobraziliense.com.br\/cbradar\/o-patrimonio-acumulado-da-mulher-considerada-a-mais-poderosa-do-mundo\/\" \/>\n<meta property=\"og:site_name\" content=\"Correio Braziliense - Radar\" \/>\n<meta property=\"article:published_time\" content=\"2025-04-23T22:10:00+00:00\" \/>\n<meta property=\"og:image\" content=\"https:\/\/www.correiobraziliense.com.br\/cbradar\/wp-content\/uploads\/2025\/04\/Angela-Merkel_1745347616859.jpg\" \/>\n\t<meta property=\"og:image:width\" content=\"1280\" \/>\n\t<meta property=\"og:image:height\" content=\"720\" \/>\n\t<meta property=\"og:image:type\" content=\"image\/jpeg\" \/>\n<meta name=\"author\" content=\"Larissa Carvalho\" \/>\n<meta name=\"twitter:card\" content=\"summary_large_image\" \/>\n<meta name=\"twitter:label1\" content=\"Escrito por\" \/>\n\t<meta name=\"twitter:data1\" content=\"Larissa Carvalho\" \/>\n\t<meta name=\"twitter:label2\" content=\"Est. tempo de leitura\" \/>\n\t<meta name=\"twitter:data2\" content=\"4 minutos\" \/>\n<!-- \/ Yoast SEO plugin. -->","yoast_head_json":{"title":"O patrim\u00f4nio acumulado da mulher considerada a mais poderosa do mundo","description":"Explora\u00e7\u00e3o da vida e carreira de Angela Merkel, a chanceler que deixou um marco na hist\u00f3ria pol\u00edtica da Alemanha e do mundo.","robots":{"index":"index","follow":"follow","max-snippet":"max-snippet:-1","max-image-preview":"max-image-preview:large","max-video-preview":"max-video-preview:-1"},"canonical":"https:\/\/www.correiobraziliense.com.br\/cbradar\/o-patrimonio-acumulado-da-mulher-considerada-a-mais-poderosa-do-mundo\/","og_locale":"pt_BR","og_type":"article","og_title":"O patrim\u00f4nio acumulado da mulher considerada a mais poderosa do mundo","og_description":"Explora\u00e7\u00e3o da vida e carreira de Angela Merkel, a chanceler que deixou um marco na hist\u00f3ria pol\u00edtica da Alemanha e do mundo.","og_url":"https:\/\/www.correiobraziliense.com.br\/cbradar\/o-patrimonio-acumulado-da-mulher-considerada-a-mais-poderosa-do-mundo\/","og_site_name":"Correio Braziliense - Radar","article_published_time":"2025-04-23T22:10:00+00:00","og_image":[{"width":1280,"height":720,"url":"https:\/\/www.correiobraziliense.com.br\/cbradar\/wp-content\/uploads\/2025\/04\/Angela-Merkel_1745347616859.jpg","type":"image\/jpeg"}],"author":"Larissa Carvalho","twitter_card":"summary_large_image","twitter_misc":{"Escrito por":"Larissa Carvalho","Est. tempo de leitura":"4 minutos"},"schema":{"@context":"https:\/\/schema.org","@graph":[{"@type":"WebPage","@id":"https:\/\/www.correiobraziliense.com.br\/cbradar\/o-patrimonio-acumulado-da-mulher-considerada-a-mais-poderosa-do-mundo\/","url":"https:\/\/www.correiobraziliense.com.br\/cbradar\/o-patrimonio-acumulado-da-mulher-considerada-a-mais-poderosa-do-mundo\/","name":"O patrim\u00f4nio acumulado da mulher considerada a mais poderosa do mundo","isPartOf":{"@id":"https:\/\/www.correiobraziliense.com.br\/cbradar\/#website"},"primaryImageOfPage":{"@id":"https:\/\/www.correiobraziliense.com.br\/cbradar\/o-patrimonio-acumulado-da-mulher-considerada-a-mais-poderosa-do-mundo\/#primaryimage"},"image":{"@id":"https:\/\/www.correiobraziliense.com.br\/cbradar\/o-patrimonio-acumulado-da-mulher-considerada-a-mais-poderosa-do-mundo\/#primaryimage"},"thumbnailUrl":"https:\/\/www.correiobraziliense.com.br\/cbradar\/wp-content\/uploads\/2025\/04\/Angela-Merkel_1745347616859.jpg","datePublished":"2025-04-23T22:10:00+00:00","author":{"@id":"https:\/\/www.correiobraziliense.com.br\/cbradar\/#\/schema\/person\/58422787644df994b53a19d3e56c1513"},"description":"Explora\u00e7\u00e3o da vida e carreira de Angela Merkel, a chanceler que deixou um marco na hist\u00f3ria pol\u00edtica da Alemanha e do mundo.","breadcrumb":{"@id":"https:\/\/www.correiobraziliense.com.br\/cbradar\/o-patrimonio-acumulado-da-mulher-considerada-a-mais-poderosa-do-mundo\/#breadcrumb"},"inLanguage":"pt-BR","potentialAction":[{"@type":"ReadAction","target":["https:\/\/www.correiobraziliense.com.br\/cbradar\/o-patrimonio-acumulado-da-mulher-considerada-a-mais-poderosa-do-mundo\/"]}]},{"@type":"ImageObject","inLanguage":"pt-BR","@id":"https:\/\/www.correiobraziliense.com.br\/cbradar\/o-patrimonio-acumulado-da-mulher-considerada-a-mais-poderosa-do-mundo\/#primaryimage","url":"https:\/\/www.correiobraziliense.com.br\/cbradar\/wp-content\/uploads\/2025\/04\/Angela-Merkel_1745347616859.jpg","contentUrl":"https:\/\/www.correiobraziliense.com.br\/cbradar\/wp-content\/uploads\/2025\/04\/Angela-Merkel_1745347616859.jpg","width":1280,"height":720,"caption":"Angela Merkel.Cr\u00e9ditos: depositphotos.com \/ palinchak"},{"@type":"BreadcrumbList","@id":"https:\/\/www.correiobraziliense.com.br\/cbradar\/o-patrimonio-acumulado-da-mulher-considerada-a-mais-poderosa-do-mundo\/#breadcrumb","itemListElement":[{"@type":"ListItem","position":1,"name":"In\u00edcio","item":"https:\/\/www.correiobraziliense.com.br\/cbradar\/"},{"@type":"ListItem","position":2,"name":"O patrim\u00f4nio acumulado da mulher considerada a mais poderosa do mundo"}]},{"@type":"WebSite","@id":"https:\/\/www.correiobraziliense.com.br\/cbradar\/#website","url":"https:\/\/www.correiobraziliense.com.br\/cbradar\/","name":"Correio Braziliense - Radar","description":"Acompanhe as \u00faltimas not\u00edcias e fique bem informado sobre tudo o que acontece no Brasil e no mundo.","potentialAction":[{"@type":"SearchAction","target":{"@type":"EntryPoint","urlTemplate":"https:\/\/www.correiobraziliense.com.br\/cbradar\/?s={search_term_string}"},"query-input":{"@type":"PropertyValueSpecification","valueRequired":true,"valueName":"search_term_string"}}],"inLanguage":"pt-BR"},{"@type":"Person","@id":"https:\/\/www.correiobraziliense.com.br\/cbradar\/#\/schema\/person\/58422787644df994b53a19d3e56c1513","name":"Larissa Carvalho","image":{"@type":"ImageObject","inLanguage":"pt-BR","@id":"https:\/\/www.correiobraziliense.com.br\/cbradar\/#\/schema\/person\/image\/","url":"https:\/\/secure.gravatar.com\/avatar\/fe4f91a0de32b52a838d0d612abdc1aa?s=96&d=mm&r=g","contentUrl":"https:\/\/secure.gravatar.com\/avatar\/fe4f91a0de32b52a838d0d612abdc1aa?s=96&d=mm&r=g","caption":"Larissa Carvalho"},"url":"https:\/\/www.correiobraziliense.com.br\/cbradar\/author\/larissamyth\/"}]}},"_links":{"self":[{"href":"https:\/\/www.correiobraziliense.com.br\/cbradar\/wp-json\/wp\/v2\/posts\/27010","targetHints":{"allow":["GET"]}}],"collection":[{"href":"https:\/\/www.correiobraziliense.com.br\/cbradar\/wp-json\/wp\/v2\/posts"}],"about":[{"href":"https:\/\/www.correiobraziliense.com.br\/cbradar\/wp-json\/wp\/v2\/types\/post"}],"author":[{"embeddable":true,"href":"https:\/\/www.correiobraziliense.com.br\/cbradar\/wp-json\/wp\/v2\/users\/3"}],"replies":[{"embeddable":true,"href":"https:\/\/www.correiobraziliense.com.br\/cbradar\/wp-json\/wp\/v2\/comments?post=27010"}],"version-history":[{"count":2,"href":"https:\/\/www.correiobraziliense.com.br\/cbradar\/wp-json\/wp\/v2\/posts\/27010\/revisions"}],"predecessor-version":[{"id":27019,"href":"https:\/\/www.correiobraziliense.com.br\/cbradar\/wp-json\/wp\/v2\/posts\/27010\/revisions\/27019"}],"wp:featuredmedia":[{"embeddable":true,"href":"https:\/\/www.correiobraziliense.com.br\/cbradar\/wp-json\/wp\/v2\/media\/27014"}],"wp:attachment":[{"href":"https:\/\/www.correiobraziliense.com.br\/cbradar\/wp-json\/wp\/v2\/media?parent=27010"}],"wp:term":[{"taxonomy":"category","embeddable":true,"href":"https:\/\/www.correiobraziliense.com.br\/cbradar\/wp-json\/wp\/v2\/categories?post=27010"},{"taxonomy":"post_tag","embeddable":true,"href":"https:\/\/www.correiobraziliense.com.br\/cbradar\/wp-json\/wp\/v2\/post_tag?post=27010"}],"curies":[{"name":"wp","href":"https:\/\/api.w.org\/{rel}","templated":true}]}}