{"id":27020,"date":"2025-04-22T19:15:00","date_gmt":"2025-04-22T22:15:00","guid":{"rendered":"https:\/\/www.correiobraziliense.com.br\/cbradar\/?p=27020"},"modified":"2025-04-22T18:26:16","modified_gmt":"2025-04-22T21:26:16","slug":"as-cidades-mais-criativas-do-brasil-que-inspiram-o-mundo-com-cultura","status":"publish","type":"post","link":"https:\/\/www.correiobraziliense.com.br\/cbradar\/as-cidades-mais-criativas-do-brasil-que-inspiram-o-mundo-com-cultura\/","title":{"rendered":"As cidades mais criativas do Brasil que inspiram o mundo com cultura"},"content":{"rendered":"\n<p>O <strong>Brasil<\/strong>, com sua vasta diversidade cultural, tem se destacado internacionalmente por meio de cidades que aliam tradi\u00e7\u00e3o e inova\u00e7\u00e3o. Essas cidades fazem parte da Rede de Cidades Criativas da <strong>UNESCO<\/strong>, um grupo que promove o desenvolvimento sustent\u00e1vel atrav\u00e9s da cultura. Cada cidade, com suas particularidades, mostra como a criatividade pode ser um motor de transforma\u00e7\u00e3o econ\u00f4mica e social, como explica o site <a href=\"https:\/\/bmcnews.com.br\/2025\/04\/02\/cidades-criativas-do-brasil-que-estao-mudando-realidades\/\" target=\"_blank\" rel=\"noreferrer noopener\">BM&amp;C News.<\/a><\/p>\n\n\n\n<p>De Bel\u00e9m a Campina Grande, passando por Bras\u00edlia, Salvador e Paraty, essas cidades s\u00e3o exemplos de como diferentes express\u00f5es culturais, como gastronomia, design, m\u00fasica e literatura, podem ser alavancas para o desenvolvimento local. A seguir, exploramos como cada uma dessas cidades se destaca em suas respectivas \u00e1reas criativas.<\/p>\n\n\n\n<h2 class=\"wp-block-heading\">Bel\u00e9m: Como se destaca a gastronomia amaz\u00f4nica?<\/h2>\n\n\n\n<p>Bel\u00e9m, a capital do Par\u00e1, foi a primeira cidade da Am\u00e9rica Latina a ser reconhecida como Cidade Criativa da Gastronomia pela UNESCO. Este reconhecimento se deve \u00e0 valoriza\u00e7\u00e3o dos ingredientes regionais e dos saberes ancestrais que comp\u00f5em a culin\u00e1ria local. Feiras tradicionais, como o Ver-o-Peso, e eventos como o Festival Ver-o-Gosto, s\u00e3o exemplos de como a cidade promove a sustentabilidade e o desenvolvimento territorial atrav\u00e9s da gastronomia.<\/p>\n\n\n\n<p>A culin\u00e1ria de Bel\u00e9m \u00e9 um reflexo da biodiversidade amaz\u00f4nica, utilizando ingredientes como a\u00e7a\u00ed, tucupi e jambu. Esses elementos n\u00e3o s\u00f3 atraem turistas, mas tamb\u00e9m impulsionam a economia local, destacando a cidade no cen\u00e1rio global.<\/p>\n\n\n\n<h2 class=\"wp-block-heading\">Bras\u00edlia: De que forma o modernismo se expressa criativamente?<\/h2>\n\n\n\n<p>Bras\u00edlia, com sua arquitetura ic\u00f4nica projetada por L\u00facio Costa e Oscar Niemeyer, foi reconhecida como Cidade Criativa do Design. Este t\u00edtulo n\u00e3o se limita ao aspecto est\u00e9tico, mas reflete um compromisso com a forma\u00e7\u00e3o em design e a economia criativa. A cidade investe na valoriza\u00e7\u00e3o do patrim\u00f4nio arquitet\u00f4nico como um ativo econ\u00f4mico e simb\u00f3lico.<\/p>\n\n\n\n<p>Al\u00e9m disso, Bras\u00edlia tem se destacado por iniciativas que promovem o design como ferramenta de inova\u00e7\u00e3o, integrando o modernismo a novas tend\u00eancias e tecnologias. Isso fortalece a identidade cultural da cidade e atrai investimentos no setor criativo.<\/p>\n\n\n\n<h2 class=\"wp-block-heading\">Salvador: Como a m\u00fasica afro-brasileira enriquece a identidade local?<\/h2>\n\n\n\n<p>Salvador \u00e9 reconhecida como Cidade Criativa da M\u00fasica, destacando-se por sua rica <a href=\"https:\/\/www.correiobraziliense.com.br\/cbradar\/tres-capitais-deram-aula-de-gestao-publica-e-estao-inspirando-o-pais\/\" target=\"_blank\" rel=\"noreferrer noopener\">heran\u00e7a<\/a> afro-brasileira e diversidade r\u00edtmica. A cidade investe em pol\u00edticas p\u00fablicas que fomentam a forma\u00e7\u00e3o musical e apoiam artistas locais. Eventos de grande porte, como o Carnaval e o Festival de M\u00fasica Instrumental da Bahia, s\u00e3o exemplos de como a m\u00fasica \u00e9 um pilar cultural e econ\u00f4mico na regi\u00e3o.<\/p>\n\n\n<div class=\"wp-block-image\">\n<figure class=\"aligncenter size-large\"><img decoding=\"async\" width=\"1024\" height=\"576\" src=\"https:\/\/www.correiobraziliense.com.br\/cbradar\/wp-content\/uploads\/2025\/04\/Salvador_1745356877829-1024x576.jpg\" alt=\"As cidades mais criativas do Brasil que inspiram o mundo com cultura\" class=\"wp-image-27022\" srcset=\"https:\/\/www.correiobraziliense.com.br\/cbradar\/wp-content\/uploads\/2025\/04\/Salvador_1745356877829-1024x576.jpg 1024w, https:\/\/www.correiobraziliense.com.br\/cbradar\/wp-content\/uploads\/2025\/04\/Salvador_1745356877829-300x169.jpg 300w, https:\/\/www.correiobraziliense.com.br\/cbradar\/wp-content\/uploads\/2025\/04\/Salvador_1745356877829-768x432.jpg 768w, https:\/\/www.correiobraziliense.com.br\/cbradar\/wp-content\/uploads\/2025\/04\/Salvador_1745356877829-750x422.jpg 750w, https:\/\/www.correiobraziliense.com.br\/cbradar\/wp-content\/uploads\/2025\/04\/Salvador_1745356877829-1140x641.jpg 1140w, https:\/\/www.correiobraziliense.com.br\/cbradar\/wp-content\/uploads\/2025\/04\/Salvador_1745356877829.jpg 1280w\" sizes=\"(max-width: 1024px) 100vw, 1024px\" \/><figcaption class=\"wp-element-caption\">Salvador (Cr\u00e9ditos: depositphotos.com \/ SanCastro)<\/figcaption><\/figure><\/div>\n\n\n<p>A m\u00fasica em Salvador n\u00e3o \u00e9 apenas entretenimento, mas tamb\u00e9m uma forma de preservar e promover a cultura afro-brasileira, fortalecendo a identidade local e atraindo visitantes de todo o mundo.<\/p>\n\n\n\n<h2 class=\"wp-block-heading\">Paraty: Como se harmonizam a literatura e a gastronomia na cidade?<\/h2>\n\n\n\n<p>Paraty, al\u00e9m de ser um centro cultural em expans\u00e3o, \u00e9 reconhecida como Cidade Criativa da Gastronomia. A cidade combina seu patrim\u00f4nio colonial preservado com um vibrante turismo liter\u00e1rio, sendo sede da Festa Liter\u00e1ria Internacional de Paraty (FLIP). Essa combina\u00e7\u00e3o de literatura e gastronomia promove o crescimento sustent\u00e1vel, atraindo turistas e estimulando a economia local.<\/p>\n\n\n\n<p>As experi\u00eancias gastron\u00f4micas aut\u00eanticas de Paraty, aliadas ao seu rico patrim\u00f4nio cultural, fazem da cidade um destino \u00fanico, onde a cultura e a hospitalidade s\u00e3o os principais atrativos.<\/p>\n\n\n\n<h2 class=\"wp-block-heading\">Campina Grande: De que maneiras tradi\u00e7\u00e3o e inova\u00e7\u00e3o digital se integram?<\/h2>\n\n\n\n<p>Campina Grande \u00e9 reconhecida como Cidade Criativa das Artes Midi\u00e1ticas, demonstrando como tradi\u00e7\u00e3o e tecnologia podem coexistir. Conhecida pelo &#8220;Maior S\u00e3o Jo\u00e3o do Mundo&#8221;, a cidade integra festividades tradicionais a projetos digitais e produ\u00e7\u00f5es audiovisuais, transformando a cultura regional em um diferencial competitivo.<\/p>\n\n\n\n<p>Essa integra\u00e7\u00e3o entre o tradicional e o digital n\u00e3o s\u00f3 preserva a cultura local, mas tamb\u00e9m impulsiona a inova\u00e7\u00e3o, tornando Campina Grande um exemplo de como a criatividade pode ser uma ferramenta poderosa para o desenvolvimento urbano e econ\u00f4mico.<\/p>\n\n\n\n<p><\/p>\n","protected":false},"excerpt":{"rendered":"<p>O Brasil, com sua vasta diversidade cultural, tem se destacado internacionalmente por meio de cidades que aliam tradi\u00e7\u00e3o e inova\u00e7\u00e3o. Essas cidades fazem parte da Rede de Cidades Criativas da UNESCO, um grupo que promove o desenvolvimento sustent\u00e1vel atrav\u00e9s da cultura. Cada cidade, com suas particularidades, mostra como a criatividade pode ser um motor de [&hellip;]<\/p>\n","protected":false},"author":10,"featured_media":27021,"comment_status":"open","ping_status":"open","sticky":false,"template":"","format":"standard","meta":{"jnews-multi-image_gallery":[],"jnews_single_post":{"format":"standard"},"jnews_primary_category":[],"jnews_social_meta":[],"jnews_override_counter":[],"footnotes":""},"categories":[108],"post_tag":[225,109,792],"class_list":["post-27020","post","type-post","status-publish","format-standard","has-post-thumbnail","hentry","category-cidades","tag-brasil","tag-cidades","tag-cultura"],"yoast_head":"<!-- This site is optimized with the Yoast SEO plugin v24.6 - https:\/\/yoast.com\/wordpress\/plugins\/seo\/ -->\n<title>As cidades mais criativas do Brasil que inspiram o mundo com cultura - Correio Braziliense - Radar<\/title>\n<meta name=\"description\" content=\"Cidades como Bel\u00e9m, Bras\u00edlia e Salvador mostram como criatividade e cultura est\u00e3o transformando o Brasil e chamando aten\u00e7\u00e3o da UNESCO.\" \/>\n<meta name=\"robots\" content=\"index, follow, max-snippet:-1, max-image-preview:large, max-video-preview:-1\" \/>\n<link rel=\"canonical\" href=\"https:\/\/www.correiobraziliense.com.br\/cbradar\/as-cidades-mais-criativas-do-brasil-que-inspiram-o-mundo-com-cultura\/\" \/>\n<meta property=\"og:locale\" content=\"pt_BR\" \/>\n<meta property=\"og:type\" content=\"article\" \/>\n<meta property=\"og:title\" content=\"As cidades mais criativas do Brasil que inspiram o mundo com cultura - Correio Braziliense - Radar\" \/>\n<meta property=\"og:description\" content=\"Cidades como Bel\u00e9m, Bras\u00edlia e Salvador mostram como criatividade e cultura est\u00e3o transformando o Brasil e chamando aten\u00e7\u00e3o da UNESCO.\" \/>\n<meta property=\"og:url\" content=\"https:\/\/www.correiobraziliense.com.br\/cbradar\/as-cidades-mais-criativas-do-brasil-que-inspiram-o-mundo-com-cultura\/\" \/>\n<meta property=\"og:site_name\" content=\"Correio Braziliense - Radar\" \/>\n<meta property=\"article:published_time\" content=\"2025-04-22T22:15:00+00:00\" \/>\n<meta property=\"og:image\" content=\"https:\/\/www.correiobraziliense.com.br\/cbradar\/wp-content\/uploads\/2025\/04\/paraty_1745356831971.jpg\" \/>\n\t<meta property=\"og:image:width\" content=\"1280\" \/>\n\t<meta property=\"og:image:height\" content=\"720\" \/>\n\t<meta property=\"og:image:type\" content=\"image\/jpeg\" \/>\n<meta name=\"author\" content=\"Patryck Rubim\" \/>\n<meta name=\"twitter:card\" content=\"summary_large_image\" \/>\n<meta name=\"twitter:label1\" content=\"Escrito por\" \/>\n\t<meta name=\"twitter:data1\" content=\"Patryck Rubim\" \/>\n\t<meta name=\"twitter:label2\" content=\"Est. tempo de leitura\" \/>\n\t<meta name=\"twitter:data2\" content=\"4 minutos\" \/>\n<!-- \/ Yoast SEO plugin. -->","yoast_head_json":{"title":"As cidades mais criativas do Brasil que inspiram o mundo com cultura - Correio Braziliense - Radar","description":"Cidades como Bel\u00e9m, Bras\u00edlia e Salvador mostram como criatividade e cultura est\u00e3o transformando o Brasil e chamando aten\u00e7\u00e3o da UNESCO.","robots":{"index":"index","follow":"follow","max-snippet":"max-snippet:-1","max-image-preview":"max-image-preview:large","max-video-preview":"max-video-preview:-1"},"canonical":"https:\/\/www.correiobraziliense.com.br\/cbradar\/as-cidades-mais-criativas-do-brasil-que-inspiram-o-mundo-com-cultura\/","og_locale":"pt_BR","og_type":"article","og_title":"As cidades mais criativas do Brasil que inspiram o mundo com cultura - Correio Braziliense - Radar","og_description":"Cidades como Bel\u00e9m, Bras\u00edlia e Salvador mostram como criatividade e cultura est\u00e3o transformando o Brasil e chamando aten\u00e7\u00e3o da UNESCO.","og_url":"https:\/\/www.correiobraziliense.com.br\/cbradar\/as-cidades-mais-criativas-do-brasil-que-inspiram-o-mundo-com-cultura\/","og_site_name":"Correio Braziliense - Radar","article_published_time":"2025-04-22T22:15:00+00:00","og_image":[{"width":1280,"height":720,"url":"https:\/\/www.correiobraziliense.com.br\/cbradar\/wp-content\/uploads\/2025\/04\/paraty_1745356831971.jpg","type":"image\/jpeg"}],"author":"Patryck Rubim","twitter_card":"summary_large_image","twitter_misc":{"Escrito por":"Patryck Rubim","Est. tempo de leitura":"4 minutos"},"schema":{"@context":"https:\/\/schema.org","@graph":[{"@type":"WebPage","@id":"https:\/\/www.correiobraziliense.com.br\/cbradar\/as-cidades-mais-criativas-do-brasil-que-inspiram-o-mundo-com-cultura\/","url":"https:\/\/www.correiobraziliense.com.br\/cbradar\/as-cidades-mais-criativas-do-brasil-que-inspiram-o-mundo-com-cultura\/","name":"As cidades mais criativas do Brasil que inspiram o mundo com cultura - Correio Braziliense - Radar","isPartOf":{"@id":"https:\/\/www.correiobraziliense.com.br\/cbradar\/#website"},"primaryImageOfPage":{"@id":"https:\/\/www.correiobraziliense.com.br\/cbradar\/as-cidades-mais-criativas-do-brasil-que-inspiram-o-mundo-com-cultura\/#primaryimage"},"image":{"@id":"https:\/\/www.correiobraziliense.com.br\/cbradar\/as-cidades-mais-criativas-do-brasil-que-inspiram-o-mundo-com-cultura\/#primaryimage"},"thumbnailUrl":"https:\/\/www.correiobraziliense.com.br\/cbradar\/wp-content\/uploads\/2025\/04\/paraty_1745356831971.jpg","datePublished":"2025-04-22T22:15:00+00:00","author":{"@id":"https:\/\/www.correiobraziliense.com.br\/cbradar\/#\/schema\/person\/0b5992d675b1f63c387b16a19dffbda7"},"description":"Cidades como Bel\u00e9m, Bras\u00edlia e Salvador mostram como criatividade e cultura est\u00e3o transformando o Brasil e chamando aten\u00e7\u00e3o da UNESCO.","breadcrumb":{"@id":"https:\/\/www.correiobraziliense.com.br\/cbradar\/as-cidades-mais-criativas-do-brasil-que-inspiram-o-mundo-com-cultura\/#breadcrumb"},"inLanguage":"pt-BR","potentialAction":[{"@type":"ReadAction","target":["https:\/\/www.correiobraziliense.com.br\/cbradar\/as-cidades-mais-criativas-do-brasil-que-inspiram-o-mundo-com-cultura\/"]}]},{"@type":"ImageObject","inLanguage":"pt-BR","@id":"https:\/\/www.correiobraziliense.com.br\/cbradar\/as-cidades-mais-criativas-do-brasil-que-inspiram-o-mundo-com-cultura\/#primaryimage","url":"https:\/\/www.correiobraziliense.com.br\/cbradar\/wp-content\/uploads\/2025\/04\/paraty_1745356831971.jpg","contentUrl":"https:\/\/www.correiobraziliense.com.br\/cbradar\/wp-content\/uploads\/2025\/04\/paraty_1745356831971.jpg","width":1280,"height":720,"caption":"Paraty (Cr\u00e9ditos: depositphotos.com \/ xura)"},{"@type":"BreadcrumbList","@id":"https:\/\/www.correiobraziliense.com.br\/cbradar\/as-cidades-mais-criativas-do-brasil-que-inspiram-o-mundo-com-cultura\/#breadcrumb","itemListElement":[{"@type":"ListItem","position":1,"name":"In\u00edcio","item":"https:\/\/www.correiobraziliense.com.br\/cbradar\/"},{"@type":"ListItem","position":2,"name":"As cidades mais criativas do Brasil que inspiram o mundo com cultura"}]},{"@type":"WebSite","@id":"https:\/\/www.correiobraziliense.com.br\/cbradar\/#website","url":"https:\/\/www.correiobraziliense.com.br\/cbradar\/","name":"Correio Braziliense - Radar","description":"Acompanhe as \u00faltimas not\u00edcias e fique bem informado sobre tudo o que acontece no Brasil e no mundo.","potentialAction":[{"@type":"SearchAction","target":{"@type":"EntryPoint","urlTemplate":"https:\/\/www.correiobraziliense.com.br\/cbradar\/?s={search_term_string}"},"query-input":{"@type":"PropertyValueSpecification","valueRequired":true,"valueName":"search_term_string"}}],"inLanguage":"pt-BR"},{"@type":"Person","@id":"https:\/\/www.correiobraziliense.com.br\/cbradar\/#\/schema\/person\/0b5992d675b1f63c387b16a19dffbda7","name":"Patryck Rubim","image":{"@type":"ImageObject","inLanguage":"pt-BR","@id":"https:\/\/www.correiobraziliense.com.br\/cbradar\/#\/schema\/person\/image\/","url":"https:\/\/secure.gravatar.com\/avatar\/570c7fb2898c0e2df0823196891bea88?s=96&d=mm&r=g","contentUrl":"https:\/\/secure.gravatar.com\/avatar\/570c7fb2898c0e2df0823196891bea88?s=96&d=mm&r=g","caption":"Patryck Rubim"},"sameAs":["https:\/\/www.correiobraziliense.com.br\/cbradar"],"url":"https:\/\/www.correiobraziliense.com.br\/cbradar\/author\/patryckmyth\/"}]}},"_links":{"self":[{"href":"https:\/\/www.correiobraziliense.com.br\/cbradar\/wp-json\/wp\/v2\/posts\/27020","targetHints":{"allow":["GET"]}}],"collection":[{"href":"https:\/\/www.correiobraziliense.com.br\/cbradar\/wp-json\/wp\/v2\/posts"}],"about":[{"href":"https:\/\/www.correiobraziliense.com.br\/cbradar\/wp-json\/wp\/v2\/types\/post"}],"author":[{"embeddable":true,"href":"https:\/\/www.correiobraziliense.com.br\/cbradar\/wp-json\/wp\/v2\/users\/10"}],"replies":[{"embeddable":true,"href":"https:\/\/www.correiobraziliense.com.br\/cbradar\/wp-json\/wp\/v2\/comments?post=27020"}],"version-history":[{"count":1,"href":"https:\/\/www.correiobraziliense.com.br\/cbradar\/wp-json\/wp\/v2\/posts\/27020\/revisions"}],"predecessor-version":[{"id":27023,"href":"https:\/\/www.correiobraziliense.com.br\/cbradar\/wp-json\/wp\/v2\/posts\/27020\/revisions\/27023"}],"wp:featuredmedia":[{"embeddable":true,"href":"https:\/\/www.correiobraziliense.com.br\/cbradar\/wp-json\/wp\/v2\/media\/27021"}],"wp:attachment":[{"href":"https:\/\/www.correiobraziliense.com.br\/cbradar\/wp-json\/wp\/v2\/media?parent=27020"}],"wp:term":[{"taxonomy":"category","embeddable":true,"href":"https:\/\/www.correiobraziliense.com.br\/cbradar\/wp-json\/wp\/v2\/categories?post=27020"},{"taxonomy":"post_tag","embeddable":true,"href":"https:\/\/www.correiobraziliense.com.br\/cbradar\/wp-json\/wp\/v2\/post_tag?post=27020"}],"curies":[{"name":"wp","href":"https:\/\/api.w.org\/{rel}","templated":true}]}}