{"id":27076,"date":"2025-04-23T21:50:00","date_gmt":"2025-04-24T00:50:00","guid":{"rendered":"https:\/\/www.correiobraziliense.com.br\/cbradar\/?p=27076"},"modified":"2025-04-22T20:39:56","modified_gmt":"2025-04-22T23:39:56","slug":"a-joia-do-litoral-gaucho-que-encanta-visitantes-do-mundo-todo","status":"publish","type":"post","link":"https:\/\/www.correiobraziliense.com.br\/cbradar\/a-joia-do-litoral-gaucho-que-encanta-visitantes-do-mundo-todo\/","title":{"rendered":"A j\u00f3ia do litoral ga\u00facho que encanta visitantes do mundo todo"},"content":{"rendered":"\n<p>Imagine uma cidade onde o mar encontra pared\u00f5es de pedra, o p\u00f4r do sol pinta o c\u00e9u de cores vibrantes e a vida parece acontecer num ritmo mais leve e humano. Assim \u00e9 <strong><a href=\"https:\/\/torres.rs.gov.br\/\" target=\"_blank\" rel=\"noreferrer noopener\">Torres<\/a><\/strong>, no extremo norte do litoral do <strong><a href=\"https:\/\/www.correiobraziliense.com.br\/cbradar\/essa-e-a-cidade-mais-quente-do-rio-grande-do-sul\/\" target=\"_blank\" rel=\"noreferrer noopener\">Rio Grande do Sul<\/a><\/strong>, uma cidade que mistura belezas naturais \u00fanicas, ambiente acolhedor e potencial para quem busca bem-estar, boa educa\u00e7\u00e3o e momentos inesquec\u00edveis.<\/p>\n\n\n\n<h2 class=\"wp-block-heading\">Uma cidade ga\u00facha \u00e0 beira-mar<\/h2>\n\n\n\n<p><strong>Torres<\/strong> \u00e9 especial. Literalmente moldada pela natureza, \u00e9 a \u00fanica cidade do litoral ga\u00facho onde o mar quebra em pared\u00f5es rochosos \u2014 os famosos morros que deram nome ao munic\u00edpio. O contraste entre as \u00e1guas do <strong>Atl\u00e2ntico<\/strong>, os penhascos cobertos de verde e as praias de areia clara fazem de <strong>Torres<\/strong> um cen\u00e1rio digno de cart\u00e3o-postal.<\/p>\n\n\n\n<p>O <strong>Morro do Farol<\/strong>, o <strong>Morro das Furnas<\/strong> e o <strong>Morro da Guarita<\/strong> s\u00e3o \u00edcones locais e oferecem vistas panor\u00e2micas que emocionam moradores e visitantes. \u00c9 nesse encontro entre a natureza bruta e a tranquilidade do interior que <strong>Torres<\/strong> revela seu charme.<\/p>\n\n\n<div class=\"wp-block-image\">\n<figure class=\"aligncenter size-large\"><img decoding=\"async\" width=\"1024\" height=\"576\" src=\"https:\/\/www.correiobraziliense.com.br\/cbradar\/wp-content\/uploads\/2025\/02\/Design-sem-nome-3-1024x576.png\" alt=\"Um para\u00edso escondido famoso por ser o melhor litoral ga\u00facho!\" class=\"wp-image-1755\" srcset=\"https:\/\/www.correiobraziliense.com.br\/cbradar\/wp-content\/uploads\/2025\/02\/Design-sem-nome-3-1024x576.png 1024w, https:\/\/www.correiobraziliense.com.br\/cbradar\/wp-content\/uploads\/2025\/02\/Design-sem-nome-3-300x169.png 300w, https:\/\/www.correiobraziliense.com.br\/cbradar\/wp-content\/uploads\/2025\/02\/Design-sem-nome-3-768x432.png 768w, https:\/\/www.correiobraziliense.com.br\/cbradar\/wp-content\/uploads\/2025\/02\/Design-sem-nome-3-750x422.png 750w, https:\/\/www.correiobraziliense.com.br\/cbradar\/wp-content\/uploads\/2025\/02\/Design-sem-nome-3-1140x641.png 1140w, https:\/\/www.correiobraziliense.com.br\/cbradar\/wp-content\/uploads\/2025\/02\/Design-sem-nome-3.png 1280w\" sizes=\"(max-width: 1024px) 100vw, 1024px\" \/><figcaption class=\"wp-element-caption\">Torres, Rio Grande do Sul \/\/ Reprodu\u00e7\u00e3o: Prefeitura de Torres (https:\/\/torres.rs.gov.br)<\/figcaption><\/figure><\/div>\n\n\n<h2 class=\"wp-block-heading\">Educa\u00e7\u00e3o e comunidade que caminham juntas<\/h2>\n\n\n\n<p>Apesar de seu perfil de cidade pequena \u2014 com pouco mais de <strong>40 mil habitantes<\/strong> \u2014 <strong>Torres<\/strong> investe constantemente em educa\u00e7\u00e3o. A cidade conta com escolas p\u00fablicas e privadas bem avaliadas, e tamb\u00e9m abriga unidades de ensino superior, como a <strong>Universidade Luterana do Brasil (Ulbra)<\/strong> e o campus da <strong>Universidade Federal do Rio Grande do Sul (UFRGS)<\/strong>, que ampliam as op\u00e7\u00f5es de forma\u00e7\u00e3o para jovens da regi\u00e3o.<\/p>\n\n\n\n<p>O ensino infantil e fundamental t\u00eam ganhado aten\u00e7\u00e3o especial nos \u00faltimos anos, com melhorias em infraestrutura e capacita\u00e7\u00e3o de professores. A rela\u00e7\u00e3o pr\u00f3xima entre fam\u00edlias e escolas cria um ambiente de aprendizado seguro e acolhedor.<\/p>\n\n\n\n<h2 class=\"wp-block-heading\">Turismo que encanta em qualquer esta\u00e7\u00e3o<\/h2>\n\n\n\n<p>Quando se fala em turismo, <strong>Torres<\/strong> \u00e9 um dos destinos mais cobi\u00e7ados do sul do pa\u00eds. O ver\u00e3o \u00e9 a esta\u00e7\u00e3o mais movimentada, com praias lotadas, festivais, esportes ao ar livre e muita vida noturna. Mas a cidade tamb\u00e9m tem muito a oferecer no outono, inverno e primavera, com clima mais ameno e cen\u00e1rios perfeitos para caminhadas, ciclismo e observa\u00e7\u00e3o da natureza.<\/p>\n\n\n\n<p>Um dos eventos mais esperados do ano \u00e9 o <strong>Festival Internacional de Balonismo<\/strong>, que transforma o c\u00e9u de <strong>Torres<\/strong> em um espet\u00e1culo colorido e atrai turistas de todo o Brasil. \u00c9 uma experi\u00eancia que mistura adrenalina, beleza e um forte senso de comunidade.<\/p>\n\n\n\n<h2 class=\"wp-block-heading\">Qualidade de vida com sabor de mar<\/h2>\n\n\n\n<p>Viver em <strong>Torres<\/strong> \u00e9 viver em equil\u00edbrio. A cidade oferece uma boa infraestrutura de sa\u00fade, seguran\u00e7a e transporte, al\u00e9m de uma rede de servi\u00e7os que atende bem tanto moradores quanto turistas. O tr\u00e2nsito \u00e9 tranquilo, as dist\u00e2ncias s\u00e3o curtas, e o contato com o mar e a natureza est\u00e1 sempre ao alcance de uma caminhada.<\/p>\n\n\n\n<p>A gastronomia local tamb\u00e9m merece destaque, com restaurantes que servem desde frutos do mar frescos at\u00e9 pratos t\u00edpicos da culin\u00e1ria ga\u00facha. A feira do produtor rural, realizada semanalmente, valoriza a produ\u00e7\u00e3o local e aproxima a cidade de suas ra\u00edzes.<\/p>\n\n\n\n<h2 class=\"wp-block-heading\">Vale a pena morar em Torres?<\/h2>\n\n\n\n<p>Se voc\u00ea procura um lugar para desacelerar sem abrir m\u00e3o de qualidade, <strong>Torres<\/strong> pode ser a escolha ideal. Morar em <strong>Torres<\/strong> significa ter o privil\u00e9gio de conviver com paisagens \u00fanicas, uma comunidade receptiva e uma rotina com menos estresse. O custo de vida \u00e9 moderado e a cidade oferece seguran\u00e7a e tranquilidade raras em centros urbanos maiores.<\/p>\n\n\n\n<p>\u00c9 uma excelente op\u00e7\u00e3o para fam\u00edlias, aposentados ou para quem pode trabalhar remotamente e busca qualidade de vida com vista para o mar.<\/p>\n\n\n\n<h2 class=\"wp-block-heading\">Vale a pena visitar Torres?<\/h2>\n\n\n\n<p>Sim \u2014 e o ideal \u00e9 ir com tempo para se perder entre trilhas, praias e pores do sol. <strong>Torres<\/strong> \u00e9 um destino completo para quem ama natureza, aventura e experi\u00eancias aut\u00eanticas. Seja para curtir o ver\u00e3o nas praias do <strong>Cal<\/strong>, da <strong>Guarita<\/strong> ou de <strong>Itapeva<\/strong>, ou para explorar os mirantes e trilhas fora da alta temporada, a cidade oferece experi\u00eancias \u00fanicas.<\/p>\n\n\n\n<p>Visitar <strong>Torres<\/strong> \u00e9 tamb\u00e9m conhecer um peda\u00e7o do <strong>Rio Grande do Sul<\/strong> que foge do clich\u00ea e mostra o quanto o litoral ga\u00facho pode ser surpreendente.<\/p>\n\n\n\n<h2 class=\"wp-block-heading\">Um futuro promissor entre natureza e desenvolvimento<\/h2>\n\n\n\n<p><strong>Torres<\/strong> tem crescido de forma equilibrada. Novos investimentos em infraestrutura, turismo sustent\u00e1vel e habita\u00e7\u00e3o indicam um futuro promissor para quem deseja empreender, estudar ou simplesmente viver com mais qualidade.<\/p>\n\n\n\n<p>Mais do que uma cidade de veraneio no litoral, <strong>Torres<\/strong> \u00e9 um lar poss\u00edvel \u2014 e encantador. Com seus penhascos, praias e estilo de vida acolhedor, ela segue conquistando cora\u00e7\u00f5es de quem a visita\u2026 e de quem decide ficar.<\/p>\n","protected":false},"excerpt":{"rendered":"<p>Imagine uma cidade onde o mar encontra pared\u00f5es de pedra, o p\u00f4r do sol pinta o c\u00e9u de cores vibrantes e a vida parece acontecer num ritmo mais leve e humano. Assim \u00e9 Torres, no extremo norte do litoral do Rio Grande do Sul, uma cidade que mistura belezas naturais \u00fanicas, ambiente acolhedor e potencial [&hellip;]<\/p>\n","protected":false},"author":8,"featured_media":1754,"comment_status":"open","ping_status":"open","sticky":false,"template":"","format":"standard","meta":{"_yoast_wpseo_focuskw":"litoral","_yoast_wpseo_title":"","_yoast_wpseo_metadesc":"Encantadora e surpreendente, essa joia do litoral ga\u00facho virou destino dos sonhos. Veja por que ela atrai visitantes de todos os cantos.","jnews-multi-image_gallery":[],"jnews_single_post":{"format":"standard"},"jnews_primary_category":[],"jnews_social_meta":[],"jnews_override_counter":[],"footnotes":""},"categories":[108,111],"tags":[862,822,247,579],"class_list":["post-27076","post","type-post","status-publish","format-standard","has-post-thumbnail","hentry","category-cidades","category-turismo","tag-infraestrutura","tag-litoral","tag-qualidade-de-vida","tag-torres"],"yoast_head":"<!-- This site is optimized with the Yoast SEO plugin v24.6 - https:\/\/yoast.com\/wordpress\/plugins\/seo\/ -->\n<title>A j\u00f3ia do litoral ga\u00facho que encanta visitantes do mundo todo - Correio Braziliense - Radar<\/title>\n<meta name=\"description\" content=\"Encantadora e surpreendente, essa joia do litoral ga\u00facho virou destino dos sonhos. Veja por que ela atrai visitantes de todos os cantos.\" \/>\n<meta name=\"robots\" content=\"index, follow, max-snippet:-1, max-image-preview:large, max-video-preview:-1\" \/>\n<link rel=\"canonical\" href=\"https:\/\/www.correiobraziliense.com.br\/cbradar\/a-joia-do-litoral-gaucho-que-encanta-visitantes-do-mundo-todo\/\" \/>\n<meta property=\"og:locale\" content=\"pt_BR\" \/>\n<meta property=\"og:type\" content=\"article\" \/>\n<meta property=\"og:title\" content=\"A j\u00f3ia do litoral ga\u00facho que encanta visitantes do mundo todo - Correio Braziliense - Radar\" \/>\n<meta property=\"og:description\" content=\"Encantadora e surpreendente, essa joia do litoral ga\u00facho virou destino dos sonhos. Veja por que ela atrai visitantes de todos os cantos.\" \/>\n<meta property=\"og:url\" content=\"https:\/\/www.correiobraziliense.com.br\/cbradar\/a-joia-do-litoral-gaucho-que-encanta-visitantes-do-mundo-todo\/\" \/>\n<meta property=\"og:site_name\" content=\"Correio Braziliense - Radar\" \/>\n<meta property=\"article:published_time\" content=\"2025-04-24T00:50:00+00:00\" \/>\n<meta property=\"og:image\" content=\"https:\/\/www.correiobraziliense.com.br\/cbradar\/wp-content\/uploads\/2025\/02\/Design-sem-nome-2.png\" \/>\n\t<meta property=\"og:image:width\" content=\"1280\" \/>\n\t<meta property=\"og:image:height\" content=\"720\" \/>\n\t<meta property=\"og:image:type\" content=\"image\/png\" \/>\n<meta name=\"author\" content=\"Maura Pereira\" \/>\n<meta name=\"twitter:card\" content=\"summary_large_image\" \/>\n<meta name=\"twitter:label1\" content=\"Escrito por\" \/>\n\t<meta name=\"twitter:data1\" content=\"Maura Pereira\" \/>\n\t<meta name=\"twitter:label2\" content=\"Est. tempo de leitura\" \/>\n\t<meta name=\"twitter:data2\" content=\"5 minutos\" \/>\n<!-- \/ Yoast SEO plugin. -->","yoast_head_json":{"title":"A j\u00f3ia do litoral ga\u00facho que encanta visitantes do mundo todo - Correio Braziliense - Radar","description":"Encantadora e surpreendente, essa joia do litoral ga\u00facho virou destino dos sonhos. Veja por que ela atrai visitantes de todos os cantos.","robots":{"index":"index","follow":"follow","max-snippet":"max-snippet:-1","max-image-preview":"max-image-preview:large","max-video-preview":"max-video-preview:-1"},"canonical":"https:\/\/www.correiobraziliense.com.br\/cbradar\/a-joia-do-litoral-gaucho-que-encanta-visitantes-do-mundo-todo\/","og_locale":"pt_BR","og_type":"article","og_title":"A j\u00f3ia do litoral ga\u00facho que encanta visitantes do mundo todo - Correio Braziliense - Radar","og_description":"Encantadora e surpreendente, essa joia do litoral ga\u00facho virou destino dos sonhos. Veja por que ela atrai visitantes de todos os cantos.","og_url":"https:\/\/www.correiobraziliense.com.br\/cbradar\/a-joia-do-litoral-gaucho-que-encanta-visitantes-do-mundo-todo\/","og_site_name":"Correio Braziliense - Radar","article_published_time":"2025-04-24T00:50:00+00:00","og_image":[{"width":1280,"height":720,"url":"https:\/\/www.correiobraziliense.com.br\/cbradar\/wp-content\/uploads\/2025\/02\/Design-sem-nome-2.png","type":"image\/png"}],"author":"Maura Pereira","twitter_card":"summary_large_image","twitter_misc":{"Escrito por":"Maura Pereira","Est. tempo de leitura":"5 minutos"},"schema":{"@context":"https:\/\/schema.org","@graph":[{"@type":"WebPage","@id":"https:\/\/www.correiobraziliense.com.br\/cbradar\/a-joia-do-litoral-gaucho-que-encanta-visitantes-do-mundo-todo\/","url":"https:\/\/www.correiobraziliense.com.br\/cbradar\/a-joia-do-litoral-gaucho-que-encanta-visitantes-do-mundo-todo\/","name":"A j\u00f3ia do litoral ga\u00facho que encanta visitantes do mundo todo - Correio Braziliense - Radar","isPartOf":{"@id":"https:\/\/www.correiobraziliense.com.br\/cbradar\/#website"},"primaryImageOfPage":{"@id":"https:\/\/www.correiobraziliense.com.br\/cbradar\/a-joia-do-litoral-gaucho-que-encanta-visitantes-do-mundo-todo\/#primaryimage"},"image":{"@id":"https:\/\/www.correiobraziliense.com.br\/cbradar\/a-joia-do-litoral-gaucho-que-encanta-visitantes-do-mundo-todo\/#primaryimage"},"thumbnailUrl":"https:\/\/www.correiobraziliense.com.br\/cbradar\/wp-content\/uploads\/2025\/02\/Design-sem-nome-2.png","datePublished":"2025-04-24T00:50:00+00:00","author":{"@id":"https:\/\/www.correiobraziliense.com.br\/cbradar\/#\/schema\/person\/4053c651a9bfc785afc6f4cbc9032fd3"},"description":"Encantadora e surpreendente, essa joia do litoral ga\u00facho virou destino dos sonhos. Veja por que ela atrai visitantes de todos os cantos.","breadcrumb":{"@id":"https:\/\/www.correiobraziliense.com.br\/cbradar\/a-joia-do-litoral-gaucho-que-encanta-visitantes-do-mundo-todo\/#breadcrumb"},"inLanguage":"pt-BR","potentialAction":[{"@type":"ReadAction","target":["https:\/\/www.correiobraziliense.com.br\/cbradar\/a-joia-do-litoral-gaucho-que-encanta-visitantes-do-mundo-todo\/"]}]},{"@type":"ImageObject","inLanguage":"pt-BR","@id":"https:\/\/www.correiobraziliense.com.br\/cbradar\/a-joia-do-litoral-gaucho-que-encanta-visitantes-do-mundo-todo\/#primaryimage","url":"https:\/\/www.correiobraziliense.com.br\/cbradar\/wp-content\/uploads\/2025\/02\/Design-sem-nome-2.png","contentUrl":"https:\/\/www.correiobraziliense.com.br\/cbradar\/wp-content\/uploads\/2025\/02\/Design-sem-nome-2.png","width":1280,"height":720,"caption":"Rio Mampituba e liga\u00e7\u00e3o com o mar, Torres, RS \/\/ Reprodu\u00e7\u00e3o: Prefeitura de Torres (https:\/\/torres.rs.gov.br)"},{"@type":"BreadcrumbList","@id":"https:\/\/www.correiobraziliense.com.br\/cbradar\/a-joia-do-litoral-gaucho-que-encanta-visitantes-do-mundo-todo\/#breadcrumb","itemListElement":[{"@type":"ListItem","position":1,"name":"In\u00edcio","item":"https:\/\/www.correiobraziliense.com.br\/cbradar\/"},{"@type":"ListItem","position":2,"name":"A j\u00f3ia do litoral ga\u00facho que encanta visitantes do mundo todo"}]},{"@type":"WebSite","@id":"https:\/\/www.correiobraziliense.com.br\/cbradar\/#website","url":"https:\/\/www.correiobraziliense.com.br\/cbradar\/","name":"Correio Braziliense - Radar","description":"Acompanhe as \u00faltimas not\u00edcias e fique bem informado sobre tudo o que acontece no Brasil e no mundo.","potentialAction":[{"@type":"SearchAction","target":{"@type":"EntryPoint","urlTemplate":"https:\/\/www.correiobraziliense.com.br\/cbradar\/?s={search_term_string}"},"query-input":{"@type":"PropertyValueSpecification","valueRequired":true,"valueName":"search_term_string"}}],"inLanguage":"pt-BR"},{"@type":"Person","@id":"https:\/\/www.correiobraziliense.com.br\/cbradar\/#\/schema\/person\/4053c651a9bfc785afc6f4cbc9032fd3","name":"Maura Pereira","image":{"@type":"ImageObject","inLanguage":"pt-BR","@id":"https:\/\/www.correiobraziliense.com.br\/cbradar\/#\/schema\/person\/image\/","url":"https:\/\/secure.gravatar.com\/avatar\/3effd6bdadfa447f15089c7f7144eaa6?s=96&d=mm&r=g","contentUrl":"https:\/\/secure.gravatar.com\/avatar\/3effd6bdadfa447f15089c7f7144eaa6?s=96&d=mm&r=g","caption":"Maura Pereira"},"sameAs":["https:\/\/www.correiobraziliense.com.br\/"],"url":"https:\/\/www.correiobraziliense.com.br\/cbradar\/author\/mauramyth\/"}]}},"_links":{"self":[{"href":"https:\/\/www.correiobraziliense.com.br\/cbradar\/wp-json\/wp\/v2\/posts\/27076","targetHints":{"allow":["GET"]}}],"collection":[{"href":"https:\/\/www.correiobraziliense.com.br\/cbradar\/wp-json\/wp\/v2\/posts"}],"about":[{"href":"https:\/\/www.correiobraziliense.com.br\/cbradar\/wp-json\/wp\/v2\/types\/post"}],"author":[{"embeddable":true,"href":"https:\/\/www.correiobraziliense.com.br\/cbradar\/wp-json\/wp\/v2\/users\/8"}],"replies":[{"embeddable":true,"href":"https:\/\/www.correiobraziliense.com.br\/cbradar\/wp-json\/wp\/v2\/comments?post=27076"}],"version-history":[{"count":9,"href":"https:\/\/www.correiobraziliense.com.br\/cbradar\/wp-json\/wp\/v2\/posts\/27076\/revisions"}],"predecessor-version":[{"id":27113,"href":"https:\/\/www.correiobraziliense.com.br\/cbradar\/wp-json\/wp\/v2\/posts\/27076\/revisions\/27113"}],"wp:featuredmedia":[{"embeddable":true,"href":"https:\/\/www.correiobraziliense.com.br\/cbradar\/wp-json\/wp\/v2\/media\/1754"}],"wp:attachment":[{"href":"https:\/\/www.correiobraziliense.com.br\/cbradar\/wp-json\/wp\/v2\/media?parent=27076"}],"wp:term":[{"taxonomy":"category","embeddable":true,"href":"https:\/\/www.correiobraziliense.com.br\/cbradar\/wp-json\/wp\/v2\/categories?post=27076"},{"taxonomy":"post_tag","embeddable":true,"href":"https:\/\/www.correiobraziliense.com.br\/cbradar\/wp-json\/wp\/v2\/tags?post=27076"}],"curies":[{"name":"wp","href":"https:\/\/api.w.org\/{rel}","templated":true}]}}