{"id":27174,"date":"2025-04-26T12:23:00","date_gmt":"2025-04-26T15:23:00","guid":{"rendered":"https:\/\/www.correiobraziliense.com.br\/cbradar\/?p=27174"},"modified":"2025-04-24T12:49:29","modified_gmt":"2025-04-24T15:49:29","slug":"cha-queridinho-do-brasileiro-e-mais-benefico-do-que-voce-imaginava","status":"publish","type":"post","link":"https:\/\/www.correiobraziliense.com.br\/cbradar\/cha-queridinho-do-brasileiro-e-mais-benefico-do-que-voce-imaginava\/","title":{"rendered":"Ch\u00e1 queridinho do brasileiro \u00e9 mais ben\u00e9fico do que voc\u00ea imaginava"},"content":{"rendered":"\n<p>O <a href=\"https:\/\/pt.wikipedia.org\/wiki\/Peumus_boldus\" target=\"_blank\" rel=\"noreferrer noopener\"><strong>Boldo<\/strong> <\/a>\u00e9 uma planta medicinal reconhecida por seu sabor amargo caracter\u00edstico e seu uso tradicional para <strong>aliviar desconfortos digestivos<\/strong> e dar suporte ao <strong>f\u00edgado<\/strong>. Duas esp\u00e9cies s\u00e3o mais conhecidas e utilizadas: o <strong>Boldo do Chile<\/strong> (<em>Peumus boldus<\/em>) e o <strong>Boldo Brasileiro<\/strong> (<em>Plectranthus barbatus<\/em>, \u00e0s vezes chamado de boldo-da-terra ou boldo-goiano). Ambas s\u00e3o frequentemente consumidas em forma de <strong>ch\u00e1<\/strong> ap\u00f3s refei\u00e7\u00f5es pesadas ou em momentos de <strong>m\u00e1 digest\u00e3o leve<\/strong>. A reputa\u00e7\u00e3o do <strong>Ch\u00e1 de Boldo<\/strong> est\u00e1 ligada aos seus compostos, como a <strong>boldine<\/strong>, que podem influenciar a produ\u00e7\u00e3o e o fluxo da bile.<\/p>\n\n\n\n<p>Este guia explora os <strong>benef\u00edcios potenciais<\/strong> tradicionalmente associados ao <strong>Ch\u00e1 de Boldo<\/strong> para <strong>sintomas leves e ocasionais<\/strong> relacionados \u00e0 <strong>digest\u00e3o<\/strong> e ao <strong>f\u00edgado<\/strong>, e discute precau\u00e7\u00f5es importantes. No entanto, \u00e9 <strong>ABSOLUTAMENTE ESSENCIAL<\/strong> compreender: o <strong>Boldo<\/strong> <strong>n\u00e3o cura<\/strong> doen\u00e7as do <strong>f\u00edgado<\/strong> ou problemas digestivos cr\u00f4nicos. Ele <strong>n\u00e3o substitui<\/strong> o <strong>diagn\u00f3stico<\/strong>, <strong>tratamento<\/strong> ou <strong>aconselhamento m\u00e9dico profissional<\/strong>. O uso, especialmente do <strong>Boldo do Chile<\/strong>, exige <strong>cautela<\/strong> devido a compostos potencialmente t\u00f3xicos em doses altas ou uso prolongado.<\/p>\n\n\n\n<p><strong>AVISO IMPORTANTE:<\/strong> As informa\u00e7\u00f5es aqui s\u00e3o para fins educacionais e para <strong>sintomas leves e ocasionais<\/strong>. Se voc\u00ea tiver <strong>problemas de <\/strong><a href=\"https:\/\/www.correiobraziliense.com.br\/cbradar\/uma-vitamina-importante-para-melhorar-a-sua-qualidade-de-vida\/\" target=\"_blank\" rel=\"noreferrer noopener\"><strong>sa\u00fade<\/strong> <\/a>conhecidos (especialmente no <strong>f\u00edgado<\/strong> ou ves\u00edcula), estiver tomando <strong>medicamentos<\/strong>, estiver gr\u00e1vida\/amamentando, ou se seus sintomas digestivos ou hep\u00e1ticos forem <strong>persistentes<\/strong>, <strong>intensos<\/strong> ou acompanhados de <strong>sinais de alerta<\/strong>, <strong>procure ajuda m\u00e9dica IMEDIATAMENTE<\/strong>.<\/p>\n\n\n\n<h2 class=\"wp-block-heading\">Benef\u00edcios potenciais do ch\u00e1 de boldo (para sintomas leves)<\/h2>\n\n\n<div class=\"wp-block-image\">\n<figure class=\"aligncenter size-large\"><img decoding=\"async\" width=\"1024\" height=\"576\" src=\"https:\/\/www.correiobraziliense.com.br\/cbradar\/wp-content\/uploads\/2025\/04\/cha_1745417908027-1024x576.jpg\" alt=\"Ch\u00e1 queridinho do brasileiro \u00e9 mais ben\u00e9fico do que voc\u00ea imaginava\" class=\"wp-image-27318\" srcset=\"https:\/\/www.correiobraziliense.com.br\/cbradar\/wp-content\/uploads\/2025\/04\/cha_1745417908027-1024x576.jpg 1024w, https:\/\/www.correiobraziliense.com.br\/cbradar\/wp-content\/uploads\/2025\/04\/cha_1745417908027-300x169.jpg 300w, https:\/\/www.correiobraziliense.com.br\/cbradar\/wp-content\/uploads\/2025\/04\/cha_1745417908027-768x432.jpg 768w, https:\/\/www.correiobraziliense.com.br\/cbradar\/wp-content\/uploads\/2025\/04\/cha_1745417908027-750x422.jpg 750w, https:\/\/www.correiobraziliense.com.br\/cbradar\/wp-content\/uploads\/2025\/04\/cha_1745417908027-1140x641.jpg 1140w, https:\/\/www.correiobraziliense.com.br\/cbradar\/wp-content\/uploads\/2025\/04\/cha_1745417908027.jpg 1280w\" sizes=\"(max-width: 1024px) 100vw, 1024px\" \/><figcaption class=\"wp-element-caption\">Ch\u00e1 &#8211; Cr\u00e9ditos: depositphotos.com \/ TarasMalyarevich<\/figcaption><\/figure><\/div>\n\n\n<p>Os benef\u00edcios mais associados ao <strong>Ch\u00e1 de Boldo<\/strong> est\u00e3o relacionados \u00e0 sua a\u00e7\u00e3o no <strong>sistema digestivo<\/strong> e, tradicionalmente, no <strong>f\u00edgado<\/strong>:<\/p>\n\n\n\n<h3 class=\"wp-block-heading\">Benef\u00edcios para a digest\u00e3o<\/h3>\n\n\n\n<p>O <strong>Ch\u00e1 de Boldo<\/strong> \u00e9 popularmente usado para <strong>aliviar sintomas de m\u00e1 digest\u00e3o leve<\/strong>, especialmente ap\u00f3s o consumo de <strong>alimentos gordurosos<\/strong>.<\/p>\n\n\n\n<ul class=\"wp-block-list\">\n<li><strong>Potencial:<\/strong> Acredita-se que ele estimule a produ\u00e7\u00e3o de bile pelo <strong>f\u00edgado<\/strong> e facilite sua libera\u00e7\u00e3o pela ves\u00edcula biliar (efeito coler\u00e9tico e colagogo). A bile \u00e9 essencial para a digest\u00e3o de gorduras. Isso pode ajudar a <strong>reduzir incha\u00e7o<\/strong>, <strong>gases<\/strong> e a sensa\u00e7\u00e3o de <strong>empachamento<\/strong> ap\u00f3s refei\u00e7\u00f5es pesadas.<\/li>\n<\/ul>\n\n\n\n<h3 class=\"wp-block-heading\">Benef\u00edcios para o f\u00edgado (suporte tradicional leve)<\/h3>\n\n\n\n<p>Na medicina popular, o <strong>Boldo<\/strong> \u00e9 visto como um t\u00f4nico para o <strong>f\u00edgado<\/strong> e um &#8220;desintoxicante&#8221;.<\/p>\n\n\n\n<ul class=\"wp-block-list\">\n<li><strong>Potencial:<\/strong> Acredita-se que ele ajude a <strong>fun\u00e7\u00e3o hep\u00e1tica<\/strong> ao promover o fluxo de bile. No entanto, \u00e9 <strong>crucial<\/strong> entender que o <strong>Boldo<\/strong> <strong>n\u00e3o trata doen\u00e7as hep\u00e1ticas<\/strong>, como hepatite ou cirrose. Seu uso para este fim \u00e9 mais <strong>tradicional<\/strong> do que baseado em evid\u00eancias cient\u00edficas robustas para tratamento de condi\u00e7\u00f5es hep\u00e1ticas estabelecidas.<\/li>\n<\/ul>\n\n\n\n<h3 class=\"wp-block-heading\">Bem-estar geral (relacionado ao al\u00edvio digestivo)<\/h3>\n\n\n\n<p>A sensa\u00e7\u00e3o de <strong>al\u00edvio de desconfortos digestivos leves<\/strong> pode contribuir para um maior <strong>bem-estar<\/strong> ap\u00f3s uma refei\u00e7\u00e3o.<\/p>\n\n\n\n<ul class=\"wp-block-list\">\n<li><strong>Potencial:<\/strong> Ao <strong>aliviar sintomas leves<\/strong> como incha\u00e7o ou sensa\u00e7\u00e3o de peso no est\u00f4mago, o <strong>Ch\u00e1 de Boldo<\/strong> pode melhorar o <strong>conforto geral<\/strong>.<\/li>\n<\/ul>\n\n\n\n<h2 class=\"wp-block-heading\">Tipos de boldo e como preparar o ch\u00e1<\/h2>\n\n\n\n<p>\u00c9 importante distinguir os tipos:<\/p>\n\n\n\n<ul class=\"wp-block-list\">\n<li><strong>Boldo do Chile (<em>Peumus boldus<\/em>):<\/strong> O mais estudado, possui compostos como a <strong>boldine<\/strong>. Cont\u00e9m <strong>ascaridole<\/strong>, que pode ser <strong>t\u00f3xico<\/strong> em doses altas ou uso prolongado.<\/li>\n\n\n\n<li><strong>Boldo Brasileiro (<em>Plectranthus barbatus<\/em>):<\/strong> Comumente encontrado no <strong>Brasil<\/strong>. Possui diferentes compostos e \u00e9 geralmente considerado mais suave, com menor teor de <strong>ascaridole<\/strong>.<\/li>\n<\/ul>\n\n\n\n<p><strong>Preparo do Ch\u00e1:<\/strong> Use 1 a 2 folhas secas (Boldo do Chile) ou 1 colher de sopa de folhas frescas (Boldo Brasileiro) para 1 x\u00edcara de <strong>\u00e1gua quente<\/strong> (n\u00e3o fervente). Deixe em infus\u00e3o por <strong>5 a 10 minutos<\/strong>. Coe. Beba <strong>morno<\/strong>, preferencialmente antes ou ap\u00f3s refei\u00e7\u00f5es pesadas. <strong>Use por per\u00edodos curtos<\/strong> (poucos dias).<\/p>\n\n\n\n<h2 class=\"wp-block-heading\">Precau\u00e7\u00f5es, efeitos colaterais e contraindica\u00e7\u00f5es<\/h2>\n\n\n\n<p>O uso do <strong>Boldo<\/strong> exige <strong>cautela<\/strong>:<\/p>\n\n\n\n<ul class=\"wp-block-list\">\n<li><strong>Toxicidade:<\/strong> O <strong>ascaridole<\/strong> no <strong>Boldo do Chile<\/strong> pode ser <strong>t\u00f3xico para o f\u00edgado<\/strong> e sistema nervoso em doses altas ou uso <strong>prolongado<\/strong>. <strong>N\u00e3o use cronicamente<\/strong>.<\/li>\n\n\n\n<li><strong>Contraindica\u00e7\u00f5es:<\/strong> <strong>N\u00c3O use Boldo<\/strong> durante a <strong>gravidez<\/strong> ou <strong>amamenta\u00e7\u00e3o<\/strong>. Evite se tiver <strong>obstru\u00e7\u00e3o das vias biliares<\/strong>, <strong>doen\u00e7as hep\u00e1ticas graves<\/strong> ou <strong>problemas renais<\/strong>.<\/li>\n\n\n\n<li><strong>Intera\u00e7\u00f5es:<\/strong> Pode potencializar o efeito de <strong>anticoagulantes<\/strong>, aumentando o risco de sangramento. Pode ter outras <strong>intera\u00e7\u00f5es<\/strong> com medicamentos para o <strong>f\u00edgado<\/strong> ou outros. <strong>Sempre consulte seu m\u00e9dico<\/strong> sobre o uso de <strong>Boldo<\/strong> se tomar medicamentos.<\/li>\n\n\n\n<li><strong>Efeitos Colaterais:<\/strong> Em doses altas, pode causar <strong>n\u00e1useas<\/strong>, <strong>v\u00f4mitos<\/strong> ou <strong>diarreia<\/strong>.<\/li>\n<\/ul>\n\n\n\n<h2 class=\"wp-block-heading\">Perguntas frequentes sobre ch\u00e1 de boldo<\/h2>\n\n\n\n<h3 class=\"wp-block-heading\">Boldo cura doen\u00e7as do f\u00edgado?<\/h3>\n\n\n\n<p><strong>N\u00c3O<\/strong>. O <strong>Ch\u00e1 de Boldo<\/strong> \u00e9 um <strong>aux\u00edlio tradicional<\/strong> para <strong>sintomas leves<\/strong> de <strong>m\u00e1 digest\u00e3o<\/strong> relacionados ao <strong>f\u00edgado<\/strong>. Ele <strong>n\u00e3o trata<\/strong> <strong>doen\u00e7as hep\u00e1ticas<\/strong> como hepatite ou cirrose.<\/p>\n\n\n\n<h3 class=\"wp-block-heading\">Quanto ch\u00e1 de boldo posso beber?<\/h3>\n\n\n\n<p>Para <strong>sintomas leves<\/strong>, geralmente 1 a 3 x\u00edcaras por dia \u00e9 suficiente por <strong>poucos dias<\/strong>. <strong>N\u00e3o \u00e9 para uso cont\u00ednuo<\/strong> devido aos riscos de toxicidade, especialmente do <strong>Boldo do Chile<\/strong>.<\/p>\n\n\n\n<h3 class=\"wp-block-heading\">Boldo tem contraindica\u00e7\u00f5es?<\/h3>\n\n\n\n<p><strong>SIM<\/strong>, s\u00e9rias. <strong>N\u00e3o use<\/strong> se estiver gr\u00e1vida\/amamentando, ou tiver problemas nas vias biliares, <strong>doen\u00e7as hep\u00e1ticas graves<\/strong> ou <strong>renais<\/strong>. <strong>Consulte seu m\u00e9dico<\/strong>.<\/p>\n\n\n\n<h3 class=\"wp-block-heading\">Posso tomar Boldo com outros rem\u00e9dios?<\/h3>\n\n\n\n<p><strong>Consulte sempre seu m\u00e9dico<\/strong> antes de usar <strong>Boldo<\/strong> com qualquer medicamento, especialmente <strong>anticoagulantes<\/strong>, rem\u00e9dios para o <strong>f\u00edgado<\/strong>, <strong>press\u00e3o<\/strong> ou <strong>diabetes<\/strong>, devido a poss\u00edveis <strong>intera\u00e7\u00f5es<\/strong>.<\/p>\n\n\n\n<h3 class=\"wp-block-heading\">Como saber se meus sintomas digestivos\/hep\u00e1ticos precisam de m\u00e9dico?<\/h3>\n\n\n\n<p>Se tiver <strong>dor abdominal intensa\/persistente<\/strong>, <strong>icter\u00edcia<\/strong> (pele\/olhos amarelados), <strong>fezes claras\/urina escura<\/strong>, <strong>perda de peso inexplicada<\/strong>, <strong>v\u00f4mitos persistentes<\/strong>, <strong>sangue<\/strong> nas fezes\/v\u00f4mito, <strong>procure ajuda m\u00e9dica IMEDIATAMENTE<\/strong>.<\/p>\n","protected":false},"excerpt":{"rendered":"<p>O Boldo \u00e9 uma planta medicinal reconhecida por seu sabor amargo caracter\u00edstico e seu uso tradicional para aliviar desconfortos digestivos e dar suporte ao f\u00edgado. Duas esp\u00e9cies s\u00e3o mais conhecidas e utilizadas: o Boldo do Chile (Peumus boldus) e o Boldo Brasileiro (Plectranthus barbatus, \u00e0s vezes chamado de boldo-da-terra ou boldo-goiano). Ambas s\u00e3o frequentemente consumidas [&hellip;]<\/p>\n","protected":false},"author":11,"featured_media":27315,"comment_status":"open","ping_status":"open","sticky":false,"template":"","format":"standard","meta":{"_yoast_wpseo_focuskw":"ch\u00e1","_yoast_wpseo_title":"","_yoast_wpseo_metadesc":"O ch\u00e1 favorito dos brasileiros oferece benef\u00edcios surpreendentes para a sa\u00fade que voc\u00ea provavelmente n\u00e3o conhecia.","jnews-multi-image_gallery":[],"jnews_single_post":{"format":"standard"},"jnews_primary_category":[],"jnews_social_meta":[],"jnews_override_counter":[],"footnotes":""},"categories":[119],"tags":[120,535,565],"class_list":["post-27174","post","type-post","status-publish","format-standard","has-post-thumbnail","hentry","category-bem-estar","tag-bem-estar","tag-cha","tag-saude"],"yoast_head":"<!-- This site is optimized with the Yoast SEO plugin v24.6 - https:\/\/yoast.com\/wordpress\/plugins\/seo\/ -->\n<title>Ch\u00e1 queridinho do brasileiro \u00e9 mais ben\u00e9fico do que voc\u00ea imaginava - Correio Braziliense - Radar<\/title>\n<meta name=\"description\" content=\"O ch\u00e1 favorito dos brasileiros oferece benef\u00edcios surpreendentes para a sa\u00fade que voc\u00ea provavelmente n\u00e3o conhecia.\" \/>\n<meta name=\"robots\" content=\"index, follow, max-snippet:-1, max-image-preview:large, max-video-preview:-1\" \/>\n<link rel=\"canonical\" href=\"https:\/\/www.correiobraziliense.com.br\/cbradar\/cha-queridinho-do-brasileiro-e-mais-benefico-do-que-voce-imaginava\/\" \/>\n<meta property=\"og:locale\" content=\"pt_BR\" \/>\n<meta property=\"og:type\" content=\"article\" \/>\n<meta property=\"og:title\" content=\"Ch\u00e1 queridinho do brasileiro \u00e9 mais ben\u00e9fico do que voc\u00ea imaginava - Correio Braziliense - Radar\" \/>\n<meta property=\"og:description\" content=\"O ch\u00e1 favorito dos brasileiros oferece benef\u00edcios surpreendentes para a sa\u00fade que voc\u00ea provavelmente n\u00e3o conhecia.\" \/>\n<meta property=\"og:url\" content=\"https:\/\/www.correiobraziliense.com.br\/cbradar\/cha-queridinho-do-brasileiro-e-mais-benefico-do-que-voce-imaginava\/\" \/>\n<meta property=\"og:site_name\" content=\"Correio Braziliense - Radar\" \/>\n<meta property=\"article:published_time\" content=\"2025-04-26T15:23:00+00:00\" \/>\n<meta property=\"og:image\" content=\"https:\/\/www.correiobraziliense.com.br\/cbradar\/wp-content\/uploads\/2025\/04\/cha_1745417870949.jpg\" \/>\n\t<meta property=\"og:image:width\" content=\"1280\" \/>\n\t<meta property=\"og:image:height\" content=\"720\" \/>\n\t<meta property=\"og:image:type\" content=\"image\/jpeg\" \/>\n<meta name=\"author\" content=\"Paulo Custodio\" \/>\n<meta name=\"twitter:card\" content=\"summary_large_image\" \/>\n<meta name=\"twitter:label1\" content=\"Escrito por\" \/>\n\t<meta name=\"twitter:data1\" content=\"Paulo Custodio\" \/>\n\t<meta name=\"twitter:label2\" content=\"Est. tempo de leitura\" \/>\n\t<meta name=\"twitter:data2\" content=\"5 minutos\" \/>\n<!-- \/ Yoast SEO plugin. -->","yoast_head_json":{"title":"Ch\u00e1 queridinho do brasileiro \u00e9 mais ben\u00e9fico do que voc\u00ea imaginava - Correio Braziliense - Radar","description":"O ch\u00e1 favorito dos brasileiros oferece benef\u00edcios surpreendentes para a sa\u00fade que voc\u00ea provavelmente n\u00e3o conhecia.","robots":{"index":"index","follow":"follow","max-snippet":"max-snippet:-1","max-image-preview":"max-image-preview:large","max-video-preview":"max-video-preview:-1"},"canonical":"https:\/\/www.correiobraziliense.com.br\/cbradar\/cha-queridinho-do-brasileiro-e-mais-benefico-do-que-voce-imaginava\/","og_locale":"pt_BR","og_type":"article","og_title":"Ch\u00e1 queridinho do brasileiro \u00e9 mais ben\u00e9fico do que voc\u00ea imaginava - Correio Braziliense - Radar","og_description":"O ch\u00e1 favorito dos brasileiros oferece benef\u00edcios surpreendentes para a sa\u00fade que voc\u00ea provavelmente n\u00e3o conhecia.","og_url":"https:\/\/www.correiobraziliense.com.br\/cbradar\/cha-queridinho-do-brasileiro-e-mais-benefico-do-que-voce-imaginava\/","og_site_name":"Correio Braziliense - Radar","article_published_time":"2025-04-26T15:23:00+00:00","og_image":[{"width":1280,"height":720,"url":"https:\/\/www.correiobraziliense.com.br\/cbradar\/wp-content\/uploads\/2025\/04\/cha_1745417870949.jpg","type":"image\/jpeg"}],"author":"Paulo Custodio","twitter_card":"summary_large_image","twitter_misc":{"Escrito por":"Paulo Custodio","Est. tempo de leitura":"5 minutos"},"schema":{"@context":"https:\/\/schema.org","@graph":[{"@type":"WebPage","@id":"https:\/\/www.correiobraziliense.com.br\/cbradar\/cha-queridinho-do-brasileiro-e-mais-benefico-do-que-voce-imaginava\/","url":"https:\/\/www.correiobraziliense.com.br\/cbradar\/cha-queridinho-do-brasileiro-e-mais-benefico-do-que-voce-imaginava\/","name":"Ch\u00e1 queridinho do brasileiro \u00e9 mais ben\u00e9fico do que voc\u00ea imaginava - Correio Braziliense - Radar","isPartOf":{"@id":"https:\/\/www.correiobraziliense.com.br\/cbradar\/#website"},"primaryImageOfPage":{"@id":"https:\/\/www.correiobraziliense.com.br\/cbradar\/cha-queridinho-do-brasileiro-e-mais-benefico-do-que-voce-imaginava\/#primaryimage"},"image":{"@id":"https:\/\/www.correiobraziliense.com.br\/cbradar\/cha-queridinho-do-brasileiro-e-mais-benefico-do-que-voce-imaginava\/#primaryimage"},"thumbnailUrl":"https:\/\/www.correiobraziliense.com.br\/cbradar\/wp-content\/uploads\/2025\/04\/cha_1745417870949.jpg","datePublished":"2025-04-26T15:23:00+00:00","author":{"@id":"https:\/\/www.correiobraziliense.com.br\/cbradar\/#\/schema\/person\/4cec7857301a9a1a2ef249893cd908d3"},"description":"O ch\u00e1 favorito dos brasileiros oferece benef\u00edcios surpreendentes para a sa\u00fade que voc\u00ea provavelmente n\u00e3o conhecia.","breadcrumb":{"@id":"https:\/\/www.correiobraziliense.com.br\/cbradar\/cha-queridinho-do-brasileiro-e-mais-benefico-do-que-voce-imaginava\/#breadcrumb"},"inLanguage":"pt-BR","potentialAction":[{"@type":"ReadAction","target":["https:\/\/www.correiobraziliense.com.br\/cbradar\/cha-queridinho-do-brasileiro-e-mais-benefico-do-que-voce-imaginava\/"]}]},{"@type":"ImageObject","inLanguage":"pt-BR","@id":"https:\/\/www.correiobraziliense.com.br\/cbradar\/cha-queridinho-do-brasileiro-e-mais-benefico-do-que-voce-imaginava\/#primaryimage","url":"https:\/\/www.correiobraziliense.com.br\/cbradar\/wp-content\/uploads\/2025\/04\/cha_1745417870949.jpg","contentUrl":"https:\/\/www.correiobraziliense.com.br\/cbradar\/wp-content\/uploads\/2025\/04\/cha_1745417870949.jpg","width":1280,"height":720,"caption":"Ch\u00e1 - Cr\u00e9ditos: depositphotos.com \/ AlexLipa"},{"@type":"BreadcrumbList","@id":"https:\/\/www.correiobraziliense.com.br\/cbradar\/cha-queridinho-do-brasileiro-e-mais-benefico-do-que-voce-imaginava\/#breadcrumb","itemListElement":[{"@type":"ListItem","position":1,"name":"In\u00edcio","item":"https:\/\/www.correiobraziliense.com.br\/cbradar\/"},{"@type":"ListItem","position":2,"name":"Ch\u00e1 queridinho do brasileiro \u00e9 mais ben\u00e9fico do que voc\u00ea imaginava"}]},{"@type":"WebSite","@id":"https:\/\/www.correiobraziliense.com.br\/cbradar\/#website","url":"https:\/\/www.correiobraziliense.com.br\/cbradar\/","name":"Correio Braziliense - Radar","description":"Acompanhe as \u00faltimas not\u00edcias e fique bem informado sobre tudo o que acontece no Brasil e no mundo.","potentialAction":[{"@type":"SearchAction","target":{"@type":"EntryPoint","urlTemplate":"https:\/\/www.correiobraziliense.com.br\/cbradar\/?s={search_term_string}"},"query-input":{"@type":"PropertyValueSpecification","valueRequired":true,"valueName":"search_term_string"}}],"inLanguage":"pt-BR"},{"@type":"Person","@id":"https:\/\/www.correiobraziliense.com.br\/cbradar\/#\/schema\/person\/4cec7857301a9a1a2ef249893cd908d3","name":"Paulo Custodio","image":{"@type":"ImageObject","inLanguage":"pt-BR","@id":"https:\/\/www.correiobraziliense.com.br\/cbradar\/#\/schema\/person\/image\/","url":"https:\/\/secure.gravatar.com\/avatar\/bcd67168d1534e8fcf4f45c726a87cea?s=96&d=mm&r=g","contentUrl":"https:\/\/secure.gravatar.com\/avatar\/bcd67168d1534e8fcf4f45c726a87cea?s=96&d=mm&r=g","caption":"Paulo Custodio"},"sameAs":["https:\/\/www.correiobraziliense.com.br\/cbradar"],"url":"https:\/\/www.correiobraziliense.com.br\/cbradar\/author\/paulomyth\/"}]}},"_links":{"self":[{"href":"https:\/\/www.correiobraziliense.com.br\/cbradar\/wp-json\/wp\/v2\/posts\/27174","targetHints":{"allow":["GET"]}}],"collection":[{"href":"https:\/\/www.correiobraziliense.com.br\/cbradar\/wp-json\/wp\/v2\/posts"}],"about":[{"href":"https:\/\/www.correiobraziliense.com.br\/cbradar\/wp-json\/wp\/v2\/types\/post"}],"author":[{"embeddable":true,"href":"https:\/\/www.correiobraziliense.com.br\/cbradar\/wp-json\/wp\/v2\/users\/11"}],"replies":[{"embeddable":true,"href":"https:\/\/www.correiobraziliense.com.br\/cbradar\/wp-json\/wp\/v2\/comments?post=27174"}],"version-history":[{"count":2,"href":"https:\/\/www.correiobraziliense.com.br\/cbradar\/wp-json\/wp\/v2\/posts\/27174\/revisions"}],"predecessor-version":[{"id":27322,"href":"https:\/\/www.correiobraziliense.com.br\/cbradar\/wp-json\/wp\/v2\/posts\/27174\/revisions\/27322"}],"wp:featuredmedia":[{"embeddable":true,"href":"https:\/\/www.correiobraziliense.com.br\/cbradar\/wp-json\/wp\/v2\/media\/27315"}],"wp:attachment":[{"href":"https:\/\/www.correiobraziliense.com.br\/cbradar\/wp-json\/wp\/v2\/media?parent=27174"}],"wp:term":[{"taxonomy":"category","embeddable":true,"href":"https:\/\/www.correiobraziliense.com.br\/cbradar\/wp-json\/wp\/v2\/categories?post=27174"},{"taxonomy":"post_tag","embeddable":true,"href":"https:\/\/www.correiobraziliense.com.br\/cbradar\/wp-json\/wp\/v2\/tags?post=27174"}],"curies":[{"name":"wp","href":"https:\/\/api.w.org\/{rel}","templated":true}]}}