{"id":27185,"date":"2025-04-24T17:10:00","date_gmt":"2025-04-24T20:10:00","guid":{"rendered":"https:\/\/www.correiobraziliense.com.br\/cbradar\/?p=27185"},"modified":"2025-04-23T10:01:23","modified_gmt":"2025-04-23T13:01:23","slug":"documentario-sobre-vinicius-junior-na-netflix-ganha-trailer-e-data-de-estreia","status":"publish","type":"post","link":"https:\/\/www.correiobraziliense.com.br\/cbradar\/documentario-sobre-vinicius-junior-na-netflix-ganha-trailer-e-data-de-estreia\/","title":{"rendered":"Document\u00e1rio sobre Vinicius Junior na Netflix ganha trailer e data de estreia"},"content":{"rendered":"\n<p>O document\u00e1rio esportivo <strong>&#8216;Baila, Vini&#8217;<\/strong> traz uma vis\u00e3o \u00edntima e detalhada sobre a carreira do jogador de futebol <strong>Vinicius Junior<\/strong>. Com estreia marcada para 15 de maio de 2025 na <strong><a href=\"https:\/\/www.correiobraziliense.com.br\/cbradar\/adolescencia-da-netflix-vai-ter-segunda-temporada-veja-o-que-se-sabe\/\" target=\"_blank\" rel=\"noreferrer noopener\">Netflix<\/a><\/strong>, a produ\u00e7\u00e3o promete revelar os bastidores de um dos anos mais desafiadores e emocionantes da vida do atleta. O filme \u00e9 dirigido por <strong>Andrucha Waddington<\/strong> e produzido pela <strong>Conspira\u00e7\u00e3o<\/strong>, oferecendo um olhar exclusivo sobre os altos e baixos enfrentados por Vini.<\/p>\n\n\n\n<p>O trailer oficial do document\u00e1rio j\u00e1 est\u00e1 dispon\u00edvel, destacando momentos de tens\u00e3o e emo\u00e7\u00e3o vividos pelo jogador e sua fam\u00edlia. Entre os depoimentos, est\u00e3o grandes nomes do esporte, como <strong>Neymar, Carlo Ancelotti, e Roberto Carlos<\/strong>, que compartilham suas perspectivas sobre a trajet\u00f3ria de Vinicius Junior. A produ\u00e7\u00e3o n\u00e3o apenas foca nos desafios enfrentados, mas tamb\u00e9m celebra as conquistas do jogador, incluindo sua atua\u00e7\u00e3o decisiva na <strong>UEFA Champions League.<\/strong><\/p>\n\n\n\n<h2 class=\"wp-block-heading\">Quais desafios Vinicius Junior enfrentou em 2024?<\/h2>\n\n\n\n<p>O ano de 2024 foi marcado por desafios significativos para Vinicius Junior. O jogador enfrentou les\u00f5es que amea\u00e7aram sua carreira, mas tamb\u00e9m se destacou como uma voz ativa contra o racismo nos est\u00e1dios. Sua determina\u00e7\u00e3o em superar adversidades e lutar por justi\u00e7a social \u00e9 um dos temas centrais do document\u00e1rio. Al\u00e9m disso, Vini alcan\u00e7ou o auge de sua carreira ao ser eleito o melhor jogador do mundo pela Fifa The Best, quebrando um jejum de 17 anos para o Brasil.<\/p>\n\n\n\n<figure class=\"wp-block-image size-large\"><img decoding=\"async\" width=\"1024\" height=\"576\" src=\"https:\/\/www.correiobraziliense.com.br\/cbradar\/wp-content\/uploads\/2025\/04\/Vinicius-Junior_1745413261895-1024x576.jpg\" alt=\"Document\u00e1rio de Vinicius Junior na Netflix ganha trailer e data de estreia\" class=\"wp-image-27189\" srcset=\"https:\/\/www.correiobraziliense.com.br\/cbradar\/wp-content\/uploads\/2025\/04\/Vinicius-Junior_1745413261895-1024x576.jpg 1024w, https:\/\/www.correiobraziliense.com.br\/cbradar\/wp-content\/uploads\/2025\/04\/Vinicius-Junior_1745413261895-300x169.jpg 300w, https:\/\/www.correiobraziliense.com.br\/cbradar\/wp-content\/uploads\/2025\/04\/Vinicius-Junior_1745413261895-768x432.jpg 768w, https:\/\/www.correiobraziliense.com.br\/cbradar\/wp-content\/uploads\/2025\/04\/Vinicius-Junior_1745413261895-750x422.jpg 750w, https:\/\/www.correiobraziliense.com.br\/cbradar\/wp-content\/uploads\/2025\/04\/Vinicius-Junior_1745413261895-1140x641.jpg 1140w, https:\/\/www.correiobraziliense.com.br\/cbradar\/wp-content\/uploads\/2025\/04\/Vinicius-Junior_1745413261895.jpg 1280w\" sizes=\"(max-width: 1024px) 100vw, 1024px\" \/><figcaption class=\"wp-element-caption\">Vinicius Junior. Cr\u00e9ditos: depositphotos.com \/ Musiu0<\/figcaption><\/figure>\n\n\n\n<h2 class=\"wp-block-heading\">Como &#8216;Baila, Vini&#8217; retrata a carreira de Vinicius Junior?<\/h2>\n\n\n\n<p>O document\u00e1rio oferece uma vis\u00e3o abrangente da carreira de Vinicius Junior, desde sua estreia no Flamengo at\u00e9 sua convoca\u00e7\u00e3o para a sele\u00e7\u00e3o brasileira. A produ\u00e7\u00e3o destaca a complexa estrutura de apoio que permite ao atleta preparar corpo e mente para competir no mais alto n\u00edvel do futebol mundial. Os f\u00e3s ter\u00e3o acesso a momentos in\u00e9ditos dos bastidores, mostrando o comprometimento e a paix\u00e3o de Vini pelo esporte.<\/p>\n\n\n\n<iframe loading=\"lazy\" width=\"560\" height=\"315\" src=\"https:\/\/www.youtube.com\/embed\/aogPPCXfuSM?si=IdpFTM0cFzBvSTuv\" title=\"YouTube video player\" frameborder=\"0\" allow=\"accelerometer; autoplay; clipboard-write; encrypted-media; gyroscope; picture-in-picture; web-share\" referrerpolicy=\"strict-origin-when-cross-origin\" allowfullscreen><\/iframe>\n\n\n\n<h2 class=\"wp-block-heading\">O que torna &#8216;Baila, Vini&#8217; um document\u00e1rio imperd\u00edvel?<\/h2>\n\n\n\n<p>&#8216;Baila, Vini&#8217; \u00e9 mais do que um simples document\u00e1rio esportivo; \u00e9 uma celebra\u00e7\u00e3o da resili\u00eancia e do talento de Vinicius Junior. A produ\u00e7\u00e3o captura a ess\u00eancia de um atleta que n\u00e3o apenas brilha em campo, mas tamb\u00e9m inspira fora dele. Com depoimentos de figuras influentes do futebol e cenas emocionantes, o document\u00e1rio promete cativar tanto os f\u00e3s do esporte quanto aqueles que admiram hist\u00f3rias de supera\u00e7\u00e3o.<\/p>\n\n\n\n<p>Com sua estreia iminente, &#8216;Baila, Vini&#8217; est\u00e1 pronto para conquistar o p\u00fablico ao mostrar a verdadeira ess\u00eancia de um dos maiores talentos do futebol brasileiro. A produ\u00e7\u00e3o \u00e9 uma oportunidade \u00fanica de conhecer de perto a jornada de Vinicius Junior, um atleta que continua a fazer hist\u00f3ria dentro e fora dos gramados.<\/p>\n","protected":false},"excerpt":{"rendered":"<p>Conhe\u00e7a a emocionante jornada de Vinicius Junior no document\u00e1rio &#8216;Baila, Vini&#8217;. Descubra os desafios e triunfos do jogador brasileiro.<\/p>\n","protected":false},"author":3,"featured_media":27187,"comment_status":"open","ping_status":"open","sticky":false,"template":"","format":"standard","meta":{"jnews-multi-image_gallery":[],"jnews_single_post":{"format":"standard"},"jnews_primary_category":[],"jnews_social_meta":[],"jnews_override_counter":[],"footnotes":""},"categories":[140],"post_tag":[141,568,3724],"class_list":["post-27185","post","type-post","status-publish","format-standard","has-post-thumbnail","hentry","category-entretenimento","tag-netflix","tag-series-e-filmes","tag-vinicius-junior"],"yoast_head":"<!-- This site is optimized with the Yoast SEO plugin v24.6 - https:\/\/yoast.com\/wordpress\/plugins\/seo\/ -->\n<title>Document\u00e1rio sobre Vinicius Junior na Netflix ganha trailer e data de estreia<\/title>\n<meta name=\"description\" content=\"Conhe\u00e7a a emocionante jornada de Vinicius Junior no document\u00e1rio &#039;Baila, Vini&#039;. Descubra os desafios e triunfos do jogador brasileiro.\" \/>\n<meta name=\"robots\" content=\"index, follow, max-snippet:-1, max-image-preview:large, max-video-preview:-1\" \/>\n<link rel=\"canonical\" href=\"https:\/\/www.correiobraziliense.com.br\/cbradar\/documentario-sobre-vinicius-junior-na-netflix-ganha-trailer-e-data-de-estreia\/\" \/>\n<meta property=\"og:locale\" content=\"pt_BR\" \/>\n<meta property=\"og:type\" content=\"article\" \/>\n<meta property=\"og:title\" content=\"Document\u00e1rio sobre Vinicius Junior na Netflix ganha trailer e data de estreia\" \/>\n<meta property=\"og:description\" content=\"Conhe\u00e7a a emocionante jornada de Vinicius Junior no document\u00e1rio &#039;Baila, Vini&#039;. Descubra os desafios e triunfos do jogador brasileiro.\" \/>\n<meta property=\"og:url\" content=\"https:\/\/www.correiobraziliense.com.br\/cbradar\/documentario-sobre-vinicius-junior-na-netflix-ganha-trailer-e-data-de-estreia\/\" \/>\n<meta property=\"og:site_name\" content=\"Correio Braziliense - Radar\" \/>\n<meta property=\"article:published_time\" content=\"2025-04-24T20:10:00+00:00\" \/>\n<meta property=\"og:image\" content=\"https:\/\/www.correiobraziliense.com.br\/cbradar\/wp-content\/uploads\/2025\/04\/Vinicius-Junior_1745413205127.jpg\" \/>\n\t<meta property=\"og:image:width\" content=\"1280\" \/>\n\t<meta property=\"og:image:height\" content=\"720\" \/>\n\t<meta property=\"og:image:type\" content=\"image\/jpeg\" \/>\n<meta name=\"author\" content=\"Larissa Carvalho\" \/>\n<meta name=\"twitter:card\" content=\"summary_large_image\" \/>\n<meta name=\"twitter:label1\" content=\"Escrito por\" \/>\n\t<meta name=\"twitter:data1\" content=\"Larissa Carvalho\" \/>\n\t<meta name=\"twitter:label2\" content=\"Est. tempo de leitura\" \/>\n\t<meta name=\"twitter:data2\" content=\"3 minutos\" \/>\n<!-- \/ Yoast SEO plugin. -->","yoast_head_json":{"title":"Document\u00e1rio sobre Vinicius Junior na Netflix ganha trailer e data de estreia","description":"Conhe\u00e7a a emocionante jornada de Vinicius Junior no document\u00e1rio 'Baila, Vini'. Descubra os desafios e triunfos do jogador brasileiro.","robots":{"index":"index","follow":"follow","max-snippet":"max-snippet:-1","max-image-preview":"max-image-preview:large","max-video-preview":"max-video-preview:-1"},"canonical":"https:\/\/www.correiobraziliense.com.br\/cbradar\/documentario-sobre-vinicius-junior-na-netflix-ganha-trailer-e-data-de-estreia\/","og_locale":"pt_BR","og_type":"article","og_title":"Document\u00e1rio sobre Vinicius Junior na Netflix ganha trailer e data de estreia","og_description":"Conhe\u00e7a a emocionante jornada de Vinicius Junior no document\u00e1rio 'Baila, Vini'. Descubra os desafios e triunfos do jogador brasileiro.","og_url":"https:\/\/www.correiobraziliense.com.br\/cbradar\/documentario-sobre-vinicius-junior-na-netflix-ganha-trailer-e-data-de-estreia\/","og_site_name":"Correio Braziliense - Radar","article_published_time":"2025-04-24T20:10:00+00:00","og_image":[{"width":1280,"height":720,"url":"https:\/\/www.correiobraziliense.com.br\/cbradar\/wp-content\/uploads\/2025\/04\/Vinicius-Junior_1745413205127.jpg","type":"image\/jpeg"}],"author":"Larissa Carvalho","twitter_card":"summary_large_image","twitter_misc":{"Escrito por":"Larissa Carvalho","Est. tempo de leitura":"3 minutos"},"schema":{"@context":"https:\/\/schema.org","@graph":[{"@type":"WebPage","@id":"https:\/\/www.correiobraziliense.com.br\/cbradar\/documentario-sobre-vinicius-junior-na-netflix-ganha-trailer-e-data-de-estreia\/","url":"https:\/\/www.correiobraziliense.com.br\/cbradar\/documentario-sobre-vinicius-junior-na-netflix-ganha-trailer-e-data-de-estreia\/","name":"Document\u00e1rio sobre Vinicius Junior na Netflix ganha trailer e data de estreia","isPartOf":{"@id":"https:\/\/www.correiobraziliense.com.br\/cbradar\/#website"},"primaryImageOfPage":{"@id":"https:\/\/www.correiobraziliense.com.br\/cbradar\/documentario-sobre-vinicius-junior-na-netflix-ganha-trailer-e-data-de-estreia\/#primaryimage"},"image":{"@id":"https:\/\/www.correiobraziliense.com.br\/cbradar\/documentario-sobre-vinicius-junior-na-netflix-ganha-trailer-e-data-de-estreia\/#primaryimage"},"thumbnailUrl":"https:\/\/www.correiobraziliense.com.br\/cbradar\/wp-content\/uploads\/2025\/04\/Vinicius-Junior_1745413205127.jpg","datePublished":"2025-04-24T20:10:00+00:00","author":{"@id":"https:\/\/www.correiobraziliense.com.br\/cbradar\/#\/schema\/person\/58422787644df994b53a19d3e56c1513"},"description":"Conhe\u00e7a a emocionante jornada de Vinicius Junior no document\u00e1rio 'Baila, Vini'. Descubra os desafios e triunfos do jogador brasileiro.","breadcrumb":{"@id":"https:\/\/www.correiobraziliense.com.br\/cbradar\/documentario-sobre-vinicius-junior-na-netflix-ganha-trailer-e-data-de-estreia\/#breadcrumb"},"inLanguage":"pt-BR","potentialAction":[{"@type":"ReadAction","target":["https:\/\/www.correiobraziliense.com.br\/cbradar\/documentario-sobre-vinicius-junior-na-netflix-ganha-trailer-e-data-de-estreia\/"]}]},{"@type":"ImageObject","inLanguage":"pt-BR","@id":"https:\/\/www.correiobraziliense.com.br\/cbradar\/documentario-sobre-vinicius-junior-na-netflix-ganha-trailer-e-data-de-estreia\/#primaryimage","url":"https:\/\/www.correiobraziliense.com.br\/cbradar\/wp-content\/uploads\/2025\/04\/Vinicius-Junior_1745413205127.jpg","contentUrl":"https:\/\/www.correiobraziliense.com.br\/cbradar\/wp-content\/uploads\/2025\/04\/Vinicius-Junior_1745413205127.jpg","width":1280,"height":720,"caption":"Vinicius Junior. Cr\u00e9ditos: depositphotos.com \/ Musiu0"},{"@type":"BreadcrumbList","@id":"https:\/\/www.correiobraziliense.com.br\/cbradar\/documentario-sobre-vinicius-junior-na-netflix-ganha-trailer-e-data-de-estreia\/#breadcrumb","itemListElement":[{"@type":"ListItem","position":1,"name":"In\u00edcio","item":"https:\/\/www.correiobraziliense.com.br\/cbradar\/"},{"@type":"ListItem","position":2,"name":"Document\u00e1rio sobre Vinicius Junior na Netflix ganha trailer e data de estreia"}]},{"@type":"WebSite","@id":"https:\/\/www.correiobraziliense.com.br\/cbradar\/#website","url":"https:\/\/www.correiobraziliense.com.br\/cbradar\/","name":"Correio Braziliense - Radar","description":"Acompanhe as \u00faltimas not\u00edcias e fique bem informado sobre tudo o que acontece no Brasil e no mundo.","potentialAction":[{"@type":"SearchAction","target":{"@type":"EntryPoint","urlTemplate":"https:\/\/www.correiobraziliense.com.br\/cbradar\/?s={search_term_string}"},"query-input":{"@type":"PropertyValueSpecification","valueRequired":true,"valueName":"search_term_string"}}],"inLanguage":"pt-BR"},{"@type":"Person","@id":"https:\/\/www.correiobraziliense.com.br\/cbradar\/#\/schema\/person\/58422787644df994b53a19d3e56c1513","name":"Larissa Carvalho","image":{"@type":"ImageObject","inLanguage":"pt-BR","@id":"https:\/\/www.correiobraziliense.com.br\/cbradar\/#\/schema\/person\/image\/","url":"https:\/\/secure.gravatar.com\/avatar\/fe4f91a0de32b52a838d0d612abdc1aa?s=96&d=mm&r=g","contentUrl":"https:\/\/secure.gravatar.com\/avatar\/fe4f91a0de32b52a838d0d612abdc1aa?s=96&d=mm&r=g","caption":"Larissa Carvalho"},"url":"https:\/\/www.correiobraziliense.com.br\/cbradar\/author\/larissamyth\/"}]}},"_links":{"self":[{"href":"https:\/\/www.correiobraziliense.com.br\/cbradar\/wp-json\/wp\/v2\/posts\/27185","targetHints":{"allow":["GET"]}}],"collection":[{"href":"https:\/\/www.correiobraziliense.com.br\/cbradar\/wp-json\/wp\/v2\/posts"}],"about":[{"href":"https:\/\/www.correiobraziliense.com.br\/cbradar\/wp-json\/wp\/v2\/types\/post"}],"author":[{"embeddable":true,"href":"https:\/\/www.correiobraziliense.com.br\/cbradar\/wp-json\/wp\/v2\/users\/3"}],"replies":[{"embeddable":true,"href":"https:\/\/www.correiobraziliense.com.br\/cbradar\/wp-json\/wp\/v2\/comments?post=27185"}],"version-history":[{"count":2,"href":"https:\/\/www.correiobraziliense.com.br\/cbradar\/wp-json\/wp\/v2\/posts\/27185\/revisions"}],"predecessor-version":[{"id":27190,"href":"https:\/\/www.correiobraziliense.com.br\/cbradar\/wp-json\/wp\/v2\/posts\/27185\/revisions\/27190"}],"wp:featuredmedia":[{"embeddable":true,"href":"https:\/\/www.correiobraziliense.com.br\/cbradar\/wp-json\/wp\/v2\/media\/27187"}],"wp:attachment":[{"href":"https:\/\/www.correiobraziliense.com.br\/cbradar\/wp-json\/wp\/v2\/media?parent=27185"}],"wp:term":[{"taxonomy":"category","embeddable":true,"href":"https:\/\/www.correiobraziliense.com.br\/cbradar\/wp-json\/wp\/v2\/categories?post=27185"},{"taxonomy":"post_tag","embeddable":true,"href":"https:\/\/www.correiobraziliense.com.br\/cbradar\/wp-json\/wp\/v2\/post_tag?post=27185"}],"curies":[{"name":"wp","href":"https:\/\/api.w.org\/{rel}","templated":true}]}}