{"id":27228,"date":"2025-04-24T17:30:00","date_gmt":"2025-04-24T20:30:00","guid":{"rendered":"https:\/\/www.correiobraziliense.com.br\/cbradar\/?p=27228"},"modified":"2025-04-23T10:46:00","modified_gmt":"2025-04-23T13:46:00","slug":"veja-dicas-de-como-tirar-fotos-melhores-na-academia","status":"publish","type":"post","link":"https:\/\/www.correiobraziliense.com.br\/cbradar\/veja-dicas-de-como-tirar-fotos-melhores-na-academia\/","title":{"rendered":"Veja dicas de como tirar fotos melhores na academia"},"content":{"rendered":"\n<p>Exibir os resultados do esfor\u00e7o f\u00edsico na academia \u00e9 algo que muitos desejam, especialmente quando os m\u00fasculos est\u00e3o mais evidentes ap\u00f3s o treino. No entanto, conseguir uma foto que realmente destaque o f\u00edsico pode ser um desafio. Para ajudar nesse processo, fot\u00f3grafos profissionais compartilham dicas valiosas sobre como escolher o cen\u00e1rio, a ilumina\u00e7\u00e3o e a pose ideais para capturar imagens impressionantes.<\/p>\n\n\n\n<p>Al\u00e9m de t\u00e9cnicas fotogr\u00e1ficas, \u00e9 importante considerar o ambiente ao redor para garantir que a foto n\u00e3o apenas valorize o corpo, mas tamb\u00e9m seja esteticamente agrad\u00e1vel. A seguir, s\u00e3o apresentadas algumas orienta\u00e7\u00f5es para garantir que suas fotos de academia sejam um sucesso.<\/p>\n\n\n\n<h2 class=\"wp-block-heading\">Qual \u00e9 a import\u00e2ncia do cen\u00e1rio nas fotos de academia?<\/h2>\n\n\n\n<p>O cen\u00e1rio desempenha um papel crucial na composi\u00e7\u00e3o de uma boa foto. Um fundo desorganizado ou com elementos distrativos pode desviar a aten\u00e7\u00e3o do sujeito principal. Portanto, \u00e9 essencial escolher um local que complemente a imagem sem competir com ela. Um exemplo \u00e9 evitar \u00e1reas com muitos textos ou faixas que possam tirar o foco do corpo.<\/p>\n\n\n\n<p>Al\u00e9m disso, \u00e9 recomend\u00e1vel realizar as sess\u00f5es de fotos em hor\u00e1rios em que a academia esteja menos movimentada. Isso n\u00e3o apenas evita atrapalhar outros frequentadores, mas tamb\u00e9m permite que o fot\u00f3grafo tenha mais liberdade para explorar diferentes \u00e2ngulos e posi\u00e7\u00f5es.<\/p>\n\n\n\n<figure class=\"wp-block-image size-large\"><img decoding=\"async\" width=\"1024\" height=\"576\" src=\"https:\/\/www.correiobraziliense.com.br\/cbradar\/wp-content\/uploads\/2025\/04\/academia_1745415946484-1024x576.jpg\" alt=\"Veja dicas de como tirar fotos melhores na academia\" class=\"wp-image-27238\" srcset=\"https:\/\/www.correiobraziliense.com.br\/cbradar\/wp-content\/uploads\/2025\/04\/academia_1745415946484-1024x576.jpg 1024w, https:\/\/www.correiobraziliense.com.br\/cbradar\/wp-content\/uploads\/2025\/04\/academia_1745415946484-300x169.jpg 300w, https:\/\/www.correiobraziliense.com.br\/cbradar\/wp-content\/uploads\/2025\/04\/academia_1745415946484-768x432.jpg 768w, https:\/\/www.correiobraziliense.com.br\/cbradar\/wp-content\/uploads\/2025\/04\/academia_1745415946484-750x422.jpg 750w, https:\/\/www.correiobraziliense.com.br\/cbradar\/wp-content\/uploads\/2025\/04\/academia_1745415946484-1140x641.jpg 1140w, https:\/\/www.correiobraziliense.com.br\/cbradar\/wp-content\/uploads\/2025\/04\/academia_1745415946484.jpg 1280w\" sizes=\"(max-width: 1024px) 100vw, 1024px\" \/><figcaption class=\"wp-element-caption\">academia. Cr\u00e9ditos: depositphotos.com \/ kotin<\/figcaption><\/figure>\n\n\n\n<h2 class=\"wp-block-heading\">Como a ilumina\u00e7\u00e3o pode influenciar o resultado das fotos?<\/h2>\n\n\n\n<p>A ilumina\u00e7\u00e3o \u00e9 um dos fatores mais importantes na fotografia, especialmente quando se trata de destacar a defini\u00e7\u00e3o muscular. Luzes que v\u00eam de cima ou de lado podem criar sombras que acentuam os m\u00fasculos, proporcionando um efeito mais definido. Sempre que poss\u00edvel, opte por luz natural, como a que entra pelas janelas. Em ambientes internos ou \u00e0 noite, escolha locais bem iluminados.<\/p>\n\n\n\n<p>Um exemplo de boa pr\u00e1tica \u00e9 posicionar a fonte de luz de forma que ela venha de cima ou de lado, o que ajuda a criar um efeito de volume nos m\u00fasculos. Ajustar a ilumina\u00e7\u00e3o corretamente pode transformar uma foto comum em uma imagem impressionante.<\/p>\n\n\n\n<h2 class=\"wp-block-heading\">Quais s\u00e3o as melhores poses para destacar os m\u00fasculos?<\/h2>\n\n\n\n<p>Posar corretamente \u00e9 essencial para destacar os m\u00fasculos nas fotos. Simplesmente ficar parado n\u00e3o real\u00e7a o f\u00edsico da mesma forma que uma pose bem pensada. Usar pesos para contrair os m\u00fasculos pode ajudar a dar mais volume e defini\u00e7\u00e3o. Testar diferentes posi\u00e7\u00f5es tamb\u00e9m pode melhorar a consci\u00eancia corporal e ajudar a encontrar as poses que mais favorecem cada pessoa.<\/p>\n\n\n\n<p>Para bra\u00e7os e b\u00edceps, manter o bra\u00e7o levemente contra\u00eddo e pr\u00f3ximo ao corpo \u00e9 uma boa estrat\u00e9gia. J\u00e1 para o abd\u00f4men, a ilumina\u00e7\u00e3o de cima e uma postura de frente ou semilateral s\u00e3o recomendadas. Para pernas e gl\u00fateos, um espelho baixo ou um \u00e2ngulo lateral pode ser mais eficaz.<\/p>\n\n\n\n<h2 class=\"wp-block-heading\">Como ajustar as configura\u00e7\u00f5es da c\u00e2mera do celular para melhores fotos?<\/h2>\n\n\n\n<p>As configura\u00e7\u00f5es da c\u00e2mera do celular podem fazer uma grande diferen\u00e7a na qualidade das fotos. Ativar o HDR ajuda a equilibrar luz e sombra, enquanto o modo retrato desfoca o fundo, destacando o corpo. O uso do timer e do modo burst pode capturar a melhor pose em movimento. Evitar a lente grande angular \u00e9 importante, pois ela pode distorcer a imagem.<\/p>\n\n\n\n<p>O modo autom\u00e1tico geralmente funciona bem em boas condi\u00e7\u00f5es de ilumina\u00e7\u00e3o, mas para quem tem mais experi\u00eancia, o modo manual pode oferecer mais controle sobre o resultado final.<\/p>\n\n\n\n<h2 class=\"wp-block-heading\">Quais acess\u00f3rios podem ajudar na fotografia de academia?<\/h2>\n\n\n\n<p>Para diversificar as fotos al\u00e9m das selfies, um trip\u00e9 pode ser um \u00f3timo investimento. Um modelo pequeno permite testar v\u00e1rios \u00e2ngulos sem depender de outra pessoa. No entanto, \u00e9 importante ser consciente do espa\u00e7o ao redor para n\u00e3o atrapalhar outros usu\u00e1rios da academia.<\/p>\n\n\n\n<p>Al\u00e9m disso, o uso de cosm\u00e9ticos como \u00f3leos e hidratantes pode real\u00e7ar a defini\u00e7\u00e3o muscular, imitando o efeito do suor. Esses produtos ajudam a dar brilho \u00e0 pele, tornando os m\u00fasculos mais evidentes nas fotos.<\/p>\n","protected":false},"excerpt":{"rendered":"<p>Dicas profissionais para capturar fotos perfeitas na academia. Descubra como escolher cen\u00e1rio, ilumina\u00e7\u00e3o e poses ideais para destacar seu f\u00edsico.<\/p>\n","protected":false},"author":3,"featured_media":27236,"comment_status":"open","ping_status":"open","sticky":false,"template":"","format":"standard","meta":{"_yoast_wpseo_focuskw":"fotos academia","_yoast_wpseo_title":"%%title%%","_yoast_wpseo_metadesc":"Dicas profissionais para capturar fotos perfeitas na academia. Descubra como escolher cen\u00e1rio, ilumina\u00e7\u00e3o e poses ideais para destacar seu f\u00edsico.","jnews-multi-image_gallery":[],"jnews_single_post":{"format":"standard"},"jnews_primary_category":[],"jnews_social_meta":[],"jnews_override_counter":[],"footnotes":""},"categories":[112],"tags":[1204,3728],"class_list":["post-27228","post","type-post","status-publish","format-standard","has-post-thumbnail","hentry","category-curiosidades","tag-academia","tag-fotos"],"yoast_head":"<!-- This site is optimized with the Yoast SEO plugin v24.6 - https:\/\/yoast.com\/wordpress\/plugins\/seo\/ -->\n<title>Veja dicas de como tirar fotos melhores na academia<\/title>\n<meta name=\"description\" content=\"Dicas profissionais para capturar fotos perfeitas na academia. Descubra como escolher cen\u00e1rio, ilumina\u00e7\u00e3o e poses ideais para destacar seu f\u00edsico.\" \/>\n<meta name=\"robots\" content=\"index, follow, max-snippet:-1, max-image-preview:large, max-video-preview:-1\" \/>\n<link rel=\"canonical\" href=\"https:\/\/www.correiobraziliense.com.br\/cbradar\/veja-dicas-de-como-tirar-fotos-melhores-na-academia\/\" \/>\n<meta property=\"og:locale\" content=\"pt_BR\" \/>\n<meta property=\"og:type\" content=\"article\" \/>\n<meta property=\"og:title\" content=\"Veja dicas de como tirar fotos melhores na academia\" \/>\n<meta property=\"og:description\" content=\"Dicas profissionais para capturar fotos perfeitas na academia. Descubra como escolher cen\u00e1rio, ilumina\u00e7\u00e3o e poses ideais para destacar seu f\u00edsico.\" \/>\n<meta property=\"og:url\" content=\"https:\/\/www.correiobraziliense.com.br\/cbradar\/veja-dicas-de-como-tirar-fotos-melhores-na-academia\/\" \/>\n<meta property=\"og:site_name\" content=\"Correio Braziliense - Radar\" \/>\n<meta property=\"article:published_time\" content=\"2025-04-24T20:30:00+00:00\" \/>\n<meta property=\"og:image\" content=\"https:\/\/www.correiobraziliense.com.br\/cbradar\/wp-content\/uploads\/2025\/04\/academia_1745415821068.jpg\" \/>\n\t<meta property=\"og:image:width\" content=\"1280\" \/>\n\t<meta property=\"og:image:height\" content=\"720\" \/>\n\t<meta property=\"og:image:type\" content=\"image\/jpeg\" \/>\n<meta name=\"author\" content=\"Larissa Carvalho\" \/>\n<meta name=\"twitter:card\" content=\"summary_large_image\" \/>\n<meta name=\"twitter:label1\" content=\"Escrito por\" \/>\n\t<meta name=\"twitter:data1\" content=\"Larissa Carvalho\" \/>\n\t<meta name=\"twitter:label2\" content=\"Est. tempo de leitura\" \/>\n\t<meta name=\"twitter:data2\" content=\"4 minutos\" \/>\n<!-- \/ Yoast SEO plugin. -->","yoast_head_json":{"title":"Veja dicas de como tirar fotos melhores na academia","description":"Dicas profissionais para capturar fotos perfeitas na academia. Descubra como escolher cen\u00e1rio, ilumina\u00e7\u00e3o e poses ideais para destacar seu f\u00edsico.","robots":{"index":"index","follow":"follow","max-snippet":"max-snippet:-1","max-image-preview":"max-image-preview:large","max-video-preview":"max-video-preview:-1"},"canonical":"https:\/\/www.correiobraziliense.com.br\/cbradar\/veja-dicas-de-como-tirar-fotos-melhores-na-academia\/","og_locale":"pt_BR","og_type":"article","og_title":"Veja dicas de como tirar fotos melhores na academia","og_description":"Dicas profissionais para capturar fotos perfeitas na academia. Descubra como escolher cen\u00e1rio, ilumina\u00e7\u00e3o e poses ideais para destacar seu f\u00edsico.","og_url":"https:\/\/www.correiobraziliense.com.br\/cbradar\/veja-dicas-de-como-tirar-fotos-melhores-na-academia\/","og_site_name":"Correio Braziliense - Radar","article_published_time":"2025-04-24T20:30:00+00:00","og_image":[{"width":1280,"height":720,"url":"https:\/\/www.correiobraziliense.com.br\/cbradar\/wp-content\/uploads\/2025\/04\/academia_1745415821068.jpg","type":"image\/jpeg"}],"author":"Larissa Carvalho","twitter_card":"summary_large_image","twitter_misc":{"Escrito por":"Larissa Carvalho","Est. tempo de leitura":"4 minutos"},"schema":{"@context":"https:\/\/schema.org","@graph":[{"@type":"WebPage","@id":"https:\/\/www.correiobraziliense.com.br\/cbradar\/veja-dicas-de-como-tirar-fotos-melhores-na-academia\/","url":"https:\/\/www.correiobraziliense.com.br\/cbradar\/veja-dicas-de-como-tirar-fotos-melhores-na-academia\/","name":"Veja dicas de como tirar fotos melhores na academia","isPartOf":{"@id":"https:\/\/www.correiobraziliense.com.br\/cbradar\/#website"},"primaryImageOfPage":{"@id":"https:\/\/www.correiobraziliense.com.br\/cbradar\/veja-dicas-de-como-tirar-fotos-melhores-na-academia\/#primaryimage"},"image":{"@id":"https:\/\/www.correiobraziliense.com.br\/cbradar\/veja-dicas-de-como-tirar-fotos-melhores-na-academia\/#primaryimage"},"thumbnailUrl":"https:\/\/www.correiobraziliense.com.br\/cbradar\/wp-content\/uploads\/2025\/04\/academia_1745415821068.jpg","datePublished":"2025-04-24T20:30:00+00:00","author":{"@id":"https:\/\/www.correiobraziliense.com.br\/cbradar\/#\/schema\/person\/58422787644df994b53a19d3e56c1513"},"description":"Dicas profissionais para capturar fotos perfeitas na academia. Descubra como escolher cen\u00e1rio, ilumina\u00e7\u00e3o e poses ideais para destacar seu f\u00edsico.","breadcrumb":{"@id":"https:\/\/www.correiobraziliense.com.br\/cbradar\/veja-dicas-de-como-tirar-fotos-melhores-na-academia\/#breadcrumb"},"inLanguage":"pt-BR","potentialAction":[{"@type":"ReadAction","target":["https:\/\/www.correiobraziliense.com.br\/cbradar\/veja-dicas-de-como-tirar-fotos-melhores-na-academia\/"]}]},{"@type":"ImageObject","inLanguage":"pt-BR","@id":"https:\/\/www.correiobraziliense.com.br\/cbradar\/veja-dicas-de-como-tirar-fotos-melhores-na-academia\/#primaryimage","url":"https:\/\/www.correiobraziliense.com.br\/cbradar\/wp-content\/uploads\/2025\/04\/academia_1745415821068.jpg","contentUrl":"https:\/\/www.correiobraziliense.com.br\/cbradar\/wp-content\/uploads\/2025\/04\/academia_1745415821068.jpg","width":1280,"height":720,"caption":"academia. Cr\u00e9ditos: depositphotos.com \/ artem_furman"},{"@type":"BreadcrumbList","@id":"https:\/\/www.correiobraziliense.com.br\/cbradar\/veja-dicas-de-como-tirar-fotos-melhores-na-academia\/#breadcrumb","itemListElement":[{"@type":"ListItem","position":1,"name":"In\u00edcio","item":"https:\/\/www.correiobraziliense.com.br\/cbradar\/"},{"@type":"ListItem","position":2,"name":"Veja dicas de como tirar fotos melhores na academia"}]},{"@type":"WebSite","@id":"https:\/\/www.correiobraziliense.com.br\/cbradar\/#website","url":"https:\/\/www.correiobraziliense.com.br\/cbradar\/","name":"Correio Braziliense - Radar","description":"Acompanhe as \u00faltimas not\u00edcias e fique bem informado sobre tudo o que acontece no Brasil e no mundo.","potentialAction":[{"@type":"SearchAction","target":{"@type":"EntryPoint","urlTemplate":"https:\/\/www.correiobraziliense.com.br\/cbradar\/?s={search_term_string}"},"query-input":{"@type":"PropertyValueSpecification","valueRequired":true,"valueName":"search_term_string"}}],"inLanguage":"pt-BR"},{"@type":"Person","@id":"https:\/\/www.correiobraziliense.com.br\/cbradar\/#\/schema\/person\/58422787644df994b53a19d3e56c1513","name":"Larissa Carvalho","image":{"@type":"ImageObject","inLanguage":"pt-BR","@id":"https:\/\/www.correiobraziliense.com.br\/cbradar\/#\/schema\/person\/image\/","url":"https:\/\/secure.gravatar.com\/avatar\/fe4f91a0de32b52a838d0d612abdc1aa?s=96&d=mm&r=g","contentUrl":"https:\/\/secure.gravatar.com\/avatar\/fe4f91a0de32b52a838d0d612abdc1aa?s=96&d=mm&r=g","caption":"Larissa Carvalho"},"url":"https:\/\/www.correiobraziliense.com.br\/cbradar\/author\/larissamyth\/"}]}},"_links":{"self":[{"href":"https:\/\/www.correiobraziliense.com.br\/cbradar\/wp-json\/wp\/v2\/posts\/27228","targetHints":{"allow":["GET"]}}],"collection":[{"href":"https:\/\/www.correiobraziliense.com.br\/cbradar\/wp-json\/wp\/v2\/posts"}],"about":[{"href":"https:\/\/www.correiobraziliense.com.br\/cbradar\/wp-json\/wp\/v2\/types\/post"}],"author":[{"embeddable":true,"href":"https:\/\/www.correiobraziliense.com.br\/cbradar\/wp-json\/wp\/v2\/users\/3"}],"replies":[{"embeddable":true,"href":"https:\/\/www.correiobraziliense.com.br\/cbradar\/wp-json\/wp\/v2\/comments?post=27228"}],"version-history":[{"count":2,"href":"https:\/\/www.correiobraziliense.com.br\/cbradar\/wp-json\/wp\/v2\/posts\/27228\/revisions"}],"predecessor-version":[{"id":27239,"href":"https:\/\/www.correiobraziliense.com.br\/cbradar\/wp-json\/wp\/v2\/posts\/27228\/revisions\/27239"}],"wp:featuredmedia":[{"embeddable":true,"href":"https:\/\/www.correiobraziliense.com.br\/cbradar\/wp-json\/wp\/v2\/media\/27236"}],"wp:attachment":[{"href":"https:\/\/www.correiobraziliense.com.br\/cbradar\/wp-json\/wp\/v2\/media?parent=27228"}],"wp:term":[{"taxonomy":"category","embeddable":true,"href":"https:\/\/www.correiobraziliense.com.br\/cbradar\/wp-json\/wp\/v2\/categories?post=27228"},{"taxonomy":"post_tag","embeddable":true,"href":"https:\/\/www.correiobraziliense.com.br\/cbradar\/wp-json\/wp\/v2\/tags?post=27228"}],"curies":[{"name":"wp","href":"https:\/\/api.w.org\/{rel}","templated":true}]}}