{"id":27256,"date":"2025-04-24T22:10:00","date_gmt":"2025-04-25T01:10:00","guid":{"rendered":"https:\/\/www.correiobraziliense.com.br\/cbradar\/?p=27256"},"modified":"2025-04-23T10:57:07","modified_gmt":"2025-04-23T13:57:07","slug":"tomar-energetico-como-pre-treino-e-saudavel-veja-analise","status":"publish","type":"post","link":"https:\/\/www.correiobraziliense.com.br\/cbradar\/tomar-energetico-como-pre-treino-e-saudavel-veja-analise\/","title":{"rendered":"Tomar energ\u00e9tico como pr\u00e9-treino \u00e9 saud\u00e1vel? Veja an\u00e1lise"},"content":{"rendered":"\n<p>O uso de bebidas energ\u00e9ticas e suplementos contendo cafe\u00edna tem se popularizado entre aqueles que buscam melhorar o desempenho f\u00edsico. Estes produtos s\u00e3o frequentemente utilizados como pr\u00e9-treino, prometendo aumentar a energia e a resist\u00eancia durante atividades intensas. No entanto, o consumo excessivo pode trazer riscos significativos \u00e0 sa\u00fade, como demonstrado por relatos recentes de complica\u00e7\u00f5es graves.<\/p>\n\n\n\n<p>Casos de interna\u00e7\u00f5es devido ao uso indiscriminado de energ\u00e9ticos t\u00eam chamado a aten\u00e7\u00e3o para os perigos associados a esses produtos. A ingest\u00e3o sem supervis\u00e3o m\u00e9dica pode resultar em efeitos adversos, especialmente em indiv\u00edduos com condi\u00e7\u00f5es de sa\u00fade preexistentes.<\/p>\n\n\n\n<h2 class=\"wp-block-heading\">Quais s\u00e3o os riscos do consumo excessivo?<\/h2>\n\n\n\n<p>As bebidas energ\u00e9ticas cont\u00eam subst\u00e2ncias como cafe\u00edna, taurina e a\u00e7\u00facares, que em grandes quantidades podem provocar efeitos negativos. Entre os riscos mais comuns est\u00e3o os problemas cardiovasculares, como aumento da press\u00e3o arterial e arritmias. Em situa\u00e7\u00f5es extremas, o consumo excessivo pode levar a eventos graves, como paradas card\u00edacas.<\/p>\n\n\n\n<p>Al\u00e9m dos efeitos no sistema cardiovascular, o consumo exagerado de energ\u00e9ticos pode causar problemas neurol\u00f3gicos, como ins\u00f4nia e ansiedade. Altera\u00e7\u00f5es no metabolismo, como mudan\u00e7as nos n\u00edveis de glicose, tamb\u00e9m s\u00e3o preocupa\u00e7\u00f5es relevantes. Sintomas como palpita\u00e7\u00f5es e tontura podem indicar que o corpo est\u00e1 reagindo negativamente ao consumo.<\/p>\n\n\n\n<figure class=\"wp-block-image size-large\"><img decoding=\"async\" width=\"1024\" height=\"576\" src=\"https:\/\/www.correiobraziliense.com.br\/cbradar\/wp-content\/uploads\/2025\/04\/Bebida-energetica_1745416610673-1024x576.jpg\" alt=\"Tomar energ\u00e9tico como pr\u00e9-treino \u00e9 saud\u00e1vel? Veja an\u00e1lise\" class=\"wp-image-27261\" srcset=\"https:\/\/www.correiobraziliense.com.br\/cbradar\/wp-content\/uploads\/2025\/04\/Bebida-energetica_1745416610673-1024x576.jpg 1024w, https:\/\/www.correiobraziliense.com.br\/cbradar\/wp-content\/uploads\/2025\/04\/Bebida-energetica_1745416610673-300x169.jpg 300w, https:\/\/www.correiobraziliense.com.br\/cbradar\/wp-content\/uploads\/2025\/04\/Bebida-energetica_1745416610673-768x432.jpg 768w, https:\/\/www.correiobraziliense.com.br\/cbradar\/wp-content\/uploads\/2025\/04\/Bebida-energetica_1745416610673-750x422.jpg 750w, https:\/\/www.correiobraziliense.com.br\/cbradar\/wp-content\/uploads\/2025\/04\/Bebida-energetica_1745416610673-1140x641.jpg 1140w, https:\/\/www.correiobraziliense.com.br\/cbradar\/wp-content\/uploads\/2025\/04\/Bebida-energetica_1745416610673.jpg 1280w\" sizes=\"(max-width: 1024px) 100vw, 1024px\" \/><figcaption class=\"wp-element-caption\">Bebida energ\u00e9tica. Cr\u00e9ditos: depositphotos.com \/ VitalikRadko<\/figcaption><\/figure>\n\n\n\n<h2 class=\"wp-block-heading\">Quem deve evitar energ\u00e9ticos?<\/h2>\n\n\n\n<p>O consumo de bebidas energ\u00e9ticas pode ser particularmente perigoso para pessoas com condi\u00e7\u00f5es card\u00edacas. Indiv\u00edduos com hist\u00f3rico de hipertens\u00e3o ou arritmias devem evitar esses produtos sem orienta\u00e7\u00e3o m\u00e9dica. Adolescentes e crian\u00e7as tamb\u00e9m s\u00e3o mais vulner\u00e1veis aos efeitos adversos devido ao seu metabolismo mais sens\u00edvel.<\/p>\n\n\n\n<p>Para aqueles com problemas card\u00edacos, os energ\u00e9ticos podem aumentar significativamente o risco de complica\u00e7\u00f5es, como arritmias graves e picos de press\u00e3o arterial. Em casos severos, isso pode resultar em consequ\u00eancias fatais.<\/p>\n\n\n\n<h2 class=\"wp-block-heading\">Como consumir de forma segura?<\/h2>\n\n\n\n<p>A Organiza\u00e7\u00e3o Mundial da Sa\u00fade sugere um limite de 400 mg de cafe\u00edna por dia, incluindo todas as fontes. Para atletas, \u00e9 essencial buscar orienta\u00e7\u00e3o profissional antes de usar energ\u00e9ticos como pr\u00e9-treino, especialmente se houver hist\u00f3rico de problemas de sa\u00fade.<\/p>\n\n\n\n<p>Alternativas mais seguras, como caf\u00e9 preto ou suplementos com menor concentra\u00e7\u00e3o de estimulantes, podem ser consideradas. O acompanhamento de um nutricionista ou m\u00e9dico do esporte \u00e9 crucial para garantir que o consumo n\u00e3o prejudique a sa\u00fade ou o desempenho.<\/p>\n\n\n\n<h2 class=\"wp-block-heading\">A cafe\u00edna \u00e9 indicada como pr\u00e9-treino?<\/h2>\n\n\n\n<p>Quando consumida de forma controlada, a cafe\u00edna pode ser ben\u00e9fica para o desempenho f\u00edsico. No entanto, \u00e9 importante que seu uso seja orientado por profissionais de sa\u00fade, especialmente para aqueles com condi\u00e7\u00f5es m\u00e9dicas que possam ser afetadas. O consumo respons\u00e1vel \u00e9 fundamental para evitar riscos \u00e0 sa\u00fade.<\/p>\n\n\n\n<p>Em conclus\u00e3o, enquanto as bebidas energ\u00e9ticas e suplementos com cafe\u00edna podem oferecer benef\u00edcios, \u00e9 essencial que seu uso seja moderado e supervisionado. Isso \u00e9 particularmente importante para indiv\u00edduos com condi\u00e7\u00f5es de sa\u00fade preexistentes, a fim de evitar complica\u00e7\u00f5es graves.<\/p>\n","protected":false},"excerpt":{"rendered":"<p>Explore os efeitos das bebidas energ\u00e9ticas e suplementos com cafe\u00edna na sa\u00fade. Entenda os riscos de consumo excessivo.<\/p>\n","protected":false},"author":3,"featured_media":27260,"comment_status":"open","ping_status":"open","sticky":false,"template":"","format":"standard","meta":{"_yoast_wpseo_focuskw":"energ\u00e9tico pr\u00e9-treino","_yoast_wpseo_title":"%%title%%","_yoast_wpseo_metadesc":"Explore os efeitos das bebidas energ\u00e9ticas e suplementos com cafe\u00edna na sa\u00fade. Entenda os riscos de consumo excessivo.","jnews-multi-image_gallery":[],"jnews_single_post":{"format":"standard"},"jnews_primary_category":[],"jnews_social_meta":[],"jnews_override_counter":[],"footnotes":""},"categories":[112],"tags":[3729,565],"class_list":["post-27256","post","type-post","status-publish","format-standard","has-post-thumbnail","hentry","category-curiosidades","tag-energetico","tag-saude"],"yoast_head":"<!-- This site is optimized with the Yoast SEO plugin v24.6 - https:\/\/yoast.com\/wordpress\/plugins\/seo\/ -->\n<title>Tomar energ\u00e9tico como pr\u00e9-treino \u00e9 saud\u00e1vel? Veja an\u00e1lise<\/title>\n<meta name=\"description\" content=\"Explore os efeitos das bebidas energ\u00e9ticas e suplementos com cafe\u00edna na sa\u00fade. Entenda os riscos de consumo excessivo.\" \/>\n<meta name=\"robots\" content=\"index, follow, max-snippet:-1, max-image-preview:large, max-video-preview:-1\" \/>\n<link rel=\"canonical\" href=\"https:\/\/www.correiobraziliense.com.br\/cbradar\/tomar-energetico-como-pre-treino-e-saudavel-veja-analise\/\" \/>\n<meta property=\"og:locale\" content=\"pt_BR\" \/>\n<meta property=\"og:type\" content=\"article\" \/>\n<meta property=\"og:title\" content=\"Tomar energ\u00e9tico como pr\u00e9-treino \u00e9 saud\u00e1vel? Veja an\u00e1lise\" \/>\n<meta property=\"og:description\" content=\"Explore os efeitos das bebidas energ\u00e9ticas e suplementos com cafe\u00edna na sa\u00fade. Entenda os riscos de consumo excessivo.\" \/>\n<meta property=\"og:url\" content=\"https:\/\/www.correiobraziliense.com.br\/cbradar\/tomar-energetico-como-pre-treino-e-saudavel-veja-analise\/\" \/>\n<meta property=\"og:site_name\" content=\"Correio Braziliense - Radar\" \/>\n<meta property=\"article:published_time\" content=\"2025-04-25T01:10:00+00:00\" \/>\n<meta property=\"og:image\" content=\"https:\/\/www.correiobraziliense.com.br\/cbradar\/wp-content\/uploads\/2025\/04\/Bebida-energetica_1745416582632.jpg\" \/>\n\t<meta property=\"og:image:width\" content=\"1280\" \/>\n\t<meta property=\"og:image:height\" content=\"720\" \/>\n\t<meta property=\"og:image:type\" content=\"image\/jpeg\" \/>\n<meta name=\"author\" content=\"Larissa Carvalho\" \/>\n<meta name=\"twitter:card\" content=\"summary_large_image\" \/>\n<meta name=\"twitter:label1\" content=\"Escrito por\" \/>\n\t<meta name=\"twitter:data1\" content=\"Larissa Carvalho\" \/>\n\t<meta name=\"twitter:label2\" content=\"Est. tempo de leitura\" \/>\n\t<meta name=\"twitter:data2\" content=\"3 minutos\" \/>\n<!-- \/ Yoast SEO plugin. -->","yoast_head_json":{"title":"Tomar energ\u00e9tico como pr\u00e9-treino \u00e9 saud\u00e1vel? Veja an\u00e1lise","description":"Explore os efeitos das bebidas energ\u00e9ticas e suplementos com cafe\u00edna na sa\u00fade. Entenda os riscos de consumo excessivo.","robots":{"index":"index","follow":"follow","max-snippet":"max-snippet:-1","max-image-preview":"max-image-preview:large","max-video-preview":"max-video-preview:-1"},"canonical":"https:\/\/www.correiobraziliense.com.br\/cbradar\/tomar-energetico-como-pre-treino-e-saudavel-veja-analise\/","og_locale":"pt_BR","og_type":"article","og_title":"Tomar energ\u00e9tico como pr\u00e9-treino \u00e9 saud\u00e1vel? Veja an\u00e1lise","og_description":"Explore os efeitos das bebidas energ\u00e9ticas e suplementos com cafe\u00edna na sa\u00fade. Entenda os riscos de consumo excessivo.","og_url":"https:\/\/www.correiobraziliense.com.br\/cbradar\/tomar-energetico-como-pre-treino-e-saudavel-veja-analise\/","og_site_name":"Correio Braziliense - Radar","article_published_time":"2025-04-25T01:10:00+00:00","og_image":[{"width":1280,"height":720,"url":"https:\/\/www.correiobraziliense.com.br\/cbradar\/wp-content\/uploads\/2025\/04\/Bebida-energetica_1745416582632.jpg","type":"image\/jpeg"}],"author":"Larissa Carvalho","twitter_card":"summary_large_image","twitter_misc":{"Escrito por":"Larissa Carvalho","Est. tempo de leitura":"3 minutos"},"schema":{"@context":"https:\/\/schema.org","@graph":[{"@type":"WebPage","@id":"https:\/\/www.correiobraziliense.com.br\/cbradar\/tomar-energetico-como-pre-treino-e-saudavel-veja-analise\/","url":"https:\/\/www.correiobraziliense.com.br\/cbradar\/tomar-energetico-como-pre-treino-e-saudavel-veja-analise\/","name":"Tomar energ\u00e9tico como pr\u00e9-treino \u00e9 saud\u00e1vel? Veja an\u00e1lise","isPartOf":{"@id":"https:\/\/www.correiobraziliense.com.br\/cbradar\/#website"},"primaryImageOfPage":{"@id":"https:\/\/www.correiobraziliense.com.br\/cbradar\/tomar-energetico-como-pre-treino-e-saudavel-veja-analise\/#primaryimage"},"image":{"@id":"https:\/\/www.correiobraziliense.com.br\/cbradar\/tomar-energetico-como-pre-treino-e-saudavel-veja-analise\/#primaryimage"},"thumbnailUrl":"https:\/\/www.correiobraziliense.com.br\/cbradar\/wp-content\/uploads\/2025\/04\/Bebida-energetica_1745416582632.jpg","datePublished":"2025-04-25T01:10:00+00:00","author":{"@id":"https:\/\/www.correiobraziliense.com.br\/cbradar\/#\/schema\/person\/58422787644df994b53a19d3e56c1513"},"description":"Explore os efeitos das bebidas energ\u00e9ticas e suplementos com cafe\u00edna na sa\u00fade. Entenda os riscos de consumo excessivo.","breadcrumb":{"@id":"https:\/\/www.correiobraziliense.com.br\/cbradar\/tomar-energetico-como-pre-treino-e-saudavel-veja-analise\/#breadcrumb"},"inLanguage":"pt-BR","potentialAction":[{"@type":"ReadAction","target":["https:\/\/www.correiobraziliense.com.br\/cbradar\/tomar-energetico-como-pre-treino-e-saudavel-veja-analise\/"]}]},{"@type":"ImageObject","inLanguage":"pt-BR","@id":"https:\/\/www.correiobraziliense.com.br\/cbradar\/tomar-energetico-como-pre-treino-e-saudavel-veja-analise\/#primaryimage","url":"https:\/\/www.correiobraziliense.com.br\/cbradar\/wp-content\/uploads\/2025\/04\/Bebida-energetica_1745416582632.jpg","contentUrl":"https:\/\/www.correiobraziliense.com.br\/cbradar\/wp-content\/uploads\/2025\/04\/Bebida-energetica_1745416582632.jpg","width":1280,"height":720,"caption":"Bebida energ\u00e9tica. Cr\u00e9ditos: depositphotos.com \/ monticello"},{"@type":"BreadcrumbList","@id":"https:\/\/www.correiobraziliense.com.br\/cbradar\/tomar-energetico-como-pre-treino-e-saudavel-veja-analise\/#breadcrumb","itemListElement":[{"@type":"ListItem","position":1,"name":"In\u00edcio","item":"https:\/\/www.correiobraziliense.com.br\/cbradar\/"},{"@type":"ListItem","position":2,"name":"Tomar energ\u00e9tico como pr\u00e9-treino \u00e9 saud\u00e1vel? Veja an\u00e1lise"}]},{"@type":"WebSite","@id":"https:\/\/www.correiobraziliense.com.br\/cbradar\/#website","url":"https:\/\/www.correiobraziliense.com.br\/cbradar\/","name":"Correio Braziliense - Radar","description":"Acompanhe as \u00faltimas not\u00edcias e fique bem informado sobre tudo o que acontece no Brasil e no mundo.","potentialAction":[{"@type":"SearchAction","target":{"@type":"EntryPoint","urlTemplate":"https:\/\/www.correiobraziliense.com.br\/cbradar\/?s={search_term_string}"},"query-input":{"@type":"PropertyValueSpecification","valueRequired":true,"valueName":"search_term_string"}}],"inLanguage":"pt-BR"},{"@type":"Person","@id":"https:\/\/www.correiobraziliense.com.br\/cbradar\/#\/schema\/person\/58422787644df994b53a19d3e56c1513","name":"Larissa Carvalho","image":{"@type":"ImageObject","inLanguage":"pt-BR","@id":"https:\/\/www.correiobraziliense.com.br\/cbradar\/#\/schema\/person\/image\/","url":"https:\/\/secure.gravatar.com\/avatar\/fe4f91a0de32b52a838d0d612abdc1aa?s=96&d=mm&r=g","contentUrl":"https:\/\/secure.gravatar.com\/avatar\/fe4f91a0de32b52a838d0d612abdc1aa?s=96&d=mm&r=g","caption":"Larissa Carvalho"},"url":"https:\/\/www.correiobraziliense.com.br\/cbradar\/author\/larissamyth\/"}]}},"_links":{"self":[{"href":"https:\/\/www.correiobraziliense.com.br\/cbradar\/wp-json\/wp\/v2\/posts\/27256","targetHints":{"allow":["GET"]}}],"collection":[{"href":"https:\/\/www.correiobraziliense.com.br\/cbradar\/wp-json\/wp\/v2\/posts"}],"about":[{"href":"https:\/\/www.correiobraziliense.com.br\/cbradar\/wp-json\/wp\/v2\/types\/post"}],"author":[{"embeddable":true,"href":"https:\/\/www.correiobraziliense.com.br\/cbradar\/wp-json\/wp\/v2\/users\/3"}],"replies":[{"embeddable":true,"href":"https:\/\/www.correiobraziliense.com.br\/cbradar\/wp-json\/wp\/v2\/comments?post=27256"}],"version-history":[{"count":2,"href":"https:\/\/www.correiobraziliense.com.br\/cbradar\/wp-json\/wp\/v2\/posts\/27256\/revisions"}],"predecessor-version":[{"id":27262,"href":"https:\/\/www.correiobraziliense.com.br\/cbradar\/wp-json\/wp\/v2\/posts\/27256\/revisions\/27262"}],"wp:featuredmedia":[{"embeddable":true,"href":"https:\/\/www.correiobraziliense.com.br\/cbradar\/wp-json\/wp\/v2\/media\/27260"}],"wp:attachment":[{"href":"https:\/\/www.correiobraziliense.com.br\/cbradar\/wp-json\/wp\/v2\/media?parent=27256"}],"wp:term":[{"taxonomy":"category","embeddable":true,"href":"https:\/\/www.correiobraziliense.com.br\/cbradar\/wp-json\/wp\/v2\/categories?post=27256"},{"taxonomy":"post_tag","embeddable":true,"href":"https:\/\/www.correiobraziliense.com.br\/cbradar\/wp-json\/wp\/v2\/tags?post=27256"}],"curies":[{"name":"wp","href":"https:\/\/api.w.org\/{rel}","templated":true}]}}