{"id":27276,"date":"2025-04-24T18:30:00","date_gmt":"2025-04-24T21:30:00","guid":{"rendered":"https:\/\/www.correiobraziliense.com.br\/cbradar\/?p=27276"},"modified":"2025-04-23T13:26:20","modified_gmt":"2025-04-23T16:26:20","slug":"esse-destino-no-litoral-do-nordeste-foi-eleito-um-dos-mais-bonitos-do-mundo","status":"publish","type":"post","link":"https:\/\/www.correiobraziliense.com.br\/cbradar\/esse-destino-no-litoral-do-nordeste-foi-eleito-um-dos-mais-bonitos-do-mundo\/","title":{"rendered":"Esse destino no litoral do Nordeste foi eleito um dos mais bonitos do mundo"},"content":{"rendered":"\n<p>Imagine praias de \u00e1gua cristalina, coqueiros a perder de vista e vilarejos com charme r\u00fastico, onde o tempo parece passar mais devagar. \u00c9 exatamente isso que voc\u00ea encontra em <strong>S\u00e3o Miguel dos Milagres<\/strong>, em <strong>Alagoas<\/strong>, um dos destinos mais encantadores do <strong>litoral nordestino<\/strong> \u2014 e que recentemente ganhou destaque internacional ao ser eleito <strong>um dos lugares mais bonitos do mundo para visitar<\/strong>.<\/p>\n\n\n\n<p>Localizado na famosa <strong>Rota Ecol\u00f3gica dos Milagres<\/strong>, o vilarejo tem conquistado turistas brasileiros e estrangeiros com sua beleza natural preservada e sua atmosfera tranquila, sendo considerado um <strong>ref\u00fagio ideal para quem busca sossego, mar transparente e contato direto com a natureza.<\/strong><\/p>\n\n\n\n<h2 class=\"wp-block-heading\">Por que S\u00e3o Miguel dos Milagres \u00e9 t\u00e3o especial?<\/h2>\n\n\n\n<p>Ao contr\u00e1rio de destinos mais badalados, S\u00e3o Miguel dos Milagres preserva o clima intimista de uma vila de pescadores, mas sem abrir m\u00e3o de conforto e charme. Entre os principais atrativos, est\u00e3o:<\/p>\n\n\n\n<ul class=\"wp-block-list\">\n<li><strong>Praias paradis\u00edacas<\/strong> como Toque, Patacho e Porto da Rua, com \u00e1guas calmas e tons azul-turquesa<\/li>\n\n\n\n<li>Piscinas naturais que se formam na mar\u00e9 baixa, perfeitas para mergulho com snorkel<\/li>\n\n\n\n<li>Trilhas ecol\u00f3gicas e passeios de jangada pelos recifes<\/li>\n\n\n\n<li>Hospedagens p\u00e9 na areia, com <strong>pousadas boutique e bangal\u00f4s r\u00fastico-chiques<\/strong><\/li>\n\n\n\n<li>Gastronomia baseada em frutos do mar frescos e ingredientes regionais<\/li>\n<\/ul>\n\n\n\n<p>Tudo isso sem o excesso de constru\u00e7\u00f5es ou turismo de massa, o que mant\u00e9m a <strong>autenticidade e o equil\u00edbrio ambiental da regi\u00e3o.<\/strong><\/p>\n\n\n\n<figure class=\"wp-block-image size-large\"><img decoding=\"async\" width=\"1024\" height=\"576\" src=\"https:\/\/www.correiobraziliense.com.br\/cbradar\/wp-content\/uploads\/2025\/04\/Sao-Miguel-dos-Milagres_1745417175559-1024x576.jpg\" alt=\"Esse destino no litoral do Nordeste foi eleito um dos mais bonitos do mundo\" class=\"wp-image-27281\" srcset=\"https:\/\/www.correiobraziliense.com.br\/cbradar\/wp-content\/uploads\/2025\/04\/Sao-Miguel-dos-Milagres_1745417175559-1024x576.jpg 1024w, https:\/\/www.correiobraziliense.com.br\/cbradar\/wp-content\/uploads\/2025\/04\/Sao-Miguel-dos-Milagres_1745417175559-300x169.jpg 300w, https:\/\/www.correiobraziliense.com.br\/cbradar\/wp-content\/uploads\/2025\/04\/Sao-Miguel-dos-Milagres_1745417175559-768x432.jpg 768w, https:\/\/www.correiobraziliense.com.br\/cbradar\/wp-content\/uploads\/2025\/04\/Sao-Miguel-dos-Milagres_1745417175559-750x422.jpg 750w, https:\/\/www.correiobraziliense.com.br\/cbradar\/wp-content\/uploads\/2025\/04\/Sao-Miguel-dos-Milagres_1745417175559-1140x641.jpg 1140w, https:\/\/www.correiobraziliense.com.br\/cbradar\/wp-content\/uploads\/2025\/04\/Sao-Miguel-dos-Milagres_1745417175559.jpg 1280w\" sizes=\"(max-width: 1024px) 100vw, 1024px\" \/><figcaption class=\"wp-element-caption\">S\u00e3o Miguel dos Milagres. Cr\u00e9ditos: depositphotos.com \/ Cristian_Lourenco<\/figcaption><\/figure>\n\n\n\n<h2 class=\"wp-block-heading\">Reconhecimento internacional<\/h2>\n\n\n\n<p>S\u00e3o Miguel dos Milagres entrou no radar mundial ao ser citado por <strong>publica\u00e7\u00f5es como Cond\u00e9 Nast Traveler, Forbes e Lonely Planet<\/strong> como um dos destinos mais bonitos \u2014 e ainda pouco explorados \u2014 do planeta.<\/p>\n\n\n\n<p>Motivos para isso n\u00e3o faltam:<\/p>\n\n\n\n<ul class=\"wp-block-list\">\n<li><strong>Beleza natural intacta<\/strong> e sem polui\u00e7\u00e3o visual<\/li>\n\n\n\n<li>Facilidade de acesso a partir de Macei\u00f3, com cerca de 2 horas de carro<\/li>\n\n\n\n<li>Clima tropical o ano inteiro, com sol em grande parte dos meses<\/li>\n\n\n\n<li>Turismo sustent\u00e1vel e de base comunit\u00e1ria sendo incentivado pela popula\u00e7\u00e3o local<\/li>\n\n\n\n<li>Um dos melhores lugares do Brasil para casamentos na praia e <strong>viagens rom\u00e2nticas<\/strong><\/li>\n<\/ul>\n\n\n\n<h2 class=\"wp-block-heading\">Curiosidades sobre S\u00e3o Miguel dos Milagres<\/h2>\n\n\n\n<ul class=\"wp-block-list\">\n<li>O nome da cidade vem de uma hist\u00f3ria local sobre um <strong>milagre atribu\u00eddo a um santo ap\u00f3s um naufr\u00e1gio<\/strong><\/li>\n\n\n\n<li>As pousadas da regi\u00e3o seguem o estilo \u201cp\u00e9 na areia, luxo simples\u201d, e muitas funcionam com <strong>energia solar e reutiliza\u00e7\u00e3o de \u00e1gua<\/strong><\/li>\n\n\n\n<li>H\u00e1 um festival anual de gastronomia local, que atrai chefs e amantes da culin\u00e1ria brasileira<\/li>\n\n\n\n<li>O munic\u00edpio faz parte da <strong>APA Costa dos Corais<\/strong>, a maior unidade de conserva\u00e7\u00e3o marinha do Brasil<\/li>\n\n\n\n<li>Muitos visitantes afirmam que o destino lembra <strong>o Caribe \u2014 s\u00f3 que brasileiro<\/strong><\/li>\n<\/ul>\n","protected":false},"excerpt":{"rendered":"<p>S\u00e3o Miguel dos Milagres, em Alagoas, foi eleito um dos lugares mais bonitos do mundo. Conhe\u00e7a esse para\u00edso nordestino de \u00e1guas claras e tranquilidade \u00fanica.<\/p>\n","protected":false},"author":3,"featured_media":27280,"comment_status":"open","ping_status":"open","sticky":false,"template":"","format":"standard","meta":{"_yoast_wpseo_focuskw":"litoral nordeste","_yoast_wpseo_title":"%%title%%","_yoast_wpseo_metadesc":"S\u00e3o Miguel dos Milagres, em Alagoas, foi eleito um dos lugares mais bonitos do mundo. Conhe\u00e7a esse para\u00edso nordestino de \u00e1guas claras e tranquilidade \u00fanica.","jnews-multi-image_gallery":[],"jnews_single_post":{"format":"standard"},"jnews_primary_category":[],"jnews_social_meta":[],"jnews_override_counter":[],"footnotes":""},"categories":[108],"post_tag":[109],"class_list":["post-27276","post","type-post","status-publish","format-standard","has-post-thumbnail","hentry","category-cidades","tag-cidades"],"yoast_head":"<!-- This site is optimized with the Yoast SEO plugin v24.6 - https:\/\/yoast.com\/wordpress\/plugins\/seo\/ -->\n<title>Esse destino no litoral do Nordeste foi eleito um dos mais bonitos do mundo<\/title>\n<meta name=\"description\" content=\"S\u00e3o Miguel dos Milagres, em Alagoas, foi eleito um dos lugares mais bonitos do mundo. Conhe\u00e7a esse para\u00edso nordestino de \u00e1guas claras e tranquilidade \u00fanica.\" \/>\n<meta name=\"robots\" content=\"index, follow, max-snippet:-1, max-image-preview:large, max-video-preview:-1\" \/>\n<link rel=\"canonical\" href=\"https:\/\/www.correiobraziliense.com.br\/cbradar\/esse-destino-no-litoral-do-nordeste-foi-eleito-um-dos-mais-bonitos-do-mundo\/\" \/>\n<meta property=\"og:locale\" content=\"pt_BR\" \/>\n<meta property=\"og:type\" content=\"article\" \/>\n<meta property=\"og:title\" content=\"Esse destino no litoral do Nordeste foi eleito um dos mais bonitos do mundo\" \/>\n<meta property=\"og:description\" content=\"S\u00e3o Miguel dos Milagres, em Alagoas, foi eleito um dos lugares mais bonitos do mundo. Conhe\u00e7a esse para\u00edso nordestino de \u00e1guas claras e tranquilidade \u00fanica.\" \/>\n<meta property=\"og:url\" content=\"https:\/\/www.correiobraziliense.com.br\/cbradar\/esse-destino-no-litoral-do-nordeste-foi-eleito-um-dos-mais-bonitos-do-mundo\/\" \/>\n<meta property=\"og:site_name\" content=\"Correio Braziliense - Radar\" \/>\n<meta property=\"article:published_time\" content=\"2025-04-24T21:30:00+00:00\" \/>\n<meta property=\"og:image\" content=\"https:\/\/www.correiobraziliense.com.br\/cbradar\/wp-content\/uploads\/2025\/04\/Sao-Miguel-dos-Milagres_1745417151095.jpg\" \/>\n\t<meta property=\"og:image:width\" content=\"1280\" \/>\n\t<meta property=\"og:image:height\" content=\"720\" \/>\n\t<meta property=\"og:image:type\" content=\"image\/jpeg\" \/>\n<meta name=\"author\" content=\"Larissa Carvalho\" \/>\n<meta name=\"twitter:card\" content=\"summary_large_image\" \/>\n<meta name=\"twitter:label1\" content=\"Escrito por\" \/>\n\t<meta name=\"twitter:data1\" content=\"Larissa Carvalho\" \/>\n\t<meta name=\"twitter:label2\" content=\"Est. tempo de leitura\" \/>\n\t<meta name=\"twitter:data2\" content=\"3 minutos\" \/>\n<!-- \/ Yoast SEO plugin. -->","yoast_head_json":{"title":"Esse destino no litoral do Nordeste foi eleito um dos mais bonitos do mundo","description":"S\u00e3o Miguel dos Milagres, em Alagoas, foi eleito um dos lugares mais bonitos do mundo. Conhe\u00e7a esse para\u00edso nordestino de \u00e1guas claras e tranquilidade \u00fanica.","robots":{"index":"index","follow":"follow","max-snippet":"max-snippet:-1","max-image-preview":"max-image-preview:large","max-video-preview":"max-video-preview:-1"},"canonical":"https:\/\/www.correiobraziliense.com.br\/cbradar\/esse-destino-no-litoral-do-nordeste-foi-eleito-um-dos-mais-bonitos-do-mundo\/","og_locale":"pt_BR","og_type":"article","og_title":"Esse destino no litoral do Nordeste foi eleito um dos mais bonitos do mundo","og_description":"S\u00e3o Miguel dos Milagres, em Alagoas, foi eleito um dos lugares mais bonitos do mundo. Conhe\u00e7a esse para\u00edso nordestino de \u00e1guas claras e tranquilidade \u00fanica.","og_url":"https:\/\/www.correiobraziliense.com.br\/cbradar\/esse-destino-no-litoral-do-nordeste-foi-eleito-um-dos-mais-bonitos-do-mundo\/","og_site_name":"Correio Braziliense - Radar","article_published_time":"2025-04-24T21:30:00+00:00","og_image":[{"width":1280,"height":720,"url":"https:\/\/www.correiobraziliense.com.br\/cbradar\/wp-content\/uploads\/2025\/04\/Sao-Miguel-dos-Milagres_1745417151095.jpg","type":"image\/jpeg"}],"author":"Larissa Carvalho","twitter_card":"summary_large_image","twitter_misc":{"Escrito por":"Larissa Carvalho","Est. tempo de leitura":"3 minutos"},"schema":{"@context":"https:\/\/schema.org","@graph":[{"@type":"WebPage","@id":"https:\/\/www.correiobraziliense.com.br\/cbradar\/esse-destino-no-litoral-do-nordeste-foi-eleito-um-dos-mais-bonitos-do-mundo\/","url":"https:\/\/www.correiobraziliense.com.br\/cbradar\/esse-destino-no-litoral-do-nordeste-foi-eleito-um-dos-mais-bonitos-do-mundo\/","name":"Esse destino no litoral do Nordeste foi eleito um dos mais bonitos do mundo","isPartOf":{"@id":"https:\/\/www.correiobraziliense.com.br\/cbradar\/#website"},"primaryImageOfPage":{"@id":"https:\/\/www.correiobraziliense.com.br\/cbradar\/esse-destino-no-litoral-do-nordeste-foi-eleito-um-dos-mais-bonitos-do-mundo\/#primaryimage"},"image":{"@id":"https:\/\/www.correiobraziliense.com.br\/cbradar\/esse-destino-no-litoral-do-nordeste-foi-eleito-um-dos-mais-bonitos-do-mundo\/#primaryimage"},"thumbnailUrl":"https:\/\/www.correiobraziliense.com.br\/cbradar\/wp-content\/uploads\/2025\/04\/Sao-Miguel-dos-Milagres_1745417151095.jpg","datePublished":"2025-04-24T21:30:00+00:00","author":{"@id":"https:\/\/www.correiobraziliense.com.br\/cbradar\/#\/schema\/person\/58422787644df994b53a19d3e56c1513"},"description":"S\u00e3o Miguel dos Milagres, em Alagoas, foi eleito um dos lugares mais bonitos do mundo. Conhe\u00e7a esse para\u00edso nordestino de \u00e1guas claras e tranquilidade \u00fanica.","breadcrumb":{"@id":"https:\/\/www.correiobraziliense.com.br\/cbradar\/esse-destino-no-litoral-do-nordeste-foi-eleito-um-dos-mais-bonitos-do-mundo\/#breadcrumb"},"inLanguage":"pt-BR","potentialAction":[{"@type":"ReadAction","target":["https:\/\/www.correiobraziliense.com.br\/cbradar\/esse-destino-no-litoral-do-nordeste-foi-eleito-um-dos-mais-bonitos-do-mundo\/"]}]},{"@type":"ImageObject","inLanguage":"pt-BR","@id":"https:\/\/www.correiobraziliense.com.br\/cbradar\/esse-destino-no-litoral-do-nordeste-foi-eleito-um-dos-mais-bonitos-do-mundo\/#primaryimage","url":"https:\/\/www.correiobraziliense.com.br\/cbradar\/wp-content\/uploads\/2025\/04\/Sao-Miguel-dos-Milagres_1745417151095.jpg","contentUrl":"https:\/\/www.correiobraziliense.com.br\/cbradar\/wp-content\/uploads\/2025\/04\/Sao-Miguel-dos-Milagres_1745417151095.jpg","width":1280,"height":720,"caption":"S\u00e3o Miguel dos Milagres. Cr\u00e9ditos: depositphotos.com \/ Cristian_Lourenco"},{"@type":"BreadcrumbList","@id":"https:\/\/www.correiobraziliense.com.br\/cbradar\/esse-destino-no-litoral-do-nordeste-foi-eleito-um-dos-mais-bonitos-do-mundo\/#breadcrumb","itemListElement":[{"@type":"ListItem","position":1,"name":"In\u00edcio","item":"https:\/\/www.correiobraziliense.com.br\/cbradar\/"},{"@type":"ListItem","position":2,"name":"Esse destino no litoral do Nordeste foi eleito um dos mais bonitos do mundo"}]},{"@type":"WebSite","@id":"https:\/\/www.correiobraziliense.com.br\/cbradar\/#website","url":"https:\/\/www.correiobraziliense.com.br\/cbradar\/","name":"Correio Braziliense - Radar","description":"Acompanhe as \u00faltimas not\u00edcias e fique bem informado sobre tudo o que acontece no Brasil e no mundo.","potentialAction":[{"@type":"SearchAction","target":{"@type":"EntryPoint","urlTemplate":"https:\/\/www.correiobraziliense.com.br\/cbradar\/?s={search_term_string}"},"query-input":{"@type":"PropertyValueSpecification","valueRequired":true,"valueName":"search_term_string"}}],"inLanguage":"pt-BR"},{"@type":"Person","@id":"https:\/\/www.correiobraziliense.com.br\/cbradar\/#\/schema\/person\/58422787644df994b53a19d3e56c1513","name":"Larissa Carvalho","image":{"@type":"ImageObject","inLanguage":"pt-BR","@id":"https:\/\/www.correiobraziliense.com.br\/cbradar\/#\/schema\/person\/image\/","url":"https:\/\/secure.gravatar.com\/avatar\/fe4f91a0de32b52a838d0d612abdc1aa?s=96&d=mm&r=g","contentUrl":"https:\/\/secure.gravatar.com\/avatar\/fe4f91a0de32b52a838d0d612abdc1aa?s=96&d=mm&r=g","caption":"Larissa Carvalho"},"url":"https:\/\/www.correiobraziliense.com.br\/cbradar\/author\/larissamyth\/"}]}},"_links":{"self":[{"href":"https:\/\/www.correiobraziliense.com.br\/cbradar\/wp-json\/wp\/v2\/posts\/27276","targetHints":{"allow":["GET"]}}],"collection":[{"href":"https:\/\/www.correiobraziliense.com.br\/cbradar\/wp-json\/wp\/v2\/posts"}],"about":[{"href":"https:\/\/www.correiobraziliense.com.br\/cbradar\/wp-json\/wp\/v2\/types\/post"}],"author":[{"embeddable":true,"href":"https:\/\/www.correiobraziliense.com.br\/cbradar\/wp-json\/wp\/v2\/users\/3"}],"replies":[{"embeddable":true,"href":"https:\/\/www.correiobraziliense.com.br\/cbradar\/wp-json\/wp\/v2\/comments?post=27276"}],"version-history":[{"count":1,"href":"https:\/\/www.correiobraziliense.com.br\/cbradar\/wp-json\/wp\/v2\/posts\/27276\/revisions"}],"predecessor-version":[{"id":27282,"href":"https:\/\/www.correiobraziliense.com.br\/cbradar\/wp-json\/wp\/v2\/posts\/27276\/revisions\/27282"}],"wp:featuredmedia":[{"embeddable":true,"href":"https:\/\/www.correiobraziliense.com.br\/cbradar\/wp-json\/wp\/v2\/media\/27280"}],"wp:attachment":[{"href":"https:\/\/www.correiobraziliense.com.br\/cbradar\/wp-json\/wp\/v2\/media?parent=27276"}],"wp:term":[{"taxonomy":"category","embeddable":true,"href":"https:\/\/www.correiobraziliense.com.br\/cbradar\/wp-json\/wp\/v2\/categories?post=27276"},{"taxonomy":"post_tag","embeddable":true,"href":"https:\/\/www.correiobraziliense.com.br\/cbradar\/wp-json\/wp\/v2\/post_tag?post=27276"}],"curies":[{"name":"wp","href":"https:\/\/api.w.org\/{rel}","templated":true}]}}