{"id":27292,"date":"2025-04-24T21:30:00","date_gmt":"2025-04-25T00:30:00","guid":{"rendered":"https:\/\/www.correiobraziliense.com.br\/cbradar\/?p=27292"},"modified":"2025-04-23T13:25:29","modified_gmt":"2025-04-23T16:25:29","slug":"a-cidade-onde-livrarias-sao-mais-comuns-que-supermercados","status":"publish","type":"post","link":"https:\/\/www.correiobraziliense.com.br\/cbradar\/a-cidade-onde-livrarias-sao-mais-comuns-que-supermercados\/","title":{"rendered":"A cidade onde livrarias s\u00e3o mais comuns que supermercados"},"content":{"rendered":"\n<p>Imagine caminhar por uma cidade onde, a cada esquina, voc\u00ea encontra uma <strong>livraria aconchegante<\/strong>, e n\u00e3o uma grande rede de supermercado. Isso \u00e9 uma realidade em <strong>Buenos Aires<\/strong>, capital da <strong>Argentina<\/strong>, que carrega com orgulho o t\u00edtulo de <strong>cidade com mais livrarias per capita do mundo<\/strong>, superando at\u00e9 metr\u00f3poles como Nova York, Paris e Londres.<\/p>\n\n\n\n<p>Essa paix\u00e3o pelos livros est\u00e1 presente <strong>na arquitetura, no com\u00e9rcio, na cultura e at\u00e9 no estilo de vida dos moradores<\/strong>, que fazem da leitura um h\u00e1bito di\u00e1rio e coletivo.<\/p>\n\n\n\n<h2 class=\"wp-block-heading\">Por que Buenos Aires tem tantas livrarias?<\/h2>\n\n\n\n<p>Segundo levantamento da <strong>UNESCO<\/strong>, Buenos Aires tem aproximadamente <strong>25 livrarias para cada 100 mil habitantes<\/strong>, um n\u00famero impressionante que reflete a tradi\u00e7\u00e3o intelectual e cultural da cidade.<\/p>\n\n\n\n<p>Entre os fatores que explicam esse fen\u00f4meno:<\/p>\n\n\n\n<ul class=\"wp-block-list\">\n<li>Uma popula\u00e7\u00e3o com <strong>alto \u00edndice de leitura<\/strong> e forte tradi\u00e7\u00e3o acad\u00eamica<\/li>\n\n\n\n<li>Incentivo governamental e pol\u00edticas p\u00fablicas voltadas \u00e0 <strong>preserva\u00e7\u00e3o do livro f\u00edsico<\/strong><\/li>\n\n\n\n<li>Leis municipais que <strong>protegem livrarias independentes<\/strong> e dificultam o avan\u00e7o de grandes cadeias<\/li>\n\n\n\n<li>A valoriza\u00e7\u00e3o da literatura como parte da identidade nacional, com figuras como <strong>Jorge Luis Borges, Julio Cort\u00e1zar e Adolfo Bioy Casares<\/strong><\/li>\n<\/ul>\n\n\n\n<p>Buenos Aires \u00e9 uma cidade onde <strong>o livro ainda \u00e9 tratado como objeto sagrado<\/strong> \u2014 e as livrarias, como templos culturais.<\/p>\n\n\n\n<figure class=\"wp-block-image size-large\"><img decoding=\"async\" width=\"1024\" height=\"576\" src=\"https:\/\/www.correiobraziliense.com.br\/cbradar\/wp-content\/uploads\/2025\/04\/Buenos-Aires_1745417451310-1024x576.jpg\" alt=\"A cidade onde livrarias s\u00e3o mais comuns que supermercados\" class=\"wp-image-27295\" srcset=\"https:\/\/www.correiobraziliense.com.br\/cbradar\/wp-content\/uploads\/2025\/04\/Buenos-Aires_1745417451310-1024x576.jpg 1024w, https:\/\/www.correiobraziliense.com.br\/cbradar\/wp-content\/uploads\/2025\/04\/Buenos-Aires_1745417451310-300x169.jpg 300w, https:\/\/www.correiobraziliense.com.br\/cbradar\/wp-content\/uploads\/2025\/04\/Buenos-Aires_1745417451310-768x432.jpg 768w, https:\/\/www.correiobraziliense.com.br\/cbradar\/wp-content\/uploads\/2025\/04\/Buenos-Aires_1745417451310-750x422.jpg 750w, https:\/\/www.correiobraziliense.com.br\/cbradar\/wp-content\/uploads\/2025\/04\/Buenos-Aires_1745417451310-1140x641.jpg 1140w, https:\/\/www.correiobraziliense.com.br\/cbradar\/wp-content\/uploads\/2025\/04\/Buenos-Aires_1745417451310.jpg 1280w\" sizes=\"(max-width: 1024px) 100vw, 1024px\" \/><figcaption class=\"wp-element-caption\">Buenos Aires. Cr\u00e9ditos: depositphotos.com \/ matfron<\/figcaption><\/figure>\n\n\n\n<h2 class=\"wp-block-heading\">Livrarias que s\u00e3o pontos tur\u00edsticos<\/h2>\n\n\n\n<p>Muitas livrarias portenhas s\u00e3o verdadeiros <strong>pontos tur\u00edsticos<\/strong>, que misturam arquitetura hist\u00f3rica com caf\u00e9, galeria de arte e at\u00e9 palco para saraus. Algumas imperd\u00edveis:<\/p>\n\n\n\n<ul class=\"wp-block-list\">\n<li><strong>El Ateneo Grand Splendid<\/strong> \u2013 Considerada <strong>a livraria mais bonita do mundo<\/strong>, funciona em um antigo teatro de 1919<\/li>\n\n\n\n<li><strong>Librer\u00eda Norte<\/strong> \u2013 Especializada em filosofia, ci\u00eancias sociais e literatura cl\u00e1ssica<\/li>\n\n\n\n<li><strong>Eterna Cadencia<\/strong> \u2013 Mistura livraria, editora e caf\u00e9 liter\u00e1rio em Palermo<\/li>\n\n\n\n<li><strong>Cl\u00e1sica y Moderna<\/strong> \u2013 Uma das mais antigas, com shows de tango e jantares entre os livros<\/li>\n<\/ul>\n\n\n\n<p>Esses espa\u00e7os oferecem mais que livros: s\u00e3o <strong>lugares de encontro, debate e arte<\/strong>.<\/p>\n\n\n\n<h2 class=\"wp-block-heading\">Curiosidades sobre Buenos Aires e sua rela\u00e7\u00e3o com os livros<\/h2>\n\n\n\n<ul class=\"wp-block-list\">\n<li>A cidade realiza anualmente a <strong>Feira Internacional do Livro de Buenos Aires<\/strong>, uma das maiores da Am\u00e9rica Latina<\/li>\n\n\n\n<li>Existem <strong>livrarias tem\u00e1ticas<\/strong>, como as voltadas exclusivamente a poesia, quadrinhos ou livros infantis<\/li>\n\n\n\n<li>O h\u00e1bito de presentear livros \u00e9 comum entre amigos e familiares<\/li>\n\n\n\n<li>Algumas escolas mant\u00eam <strong>parcerias com livrarias locais<\/strong> para incentivar a leitura desde a inf\u00e2ncia<\/li>\n\n\n\n<li>Buenos Aires tamb\u00e9m tem uma <strong>forte cena de editoras independentes<\/strong>, que lan\u00e7am autores locais e novas tend\u00eancias liter\u00e1rias<\/li>\n<\/ul>\n","protected":false},"excerpt":{"rendered":"<p>Buenos Aires tem mais livrarias que supermercados. Conhe\u00e7a a cidade onde a leitura faz parte da paisagem urbana e da vida cotidiana.<\/p>\n","protected":false},"author":3,"featured_media":27293,"comment_status":"open","ping_status":"open","sticky":false,"template":"","format":"standard","meta":{"_yoast_wpseo_focuskw":"cidade livraria supermercados","_yoast_wpseo_title":"%%title%%","_yoast_wpseo_metadesc":"Buenos Aires tem mais livrarias que supermercados. Conhe\u00e7a a cidade onde a leitura faz parte da paisagem urbana e da vida cotidiana.","jnews-multi-image_gallery":[],"jnews_single_post":{"format":"standard"},"jnews_primary_category":[],"jnews_social_meta":[],"jnews_override_counter":[],"footnotes":""},"categories":[108],"tags":[109],"class_list":["post-27292","post","type-post","status-publish","format-standard","has-post-thumbnail","hentry","category-cidades","tag-cidades"],"yoast_head":"<!-- This site is optimized with the Yoast SEO plugin v24.6 - https:\/\/yoast.com\/wordpress\/plugins\/seo\/ -->\n<title>A cidade onde livrarias s\u00e3o mais comuns que supermercados<\/title>\n<meta name=\"description\" content=\"Buenos Aires tem mais livrarias que supermercados. Conhe\u00e7a a cidade onde a leitura faz parte da paisagem urbana e da vida cotidiana.\" \/>\n<meta name=\"robots\" content=\"index, follow, max-snippet:-1, max-image-preview:large, max-video-preview:-1\" \/>\n<link rel=\"canonical\" href=\"https:\/\/www.correiobraziliense.com.br\/cbradar\/a-cidade-onde-livrarias-sao-mais-comuns-que-supermercados\/\" \/>\n<meta property=\"og:locale\" content=\"pt_BR\" \/>\n<meta property=\"og:type\" content=\"article\" \/>\n<meta property=\"og:title\" content=\"A cidade onde livrarias s\u00e3o mais comuns que supermercados\" \/>\n<meta property=\"og:description\" content=\"Buenos Aires tem mais livrarias que supermercados. Conhe\u00e7a a cidade onde a leitura faz parte da paisagem urbana e da vida cotidiana.\" \/>\n<meta property=\"og:url\" content=\"https:\/\/www.correiobraziliense.com.br\/cbradar\/a-cidade-onde-livrarias-sao-mais-comuns-que-supermercados\/\" \/>\n<meta property=\"og:site_name\" content=\"Correio Braziliense - Radar\" \/>\n<meta property=\"article:published_time\" content=\"2025-04-25T00:30:00+00:00\" \/>\n<meta property=\"og:image\" content=\"https:\/\/www.correiobraziliense.com.br\/cbradar\/wp-content\/uploads\/2025\/04\/Buenos-Aires_1745417428393.jpg\" \/>\n\t<meta property=\"og:image:width\" content=\"1280\" \/>\n\t<meta property=\"og:image:height\" content=\"720\" \/>\n\t<meta property=\"og:image:type\" content=\"image\/jpeg\" \/>\n<meta name=\"author\" content=\"Larissa Carvalho\" \/>\n<meta name=\"twitter:card\" content=\"summary_large_image\" \/>\n<meta name=\"twitter:label1\" content=\"Escrito por\" \/>\n\t<meta name=\"twitter:data1\" content=\"Larissa Carvalho\" \/>\n\t<meta name=\"twitter:label2\" content=\"Est. tempo de leitura\" \/>\n\t<meta name=\"twitter:data2\" content=\"3 minutos\" \/>\n<!-- \/ Yoast SEO plugin. -->","yoast_head_json":{"title":"A cidade onde livrarias s\u00e3o mais comuns que supermercados","description":"Buenos Aires tem mais livrarias que supermercados. Conhe\u00e7a a cidade onde a leitura faz parte da paisagem urbana e da vida cotidiana.","robots":{"index":"index","follow":"follow","max-snippet":"max-snippet:-1","max-image-preview":"max-image-preview:large","max-video-preview":"max-video-preview:-1"},"canonical":"https:\/\/www.correiobraziliense.com.br\/cbradar\/a-cidade-onde-livrarias-sao-mais-comuns-que-supermercados\/","og_locale":"pt_BR","og_type":"article","og_title":"A cidade onde livrarias s\u00e3o mais comuns que supermercados","og_description":"Buenos Aires tem mais livrarias que supermercados. Conhe\u00e7a a cidade onde a leitura faz parte da paisagem urbana e da vida cotidiana.","og_url":"https:\/\/www.correiobraziliense.com.br\/cbradar\/a-cidade-onde-livrarias-sao-mais-comuns-que-supermercados\/","og_site_name":"Correio Braziliense - Radar","article_published_time":"2025-04-25T00:30:00+00:00","og_image":[{"width":1280,"height":720,"url":"https:\/\/www.correiobraziliense.com.br\/cbradar\/wp-content\/uploads\/2025\/04\/Buenos-Aires_1745417428393.jpg","type":"image\/jpeg"}],"author":"Larissa Carvalho","twitter_card":"summary_large_image","twitter_misc":{"Escrito por":"Larissa Carvalho","Est. tempo de leitura":"3 minutos"},"schema":{"@context":"https:\/\/schema.org","@graph":[{"@type":"WebPage","@id":"https:\/\/www.correiobraziliense.com.br\/cbradar\/a-cidade-onde-livrarias-sao-mais-comuns-que-supermercados\/","url":"https:\/\/www.correiobraziliense.com.br\/cbradar\/a-cidade-onde-livrarias-sao-mais-comuns-que-supermercados\/","name":"A cidade onde livrarias s\u00e3o mais comuns que supermercados","isPartOf":{"@id":"https:\/\/www.correiobraziliense.com.br\/cbradar\/#website"},"primaryImageOfPage":{"@id":"https:\/\/www.correiobraziliense.com.br\/cbradar\/a-cidade-onde-livrarias-sao-mais-comuns-que-supermercados\/#primaryimage"},"image":{"@id":"https:\/\/www.correiobraziliense.com.br\/cbradar\/a-cidade-onde-livrarias-sao-mais-comuns-que-supermercados\/#primaryimage"},"thumbnailUrl":"https:\/\/www.correiobraziliense.com.br\/cbradar\/wp-content\/uploads\/2025\/04\/Buenos-Aires_1745417428393.jpg","datePublished":"2025-04-25T00:30:00+00:00","author":{"@id":"https:\/\/www.correiobraziliense.com.br\/cbradar\/#\/schema\/person\/58422787644df994b53a19d3e56c1513"},"description":"Buenos Aires tem mais livrarias que supermercados. Conhe\u00e7a a cidade onde a leitura faz parte da paisagem urbana e da vida cotidiana.","breadcrumb":{"@id":"https:\/\/www.correiobraziliense.com.br\/cbradar\/a-cidade-onde-livrarias-sao-mais-comuns-que-supermercados\/#breadcrumb"},"inLanguage":"pt-BR","potentialAction":[{"@type":"ReadAction","target":["https:\/\/www.correiobraziliense.com.br\/cbradar\/a-cidade-onde-livrarias-sao-mais-comuns-que-supermercados\/"]}]},{"@type":"ImageObject","inLanguage":"pt-BR","@id":"https:\/\/www.correiobraziliense.com.br\/cbradar\/a-cidade-onde-livrarias-sao-mais-comuns-que-supermercados\/#primaryimage","url":"https:\/\/www.correiobraziliense.com.br\/cbradar\/wp-content\/uploads\/2025\/04\/Buenos-Aires_1745417428393.jpg","contentUrl":"https:\/\/www.correiobraziliense.com.br\/cbradar\/wp-content\/uploads\/2025\/04\/Buenos-Aires_1745417428393.jpg","width":1280,"height":720,"caption":"Buenos Aires. Cr\u00e9ditos: depositphotos.com \/ matfron"},{"@type":"BreadcrumbList","@id":"https:\/\/www.correiobraziliense.com.br\/cbradar\/a-cidade-onde-livrarias-sao-mais-comuns-que-supermercados\/#breadcrumb","itemListElement":[{"@type":"ListItem","position":1,"name":"In\u00edcio","item":"https:\/\/www.correiobraziliense.com.br\/cbradar\/"},{"@type":"ListItem","position":2,"name":"A cidade onde livrarias s\u00e3o mais comuns que supermercados"}]},{"@type":"WebSite","@id":"https:\/\/www.correiobraziliense.com.br\/cbradar\/#website","url":"https:\/\/www.correiobraziliense.com.br\/cbradar\/","name":"Correio Braziliense - Radar","description":"Acompanhe as \u00faltimas not\u00edcias e fique bem informado sobre tudo o que acontece no Brasil e no mundo.","potentialAction":[{"@type":"SearchAction","target":{"@type":"EntryPoint","urlTemplate":"https:\/\/www.correiobraziliense.com.br\/cbradar\/?s={search_term_string}"},"query-input":{"@type":"PropertyValueSpecification","valueRequired":true,"valueName":"search_term_string"}}],"inLanguage":"pt-BR"},{"@type":"Person","@id":"https:\/\/www.correiobraziliense.com.br\/cbradar\/#\/schema\/person\/58422787644df994b53a19d3e56c1513","name":"Larissa Carvalho","image":{"@type":"ImageObject","inLanguage":"pt-BR","@id":"https:\/\/www.correiobraziliense.com.br\/cbradar\/#\/schema\/person\/image\/","url":"https:\/\/secure.gravatar.com\/avatar\/fe4f91a0de32b52a838d0d612abdc1aa?s=96&d=mm&r=g","contentUrl":"https:\/\/secure.gravatar.com\/avatar\/fe4f91a0de32b52a838d0d612abdc1aa?s=96&d=mm&r=g","caption":"Larissa Carvalho"},"url":"https:\/\/www.correiobraziliense.com.br\/cbradar\/author\/larissamyth\/"}]}},"_links":{"self":[{"href":"https:\/\/www.correiobraziliense.com.br\/cbradar\/wp-json\/wp\/v2\/posts\/27292","targetHints":{"allow":["GET"]}}],"collection":[{"href":"https:\/\/www.correiobraziliense.com.br\/cbradar\/wp-json\/wp\/v2\/posts"}],"about":[{"href":"https:\/\/www.correiobraziliense.com.br\/cbradar\/wp-json\/wp\/v2\/types\/post"}],"author":[{"embeddable":true,"href":"https:\/\/www.correiobraziliense.com.br\/cbradar\/wp-json\/wp\/v2\/users\/3"}],"replies":[{"embeddable":true,"href":"https:\/\/www.correiobraziliense.com.br\/cbradar\/wp-json\/wp\/v2\/comments?post=27292"}],"version-history":[{"count":1,"href":"https:\/\/www.correiobraziliense.com.br\/cbradar\/wp-json\/wp\/v2\/posts\/27292\/revisions"}],"predecessor-version":[{"id":27296,"href":"https:\/\/www.correiobraziliense.com.br\/cbradar\/wp-json\/wp\/v2\/posts\/27292\/revisions\/27296"}],"wp:featuredmedia":[{"embeddable":true,"href":"https:\/\/www.correiobraziliense.com.br\/cbradar\/wp-json\/wp\/v2\/media\/27293"}],"wp:attachment":[{"href":"https:\/\/www.correiobraziliense.com.br\/cbradar\/wp-json\/wp\/v2\/media?parent=27292"}],"wp:term":[{"taxonomy":"category","embeddable":true,"href":"https:\/\/www.correiobraziliense.com.br\/cbradar\/wp-json\/wp\/v2\/categories?post=27292"},{"taxonomy":"post_tag","embeddable":true,"href":"https:\/\/www.correiobraziliense.com.br\/cbradar\/wp-json\/wp\/v2\/tags?post=27292"}],"curies":[{"name":"wp","href":"https:\/\/api.w.org\/{rel}","templated":true}]}}