{"id":27297,"date":"2025-04-24T22:50:00","date_gmt":"2025-04-25T01:50:00","guid":{"rendered":"https:\/\/www.correiobraziliense.com.br\/cbradar\/?p=27297"},"modified":"2025-04-23T13:25:15","modified_gmt":"2025-04-23T16:25:15","slug":"esse-destino-no-interior-de-pernambuco-virou-referencia-em-turismo-rural-e-cultural","status":"publish","type":"post","link":"https:\/\/www.correiobraziliense.com.br\/cbradar\/esse-destino-no-interior-de-pernambuco-virou-referencia-em-turismo-rural-e-cultural\/","title":{"rendered":"Esse destino no interior de Pernambuco virou refer\u00eancia em turismo rural e cultural"},"content":{"rendered":"\n<p>Entre serras, neblinas e casarios antigos, um pedacinho do sert\u00e3o de <strong>Pernambuco<\/strong> vem surpreendendo turistas e especialistas em turismo: <strong>Triunfo<\/strong>. Localizado no alto da <strong>Serra da Baixa Verde<\/strong>, a cidade se tornou refer\u00eancia nacional em <strong>turismo rural, cultural e de experi\u00eancia<\/strong>, conquistando visitantes que buscam sossego, hist\u00f3ria e viv\u00eancias aut\u00eanticas no interior nordestino.<\/p>\n\n\n\n<p>Com um clima ameno que lembra o sul do pa\u00eds, constru\u00e7\u00f5es hist\u00f3ricas bem preservadas e paisagens naturais impressionantes, Triunfo \u00e9 a <strong>joia escondida do Sert\u00e3o<\/strong> \u2014 e est\u00e1 cada vez mais em evid\u00eancia.<\/p>\n\n\n\n<h2 class=\"wp-block-heading\">Por que Triunfo \u00e9 destaque no turismo rural e cultural?<\/h2>\n\n\n\n<p>Triunfo re\u00fane caracter\u00edsticas \u00fanicas que a diferenciam de outros destinos tur\u00edsticos do Nordeste. Veja o que faz da cidade uma refer\u00eancia:<\/p>\n\n\n\n<ul class=\"wp-block-list\">\n<li><strong>Arquitetura colonial e casar\u00f5es hist\u00f3ricos restaurados<\/strong>, muitos transformados em pousadas charmosas<\/li>\n\n\n\n<li>Produ\u00e7\u00e3o artesanal de <strong>rapadura, cacha\u00e7a, mel e queijos<\/strong>, com rotas rurais de visita\u00e7\u00e3o<\/li>\n\n\n\n<li>Manifesta\u00e7\u00f5es culturais como <strong>o famoso Careta de Triunfo<\/strong>, express\u00e3o folcl\u00f3rica do carnaval local<\/li>\n\n\n\n<li>Museus e centros culturais como o <strong>Museu do Canga\u00e7o<\/strong> e o <strong>Theatro Cinema Guarany<\/strong>, um dos mais antigos do Brasil ainda em funcionamento<\/li>\n\n\n\n<li>Ecoturismo com trilhas, cachoeiras e passeios de pedalinho na <strong>lagoa Jo\u00e3o Barbosa Sit\u00f4nio<\/strong><\/li>\n<\/ul>\n\n\n\n<p>Tudo isso com um clima agrad\u00e1vel durante todo o ano, que pode chegar a <strong>12\u00b0C no inverno<\/strong>, algo raro no Nordeste.<\/p>\n\n\n\n<figure class=\"wp-block-image size-large\"><img decoding=\"async\" width=\"1024\" height=\"576\" src=\"https:\/\/www.correiobraziliense.com.br\/cbradar\/wp-content\/uploads\/2025\/04\/Pernambuco_1745417794201-1024x576.jpg\" alt=\"Esse destino no interior de Pernambuco virou refer\u00eancia em turismo rural e cultural\" class=\"wp-image-27302\" srcset=\"https:\/\/www.correiobraziliense.com.br\/cbradar\/wp-content\/uploads\/2025\/04\/Pernambuco_1745417794201-1024x576.jpg 1024w, https:\/\/www.correiobraziliense.com.br\/cbradar\/wp-content\/uploads\/2025\/04\/Pernambuco_1745417794201-300x169.jpg 300w, https:\/\/www.correiobraziliense.com.br\/cbradar\/wp-content\/uploads\/2025\/04\/Pernambuco_1745417794201-768x432.jpg 768w, https:\/\/www.correiobraziliense.com.br\/cbradar\/wp-content\/uploads\/2025\/04\/Pernambuco_1745417794201-750x422.jpg 750w, https:\/\/www.correiobraziliense.com.br\/cbradar\/wp-content\/uploads\/2025\/04\/Pernambuco_1745417794201-1140x641.jpg 1140w, https:\/\/www.correiobraziliense.com.br\/cbradar\/wp-content\/uploads\/2025\/04\/Pernambuco_1745417794201.jpg 1280w\" sizes=\"(max-width: 1024px) 100vw, 1024px\" \/><figcaption class=\"wp-element-caption\">Pernambuco. Cr\u00e9ditos: depositphotos.com \/ Yolfran<\/figcaption><\/figure>\n\n\n\n<h2 class=\"wp-block-heading\">Como Triunfo se tornou um exemplo de turismo sustent\u00e1vel?<\/h2>\n\n\n\n<p>A cidade apostou em um modelo de turismo que <strong>valoriza o pequeno produtor, o patrim\u00f4nio local e o envolvimento da comunidade<\/strong>:<\/p>\n\n\n\n<ul class=\"wp-block-list\">\n<li>Incentivo \u00e0 <strong>economia criativa e ao empreendedorismo rural<\/strong><\/li>\n\n\n\n<li>Cria\u00e7\u00e3o de <strong>roteiros tur\u00edsticos com base comunit\u00e1ria<\/strong>, guiados por moradores<\/li>\n\n\n\n<li>Preserva\u00e7\u00e3o da paisagem urbana e do entorno natural, com <strong>planejamento urbano respons\u00e1vel<\/strong><\/li>\n\n\n\n<li>Parcerias com universidades e institui\u00e7\u00f5es culturais para forma\u00e7\u00e3o de guias, artistas e agentes de turismo<\/li>\n\n\n\n<li>Fortalecimento da <strong>agenda de eventos culturais<\/strong>, como o Festival de Cinema e a Festa do Estudante<\/li>\n<\/ul>\n\n\n\n<p>Esse conjunto de a\u00e7\u00f5es transformou Triunfo em um <strong>destino premiado e reconhecido nacionalmente pela autenticidade e hospitalidade.<\/strong><\/p>\n\n\n\n<h2 class=\"wp-block-heading\">Curiosidades sobre Triunfo (PE)<\/h2>\n\n\n\n<ul class=\"wp-block-list\">\n<li>\u00c9 a cidade mais alta de Pernambuco, com <strong>mais de 1.000 metros de altitude<\/strong><\/li>\n\n\n\n<li>Foi <strong>a primeira cidade do interior do estado a ter cinema, energia el\u00e9trica e telefonia<\/strong><\/li>\n\n\n\n<li>O carnaval de Triunfo \u00e9 \u00fanico, com <strong>m\u00e1scaras de caretas e desfiles pelas ladeiras da cidade<\/strong><\/li>\n\n\n\n<li>Triunfo faz parte da <strong>Rota do Canga\u00e7o<\/strong>, com museus e pontos de interesse ligados a Lampi\u00e3o<\/li>\n\n\n\n<li>Muitas fam\u00edlias mant\u00eam <strong>tradi\u00e7\u00f5es artesanais passadas de gera\u00e7\u00e3o em gera\u00e7\u00e3o<\/strong>, como bordado e marcenaria<\/li>\n<\/ul>\n","protected":false},"excerpt":{"rendered":"<p>Triunfo, no interior de Pernambuco, virou refer\u00eancia em turismo rural e cultural. Descubra o destino onde hist\u00f3ria, clima e tradi\u00e7\u00e3o encantam visitantes<\/p>\n","protected":false},"author":3,"featured_media":27300,"comment_status":"open","ping_status":"open","sticky":false,"template":"","format":"standard","meta":{"jnews-multi-image_gallery":[],"jnews_single_post":{"format":"standard"},"jnews_primary_category":[],"jnews_social_meta":[],"jnews_override_counter":[],"footnotes":""},"categories":[108],"post_tag":[109,940],"class_list":["post-27297","post","type-post","status-publish","format-standard","has-post-thumbnail","hentry","category-cidades","tag-cidades","tag-pernambuco"],"yoast_head":"<!-- This site is optimized with the Yoast SEO plugin v24.6 - https:\/\/yoast.com\/wordpress\/plugins\/seo\/ -->\n<title>Esse destino no interior de Pernambuco virou refer\u00eancia em turismo rural e cultural<\/title>\n<meta name=\"description\" content=\"Triunfo, no interior de Pernambuco, virou refer\u00eancia em turismo rural e cultural. Descubra o destino onde hist\u00f3ria, clima e tradi\u00e7\u00e3o encantam visitantes\" \/>\n<meta name=\"robots\" content=\"index, follow, max-snippet:-1, max-image-preview:large, max-video-preview:-1\" \/>\n<link rel=\"canonical\" href=\"https:\/\/www.correiobraziliense.com.br\/cbradar\/esse-destino-no-interior-de-pernambuco-virou-referencia-em-turismo-rural-e-cultural\/\" \/>\n<meta property=\"og:locale\" content=\"pt_BR\" \/>\n<meta property=\"og:type\" content=\"article\" \/>\n<meta property=\"og:title\" content=\"Esse destino no interior de Pernambuco virou refer\u00eancia em turismo rural e cultural\" \/>\n<meta property=\"og:description\" content=\"Triunfo, no interior de Pernambuco, virou refer\u00eancia em turismo rural e cultural. Descubra o destino onde hist\u00f3ria, clima e tradi\u00e7\u00e3o encantam visitantes\" \/>\n<meta property=\"og:url\" content=\"https:\/\/www.correiobraziliense.com.br\/cbradar\/esse-destino-no-interior-de-pernambuco-virou-referencia-em-turismo-rural-e-cultural\/\" \/>\n<meta property=\"og:site_name\" content=\"Correio Braziliense - Radar\" \/>\n<meta property=\"article:published_time\" content=\"2025-04-25T01:50:00+00:00\" \/>\n<meta property=\"og:image\" content=\"https:\/\/www.correiobraziliense.com.br\/cbradar\/wp-content\/uploads\/2025\/04\/Pernambuco_1745417737423.jpg\" \/>\n\t<meta property=\"og:image:width\" content=\"1280\" \/>\n\t<meta property=\"og:image:height\" content=\"720\" \/>\n\t<meta property=\"og:image:type\" content=\"image\/jpeg\" \/>\n<meta name=\"author\" content=\"Larissa Carvalho\" \/>\n<meta name=\"twitter:card\" content=\"summary_large_image\" \/>\n<meta name=\"twitter:label1\" content=\"Escrito por\" \/>\n\t<meta name=\"twitter:data1\" content=\"Larissa Carvalho\" \/>\n\t<meta name=\"twitter:label2\" content=\"Est. tempo de leitura\" \/>\n\t<meta name=\"twitter:data2\" content=\"3 minutos\" \/>\n<!-- \/ Yoast SEO plugin. -->","yoast_head_json":{"title":"Esse destino no interior de Pernambuco virou refer\u00eancia em turismo rural e cultural","description":"Triunfo, no interior de Pernambuco, virou refer\u00eancia em turismo rural e cultural. Descubra o destino onde hist\u00f3ria, clima e tradi\u00e7\u00e3o encantam visitantes","robots":{"index":"index","follow":"follow","max-snippet":"max-snippet:-1","max-image-preview":"max-image-preview:large","max-video-preview":"max-video-preview:-1"},"canonical":"https:\/\/www.correiobraziliense.com.br\/cbradar\/esse-destino-no-interior-de-pernambuco-virou-referencia-em-turismo-rural-e-cultural\/","og_locale":"pt_BR","og_type":"article","og_title":"Esse destino no interior de Pernambuco virou refer\u00eancia em turismo rural e cultural","og_description":"Triunfo, no interior de Pernambuco, virou refer\u00eancia em turismo rural e cultural. Descubra o destino onde hist\u00f3ria, clima e tradi\u00e7\u00e3o encantam visitantes","og_url":"https:\/\/www.correiobraziliense.com.br\/cbradar\/esse-destino-no-interior-de-pernambuco-virou-referencia-em-turismo-rural-e-cultural\/","og_site_name":"Correio Braziliense - Radar","article_published_time":"2025-04-25T01:50:00+00:00","og_image":[{"width":1280,"height":720,"url":"https:\/\/www.correiobraziliense.com.br\/cbradar\/wp-content\/uploads\/2025\/04\/Pernambuco_1745417737423.jpg","type":"image\/jpeg"}],"author":"Larissa Carvalho","twitter_card":"summary_large_image","twitter_misc":{"Escrito por":"Larissa Carvalho","Est. tempo de leitura":"3 minutos"},"schema":{"@context":"https:\/\/schema.org","@graph":[{"@type":"WebPage","@id":"https:\/\/www.correiobraziliense.com.br\/cbradar\/esse-destino-no-interior-de-pernambuco-virou-referencia-em-turismo-rural-e-cultural\/","url":"https:\/\/www.correiobraziliense.com.br\/cbradar\/esse-destino-no-interior-de-pernambuco-virou-referencia-em-turismo-rural-e-cultural\/","name":"Esse destino no interior de Pernambuco virou refer\u00eancia em turismo rural e cultural","isPartOf":{"@id":"https:\/\/www.correiobraziliense.com.br\/cbradar\/#website"},"primaryImageOfPage":{"@id":"https:\/\/www.correiobraziliense.com.br\/cbradar\/esse-destino-no-interior-de-pernambuco-virou-referencia-em-turismo-rural-e-cultural\/#primaryimage"},"image":{"@id":"https:\/\/www.correiobraziliense.com.br\/cbradar\/esse-destino-no-interior-de-pernambuco-virou-referencia-em-turismo-rural-e-cultural\/#primaryimage"},"thumbnailUrl":"https:\/\/www.correiobraziliense.com.br\/cbradar\/wp-content\/uploads\/2025\/04\/Pernambuco_1745417737423.jpg","datePublished":"2025-04-25T01:50:00+00:00","author":{"@id":"https:\/\/www.correiobraziliense.com.br\/cbradar\/#\/schema\/person\/58422787644df994b53a19d3e56c1513"},"description":"Triunfo, no interior de Pernambuco, virou refer\u00eancia em turismo rural e cultural. Descubra o destino onde hist\u00f3ria, clima e tradi\u00e7\u00e3o encantam visitantes","breadcrumb":{"@id":"https:\/\/www.correiobraziliense.com.br\/cbradar\/esse-destino-no-interior-de-pernambuco-virou-referencia-em-turismo-rural-e-cultural\/#breadcrumb"},"inLanguage":"pt-BR","potentialAction":[{"@type":"ReadAction","target":["https:\/\/www.correiobraziliense.com.br\/cbradar\/esse-destino-no-interior-de-pernambuco-virou-referencia-em-turismo-rural-e-cultural\/"]}]},{"@type":"ImageObject","inLanguage":"pt-BR","@id":"https:\/\/www.correiobraziliense.com.br\/cbradar\/esse-destino-no-interior-de-pernambuco-virou-referencia-em-turismo-rural-e-cultural\/#primaryimage","url":"https:\/\/www.correiobraziliense.com.br\/cbradar\/wp-content\/uploads\/2025\/04\/Pernambuco_1745417737423.jpg","contentUrl":"https:\/\/www.correiobraziliense.com.br\/cbradar\/wp-content\/uploads\/2025\/04\/Pernambuco_1745417737423.jpg","width":1280,"height":720,"caption":"Pernambuco. Cr\u00e9ditos: depositphotos.com \/ fredpinheiro.hotmail.com.br"},{"@type":"BreadcrumbList","@id":"https:\/\/www.correiobraziliense.com.br\/cbradar\/esse-destino-no-interior-de-pernambuco-virou-referencia-em-turismo-rural-e-cultural\/#breadcrumb","itemListElement":[{"@type":"ListItem","position":1,"name":"In\u00edcio","item":"https:\/\/www.correiobraziliense.com.br\/cbradar\/"},{"@type":"ListItem","position":2,"name":"Esse destino no interior de Pernambuco virou refer\u00eancia em turismo rural e cultural"}]},{"@type":"WebSite","@id":"https:\/\/www.correiobraziliense.com.br\/cbradar\/#website","url":"https:\/\/www.correiobraziliense.com.br\/cbradar\/","name":"Correio Braziliense - Radar","description":"Acompanhe as \u00faltimas not\u00edcias e fique bem informado sobre tudo o que acontece no Brasil e no mundo.","potentialAction":[{"@type":"SearchAction","target":{"@type":"EntryPoint","urlTemplate":"https:\/\/www.correiobraziliense.com.br\/cbradar\/?s={search_term_string}"},"query-input":{"@type":"PropertyValueSpecification","valueRequired":true,"valueName":"search_term_string"}}],"inLanguage":"pt-BR"},{"@type":"Person","@id":"https:\/\/www.correiobraziliense.com.br\/cbradar\/#\/schema\/person\/58422787644df994b53a19d3e56c1513","name":"Larissa Carvalho","image":{"@type":"ImageObject","inLanguage":"pt-BR","@id":"https:\/\/www.correiobraziliense.com.br\/cbradar\/#\/schema\/person\/image\/","url":"https:\/\/secure.gravatar.com\/avatar\/fe4f91a0de32b52a838d0d612abdc1aa?s=96&d=mm&r=g","contentUrl":"https:\/\/secure.gravatar.com\/avatar\/fe4f91a0de32b52a838d0d612abdc1aa?s=96&d=mm&r=g","caption":"Larissa Carvalho"},"url":"https:\/\/www.correiobraziliense.com.br\/cbradar\/author\/larissamyth\/"}]}},"_links":{"self":[{"href":"https:\/\/www.correiobraziliense.com.br\/cbradar\/wp-json\/wp\/v2\/posts\/27297","targetHints":{"allow":["GET"]}}],"collection":[{"href":"https:\/\/www.correiobraziliense.com.br\/cbradar\/wp-json\/wp\/v2\/posts"}],"about":[{"href":"https:\/\/www.correiobraziliense.com.br\/cbradar\/wp-json\/wp\/v2\/types\/post"}],"author":[{"embeddable":true,"href":"https:\/\/www.correiobraziliense.com.br\/cbradar\/wp-json\/wp\/v2\/users\/3"}],"replies":[{"embeddable":true,"href":"https:\/\/www.correiobraziliense.com.br\/cbradar\/wp-json\/wp\/v2\/comments?post=27297"}],"version-history":[{"count":1,"href":"https:\/\/www.correiobraziliense.com.br\/cbradar\/wp-json\/wp\/v2\/posts\/27297\/revisions"}],"predecessor-version":[{"id":27303,"href":"https:\/\/www.correiobraziliense.com.br\/cbradar\/wp-json\/wp\/v2\/posts\/27297\/revisions\/27303"}],"wp:featuredmedia":[{"embeddable":true,"href":"https:\/\/www.correiobraziliense.com.br\/cbradar\/wp-json\/wp\/v2\/media\/27300"}],"wp:attachment":[{"href":"https:\/\/www.correiobraziliense.com.br\/cbradar\/wp-json\/wp\/v2\/media?parent=27297"}],"wp:term":[{"taxonomy":"category","embeddable":true,"href":"https:\/\/www.correiobraziliense.com.br\/cbradar\/wp-json\/wp\/v2\/categories?post=27297"},{"taxonomy":"post_tag","embeddable":true,"href":"https:\/\/www.correiobraziliense.com.br\/cbradar\/wp-json\/wp\/v2\/post_tag?post=27297"}],"curies":[{"name":"wp","href":"https:\/\/api.w.org\/{rel}","templated":true}]}}