{"id":27304,"date":"2025-04-24T13:30:00","date_gmt":"2025-04-24T16:30:00","guid":{"rendered":"https:\/\/www.correiobraziliense.com.br\/cbradar\/?p=27304"},"modified":"2025-04-23T13:26:38","modified_gmt":"2025-04-23T16:26:38","slug":"como-plantar-feijao-no-quintal-ou-em-vasos-grandes","status":"publish","type":"post","link":"https:\/\/www.correiobraziliense.com.br\/cbradar\/como-plantar-feijao-no-quintal-ou-em-vasos-grandes\/","title":{"rendered":"Como plantar feij\u00e3o no quintal ou em vasos grandes"},"content":{"rendered":"\n<p>O <strong>feij\u00e3o<\/strong> \u00e9 um dos alimentos mais tradicionais da culin\u00e1ria brasileira e est\u00e1 presente no prato de milh\u00f5es de pessoas todos os dias. Mas voc\u00ea sabia que \u00e9 poss\u00edvel plantar feij\u00e3o em casa, mesmo que voc\u00ea s\u00f3 tenha um quintal pequeno ou alguns vasos grandes dispon\u00edveis? Com cuidados simples e um pouco de dedica\u00e7\u00e3o, \u00e9 poss\u00edvel cultivar e colher <strong>gr\u00e3os frescos e saud\u00e1veis<\/strong> diretamente do seu lar, aproveitando at\u00e9 sobras de gr\u00e3os da cozinha.<\/p>\n\n\n\n<p>A seguir, veja o passo a passo completo de como plantar feij\u00e3o no quintal ou em vasos grandes e tenha sua pr\u00f3pria mini planta\u00e7\u00e3o dom\u00e9stica.<\/p>\n\n\n\n<h2 class=\"wp-block-heading\">Quais os benef\u00edcios de plantar feij\u00e3o em casa?<\/h2>\n\n\n\n<p>Plantar <strong>feij\u00e3o<\/strong> em casa proporciona muitos benef\u00edcios:<\/p>\n\n\n\n<ul class=\"wp-block-list\">\n<li>Produ\u00e7\u00e3o de alimento org\u00e2nico e sem agrot\u00f3xicos<\/li>\n\n\n\n<li>\u00d3timo para ensinar crian\u00e7as sobre o ciclo das plantas<\/li>\n\n\n\n<li>F\u00e1cil de cultivar e de crescimento r\u00e1pido<\/li>\n\n\n\n<li>Pode ser feito com gr\u00e3os secos do mercado<\/li>\n\n\n\n<li>Permite o aproveitamento total do espa\u00e7o, mesmo em vasos<\/li>\n\n\n\n<li>Economia e sustentabilidade na sua alimenta\u00e7\u00e3o<\/li>\n<\/ul>\n\n\n\n<p>Al\u00e9m disso, o feij\u00e3o \u00e9 uma excelente fonte de <strong>prote\u00ednas vegetais, ferro, fibras e vitaminas do complexo B<\/strong>.<\/p>\n\n\n\n<figure class=\"wp-block-image size-large\"><img decoding=\"async\" width=\"1024\" height=\"576\" src=\"https:\/\/www.correiobraziliense.com.br\/cbradar\/wp-content\/uploads\/2025\/04\/plantar-feijao_1745417957700-1024x576.jpg\" alt=\"Como plantar feij\u00e3o no quintal ou em vasos grandes\" class=\"wp-image-27306\" srcset=\"https:\/\/www.correiobraziliense.com.br\/cbradar\/wp-content\/uploads\/2025\/04\/plantar-feijao_1745417957700-1024x576.jpg 1024w, https:\/\/www.correiobraziliense.com.br\/cbradar\/wp-content\/uploads\/2025\/04\/plantar-feijao_1745417957700-300x169.jpg 300w, https:\/\/www.correiobraziliense.com.br\/cbradar\/wp-content\/uploads\/2025\/04\/plantar-feijao_1745417957700-768x432.jpg 768w, https:\/\/www.correiobraziliense.com.br\/cbradar\/wp-content\/uploads\/2025\/04\/plantar-feijao_1745417957700-750x422.jpg 750w, https:\/\/www.correiobraziliense.com.br\/cbradar\/wp-content\/uploads\/2025\/04\/plantar-feijao_1745417957700-1140x641.jpg 1140w, https:\/\/www.correiobraziliense.com.br\/cbradar\/wp-content\/uploads\/2025\/04\/plantar-feijao_1745417957700.jpg 1280w\" sizes=\"(max-width: 1024px) 100vw, 1024px\" \/><figcaption class=\"wp-element-caption\">plantar feij\u00e3o. Cr\u00e9ditos: depositphotos.com \/ VadimVasenin<\/figcaption><\/figure>\n\n\n\n<h2 class=\"wp-block-heading\">O que \u00e9 necess\u00e1rio para plantar feij\u00e3o no quintal ou em vasos?<\/h2>\n\n\n\n<p>Voc\u00ea pode plantar feij\u00e3o usando <strong>gr\u00e3os crus<\/strong> comprados no mercado (n\u00e3o cozidos). Veja o que vai precisar:<\/p>\n\n\n\n<ul class=\"wp-block-list\">\n<li>Gr\u00e3os de <strong>feij\u00e3o cru<\/strong> (preto, carioca ou outro)<\/li>\n\n\n\n<li>Vaso grande (m\u00ednimo de <strong>30 cm de profundidade<\/strong> e 30 cm de di\u00e2metro)<\/li>\n\n\n\n<li>Substrato f\u00e9rtil (terra vegetal + areia + h\u00famus de minhoca ou composto org\u00e2nico)<\/li>\n\n\n\n<li>Argila expandida ou pedrinhas para drenagem<\/li>\n\n\n\n<li>\u00c1gua para rega<\/li>\n\n\n\n<li>Tutor (estaca ou varinha) se for cultivar feij\u00e3o trepador<\/li>\n\n\n\n<li>Pazinha de jardinagem<\/li>\n\n\n\n<li>Um espa\u00e7o com boa ilumina\u00e7\u00e3o solar<\/li>\n<\/ul>\n\n\n\n<p>No quintal, siga as mesmas orienta\u00e7\u00f5es para o preparo do solo e escolha um local ensolarado e com boa drenagem.<\/p>\n\n\n\n<h2 class=\"wp-block-heading\">Como preparar o vaso ou o solo para plantar?<\/h2>\n\n\n\n<h3 class=\"wp-block-heading\">No vaso:<\/h3>\n\n\n\n<ol class=\"wp-block-list\">\n<li>Escolha um vaso grande, com furos no fundo.<\/li>\n\n\n\n<li>Fa\u00e7a uma camada de <strong>argila expandida ou pedras<\/strong> no fundo para drenagem.<\/li>\n\n\n\n<li>Preencha com o substrato f\u00e9rtil e leve, deixando 3 cm abaixo da borda.<\/li>\n\n\n\n<li>Umede\u00e7a o solo antes de plantar os gr\u00e3os.<\/li>\n<\/ol>\n\n\n\n<h3 class=\"wp-block-heading\">No quintal:<\/h3>\n\n\n\n<ol class=\"wp-block-list\">\n<li>Revolva o solo com uma enxada, removendo pedras e ra\u00edzes.<\/li>\n\n\n\n<li>Adicione mat\u00e9ria org\u00e2nica (composto, esterco curtido ou h\u00famus).<\/li>\n\n\n\n<li>Deixe o solo solto e fofo para facilitar o crescimento das ra\u00edzes.<\/li>\n<\/ol>\n\n\n\n<h2 class=\"wp-block-heading\">Como plantar o feij\u00e3o passo a passo?<\/h2>\n\n\n\n<ol class=\"wp-block-list\">\n<li>Plante os gr\u00e3os diretamente no solo ou no vaso, com <strong>profundidade de 3 a 5 cm<\/strong>.<\/li>\n\n\n\n<li>Coloque de <strong>2 a 3 gr\u00e3os por cova<\/strong>, mantendo <strong>10 a 15 cm de dist\u00e2ncia<\/strong> entre elas.<\/li>\n\n\n\n<li>Regue suavemente ap\u00f3s o plantio.<\/li>\n\n\n\n<li>Mantenha o solo \u00famido, mas nunca encharcado.<\/li>\n<\/ol>\n\n\n\n<p>A germina\u00e7\u00e3o ocorre <strong>em at\u00e9 7 dias<\/strong>, e as mudas crescem rapidamente.<\/p>\n\n\n\n<h2 class=\"wp-block-heading\">O feij\u00e3o precisa de sol ou sombra?<\/h2>\n\n\n\n<p>O <strong>feij\u00e3o precisa de sol pleno<\/strong>, com <strong>no m\u00ednimo 6 horas de luz solar direta por dia<\/strong>. Quanto mais sol, melhor ser\u00e1 o crescimento da planta e a produ\u00e7\u00e3o de vagens.<\/p>\n\n\n\n<p>Evite locais com sombra constante ou excesso de umidade, que favorecem o surgimento de doen\u00e7as.<\/p>\n\n\n\n<h2 class=\"wp-block-heading\">Quais os tipos de feij\u00e3o posso plantar?<\/h2>\n\n\n\n<p>Voc\u00ea pode plantar praticamente qualquer <strong>feij\u00e3o cru n\u00e3o processado<\/strong>, como:<\/p>\n\n\n\n<ul class=\"wp-block-list\">\n<li><strong>Feij\u00e3o carioca<\/strong><\/li>\n\n\n\n<li><strong>Feij\u00e3o preto<\/strong><\/li>\n\n\n\n<li><strong>Feij\u00e3o vermelho<\/strong><\/li>\n\n\n\n<li><strong>Feij\u00e3o branco<\/strong><\/li>\n\n\n\n<li><strong>Feij\u00e3o-de-corda (fradinho)<\/strong><\/li>\n<\/ul>\n\n\n\n<p>Feij\u00f5es comprados em supermercados geralmente germinam bem, desde que n\u00e3o sejam muito velhos ou estejam tratados quimicamente.<\/p>\n\n\n\n<h2 class=\"wp-block-heading\">Como cuidar do feij\u00e3o durante o cultivo?<\/h2>\n\n\n\n<h3 class=\"wp-block-heading\">Rega:<\/h3>\n\n\n\n<ul class=\"wp-block-list\">\n<li>Regue o solo quando estiver seco ao toque.<\/li>\n\n\n\n<li>Em dias quentes, regue diariamente.<\/li>\n\n\n\n<li>Evite molhar as folhas \u2014 isso previne fungos.<\/li>\n<\/ul>\n\n\n\n<h3 class=\"wp-block-heading\">Aduba\u00e7\u00e3o:<\/h3>\n\n\n\n<ul class=\"wp-block-list\">\n<li>Aplique composto org\u00e2nico a cada 15 dias.<\/li>\n\n\n\n<li>O feij\u00e3o n\u00e3o exige muitos nutrientes, mas responde bem a solos ricos em <strong>f\u00f3sforo e pot\u00e1ssio<\/strong>.<\/li>\n<\/ul>\n\n\n\n<h3 class=\"wp-block-heading\">Tutoramento:<\/h3>\n\n\n\n<ul class=\"wp-block-list\">\n<li>Se estiver cultivando <strong>feij\u00e3o trepador<\/strong>, coloque uma estaca ou haste pr\u00f3xima \u00e0 planta para que ela suba.<\/li>\n\n\n\n<li>Feij\u00f5es arbustivos (an\u00f5es) n\u00e3o precisam de apoio.<\/li>\n<\/ul>\n\n\n\n<h2 class=\"wp-block-heading\">Quanto tempo o feij\u00e3o leva para colher?<\/h2>\n\n\n\n<p>O ciclo do feij\u00e3o \u00e9 relativamente r\u00e1pido. A colheita ocorre em cerca de <strong>70 a 90 dias ap\u00f3s o plantio<\/strong>, dependendo da variedade e das condi\u00e7\u00f5es clim\u00e1ticas.<\/p>\n\n\n\n<h3 class=\"wp-block-heading\">Como colher:<\/h3>\n\n\n\n<ul class=\"wp-block-list\">\n<li>As vagens devem estar <strong>secas e amareladas<\/strong>, indicando maturidade.<\/li>\n\n\n\n<li>Corte ou puxe os galhos com cuidado e retire as vagens.<\/li>\n\n\n\n<li>Deixe secar por alguns dias antes de debulhar os gr\u00e3os.<\/li>\n<\/ul>\n\n\n\n<p>Voc\u00ea tamb\u00e9m pode colher <strong>feij\u00e3o verde<\/strong>, consumindo as vagens ainda tenras.<\/p>\n\n\n\n<h2 class=\"wp-block-heading\">Pragas e doen\u00e7as comuns no feij\u00e3o<\/h2>\n\n\n\n<p>As principais pragas que atacam o feij\u00e3o s\u00e3o:<\/p>\n\n\n\n<ul class=\"wp-block-list\">\n<li><strong>Pulg\u00f5es<\/strong><\/li>\n\n\n\n<li><strong>Lagartas<\/strong><\/li>\n\n\n\n<li><strong>Besouro do feij\u00e3o<\/strong><\/li>\n\n\n\n<li><strong>Mosca-branca<\/strong><\/li>\n\n\n\n<li><strong>Fungos (como o\u00eddio e ferrugem)<\/strong><\/li>\n<\/ul>\n\n\n\n<h3 class=\"wp-block-heading\">Como prevenir:<\/h3>\n\n\n\n<ul class=\"wp-block-list\">\n<li>Mantenha o solo bem drenado<\/li>\n\n\n\n<li>Evite excesso de \u00e1gua<\/li>\n\n\n\n<li>Use calda de fumo, \u00f3leo de neem ou ch\u00e1 de alho como repelentes naturais<\/li>\n\n\n\n<li>Fa\u00e7a inspe\u00e7\u00f5es semanais nas folhas e vagens<\/li>\n<\/ul>\n\n\n\n<h2 class=\"wp-block-heading\">FAQ \u2013 Perguntas Frequentes<\/h2>\n\n\n\n<p><strong>1. Posso plantar feij\u00e3o em vaso?<\/strong><br>Sim! Use vasos grandes, com no m\u00ednimo 30 cm de profundidade e boa drenagem.<\/p>\n\n\n\n<p><strong>2. D\u00e1 para plantar feij\u00e3o comprado no mercado?<\/strong><br>Sim, desde que seja <strong>cru e n\u00e3o cozido<\/strong>. Evite gr\u00e3os velhos ou mofados.<\/p>\n\n\n\n<p><strong>3. Quanto tempo leva para colher?<\/strong><br>De 70 a 90 dias ap\u00f3s o plantio, dependendo da variedade.<\/p>\n\n\n\n<p><strong>4. O feij\u00e3o precisa de muito sol?<\/strong><br>Sim! No m\u00ednimo 6 horas por dia de sol direto.<\/p>\n\n\n\n<p><strong>5. Quantos gr\u00e3os plantar por cova?<\/strong><br>De 2 a 3 gr\u00e3os, com 10 a 15 cm de dist\u00e2ncia entre os buracos.<\/p>\n","protected":false},"excerpt":{"rendered":"<p>Aprenda como plantar feij\u00e3o no quintal ou em vasos grandes. Veja o passo a passo completo, os cuidados e como colher seus gr\u00e3os em casa.<\/p>\n","protected":false},"author":3,"featured_media":27305,"comment_status":"open","ping_status":"open","sticky":false,"template":"","format":"standard","meta":{"_yoast_wpseo_focuskw":"plantar feij\u00e3o","_yoast_wpseo_title":"%%title%%","_yoast_wpseo_metadesc":"Aprenda como plantar feij\u00e3o no quintal ou em vasos grandes. Veja o passo a passo completo, os cuidados e como colher seus gr\u00e3os em casa.","jnews-multi-image_gallery":[],"jnews_single_post":{"format":"standard"},"jnews_primary_category":[],"jnews_social_meta":[],"jnews_override_counter":[],"footnotes":""},"categories":[136],"post_tag":[137,2987],"class_list":["post-27304","post","type-post","status-publish","format-standard","has-post-thumbnail","hentry","category-jardinagem","tag-como-plantar","tag-feijao"],"yoast_head":"<!-- This site is optimized with the Yoast SEO plugin v24.6 - https:\/\/yoast.com\/wordpress\/plugins\/seo\/ -->\n<title>Como plantar feij\u00e3o no quintal ou em vasos grandes<\/title>\n<meta name=\"description\" content=\"Aprenda como plantar feij\u00e3o no quintal ou em vasos grandes. Veja o passo a passo completo, os cuidados e como colher seus gr\u00e3os em casa.\" \/>\n<meta name=\"robots\" content=\"index, follow, max-snippet:-1, max-image-preview:large, max-video-preview:-1\" \/>\n<link rel=\"canonical\" href=\"https:\/\/www.correiobraziliense.com.br\/cbradar\/como-plantar-feijao-no-quintal-ou-em-vasos-grandes\/\" \/>\n<meta property=\"og:locale\" content=\"pt_BR\" \/>\n<meta property=\"og:type\" content=\"article\" \/>\n<meta property=\"og:title\" content=\"Como plantar feij\u00e3o no quintal ou em vasos grandes\" \/>\n<meta property=\"og:description\" content=\"Aprenda como plantar feij\u00e3o no quintal ou em vasos grandes. Veja o passo a passo completo, os cuidados e como colher seus gr\u00e3os em casa.\" \/>\n<meta property=\"og:url\" content=\"https:\/\/www.correiobraziliense.com.br\/cbradar\/como-plantar-feijao-no-quintal-ou-em-vasos-grandes\/\" \/>\n<meta property=\"og:site_name\" content=\"Correio Braziliense - Radar\" \/>\n<meta property=\"article:published_time\" content=\"2025-04-24T16:30:00+00:00\" \/>\n<meta property=\"og:image\" content=\"https:\/\/www.correiobraziliense.com.br\/cbradar\/wp-content\/uploads\/2025\/04\/plantar-feijao_1745417935377.jpg\" \/>\n\t<meta property=\"og:image:width\" content=\"1280\" \/>\n\t<meta property=\"og:image:height\" content=\"720\" \/>\n\t<meta property=\"og:image:type\" content=\"image\/jpeg\" \/>\n<meta name=\"author\" content=\"Larissa Carvalho\" \/>\n<meta name=\"twitter:card\" content=\"summary_large_image\" \/>\n<meta name=\"twitter:label1\" content=\"Escrito por\" \/>\n\t<meta name=\"twitter:data1\" content=\"Larissa Carvalho\" \/>\n\t<meta name=\"twitter:label2\" content=\"Est. tempo de leitura\" \/>\n\t<meta name=\"twitter:data2\" content=\"6 minutos\" \/>\n<!-- \/ Yoast SEO plugin. -->","yoast_head_json":{"title":"Como plantar feij\u00e3o no quintal ou em vasos grandes","description":"Aprenda como plantar feij\u00e3o no quintal ou em vasos grandes. Veja o passo a passo completo, os cuidados e como colher seus gr\u00e3os em casa.","robots":{"index":"index","follow":"follow","max-snippet":"max-snippet:-1","max-image-preview":"max-image-preview:large","max-video-preview":"max-video-preview:-1"},"canonical":"https:\/\/www.correiobraziliense.com.br\/cbradar\/como-plantar-feijao-no-quintal-ou-em-vasos-grandes\/","og_locale":"pt_BR","og_type":"article","og_title":"Como plantar feij\u00e3o no quintal ou em vasos grandes","og_description":"Aprenda como plantar feij\u00e3o no quintal ou em vasos grandes. Veja o passo a passo completo, os cuidados e como colher seus gr\u00e3os em casa.","og_url":"https:\/\/www.correiobraziliense.com.br\/cbradar\/como-plantar-feijao-no-quintal-ou-em-vasos-grandes\/","og_site_name":"Correio Braziliense - Radar","article_published_time":"2025-04-24T16:30:00+00:00","og_image":[{"width":1280,"height":720,"url":"https:\/\/www.correiobraziliense.com.br\/cbradar\/wp-content\/uploads\/2025\/04\/plantar-feijao_1745417935377.jpg","type":"image\/jpeg"}],"author":"Larissa Carvalho","twitter_card":"summary_large_image","twitter_misc":{"Escrito por":"Larissa Carvalho","Est. tempo de leitura":"6 minutos"},"schema":{"@context":"https:\/\/schema.org","@graph":[{"@type":"WebPage","@id":"https:\/\/www.correiobraziliense.com.br\/cbradar\/como-plantar-feijao-no-quintal-ou-em-vasos-grandes\/","url":"https:\/\/www.correiobraziliense.com.br\/cbradar\/como-plantar-feijao-no-quintal-ou-em-vasos-grandes\/","name":"Como plantar feij\u00e3o no quintal ou em vasos grandes","isPartOf":{"@id":"https:\/\/www.correiobraziliense.com.br\/cbradar\/#website"},"primaryImageOfPage":{"@id":"https:\/\/www.correiobraziliense.com.br\/cbradar\/como-plantar-feijao-no-quintal-ou-em-vasos-grandes\/#primaryimage"},"image":{"@id":"https:\/\/www.correiobraziliense.com.br\/cbradar\/como-plantar-feijao-no-quintal-ou-em-vasos-grandes\/#primaryimage"},"thumbnailUrl":"https:\/\/www.correiobraziliense.com.br\/cbradar\/wp-content\/uploads\/2025\/04\/plantar-feijao_1745417935377.jpg","datePublished":"2025-04-24T16:30:00+00:00","author":{"@id":"https:\/\/www.correiobraziliense.com.br\/cbradar\/#\/schema\/person\/58422787644df994b53a19d3e56c1513"},"description":"Aprenda como plantar feij\u00e3o no quintal ou em vasos grandes. Veja o passo a passo completo, os cuidados e como colher seus gr\u00e3os em casa.","breadcrumb":{"@id":"https:\/\/www.correiobraziliense.com.br\/cbradar\/como-plantar-feijao-no-quintal-ou-em-vasos-grandes\/#breadcrumb"},"inLanguage":"pt-BR","potentialAction":[{"@type":"ReadAction","target":["https:\/\/www.correiobraziliense.com.br\/cbradar\/como-plantar-feijao-no-quintal-ou-em-vasos-grandes\/"]}]},{"@type":"ImageObject","inLanguage":"pt-BR","@id":"https:\/\/www.correiobraziliense.com.br\/cbradar\/como-plantar-feijao-no-quintal-ou-em-vasos-grandes\/#primaryimage","url":"https:\/\/www.correiobraziliense.com.br\/cbradar\/wp-content\/uploads\/2025\/04\/plantar-feijao_1745417935377.jpg","contentUrl":"https:\/\/www.correiobraziliense.com.br\/cbradar\/wp-content\/uploads\/2025\/04\/plantar-feijao_1745417935377.jpg","width":1280,"height":720,"caption":"plantar feij\u00e3o. Cr\u00e9ditos: depositphotos.com \/ VadimVasenin"},{"@type":"BreadcrumbList","@id":"https:\/\/www.correiobraziliense.com.br\/cbradar\/como-plantar-feijao-no-quintal-ou-em-vasos-grandes\/#breadcrumb","itemListElement":[{"@type":"ListItem","position":1,"name":"In\u00edcio","item":"https:\/\/www.correiobraziliense.com.br\/cbradar\/"},{"@type":"ListItem","position":2,"name":"Como plantar feij\u00e3o no quintal ou em vasos grandes"}]},{"@type":"WebSite","@id":"https:\/\/www.correiobraziliense.com.br\/cbradar\/#website","url":"https:\/\/www.correiobraziliense.com.br\/cbradar\/","name":"Correio Braziliense - Radar","description":"Acompanhe as \u00faltimas not\u00edcias e fique bem informado sobre tudo o que acontece no Brasil e no mundo.","potentialAction":[{"@type":"SearchAction","target":{"@type":"EntryPoint","urlTemplate":"https:\/\/www.correiobraziliense.com.br\/cbradar\/?s={search_term_string}"},"query-input":{"@type":"PropertyValueSpecification","valueRequired":true,"valueName":"search_term_string"}}],"inLanguage":"pt-BR"},{"@type":"Person","@id":"https:\/\/www.correiobraziliense.com.br\/cbradar\/#\/schema\/person\/58422787644df994b53a19d3e56c1513","name":"Larissa Carvalho","image":{"@type":"ImageObject","inLanguage":"pt-BR","@id":"https:\/\/www.correiobraziliense.com.br\/cbradar\/#\/schema\/person\/image\/","url":"https:\/\/secure.gravatar.com\/avatar\/fe4f91a0de32b52a838d0d612abdc1aa?s=96&d=mm&r=g","contentUrl":"https:\/\/secure.gravatar.com\/avatar\/fe4f91a0de32b52a838d0d612abdc1aa?s=96&d=mm&r=g","caption":"Larissa Carvalho"},"url":"https:\/\/www.correiobraziliense.com.br\/cbradar\/author\/larissamyth\/"}]}},"_links":{"self":[{"href":"https:\/\/www.correiobraziliense.com.br\/cbradar\/wp-json\/wp\/v2\/posts\/27304","targetHints":{"allow":["GET"]}}],"collection":[{"href":"https:\/\/www.correiobraziliense.com.br\/cbradar\/wp-json\/wp\/v2\/posts"}],"about":[{"href":"https:\/\/www.correiobraziliense.com.br\/cbradar\/wp-json\/wp\/v2\/types\/post"}],"author":[{"embeddable":true,"href":"https:\/\/www.correiobraziliense.com.br\/cbradar\/wp-json\/wp\/v2\/users\/3"}],"replies":[{"embeddable":true,"href":"https:\/\/www.correiobraziliense.com.br\/cbradar\/wp-json\/wp\/v2\/comments?post=27304"}],"version-history":[{"count":1,"href":"https:\/\/www.correiobraziliense.com.br\/cbradar\/wp-json\/wp\/v2\/posts\/27304\/revisions"}],"predecessor-version":[{"id":27307,"href":"https:\/\/www.correiobraziliense.com.br\/cbradar\/wp-json\/wp\/v2\/posts\/27304\/revisions\/27307"}],"wp:featuredmedia":[{"embeddable":true,"href":"https:\/\/www.correiobraziliense.com.br\/cbradar\/wp-json\/wp\/v2\/media\/27305"}],"wp:attachment":[{"href":"https:\/\/www.correiobraziliense.com.br\/cbradar\/wp-json\/wp\/v2\/media?parent=27304"}],"wp:term":[{"taxonomy":"category","embeddable":true,"href":"https:\/\/www.correiobraziliense.com.br\/cbradar\/wp-json\/wp\/v2\/categories?post=27304"},{"taxonomy":"post_tag","embeddable":true,"href":"https:\/\/www.correiobraziliense.com.br\/cbradar\/wp-json\/wp\/v2\/post_tag?post=27304"}],"curies":[{"name":"wp","href":"https:\/\/api.w.org\/{rel}","templated":true}]}}