{"id":27308,"date":"2025-04-24T20:30:00","date_gmt":"2025-04-24T23:30:00","guid":{"rendered":"https:\/\/www.correiobraziliense.com.br\/cbradar\/?p=27308"},"modified":"2025-04-23T13:25:46","modified_gmt":"2025-04-23T16:25:46","slug":"como-plantar-chas-medicinais-em-casa-e-montar-uma-farmacia-natural","status":"publish","type":"post","link":"https:\/\/www.correiobraziliense.com.br\/cbradar\/como-plantar-chas-medicinais-em-casa-e-montar-uma-farmacia-natural\/","title":{"rendered":"Como plantar ch\u00e1s medicinais em casa e montar uma farm\u00e1cia natural"},"content":{"rendered":"\n<p>Plantar <strong>ch\u00e1s medicinais<\/strong> em casa \u00e9 uma forma pr\u00e1tica, econ\u00f4mica e saud\u00e1vel de cuidar da sa\u00fade de forma natural. Com algumas mudas ou sementes e um espa\u00e7o com sol, voc\u00ea pode montar sua pr\u00f3pria <strong>farm\u00e1cia verde<\/strong>, cultivando plantas com propriedades calmantes, digestivas, anti-inflamat\u00f3rias e muito mais. Al\u00e9m de embelezar o ambiente, essas ervas frescas trazem in\u00fameros benef\u00edcios para o corpo e a mente.<\/p>\n\n\n\n<p>A seguir, descubra como plantar ch\u00e1s medicinais em casa e montar uma <strong>farm\u00e1cia natural<\/strong> com os principais cuidados, combina\u00e7\u00f5es e dicas para colher e utilizar com seguran\u00e7a.<\/p>\n\n\n\n<h2 class=\"wp-block-heading\">Quais os benef\u00edcios de cultivar ch\u00e1s medicinais em casa?<\/h2>\n\n\n\n<p>Montar uma farm\u00e1cia natural com ch\u00e1s em casa traz diversas vantagens:<\/p>\n\n\n\n<ul class=\"wp-block-list\">\n<li>Acesso r\u00e1pido a <strong>rem\u00e9dios naturais<\/strong> no dia a dia<\/li>\n\n\n\n<li>Economia com medicamentos e produtos industrializados<\/li>\n\n\n\n<li>Garantia de ervas <strong>frescas, puras e sem agrot\u00f3xicos<\/strong><\/li>\n\n\n\n<li>Aromas e beleza que decoram e purificam o ambiente<\/li>\n\n\n\n<li>Conex\u00e3o com a natureza e bem-estar emocional<\/li>\n<\/ul>\n\n\n\n<p>Al\u00e9m disso, o cultivo de ervas pode ser feito em <strong>vasos, jardineiras, canteiros ou at\u00e9 em garrafas pet<\/strong>, adaptando-se bem a espa\u00e7os pequenos e urbanos.<\/p>\n\n\n\n<figure class=\"wp-block-image size-large\"><img decoding=\"async\" width=\"1024\" height=\"576\" src=\"https:\/\/www.correiobraziliense.com.br\/cbradar\/wp-content\/uploads\/2025\/04\/cha_1745418441470-1024x576.jpg\" alt=\"Como plantar ch\u00e1s medicinais em casa e montar uma farm\u00e1cia natural\" class=\"wp-image-27327\" srcset=\"https:\/\/www.correiobraziliense.com.br\/cbradar\/wp-content\/uploads\/2025\/04\/cha_1745418441470-1024x576.jpg 1024w, https:\/\/www.correiobraziliense.com.br\/cbradar\/wp-content\/uploads\/2025\/04\/cha_1745418441470-300x169.jpg 300w, https:\/\/www.correiobraziliense.com.br\/cbradar\/wp-content\/uploads\/2025\/04\/cha_1745418441470-768x432.jpg 768w, https:\/\/www.correiobraziliense.com.br\/cbradar\/wp-content\/uploads\/2025\/04\/cha_1745418441470-750x422.jpg 750w, https:\/\/www.correiobraziliense.com.br\/cbradar\/wp-content\/uploads\/2025\/04\/cha_1745418441470-1140x641.jpg 1140w, https:\/\/www.correiobraziliense.com.br\/cbradar\/wp-content\/uploads\/2025\/04\/cha_1745418441470.jpg 1280w\" sizes=\"(max-width: 1024px) 100vw, 1024px\" \/><figcaption class=\"wp-element-caption\">ch\u00e1. Cr\u00e9ditos: depositphotos.com \/ HayDmitriy<\/figcaption><\/figure>\n\n\n\n<h2 class=\"wp-block-heading\">Quais ervas plantar para uma farm\u00e1cia natural?<\/h2>\n\n\n\n<p>Voc\u00ea pode escolher de acordo com os benef\u00edcios desejados. Aqui est\u00e3o algumas das mais populares e f\u00e1ceis de cultivar:<\/p>\n\n\n\n<figure class=\"wp-block-table\"><table class=\"has-fixed-layout\"><thead><tr><th><strong>Erva Medicinal<\/strong><\/th><th><strong>Propriedades<\/strong><\/th><\/tr><\/thead><tbody><tr><td><strong>Hortel\u00e3<\/strong><\/td><td>Digestiva, refrescante, expectorante<\/td><\/tr><tr><td><strong>Camomila<\/strong><\/td><td>Calmante, ajuda no sono, anti-inflamat\u00f3ria<\/td><\/tr><tr><td><strong>Capim-santo (erva-cidreira)<\/strong><\/td><td>Relaxante, alivia dores e ins\u00f4nia<\/td><\/tr><tr><td><strong>Alecrim<\/strong><\/td><td>Estimulante, mem\u00f3ria, anti-inflamat\u00f3rio<\/td><\/tr><tr><td><strong>Erva-doce<\/strong><\/td><td>Digestiva, antiespasm\u00f3dica, al\u00edvio de c\u00f3licas<\/td><\/tr><tr><td><strong>Manjeric\u00e3o<\/strong><\/td><td>Antibacteriano, antiestresse, aroma terap\u00eautico<\/td><\/tr><tr><td><strong>S\u00e1lvia<\/strong><\/td><td>Cicatrizante, antimicrobiana, desintoxicante<\/td><\/tr><tr><td><strong>Melissa (erva-cidreira verdadeira)<\/strong><\/td><td>Calmante, controla ansiedade e estresse<\/td><\/tr><\/tbody><\/table><\/figure>\n\n\n\n<p>Voc\u00ea pode come\u00e7ar com 3 a 5 tipos e expandir conforme o espa\u00e7o e o uso.<\/p>\n\n\n\n<h2 class=\"wp-block-heading\">O que voc\u00ea precisa para plantar ch\u00e1s medicinais?<\/h2>\n\n\n\n<p>Os materiais b\u00e1sicos s\u00e3o simples e f\u00e1ceis de encontrar:<\/p>\n\n\n\n<ul class=\"wp-block-list\">\n<li>Vasos com <strong>m\u00ednimo de 20 cm de profundidade<\/strong><\/li>\n\n\n\n<li>Substrato f\u00e9rtil (terra vegetal + h\u00famus de minhoca + areia)<\/li>\n\n\n\n<li>Mudas ou sementes das ervas escolhidas<\/li>\n\n\n\n<li>Argila expandida ou pedrinhas para drenagem<\/li>\n\n\n\n<li>\u00c1gua para rega<\/li>\n\n\n\n<li>Tesoura de poda<\/li>\n<\/ul>\n\n\n\n<p>Evite usar substratos compactados ou sem drenagem, pois a maioria das ervas precisa de <strong>terra leve e bem arejada<\/strong>.<\/p>\n\n\n\n<h2 class=\"wp-block-heading\">Como plantar cada tipo de erva medicinal?<\/h2>\n\n\n\n<h3 class=\"wp-block-heading\">Por mudas:<\/h3>\n\n\n\n<ol class=\"wp-block-list\">\n<li>Fa\u00e7a um buraco do tamanho do torr\u00e3o da muda.<\/li>\n\n\n\n<li>Coloque no vaso e cubra com substrato, pressionando levemente.<\/li>\n\n\n\n<li>Regue com cuidado e mantenha em local iluminado.<\/li>\n<\/ol>\n\n\n\n<h3 class=\"wp-block-heading\">Por sementes:<\/h3>\n\n\n\n<ol class=\"wp-block-list\">\n<li>Plante a 0,5 a 1 cm de profundidade.<\/li>\n\n\n\n<li>Regue com borrifador e mantenha a terra \u00famida at\u00e9 germinar.<\/li>\n\n\n\n<li>Leve ao sol ap\u00f3s a germina\u00e7\u00e3o (normalmente entre 5 e 10 dias).<\/li>\n<\/ol>\n\n\n\n<p>Voc\u00ea pode <strong>cultivar cada erva em um vaso individual<\/strong> ou montar uma <strong>jardineira com esp\u00e9cies que tenham necessidades parecidas<\/strong> (por exemplo, hortel\u00e3 e erva-doce juntas).<\/p>\n\n\n\n<h2 class=\"wp-block-heading\">Onde posicionar as ervas medicinais em casa?<\/h2>\n\n\n\n<p>As plantas medicinais precisam de <strong>boa luminosidade<\/strong>, ent\u00e3o os melhores locais s\u00e3o:<\/p>\n\n\n\n<ul class=\"wp-block-list\">\n<li>Varandas com sol da manh\u00e3<\/li>\n\n\n\n<li>Janelas com luz direta<\/li>\n\n\n\n<li>Quintais com pelo menos 4 horas de sol por dia<\/li>\n<\/ul>\n\n\n\n<p>Algumas, como a camomila e o alecrim, gostam de <strong>sol pleno<\/strong>; outras, como hortel\u00e3 e melissa, preferem <strong>meia-sombra<\/strong>.<\/p>\n\n\n\n<h2 class=\"wp-block-heading\">Como cuidar da horta de ch\u00e1s medicinais?<\/h2>\n\n\n\n<h3 class=\"wp-block-heading\">Rega:<\/h3>\n\n\n\n<ul class=\"wp-block-list\">\n<li>Regue <strong>quando o solo estiver seco ao toque<\/strong>.<\/li>\n\n\n\n<li>Evite encharcar, pois isso favorece fungos.<\/li>\n\n\n\n<li>Em dias muito quentes, pode ser necess\u00e1rio regar todos os dias.<\/li>\n<\/ul>\n\n\n\n<h3 class=\"wp-block-heading\">Aduba\u00e7\u00e3o:<\/h3>\n\n\n\n<ul class=\"wp-block-list\">\n<li>Aplique adubo org\u00e2nico a cada <strong>20 a 30 dias<\/strong>.<\/li>\n\n\n\n<li>Use h\u00famus, farinha de ossos ou composto natural.<\/li>\n<\/ul>\n\n\n\n<h3 class=\"wp-block-heading\">Podas:<\/h3>\n\n\n\n<ul class=\"wp-block-list\">\n<li>Pode regularmente para estimular novos brotos.<\/li>\n\n\n\n<li>Retire flores velhas e galhos secos para manter a planta saud\u00e1vel.<\/li>\n<\/ul>\n\n\n\n<h3 class=\"wp-block-heading\">Flora\u00e7\u00e3o:<\/h3>\n\n\n\n<ul class=\"wp-block-list\">\n<li>Algumas ervas perdem sabor ap\u00f3s florir, como hortel\u00e3 e manjeric\u00e3o. Retire as flores para prolongar a vida \u00fatil da planta.<\/li>\n<\/ul>\n\n\n\n<h2 class=\"wp-block-heading\">Como colher e usar os ch\u00e1s medicinais?<\/h2>\n\n\n\n<h3 class=\"wp-block-heading\">Colheita:<\/h3>\n\n\n\n<ul class=\"wp-block-list\">\n<li>Colha <strong>as folhas pela manh\u00e3<\/strong>, quando est\u00e3o mais arom\u00e1ticas.<\/li>\n\n\n\n<li>Evite retirar mais de <strong>1\/3 da planta por vez<\/strong> para n\u00e3o enfraquecer.<\/li>\n\n\n\n<li>Lave antes de usar e, se quiser armazenar, <strong>seque \u00e0 sombra<\/strong> e guarde em potes bem fechados.<\/li>\n<\/ul>\n\n\n\n<h3 class=\"wp-block-heading\">Preparo do ch\u00e1:<\/h3>\n\n\n\n<ul class=\"wp-block-list\">\n<li>Use 1 colher de sopa de folhas frescas (ou 1 colher de ch\u00e1 secas) para 1 x\u00edcara de \u00e1gua quente.<\/li>\n\n\n\n<li>Deixe em infus\u00e3o por 5 a 10 minutos.<\/li>\n\n\n\n<li>Coe e beba.<\/li>\n<\/ul>\n\n\n\n<h2 class=\"wp-block-heading\">Pragas e doen\u00e7as mais comuns e como evitar<\/h2>\n\n\n\n<p>As ervas medicinais podem ser atacadas por:<\/p>\n\n\n\n<ul class=\"wp-block-list\">\n<li><strong>Pulg\u00f5es<\/strong><\/li>\n\n\n\n<li><strong>Cochonilhas<\/strong><\/li>\n\n\n\n<li><strong>Fungos nas folhas (manchas)<\/strong><\/li>\n<\/ul>\n\n\n\n<h3 class=\"wp-block-heading\">Como prevenir:<\/h3>\n\n\n\n<ul class=\"wp-block-list\">\n<li>Use <strong>\u00f3leo de neem ou calda de sab\u00e3o com alho<\/strong><\/li>\n\n\n\n<li>N\u00e3o molhe as folhas durante a rega<\/li>\n\n\n\n<li>Fa\u00e7a podas regulares<\/li>\n\n\n\n<li>Mantenha os vasos arejados e ao sol<\/li>\n<\/ul>\n\n\n\n<h2 class=\"wp-block-heading\">FAQ \u2013 Perguntas Frequentes<\/h2>\n\n\n\n<p><strong>1. Posso plantar diferentes ervas no mesmo vaso?<\/strong><br>Sim, desde que tenham necessidades semelhantes de sol e \u00e1gua. Hortel\u00e3, por exemplo, cresce melhor sozinha porque se espalha muito.<\/p>\n\n\n\n<p><strong>2. Em quanto tempo posso colher?<\/strong><br>Algumas ervas, como hortel\u00e3 e manjeric\u00e3o, podem ser colhidas <strong>em at\u00e9 30 dias<\/strong> ap\u00f3s o plantio.<\/p>\n\n\n\n<p><strong>3. Posso plantar ch\u00e1s medicinais em apartamento?<\/strong><br>Sim! Desde que tenha <strong>sol direto por algumas horas<\/strong>, \u00e9 poss\u00edvel cultivar em janelas, varandas ou at\u00e9 com luz artificial.<\/p>\n\n\n\n<p><strong>4. Como secar as ervas para armazenar?<\/strong><br>Deixe as folhas \u00e0 <strong>sombra, em local ventilado<\/strong>, at\u00e9 ficarem crocantes. Depois, guarde em potes escuros bem fechados.<\/p>\n\n\n\n<p><strong>5. \u00c9 melhor plantar por semente ou muda?<\/strong><br>As <strong>mudas s\u00e3o mais r\u00e1pidas e pr\u00e1ticas<\/strong>, mas as sementes tamb\u00e9m funcionam bem com paci\u00eancia.<\/p>\n","protected":false},"excerpt":{"rendered":"<p>Aprenda como plantar ch\u00e1s medicinais em casa e monte uma farm\u00e1cia natural. Veja como cultivar, colher e usar ervas frescas no dia a dia.<\/p>\n","protected":false},"author":3,"featured_media":27320,"comment_status":"open","ping_status":"open","sticky":false,"template":"","format":"standard","meta":{"_yoast_wpseo_focuskw":"plantar ch\u00e1s medicinais","_yoast_wpseo_title":"%%title%%","_yoast_wpseo_metadesc":"Aprenda como plantar ch\u00e1s medicinais em casa e monte uma farm\u00e1cia natural. Veja como cultivar, colher e usar ervas frescas no dia a dia.","jnews-multi-image_gallery":[],"jnews_single_post":{"format":"standard"},"jnews_primary_category":[],"jnews_social_meta":[],"jnews_override_counter":[],"footnotes":""},"categories":[136],"post_tag":[535,137],"class_list":["post-27308","post","type-post","status-publish","format-standard","has-post-thumbnail","hentry","category-jardinagem","tag-cha","tag-como-plantar"],"yoast_head":"<!-- This site is optimized with the Yoast SEO plugin v24.6 - https:\/\/yoast.com\/wordpress\/plugins\/seo\/ -->\n<title>Como plantar ch\u00e1s medicinais em casa e montar uma farm\u00e1cia natural<\/title>\n<meta name=\"description\" content=\"Aprenda como plantar ch\u00e1s medicinais em casa e monte uma farm\u00e1cia natural. Veja como cultivar, colher e usar ervas frescas no dia a dia.\" \/>\n<meta name=\"robots\" content=\"index, follow, max-snippet:-1, max-image-preview:large, max-video-preview:-1\" \/>\n<link rel=\"canonical\" href=\"https:\/\/www.correiobraziliense.com.br\/cbradar\/como-plantar-chas-medicinais-em-casa-e-montar-uma-farmacia-natural\/\" \/>\n<meta property=\"og:locale\" content=\"pt_BR\" \/>\n<meta property=\"og:type\" content=\"article\" \/>\n<meta property=\"og:title\" content=\"Como plantar ch\u00e1s medicinais em casa e montar uma farm\u00e1cia natural\" \/>\n<meta property=\"og:description\" content=\"Aprenda como plantar ch\u00e1s medicinais em casa e monte uma farm\u00e1cia natural. Veja como cultivar, colher e usar ervas frescas no dia a dia.\" \/>\n<meta property=\"og:url\" content=\"https:\/\/www.correiobraziliense.com.br\/cbradar\/como-plantar-chas-medicinais-em-casa-e-montar-uma-farmacia-natural\/\" \/>\n<meta property=\"og:site_name\" content=\"Correio Braziliense - Radar\" \/>\n<meta property=\"article:published_time\" content=\"2025-04-24T23:30:00+00:00\" \/>\n<meta property=\"og:image\" content=\"https:\/\/www.correiobraziliense.com.br\/cbradar\/wp-content\/uploads\/2025\/04\/cha_1745418080504.jpg\" \/>\n\t<meta property=\"og:image:width\" content=\"1280\" \/>\n\t<meta property=\"og:image:height\" content=\"720\" \/>\n\t<meta property=\"og:image:type\" content=\"image\/jpeg\" \/>\n<meta name=\"author\" content=\"Larissa Carvalho\" \/>\n<meta name=\"twitter:card\" content=\"summary_large_image\" \/>\n<meta name=\"twitter:label1\" content=\"Escrito por\" \/>\n\t<meta name=\"twitter:data1\" content=\"Larissa Carvalho\" \/>\n\t<meta name=\"twitter:label2\" content=\"Est. tempo de leitura\" \/>\n\t<meta name=\"twitter:data2\" content=\"6 minutos\" \/>\n<!-- \/ Yoast SEO plugin. -->","yoast_head_json":{"title":"Como plantar ch\u00e1s medicinais em casa e montar uma farm\u00e1cia natural","description":"Aprenda como plantar ch\u00e1s medicinais em casa e monte uma farm\u00e1cia natural. Veja como cultivar, colher e usar ervas frescas no dia a dia.","robots":{"index":"index","follow":"follow","max-snippet":"max-snippet:-1","max-image-preview":"max-image-preview:large","max-video-preview":"max-video-preview:-1"},"canonical":"https:\/\/www.correiobraziliense.com.br\/cbradar\/como-plantar-chas-medicinais-em-casa-e-montar-uma-farmacia-natural\/","og_locale":"pt_BR","og_type":"article","og_title":"Como plantar ch\u00e1s medicinais em casa e montar uma farm\u00e1cia natural","og_description":"Aprenda como plantar ch\u00e1s medicinais em casa e monte uma farm\u00e1cia natural. Veja como cultivar, colher e usar ervas frescas no dia a dia.","og_url":"https:\/\/www.correiobraziliense.com.br\/cbradar\/como-plantar-chas-medicinais-em-casa-e-montar-uma-farmacia-natural\/","og_site_name":"Correio Braziliense - Radar","article_published_time":"2025-04-24T23:30:00+00:00","og_image":[{"width":1280,"height":720,"url":"https:\/\/www.correiobraziliense.com.br\/cbradar\/wp-content\/uploads\/2025\/04\/cha_1745418080504.jpg","type":"image\/jpeg"}],"author":"Larissa Carvalho","twitter_card":"summary_large_image","twitter_misc":{"Escrito por":"Larissa Carvalho","Est. tempo de leitura":"6 minutos"},"schema":{"@context":"https:\/\/schema.org","@graph":[{"@type":"WebPage","@id":"https:\/\/www.correiobraziliense.com.br\/cbradar\/como-plantar-chas-medicinais-em-casa-e-montar-uma-farmacia-natural\/","url":"https:\/\/www.correiobraziliense.com.br\/cbradar\/como-plantar-chas-medicinais-em-casa-e-montar-uma-farmacia-natural\/","name":"Como plantar ch\u00e1s medicinais em casa e montar uma farm\u00e1cia natural","isPartOf":{"@id":"https:\/\/www.correiobraziliense.com.br\/cbradar\/#website"},"primaryImageOfPage":{"@id":"https:\/\/www.correiobraziliense.com.br\/cbradar\/como-plantar-chas-medicinais-em-casa-e-montar-uma-farmacia-natural\/#primaryimage"},"image":{"@id":"https:\/\/www.correiobraziliense.com.br\/cbradar\/como-plantar-chas-medicinais-em-casa-e-montar-uma-farmacia-natural\/#primaryimage"},"thumbnailUrl":"https:\/\/www.correiobraziliense.com.br\/cbradar\/wp-content\/uploads\/2025\/04\/cha_1745418080504.jpg","datePublished":"2025-04-24T23:30:00+00:00","author":{"@id":"https:\/\/www.correiobraziliense.com.br\/cbradar\/#\/schema\/person\/58422787644df994b53a19d3e56c1513"},"description":"Aprenda como plantar ch\u00e1s medicinais em casa e monte uma farm\u00e1cia natural. Veja como cultivar, colher e usar ervas frescas no dia a dia.","breadcrumb":{"@id":"https:\/\/www.correiobraziliense.com.br\/cbradar\/como-plantar-chas-medicinais-em-casa-e-montar-uma-farmacia-natural\/#breadcrumb"},"inLanguage":"pt-BR","potentialAction":[{"@type":"ReadAction","target":["https:\/\/www.correiobraziliense.com.br\/cbradar\/como-plantar-chas-medicinais-em-casa-e-montar-uma-farmacia-natural\/"]}]},{"@type":"ImageObject","inLanguage":"pt-BR","@id":"https:\/\/www.correiobraziliense.com.br\/cbradar\/como-plantar-chas-medicinais-em-casa-e-montar-uma-farmacia-natural\/#primaryimage","url":"https:\/\/www.correiobraziliense.com.br\/cbradar\/wp-content\/uploads\/2025\/04\/cha_1745418080504.jpg","contentUrl":"https:\/\/www.correiobraziliense.com.br\/cbradar\/wp-content\/uploads\/2025\/04\/cha_1745418080504.jpg","width":1280,"height":720,"caption":"ch\u00e1. Cr\u00e9ditos: depositphotos.com \/ gresey"},{"@type":"BreadcrumbList","@id":"https:\/\/www.correiobraziliense.com.br\/cbradar\/como-plantar-chas-medicinais-em-casa-e-montar-uma-farmacia-natural\/#breadcrumb","itemListElement":[{"@type":"ListItem","position":1,"name":"In\u00edcio","item":"https:\/\/www.correiobraziliense.com.br\/cbradar\/"},{"@type":"ListItem","position":2,"name":"Como plantar ch\u00e1s medicinais em casa e montar uma farm\u00e1cia natural"}]},{"@type":"WebSite","@id":"https:\/\/www.correiobraziliense.com.br\/cbradar\/#website","url":"https:\/\/www.correiobraziliense.com.br\/cbradar\/","name":"Correio Braziliense - Radar","description":"Acompanhe as \u00faltimas not\u00edcias e fique bem informado sobre tudo o que acontece no Brasil e no mundo.","potentialAction":[{"@type":"SearchAction","target":{"@type":"EntryPoint","urlTemplate":"https:\/\/www.correiobraziliense.com.br\/cbradar\/?s={search_term_string}"},"query-input":{"@type":"PropertyValueSpecification","valueRequired":true,"valueName":"search_term_string"}}],"inLanguage":"pt-BR"},{"@type":"Person","@id":"https:\/\/www.correiobraziliense.com.br\/cbradar\/#\/schema\/person\/58422787644df994b53a19d3e56c1513","name":"Larissa Carvalho","image":{"@type":"ImageObject","inLanguage":"pt-BR","@id":"https:\/\/www.correiobraziliense.com.br\/cbradar\/#\/schema\/person\/image\/","url":"https:\/\/secure.gravatar.com\/avatar\/fe4f91a0de32b52a838d0d612abdc1aa?s=96&d=mm&r=g","contentUrl":"https:\/\/secure.gravatar.com\/avatar\/fe4f91a0de32b52a838d0d612abdc1aa?s=96&d=mm&r=g","caption":"Larissa Carvalho"},"url":"https:\/\/www.correiobraziliense.com.br\/cbradar\/author\/larissamyth\/"}]}},"_links":{"self":[{"href":"https:\/\/www.correiobraziliense.com.br\/cbradar\/wp-json\/wp\/v2\/posts\/27308","targetHints":{"allow":["GET"]}}],"collection":[{"href":"https:\/\/www.correiobraziliense.com.br\/cbradar\/wp-json\/wp\/v2\/posts"}],"about":[{"href":"https:\/\/www.correiobraziliense.com.br\/cbradar\/wp-json\/wp\/v2\/types\/post"}],"author":[{"embeddable":true,"href":"https:\/\/www.correiobraziliense.com.br\/cbradar\/wp-json\/wp\/v2\/users\/3"}],"replies":[{"embeddable":true,"href":"https:\/\/www.correiobraziliense.com.br\/cbradar\/wp-json\/wp\/v2\/comments?post=27308"}],"version-history":[{"count":1,"href":"https:\/\/www.correiobraziliense.com.br\/cbradar\/wp-json\/wp\/v2\/posts\/27308\/revisions"}],"predecessor-version":[{"id":27328,"href":"https:\/\/www.correiobraziliense.com.br\/cbradar\/wp-json\/wp\/v2\/posts\/27308\/revisions\/27328"}],"wp:featuredmedia":[{"embeddable":true,"href":"https:\/\/www.correiobraziliense.com.br\/cbradar\/wp-json\/wp\/v2\/media\/27320"}],"wp:attachment":[{"href":"https:\/\/www.correiobraziliense.com.br\/cbradar\/wp-json\/wp\/v2\/media?parent=27308"}],"wp:term":[{"taxonomy":"category","embeddable":true,"href":"https:\/\/www.correiobraziliense.com.br\/cbradar\/wp-json\/wp\/v2\/categories?post=27308"},{"taxonomy":"post_tag","embeddable":true,"href":"https:\/\/www.correiobraziliense.com.br\/cbradar\/wp-json\/wp\/v2\/post_tag?post=27308"}],"curies":[{"name":"wp","href":"https:\/\/api.w.org\/{rel}","templated":true}]}}