{"id":27351,"date":"2025-04-24T19:10:00","date_gmt":"2025-04-24T22:10:00","guid":{"rendered":"https:\/\/www.correiobraziliense.com.br\/cbradar\/?p=27351"},"modified":"2025-04-23T13:26:03","modified_gmt":"2025-04-23T16:26:03","slug":"ancelotti-x-pep-guardiola-qual-tecnico-recebe-o-maior-salario","status":"publish","type":"post","link":"https:\/\/www.correiobraziliense.com.br\/cbradar\/ancelotti-x-pep-guardiola-qual-tecnico-recebe-o-maior-salario\/","title":{"rendered":"Ancelotti x Pep Guardiola: qual t\u00e9cnico recebe o maior sal\u00e1rio?"},"content":{"rendered":"\n<p>A <strong>Sele\u00e7\u00e3o Brasileira de Futebol<\/strong> est\u00e1 em busca de um novo treinador ap\u00f3s a sa\u00edda de <strong>Dorival J\u00fanior<\/strong>. Dois nomes de peso surgem como favoritos para assumir o comando: Pep Guardiola e <strong>Carlo Ancelotti<\/strong>. A <strong>Confedera\u00e7\u00e3o Brasileira de Futebol (CBF)<\/strong> est\u00e1 avaliando cuidadosamente as op\u00e7\u00f5es, considerando n\u00e3o apenas a experi\u00eancia e o estilo de jogo de cada t\u00e9cnico, mas tamb\u00e9m os aspectos financeiros envolvidos.<\/p>\n\n\n\n<p>Desde 2012, Guardiola tem sido um nome frequentemente associado \u00e0 Sele\u00e7\u00e3o Brasileira. Ap\u00f3s deixar o Barcelona, ele foi cogitado pela CBF, mas as negocia\u00e7\u00f5es n\u00e3o avan\u00e7aram. Ancelotti, por sua vez, entrou no radar da entidade no final de 2022, ap\u00f3s a sa\u00edda de Tite. O italiano \u00e9 visto como uma op\u00e7\u00e3o s\u00f3lida, especialmente ap\u00f3s suas recentes conquistas no futebol europeu.<\/p>\n\n\n\n<h2 class=\"wp-block-heading\"><strong>Quanto ganham Guardiola e Ancelotti?<\/strong><\/h2>\n\n\n\n<p>Os sal\u00e1rios de Guardiola e Ancelotti s\u00e3o um fator crucial na decis\u00e3o da CBF. Atualmente, Carlo Ancelotti recebe cerca de R$ 71 milh\u00f5es por temporada no Real Madrid. Em contrapartida, Pep Guardiola ganha aproximadamente R$ 147 milh\u00f5es por ano no Manchester City. Essa diferen\u00e7a significativa de R$ 76 milh\u00f5es pode influenciar a escolha da CBF, que precisa alinhar suas expectativas financeiras com as dos treinadores.<\/p>\n\n\n\n<figure class=\"wp-block-image size-large\"><img decoding=\"async\" width=\"1024\" height=\"576\" src=\"https:\/\/www.correiobraziliense.com.br\/cbradar\/wp-content\/uploads\/2025\/04\/Carlo-Ancelotti_1745420298639-1024x576.jpg\" alt=\"Ancelotti x Pep Guardiola: qual t\u00e9cnico recebe o maior sal\u00e1rio?\" class=\"wp-image-27353\" srcset=\"https:\/\/www.correiobraziliense.com.br\/cbradar\/wp-content\/uploads\/2025\/04\/Carlo-Ancelotti_1745420298639-1024x576.jpg 1024w, https:\/\/www.correiobraziliense.com.br\/cbradar\/wp-content\/uploads\/2025\/04\/Carlo-Ancelotti_1745420298639-300x169.jpg 300w, https:\/\/www.correiobraziliense.com.br\/cbradar\/wp-content\/uploads\/2025\/04\/Carlo-Ancelotti_1745420298639-768x432.jpg 768w, https:\/\/www.correiobraziliense.com.br\/cbradar\/wp-content\/uploads\/2025\/04\/Carlo-Ancelotti_1745420298639-750x422.jpg 750w, https:\/\/www.correiobraziliense.com.br\/cbradar\/wp-content\/uploads\/2025\/04\/Carlo-Ancelotti_1745420298639-1140x642.jpg 1140w, https:\/\/www.correiobraziliense.com.br\/cbradar\/wp-content\/uploads\/2025\/04\/Carlo-Ancelotti_1745420298639.jpg 1279w\" sizes=\"(max-width: 1024px) 100vw, 1024px\" \/><figcaption class=\"wp-element-caption\">Carlo Ancelotti_1745420298639.Cr\u00e9ditos: depositphotos.com \/ CosminIftode<\/figcaption><\/figure>\n\n\n\n<h2 class=\"wp-block-heading\"><strong>Por que Ancelotti \u00e9 o Plano A da CBF?<\/strong><\/h2>\n\n\n\n<p>A CBF tem Ancelotti como seu principal alvo. O treinador italiano sinalizou que est\u00e1 disposto a conversar com a entidade ap\u00f3s a Copa do Mundo de Clubes da <strong>FIFA<\/strong>. Ancelotti \u00e9 valorizado por sua experi\u00eancia e sucesso em competi\u00e7\u00f5es internacionais, o que pode ser um trunfo para a Sele\u00e7\u00e3o Brasileira em futuras competi\u00e7\u00f5es.<\/p>\n\n\n\n<p>Guardiola, por outro lado, j\u00e1 expressou seu desejo de treinar uma sele\u00e7\u00e3o nacional e acredita que poderia levar a Sele\u00e7\u00e3o Brasileira ao t\u00edtulo mundial. No entanto, seu alto sal\u00e1rio e compromissos com o Manchester City podem ser obst\u00e1culos para sua contrata\u00e7\u00e3o.<\/p>\n\n\n\n<h2 class=\"wp-block-heading\"><strong>Qual \u00e9 o impacto dos sal\u00e1rios na decis\u00e3o da CBF?<\/strong><\/h2>\n\n\n\n<p>A diferen\u00e7a salarial entre Guardiola e Ancelotti levanta quest\u00f5es sobre o impacto financeiro na decis\u00e3o da CBF. Enquanto Guardiola \u00e9 conhecido por seu estilo de jogo inovador e sucesso em clubes, Ancelotti traz uma abordagem mais tradicional e comprovada em torneios internacionais. A escolha entre os dois pode depender n\u00e3o apenas do or\u00e7amento dispon\u00edvel, mas tamb\u00e9m da vis\u00e3o de longo prazo da CBF para a Sele\u00e7\u00e3o Brasileira.<\/p>\n\n\n\n<h2 class=\"wp-block-heading\"><strong>O futuro da sele\u00e7\u00e3o brasileira<\/strong><\/h2>\n\n\n\n<p>Independentemente de quem for escolhido, o pr\u00f3ximo t\u00e9cnico da Sele\u00e7\u00e3o Brasileira enfrentar\u00e1 o desafio de revitalizar a equipe e prepar\u00e1-la para as pr\u00f3ximas competi\u00e7\u00f5es internacionais. A decis\u00e3o da CBF ser\u00e1 crucial para definir o rumo do futebol brasileiro nos pr\u00f3ximos anos, e os torcedores aguardam ansiosamente por um desfecho que traga sucesso e gl\u00f3rias para a Amarelinha.<\/p>\n","protected":false},"excerpt":{"rendered":"<p>A busca da Confedera\u00e7\u00e3o Brasileira de Futebol por um novo t\u00e9cnico ap\u00f3s a sa\u00edda de Dorival J\u00fanior.<\/p>\n","protected":false},"author":3,"featured_media":27352,"comment_status":"open","ping_status":"open","sticky":false,"template":"","format":"standard","meta":{"jnews-multi-image_gallery":[],"jnews_single_post":{"format":"standard"},"jnews_primary_category":[],"jnews_social_meta":[],"jnews_override_counter":[],"footnotes":""},"categories":[140],"post_tag":[3734,534,3735],"class_list":["post-27351","post","type-post","status-publish","format-standard","has-post-thumbnail","hentry","category-entretenimento","tag-ancelotti","tag-fortunas","tag-guardiola"],"yoast_head":"<!-- This site is optimized with the Yoast SEO plugin v24.6 - https:\/\/yoast.com\/wordpress\/plugins\/seo\/ -->\n<title>Ancelotti x Pep Guardiola: qual t\u00e9cnico recebe o maior sal\u00e1rio?<\/title>\n<meta name=\"description\" content=\"A busca da Confedera\u00e7\u00e3o Brasileira de Futebol por um novo t\u00e9cnico ap\u00f3s a sa\u00edda de Dorival J\u00fanior.\" \/>\n<meta name=\"robots\" content=\"index, follow, max-snippet:-1, max-image-preview:large, max-video-preview:-1\" \/>\n<link rel=\"canonical\" href=\"https:\/\/www.correiobraziliense.com.br\/cbradar\/ancelotti-x-pep-guardiola-qual-tecnico-recebe-o-maior-salario\/\" \/>\n<meta property=\"og:locale\" content=\"pt_BR\" \/>\n<meta property=\"og:type\" content=\"article\" \/>\n<meta property=\"og:title\" content=\"Ancelotti x Pep Guardiola: qual t\u00e9cnico recebe o maior sal\u00e1rio?\" \/>\n<meta property=\"og:description\" content=\"A busca da Confedera\u00e7\u00e3o Brasileira de Futebol por um novo t\u00e9cnico ap\u00f3s a sa\u00edda de Dorival J\u00fanior.\" \/>\n<meta property=\"og:url\" content=\"https:\/\/www.correiobraziliense.com.br\/cbradar\/ancelotti-x-pep-guardiola-qual-tecnico-recebe-o-maior-salario\/\" \/>\n<meta property=\"og:site_name\" content=\"Correio Braziliense - Radar\" \/>\n<meta property=\"article:published_time\" content=\"2025-04-24T22:10:00+00:00\" \/>\n<meta property=\"og:image\" content=\"https:\/\/www.correiobraziliense.com.br\/cbradar\/wp-content\/uploads\/2025\/04\/Josep-Guardiola_1745420382140.jpg\" \/>\n\t<meta property=\"og:image:width\" content=\"1280\" \/>\n\t<meta property=\"og:image:height\" content=\"720\" \/>\n\t<meta property=\"og:image:type\" content=\"image\/jpeg\" \/>\n<meta name=\"author\" content=\"Larissa Carvalho\" \/>\n<meta name=\"twitter:card\" content=\"summary_large_image\" \/>\n<meta name=\"twitter:label1\" content=\"Escrito por\" \/>\n\t<meta name=\"twitter:data1\" content=\"Larissa Carvalho\" \/>\n\t<meta name=\"twitter:label2\" content=\"Est. tempo de leitura\" \/>\n\t<meta name=\"twitter:data2\" content=\"3 minutos\" \/>\n<!-- \/ Yoast SEO plugin. -->","yoast_head_json":{"title":"Ancelotti x Pep Guardiola: qual t\u00e9cnico recebe o maior sal\u00e1rio?","description":"A busca da Confedera\u00e7\u00e3o Brasileira de Futebol por um novo t\u00e9cnico ap\u00f3s a sa\u00edda de Dorival J\u00fanior.","robots":{"index":"index","follow":"follow","max-snippet":"max-snippet:-1","max-image-preview":"max-image-preview:large","max-video-preview":"max-video-preview:-1"},"canonical":"https:\/\/www.correiobraziliense.com.br\/cbradar\/ancelotti-x-pep-guardiola-qual-tecnico-recebe-o-maior-salario\/","og_locale":"pt_BR","og_type":"article","og_title":"Ancelotti x Pep Guardiola: qual t\u00e9cnico recebe o maior sal\u00e1rio?","og_description":"A busca da Confedera\u00e7\u00e3o Brasileira de Futebol por um novo t\u00e9cnico ap\u00f3s a sa\u00edda de Dorival J\u00fanior.","og_url":"https:\/\/www.correiobraziliense.com.br\/cbradar\/ancelotti-x-pep-guardiola-qual-tecnico-recebe-o-maior-salario\/","og_site_name":"Correio Braziliense - Radar","article_published_time":"2025-04-24T22:10:00+00:00","og_image":[{"width":1280,"height":720,"url":"https:\/\/www.correiobraziliense.com.br\/cbradar\/wp-content\/uploads\/2025\/04\/Josep-Guardiola_1745420382140.jpg","type":"image\/jpeg"}],"author":"Larissa Carvalho","twitter_card":"summary_large_image","twitter_misc":{"Escrito por":"Larissa Carvalho","Est. tempo de leitura":"3 minutos"},"schema":{"@context":"https:\/\/schema.org","@graph":[{"@type":"WebPage","@id":"https:\/\/www.correiobraziliense.com.br\/cbradar\/ancelotti-x-pep-guardiola-qual-tecnico-recebe-o-maior-salario\/","url":"https:\/\/www.correiobraziliense.com.br\/cbradar\/ancelotti-x-pep-guardiola-qual-tecnico-recebe-o-maior-salario\/","name":"Ancelotti x Pep Guardiola: qual t\u00e9cnico recebe o maior sal\u00e1rio?","isPartOf":{"@id":"https:\/\/www.correiobraziliense.com.br\/cbradar\/#website"},"primaryImageOfPage":{"@id":"https:\/\/www.correiobraziliense.com.br\/cbradar\/ancelotti-x-pep-guardiola-qual-tecnico-recebe-o-maior-salario\/#primaryimage"},"image":{"@id":"https:\/\/www.correiobraziliense.com.br\/cbradar\/ancelotti-x-pep-guardiola-qual-tecnico-recebe-o-maior-salario\/#primaryimage"},"thumbnailUrl":"https:\/\/www.correiobraziliense.com.br\/cbradar\/wp-content\/uploads\/2025\/04\/Josep-Guardiola_1745420382140.jpg","datePublished":"2025-04-24T22:10:00+00:00","author":{"@id":"https:\/\/www.correiobraziliense.com.br\/cbradar\/#\/schema\/person\/58422787644df994b53a19d3e56c1513"},"description":"A busca da Confedera\u00e7\u00e3o Brasileira de Futebol por um novo t\u00e9cnico ap\u00f3s a sa\u00edda de Dorival J\u00fanior.","breadcrumb":{"@id":"https:\/\/www.correiobraziliense.com.br\/cbradar\/ancelotti-x-pep-guardiola-qual-tecnico-recebe-o-maior-salario\/#breadcrumb"},"inLanguage":"pt-BR","potentialAction":[{"@type":"ReadAction","target":["https:\/\/www.correiobraziliense.com.br\/cbradar\/ancelotti-x-pep-guardiola-qual-tecnico-recebe-o-maior-salario\/"]}]},{"@type":"ImageObject","inLanguage":"pt-BR","@id":"https:\/\/www.correiobraziliense.com.br\/cbradar\/ancelotti-x-pep-guardiola-qual-tecnico-recebe-o-maior-salario\/#primaryimage","url":"https:\/\/www.correiobraziliense.com.br\/cbradar\/wp-content\/uploads\/2025\/04\/Josep-Guardiola_1745420382140.jpg","contentUrl":"https:\/\/www.correiobraziliense.com.br\/cbradar\/wp-content\/uploads\/2025\/04\/Josep-Guardiola_1745420382140.jpg","width":1280,"height":720,"caption":"Josep Guardiola.Cr\u00e9ditos: depositphotos.com \/ GoranJakus"},{"@type":"BreadcrumbList","@id":"https:\/\/www.correiobraziliense.com.br\/cbradar\/ancelotti-x-pep-guardiola-qual-tecnico-recebe-o-maior-salario\/#breadcrumb","itemListElement":[{"@type":"ListItem","position":1,"name":"In\u00edcio","item":"https:\/\/www.correiobraziliense.com.br\/cbradar\/"},{"@type":"ListItem","position":2,"name":"Ancelotti x Pep Guardiola: qual t\u00e9cnico recebe o maior sal\u00e1rio?"}]},{"@type":"WebSite","@id":"https:\/\/www.correiobraziliense.com.br\/cbradar\/#website","url":"https:\/\/www.correiobraziliense.com.br\/cbradar\/","name":"Correio Braziliense - Radar","description":"Acompanhe as \u00faltimas not\u00edcias e fique bem informado sobre tudo o que acontece no Brasil e no mundo.","potentialAction":[{"@type":"SearchAction","target":{"@type":"EntryPoint","urlTemplate":"https:\/\/www.correiobraziliense.com.br\/cbradar\/?s={search_term_string}"},"query-input":{"@type":"PropertyValueSpecification","valueRequired":true,"valueName":"search_term_string"}}],"inLanguage":"pt-BR"},{"@type":"Person","@id":"https:\/\/www.correiobraziliense.com.br\/cbradar\/#\/schema\/person\/58422787644df994b53a19d3e56c1513","name":"Larissa Carvalho","image":{"@type":"ImageObject","inLanguage":"pt-BR","@id":"https:\/\/www.correiobraziliense.com.br\/cbradar\/#\/schema\/person\/image\/","url":"https:\/\/secure.gravatar.com\/avatar\/fe4f91a0de32b52a838d0d612abdc1aa?s=96&d=mm&r=g","contentUrl":"https:\/\/secure.gravatar.com\/avatar\/fe4f91a0de32b52a838d0d612abdc1aa?s=96&d=mm&r=g","caption":"Larissa Carvalho"},"url":"https:\/\/www.correiobraziliense.com.br\/cbradar\/author\/larissamyth\/"}]}},"_links":{"self":[{"href":"https:\/\/www.correiobraziliense.com.br\/cbradar\/wp-json\/wp\/v2\/posts\/27351","targetHints":{"allow":["GET"]}}],"collection":[{"href":"https:\/\/www.correiobraziliense.com.br\/cbradar\/wp-json\/wp\/v2\/posts"}],"about":[{"href":"https:\/\/www.correiobraziliense.com.br\/cbradar\/wp-json\/wp\/v2\/types\/post"}],"author":[{"embeddable":true,"href":"https:\/\/www.correiobraziliense.com.br\/cbradar\/wp-json\/wp\/v2\/users\/3"}],"replies":[{"embeddable":true,"href":"https:\/\/www.correiobraziliense.com.br\/cbradar\/wp-json\/wp\/v2\/comments?post=27351"}],"version-history":[{"count":2,"href":"https:\/\/www.correiobraziliense.com.br\/cbradar\/wp-json\/wp\/v2\/posts\/27351\/revisions"}],"predecessor-version":[{"id":27369,"href":"https:\/\/www.correiobraziliense.com.br\/cbradar\/wp-json\/wp\/v2\/posts\/27351\/revisions\/27369"}],"wp:featuredmedia":[{"embeddable":true,"href":"https:\/\/www.correiobraziliense.com.br\/cbradar\/wp-json\/wp\/v2\/media\/27352"}],"wp:attachment":[{"href":"https:\/\/www.correiobraziliense.com.br\/cbradar\/wp-json\/wp\/v2\/media?parent=27351"}],"wp:term":[{"taxonomy":"category","embeddable":true,"href":"https:\/\/www.correiobraziliense.com.br\/cbradar\/wp-json\/wp\/v2\/categories?post=27351"},{"taxonomy":"post_tag","embeddable":true,"href":"https:\/\/www.correiobraziliense.com.br\/cbradar\/wp-json\/wp\/v2\/post_tag?post=27351"}],"curies":[{"name":"wp","href":"https:\/\/api.w.org\/{rel}","templated":true}]}}